{"id":51032,"date":"2021-03-01T08:51:38","date_gmt":"2021-03-01T11:51:38","guid":{"rendered":"http:\/\/lavras.tv\/site\/?p=51032"},"modified":"2021-03-01T08:51:40","modified_gmt":"2021-03-01T11:51:40","slug":"entidades-medicas-divulgam-manifesto-em-defesa-do-uso-de-mascaras-contra-a-covid-19","status":"publish","type":"post","link":"http:\/\/lavras.tv\/site\/2021\/03\/01\/entidades-medicas-divulgam-manifesto-em-defesa-do-uso-de-mascaras-contra-a-covid-19\/","title":{"rendered":"Entidades m\u00e9dicas divulgam manifesto em defesa do uso de m\u00e1scaras contra a Covid-19"},"content":{"rendered":"<div class=\"lavra-antes-do-conteudo_2\" id=\"lavra-2574295554\"><div id=\"lavra-slider-27\" class=\"custom-slider lavra-slider-813611838 lavra-slider\"><ul><li><div style=\"margin-left: auto;margin-right: auto;text-align: center;\" id=\"lavra-4010603228\"><a href=\"https:\/\/sistemas.lavras.mg.gov.br\/portalcidadao\/#df1b1a7c7b2a290bcb31e32771e610784662739a88807c0dacac58ede5f391a7530e299dc302d611ee73cb143fc22eaf93592e53e7b5bdb01b00a0b8d28dae460c141dd2ff83412e4dc1c31b16b25f33144a9e5620ea73b13f5bc1c59411d98439ad226e8af03840603796067d87afe130812cf3de24982d0e306f9e61e764e5\" aria-label=\"Lavras-TV&#8211;720x104px (1) (1)\"><img src=\"http:\/\/lavras.tv\/site\/wp-content\/uploads\/2025\/01\/Lavras-TV-720x104px-1-1.png\" alt=\"\"  srcset=\"http:\/\/lavras.tv\/site\/wp-content\/uploads\/2025\/01\/Lavras-TV-720x104px-1-1.png 720w, http:\/\/lavras.tv\/site\/wp-content\/uploads\/2025\/01\/Lavras-TV-720x104px-1-1-470x68.png 470w, http:\/\/lavras.tv\/site\/wp-content\/uploads\/2025\/01\/Lavras-TV-720x104px-1-1-170x25.png 170w, http:\/\/lavras.tv\/site\/wp-content\/uploads\/2025\/01\/Lavras-TV-720x104px-1-1-200x29.png 200w\" sizes=\"(max-width: 720px) 100vw, 720px\" width=\"720\" height=\"104\"  style=\"display: inline-block;\" \/><\/a><\/div><\/li><li><a href=\"https:\/\/sistemas.lavras.mg.gov.br\/portalcidadao\/#df1b1a7c7b2a290bcb31e32771e610784662739a88807c0dacac58ede5f391a7530e299dc302d611ee73cb143fc22eaf93592e53e7b5bdb01b00a0b8d28dae460c141dd2ff83412e4dc1c31b16b25f33144a9e5620ea73b13f5bc1c59411d98439ad226e8af03840603796067d87afe130812cf3de24982d0e306f9e61e764e5\" aria-label=\"Banner_Emprego_PortallavrasTV\"><img src=\"http:\/\/lavras.tv\/site\/wp-content\/uploads\/2025\/03\/Banner_Emprego_PortallavrasTV.png\" alt=\"\"  srcset=\"http:\/\/lavras.tv\/site\/wp-content\/uploads\/2025\/03\/Banner_Emprego_PortallavrasTV.png 720w, http:\/\/lavras.tv\/site\/wp-content\/uploads\/2025\/03\/Banner_Emprego_PortallavrasTV-470x68.png 470w, http:\/\/lavras.tv\/site\/wp-content\/uploads\/2025\/03\/Banner_Emprego_PortallavrasTV-170x25.png 170w, http:\/\/lavras.tv\/site\/wp-content\/uploads\/2025\/03\/Banner_Emprego_PortallavrasTV-200x29.png 200w\" sizes=\"(max-width: 720px) 100vw, 720px\" width=\"720\" height=\"104\"   \/><\/a><\/li><li><a href=\"https:\/\/sistemas.lavras.mg.gov.br\/portalcidadao\/#df1b1a7c7b2a290bcb31e32771e610784662739a88807c0dacac58ede5f391a7530e299dc302d611ee73cb143fc22eaf93592e53e7b5bdb01b00a0b8d28dae460c141dd2ff83412e4dc1c31b16b25f33144a9e5620ea73b13f5bc1c59411d98439ad226e8af03840603796067d87afe130812cf3de24982d0e306f9e61e764e5\" aria-label=\"Banner_Obras_PortallavrasTV\"><img src=\"http:\/\/lavras.tv\/site\/wp-content\/uploads\/2025\/03\/Banner_Obras_PortallavrasTV.png\" alt=\"\"  srcset=\"http:\/\/lavras.tv\/site\/wp-content\/uploads\/2025\/03\/Banner_Obras_PortallavrasTV.png 720w, http:\/\/lavras.tv\/site\/wp-content\/uploads\/2025\/03\/Banner_Obras_PortallavrasTV-470x68.png 470w, http:\/\/lavras.tv\/site\/wp-content\/uploads\/2025\/03\/Banner_Obras_PortallavrasTV-170x25.png 170w, http:\/\/lavras.tv\/site\/wp-content\/uploads\/2025\/03\/Banner_Obras_PortallavrasTV-200x29.png 200w\" sizes=\"(max-width: 720px) 100vw, 720px\" width=\"720\" height=\"104\"   \/><\/a><\/li><li><div style=\"margin-left: auto;margin-right: auto;text-align: center;\" id=\"lavra-1732861458\"><a href=\"https:\/\/sistemas.lavras.mg.gov.br\/portalcidadao\/#df1b1a7c7b2a290bcb31e32771e610784662739a88807c0dacac58ede5f391a7530e299dc302d611ee73cb143fc22eaf93592e53e7b5bdb01b00a0b8d28dae460c141dd2ff83412e4dc1c31b16b25f33144a9e5620ea73b13f5bc1c59411d98439ad226e8af03840603796067d87afe130812cf3de24982d0e306f9e61e764e5\" aria-label=\"Banner_Educa\u00e7\u00e3o_PortallavrasTV\"><img src=\"http:\/\/lavras.tv\/site\/wp-content\/uploads\/2025\/01\/Banner_Educacao_PortallavrasTV.png\" alt=\"\"  srcset=\"http:\/\/lavras.tv\/site\/wp-content\/uploads\/2025\/01\/Banner_Educacao_PortallavrasTV.png 720w, http:\/\/lavras.tv\/site\/wp-content\/uploads\/2025\/01\/Banner_Educacao_PortallavrasTV-470x68.png 470w, http:\/\/lavras.tv\/site\/wp-content\/uploads\/2025\/01\/Banner_Educacao_PortallavrasTV-170x25.png 170w, http:\/\/lavras.tv\/site\/wp-content\/uploads\/2025\/01\/Banner_Educacao_PortallavrasTV-200x29.png 200w\" sizes=\"(max-width: 720px) 100vw, 720px\" width=\"720\" height=\"104\"  style=\"display: inline-block;\" \/><\/a><\/div><\/li><li><a href=\"https:\/\/sistemas.lavras.mg.gov.br\/portalcidadao\/#df1b1a7c7b2a290bcb31e32771e610784662739a88807c0dacac58ede5f391a7530e299dc302d611ee73cb143fc22eaf93592e53e7b5bdb01b00a0b8d28dae460c141dd2ff83412e4dc1c31b16b25f33144a9e5620ea73b13f5bc1c59411d98439ad226e8af03840603796067d87afe130812cf3de24982d0e306f9e61e764e5\" aria-label=\"Banner_Sa\u00fade_PortallavrasTV\"><img src=\"http:\/\/lavras.tv\/site\/wp-content\/uploads\/2025\/03\/Banner_Saude_PortallavrasTV.png\" alt=\"\"  srcset=\"http:\/\/lavras.tv\/site\/wp-content\/uploads\/2025\/03\/Banner_Saude_PortallavrasTV.png 720w, http:\/\/lavras.tv\/site\/wp-content\/uploads\/2025\/03\/Banner_Saude_PortallavrasTV-470x68.png 470w, http:\/\/lavras.tv\/site\/wp-content\/uploads\/2025\/03\/Banner_Saude_PortallavrasTV-170x25.png 170w, http:\/\/lavras.tv\/site\/wp-content\/uploads\/2025\/03\/Banner_Saude_PortallavrasTV-200x29.png 200w\" sizes=\"(max-width: 720px) 100vw, 720px\" width=\"720\" height=\"104\"   \/><\/a><\/li><li><div id=\"lavra-2817359696\" style=\"width:720px;height:104px;background-color:#ddd;overflow:scroll;\">\n\t<strong>Sa\u00edda da depura\u00e7\u00e3o de an\u00fancios<\/strong>\n\t<br><br>\n\tO an\u00fancio n\u00e3o \u00e9 exibido na p\u00e1gina<br><br>post atual: Entidades m\u00e9dicas divulgam manifesto em defesa do uso de m\u00e1scaras contra a Covid-19, ID: 51032<br><br><span style=\"color: red;\">O post atual n\u00e3o \u00e9 id\u00eantico ao post principal.<\/span><br><br>An\u00fancios: ROXO - TOPO INTERNA - ROTATIVO 2 (197)<br \/>Grupo de an\u00fancios: Princ_Meio01_720x104 (27)<br><br>Condi\u00e7\u00f5es de exibi\u00e7\u00e3o<div style=\"margin-bottom: 20px; white-space: pre-wrap; font-family: monospace; width: 100%; background: #ffe9e9;\"><strong>condi\u00e7\u00f5es gerais<\/strong><table border=\"1\"><thead><tr><th><\/th><th>An\u00fancios<\/th><th>wp_the_query<\/th><\/tr><\/thead><tr><td>is_main_query<\/td><td>1<\/td><td>1<\/td><\/tr><tr><td>is_rest_api<\/td><td>0<\/td><td>1<\/td><\/tr><tr><td>page<\/td><td>0<\/td><td>1<\/td><\/tr><tr><td>numpages<\/td><td>0<\/td><td>1<\/td><\/tr><tr><td>is_archive<\/td><td>1<\/td><td><\/td><\/tr><tr><td>is_search<\/td><td>1<\/td><td><\/td><\/tr><tr><td>is_home<\/td><td>1<\/td><td><\/td><\/tr><tr><td>is_404<\/td><td>1<\/td><td><\/td><\/tr><tr><td>is_attachment<\/td><td>1<\/td><td><\/td><\/tr><tr><td>is_singular<\/td><td>1<\/td><td><\/td><\/tr><tr><td>is_front_page<\/td><td>1<\/td><td><\/td><\/tr><tr><td>is_feed<\/td><td>1<\/td><td><\/td><\/tr><\/table><\/div>\t<br><br>\n\t<a style=\"color: green;\" href=\"https:\/\/wpadvancedads.com\/manual\/ad-debug-mode\/?utm_source=advanced-ads&utm_medium=link&utm_campaign=ad-debug-mode\" target=\"_blank\" rel=\"nofollow\">Encontre solu\u00e7\u00f5es no manual<\/a>\n<\/div>\n<\/li><\/ul><\/div><script>( window.advanced_ads_ready || jQuery( document ).ready ).call( null, function() {var $lavraslider813611838 = jQuery( \".lavra-slider-813611838\" );$lavraslider813611838.on( \"unslider.ready\", function() { jQuery( \"div.custom-slider ul li\" ).css( \"display\", \"block\" ); });$lavraslider813611838.unslider({ delay:4000, autoplay:true, nav:false, arrows:false, infinite:true });$lavraslider813611838.on(\"mouseover\", function() {$lavraslider813611838.unslider(\"stop\");}).on(\"mouseout\", function() {$lavraslider813611838.unslider(\"start\");});});<\/script><\/div>\n<p>Com o Sistema \u00danico de Sa\u00fade (SUS) passando pelo momento mais cr\u00edtico desde o in\u00edcio da pandemia, 46 entidades m\u00e9dicas assinaram um manifesto para apoiar e refor\u00e7ar a necessidade do uso de m\u00e1scara como instrumento de combate ao coronav\u00edrus. O manifesto foi divulgado no in\u00edcio da tarde desse domingo (28).<\/p>\n\n\n\n<p>Na nota, entidades m\u00e9dicas como a Sociedade Brasileira de Pneumologia e Tisiologia, Associa\u00e7\u00e3o Brasileira de Alergia e Imunologia, a Faculdade de Medicina de Botucatu \/ Unesp e outras defendem n\u00e3o s\u00f3 o uso das m\u00e1scaras, mas tamb\u00e9m a\u00e7\u00f5es para conten\u00e7\u00e3o da pandemia da covid-19, como o distanciamento f\u00edsico, n\u00e3o compartilhamento de objetos de uso pessoal e a higieniza\u00e7\u00e3o das m\u00e3os.<\/p>\n\n\n\n<p>&#8220;M\u00e1scaras s\u00e3o instrumentos eficazes para a redu\u00e7\u00e3o da transmiss\u00e3o de v\u00edrus respirat\u00f3rios e s\u00e3o preconizadas na atual pandemia para uso, n\u00e3o apenas por profissionais da sa\u00fade no cuidado de indiv\u00edduos com suspeita ou diagn\u00f3stico de COVID-19, mas por todos. O uso correto da m\u00e1scara \u00e9 a a\u00e7\u00e3o pessoal com efeito coletivo fundamental para diminuir a circula\u00e7\u00e3o do v\u00edrus da COVID-19 que assola o pa\u00eds neste momento&#8221;, diz a nota.<\/p>\n\n\n\n<p>O comunicado continua: &#8221; \u00c9 urgente que as medidas efetivas para diminuir a transmiss\u00e3o da doen\u00e7a sejam assumidas pela popula\u00e7\u00e3o como compromisso social para diminuir a possibilidade do surgimento de novas variantes do v\u00edrus e o colapso total dos servi\u00e7os de sa\u00fade de todo pa\u00eds.&#8221;<\/p>\n\n\n\n<div class=\"wp-block-image\"><figure class=\"aligncenter size-large\"><img fetchpriority=\"high\" decoding=\"async\" width=\"970\" height=\"606\" src=\"http:\/\/lavras.tv\/site\/wp-content\/uploads\/2021\/03\/mascaras-covid-19-970x606.jpg\" alt=\"\" class=\"wp-image-51033\" srcset=\"http:\/\/lavras.tv\/site\/wp-content\/uploads\/2021\/03\/mascaras-covid-19-970x606.jpg 970w, http:\/\/lavras.tv\/site\/wp-content\/uploads\/2021\/03\/mascaras-covid-19-470x294.jpg 470w, http:\/\/lavras.tv\/site\/wp-content\/uploads\/2021\/03\/mascaras-covid-19-170x106.jpg 170w, http:\/\/lavras.tv\/site\/wp-content\/uploads\/2021\/03\/mascaras-covid-19.jpg 1200w\" sizes=\"(max-width: 970px) 100vw, 970px\" \/><\/figure><\/div>\n\n\n\n<p><strong>Manifesto contrasta com postura de Bolsonaro<\/strong><\/p>\n\n\n\n<p>Na \u00faltima quinta-feira (25), o presidente da Rep\u00fablica, Jair Bolsonaro, citou um estudo alem\u00e3o para criticar supostos efeitos colaterais do uso de m\u00e1scaras. De acordo com o Estad\u00e3o Verifica, trata-se de uma an\u00e1lise de pouco rigor cient\u00edfico e incapaz de comprovar rela\u00e7\u00e3o com os problemas mencionados em crian\u00e7as.<\/p>\n\n\n\n<p>O artigo tamb\u00e9m n\u00e3o foi revisado por pares, nem publicado em revistas cient\u00edficas at\u00e9 o momento.<\/p>\n\n\n\n<p>Evid\u00eancias apontam que, nesse mais recente ataque ao uso de m\u00e1scaras, Bolsonaro se baseou em um tu\u00edte de um m\u00e9dico negacionista chamado Alessandro Loiola, que j\u00e1 foi alvo de quatro verifica\u00e7\u00f5es do Projeto Comprova por espalhar informa\u00e7\u00f5es falsas e \u00e9 autor de um livro chamado &#8220;Covid-19: a fraudemia&#8221;, um comp\u00eandio de teses anticient\u00edficas e teorias conspirat\u00f3rias.<\/p>\n\n\n\n<p><strong>Assinam o manifesto:<\/strong><\/p>\n\n\n\n<p>1. Sociedade Brasileira de Pneumologia e Tisiologia<\/p>\n\n\n\n<p>2. Associa\u00e7\u00e3o Alagoana de Doen\u00e7as do T\u00f3rax<\/p>\n\n\n\n<p>3. Associa\u00e7\u00e3o Amazonense de Pneumologia e Cirurgia Tor\u00e1cica<\/p>\n\n\n\n<p>4. Associa\u00e7\u00e3o Brasileira de Alergia e Imunologia<\/p>\n\n\n\n<p>5. Associa\u00e7\u00e3o Brasileira de Medicina F\u00edsica e Reabilita\u00e7\u00e3o<\/p>\n\n\n\n<p>6. Associa\u00e7\u00e3o Brasileira de Transplante de \u00d3rg\u00e3os<\/p>\n\n\n\n<p>7. Associa\u00e7\u00e3o Brasiliense de Medicina da Fam\u00edlia e Comunidade<\/p>\n\n\n\n<p>8. Associa\u00e7\u00e3o Catarinense de Pneumologia e Tisiologia<\/p>\n\n\n\n<p>9. Associa\u00e7\u00e3o de Medicina Intensiva Brasileira<\/p>\n\n\n\n<p>10. Associa\u00e7\u00e3o de Medicina Intensiva do DF<\/p>\n\n\n\n<p>11. Associa\u00e7\u00e3o de Pneumologia e Cirurgia Tor\u00e1cica do Rio Grande do Norte<\/p>\n\n\n\n<p>12. Associa\u00e7\u00e3o Maranhense de Pneumologia e Cirurgia Tor\u00e1cica<\/p>\n\n\n\n<p>13. Associa\u00e7\u00e3o M\u00e9dica de Bras\u00edlia<\/p>\n\n\n\n<p>14. Associa\u00e7\u00e3o Paraense de Pneumologia e Tisiologia<\/p>\n\n\n\n<p>15. Associa\u00e7\u00e3o Paranaense de Pneumologia e Tisiologia<\/p>\n\n\n\n<p>16. Associa\u00e7\u00e3o Paulista de Medicina de Fam\u00edlia e Comunidade<\/p>\n\n\n\n<p>17. Associa\u00e7\u00e3o Pernambucana de Pneumologia e Tisiologia<\/p>\n\n\n\n<p>18. Faculdade de Medicina de Botucatu \/ Unesp<\/p>\n\n\n\n<p>19. Sociedade Brasileira de Anestesiologia<\/p>\n\n\n\n<p>20. Sociedade Brasileira de Cardiologia<\/p>\n\n\n\n<p>21. Sociedade Brasileira de Cirurgia Tor\u00e1cica<\/p>\n\n\n\n<p>22. Sociedade Brasileira de Dermatologia<\/p>\n\n\n\n<p>23. Sociedade Brasileira de Endocrinologia e Metabologia<\/p>\n\n\n\n<p>24. Sociedade Brasileira de Hepatologia<\/p>\n\n\n\n<p>25. Sociedade Brasileira de Infectologia<\/p>\n\n\n\n<p>26. Sociedade Brasileira de Nefrologia<\/p>\n\n\n\n<p>27. Sociedade Brasileira de Patologia<\/p>\n\n\n\n<p>28. Sociedade Brasileira de Patologia Cl\u00ednica \/ Medicina Laboratorial<\/p>\n\n\n\n<p>29. Sociedade Brasileira de Pediatria<\/p>\n\n\n\n<p>30. Sociedade Brasileira de Reumatologia<\/p>\n\n\n\n<p>31. Sociedade Brasileira de Trombose e Hemostasia<\/p>\n\n\n\n<p>32. Sociedade Brasileira para a Qualidade do Cuidado e Seguran\u00e7a do Paciente<\/p>\n\n\n\n<p>33. Sociedade Brasiliense de Doen\u00e7as Tor\u00e1cicas<\/p>\n\n\n\n<p>34. Sociedade Brasiliense de Reumatologia<\/p>\n\n\n\n<p>35. Sociedade Cearense de Pneumologia e Tisiologia<\/p>\n\n\n\n<p>36. Sociedade de Pneumologia da Bahia<\/p>\n\n\n\n<p>37. Sociedade de Pneumologia do Esp\u00edrito Santo<\/p>\n\n\n\n<p>38. Sociedade de Pneumologia e Tisiologia do Mato Grosso<\/p>\n\n\n\n<p>39. Sociedade de Pneumologia e Tisiologia do Rio de Janeiro<\/p>\n\n\n\n<p>40. Sociedade de Pneumologia e Tisiologia do Rio Grande do Sul<\/p>\n\n\n\n<p>41. Sociedade Goiana de Pneumologia e Tisiologia<\/p>\n\n\n\n<p>42. Sociedade Mineira de Pneumologia e Tisiologia<\/p>\n\n\n\n<p>43. Sociedade Paraibana de Tisiologia e Pneumologia<\/p>\n\n\n\n<p>44. Sociedade Paulista de Infectologia<\/p>\n\n\n\n<p>45. Sociedade Paulista de Pneumologia e Tisiologia<\/p>\n\n\n\n<p>46. Sociedade Paulista de Reumatologia<\/p>\n\n\n\n<p><\/p>\n","protected":false},"excerpt":{"rendered":"<p>Com o Sistema \u00danico de Sa\u00fade (SUS) passando pelo momento mais cr\u00edtico desde o in\u00edcio da pandemia, 46 entidades m\u00e9dicas assinaram um manifesto para apoiar e refor\u00e7ar a necessidade do uso de m\u00e1scara como instrumento de combate ao coronav\u00edrus. O manifesto foi divulgado no in\u00edcio da tarde desse domingo (28). Na nota, entidades m\u00e9dicas como [&hellip;]<\/p>\n","protected":false},"author":2,"featured_media":51033,"comment_status":"closed","ping_status":"open","sticky":false,"template":"","format":"standard","meta":{"advgb_blocks_editor_width":"","advgb_blocks_columns_visual_guide":"","_exactmetrics_skip_tracking":false,"_exactmetrics_sitenote_active":false,"_exactmetrics_sitenote_note":"","_exactmetrics_sitenote_category":0,"footnotes":""},"categories":[7,2],"tags":[],"class_list":["post-51032","post","type-post","status-publish","format-standard","has-post-thumbnail","hentry","category-destaques","category-noticias"],"better_featured_image":{"id":51033,"alt_text":"","caption":"","description":"","media_type":"image","media_details":{"width":1200,"height":750,"file":"2021\/03\/mascaras-covid-19.jpg","sizes":{"medium":{"file":"mascaras-covid-19-470x294.jpg","width":470,"height":294,"mime-type":"image\/jpeg","source_url":"http:\/\/lavras.tv\/site\/wp-content\/uploads\/2021\/03\/mascaras-covid-19-470x294.jpg"},"large":{"file":"mascaras-covid-19-970x606.jpg","width":970,"height":606,"mime-type":"image\/jpeg","source_url":"http:\/\/lavras.tv\/site\/wp-content\/uploads\/2021\/03\/mascaras-covid-19-970x606.jpg"},"thumbnail":{"file":"mascaras-covid-19-170x106.jpg","width":170,"height":106,"mime-type":"image\/jpeg","source_url":"http:\/\/lavras.tv\/site\/wp-content\/uploads\/2021\/03\/mascaras-covid-19-170x106.jpg"},"alm-thumbnail":{"file":"mascaras-covid-19-150x150.jpg","width":150,"height":150,"mime-type":"image\/jpeg","source_url":"http:\/\/lavras.tv\/site\/wp-content\/uploads\/2021\/03\/mascaras-covid-19-150x150.jpg"}},"image_meta":{"aperture":"0","credit":"","camera":"","caption":"","created_timestamp":"0","copyright":"","focal_length":"0","iso":"0","shutter_speed":"0","title":"","orientation":"0","keywords":[]}},"post":51032,"source_url":"http:\/\/lavras.tv\/site\/wp-content\/uploads\/2021\/03\/mascaras-covid-19.jpg"},"author_meta":{"display_name":"Lavras TV","author_link":"http:\/\/lavras.tv\/site\/author\/lavrastv\/"},"featured_img":"http:\/\/lavras.tv\/site\/wp-content\/uploads\/2021\/03\/mascaras-covid-19-470x294.jpg","coauthors":[],"tax_additional":{"categories":{"linked":["<a href=\"http:\/\/lavras.tv\/site\/category\/destaques\/\" class=\"advgb-post-tax-term\">Destaques<\/a>","<a href=\"http:\/\/lavras.tv\/site\/category\/noticias\/\" class=\"advgb-post-tax-term\">Not\u00edcias<\/a>"],"unlinked":["<span class=\"advgb-post-tax-term\">Destaques<\/span>","<span class=\"advgb-post-tax-term\">Not\u00edcias<\/span>"]}},"comment_count":"0","relative_dates":{"created":"Publicado 5 anos atr\u00e1s","modified":"Atualizado 5 anos atr\u00e1s"},"absolute_dates":{"created":"Publicado em 1 de mar\u00e7o de 2021","modified":"Atualizado em 1 de mar\u00e7o de 2021"},"absolute_dates_time":{"created":"Publicado em 1 de mar\u00e7o de 2021 08:51","modified":"Atualizado em 1 de mar\u00e7o de 2021 08:51"},"featured_img_caption":"","series_order":"","_links":{"self":[{"href":"http:\/\/lavras.tv\/site\/wp-json\/wp\/v2\/posts\/51032","targetHints":{"allow":["GET"]}}],"collection":[{"href":"http:\/\/lavras.tv\/site\/wp-json\/wp\/v2\/posts"}],"about":[{"href":"http:\/\/lavras.tv\/site\/wp-json\/wp\/v2\/types\/post"}],"author":[{"embeddable":true,"href":"http:\/\/lavras.tv\/site\/wp-json\/wp\/v2\/users\/2"}],"replies":[{"embeddable":true,"href":"http:\/\/lavras.tv\/site\/wp-json\/wp\/v2\/comments?post=51032"}],"version-history":[{"count":1,"href":"http:\/\/lavras.tv\/site\/wp-json\/wp\/v2\/posts\/51032\/revisions"}],"predecessor-version":[{"id":51034,"href":"http:\/\/lavras.tv\/site\/wp-json\/wp\/v2\/posts\/51032\/revisions\/51034"}],"wp:featuredmedia":[{"embeddable":true,"href":"http:\/\/lavras.tv\/site\/wp-json\/wp\/v2\/media\/51033"}],"wp:attachment":[{"href":"http:\/\/lavras.tv\/site\/wp-json\/wp\/v2\/media?parent=51032"}],"wp:term":[{"taxonomy":"category","embeddable":true,"href":"http:\/\/lavras.tv\/site\/wp-json\/wp\/v2\/categories?post=51032"},{"taxonomy":"post_tag","embeddable":true,"href":"http:\/\/lavras.tv\/site\/wp-json\/wp\/v2\/tags?post=51032"}],"curies":[{"name":"wp","href":"https:\/\/api.w.org\/{rel}","templated":true}]}}