{"id":51652,"date":"2021-05-20T08:57:35","date_gmt":"2021-05-20T11:57:35","guid":{"rendered":"http:\/\/lavras.tv\/site\/?p=51652"},"modified":"2021-05-20T08:57:37","modified_gmt":"2021-05-20T11:57:37","slug":"mg-app-cidadao-o-aplicativo-de-servicos-do-governo-do-estado","status":"publish","type":"post","link":"http:\/\/lavras.tv\/site\/2021\/05\/20\/mg-app-cidadao-o-aplicativo-de-servicos-do-governo-do-estado\/","title":{"rendered":"MG App Cidad\u00e3o &#8211; o aplicativo de servi\u00e7os do Governo do Estado"},"content":{"rendered":"<div class=\"lavra-antes-do-conteudo_2 lavra-entity-placement\" id=\"lavra-1915246112\"><div id=\"lavra-slider-27\" class=\"custom-slider lavra-slider-3241451813 lavra-slider\"><ul><li><div id=\"lavra-3952798231\" style=\"margin-left: auto;margin-right: auto;text-align: center;\"><a href=\"https:\/\/sistemas.lavras.mg.gov.br\/portalcidadao\/#df1b1a7c7b2a290bcb31e32771e610784662739a88807c0dacac58ede5f391a7530e299dc302d611ee73cb143fc22eaf93592e53e7b5bdb01b00a0b8d28dae460c141dd2ff83412e4dc1c31b16b25f33144a9e5620ea73b13f5bc1c59411d98439ad226e8af03840603796067d87afe130812cf3de24982d0e306f9e61e764e5\" aria-label=\"Lavras-TV&#8211;720x104px (1) (1)\"><img src=\"http:\/\/lavras.tv\/site\/wp-content\/uploads\/2025\/01\/Lavras-TV-720x104px-1-1.png\" alt=\"\"  srcset=\"http:\/\/lavras.tv\/site\/wp-content\/uploads\/2025\/01\/Lavras-TV-720x104px-1-1.png 720w, http:\/\/lavras.tv\/site\/wp-content\/uploads\/2025\/01\/Lavras-TV-720x104px-1-1-470x68.png 470w, http:\/\/lavras.tv\/site\/wp-content\/uploads\/2025\/01\/Lavras-TV-720x104px-1-1-170x25.png 170w, http:\/\/lavras.tv\/site\/wp-content\/uploads\/2025\/01\/Lavras-TV-720x104px-1-1-200x29.png 200w\" sizes=\"(max-width: 720px) 100vw, 720px\" width=\"720\" height=\"104\"  style=\"display: inline-block;\" \/><\/a><\/div><\/li><li><div id=\"lavra-2632840993\"><a href=\"https:\/\/sistemas.lavras.mg.gov.br\/portalcidadao\/#df1b1a7c7b2a290bcb31e32771e610784662739a88807c0dacac58ede5f391a7530e299dc302d611ee73cb143fc22eaf93592e53e7b5bdb01b00a0b8d28dae460c141dd2ff83412e4dc1c31b16b25f33144a9e5620ea73b13f5bc1c59411d98439ad226e8af03840603796067d87afe130812cf3de24982d0e306f9e61e764e5\" aria-label=\"Banner_Emprego_PortallavrasTV\"><img src=\"http:\/\/lavras.tv\/site\/wp-content\/uploads\/2025\/03\/Banner_Emprego_PortallavrasTV.png\" alt=\"\"  srcset=\"http:\/\/lavras.tv\/site\/wp-content\/uploads\/2025\/03\/Banner_Emprego_PortallavrasTV.png 720w, http:\/\/lavras.tv\/site\/wp-content\/uploads\/2025\/03\/Banner_Emprego_PortallavrasTV-470x68.png 470w, http:\/\/lavras.tv\/site\/wp-content\/uploads\/2025\/03\/Banner_Emprego_PortallavrasTV-170x25.png 170w, http:\/\/lavras.tv\/site\/wp-content\/uploads\/2025\/03\/Banner_Emprego_PortallavrasTV-200x29.png 200w\" sizes=\"(max-width: 720px) 100vw, 720px\" width=\"720\" height=\"104\"   \/><\/a><\/div><\/li><li><div id=\"lavra-3690231599\"><a href=\"https:\/\/sistemas.lavras.mg.gov.br\/portalcidadao\/#df1b1a7c7b2a290bcb31e32771e610784662739a88807c0dacac58ede5f391a7530e299dc302d611ee73cb143fc22eaf93592e53e7b5bdb01b00a0b8d28dae460c141dd2ff83412e4dc1c31b16b25f33144a9e5620ea73b13f5bc1c59411d98439ad226e8af03840603796067d87afe130812cf3de24982d0e306f9e61e764e5\" aria-label=\"Banner_Obras_PortallavrasTV\"><img src=\"http:\/\/lavras.tv\/site\/wp-content\/uploads\/2025\/03\/Banner_Obras_PortallavrasTV.png\" alt=\"\"  srcset=\"http:\/\/lavras.tv\/site\/wp-content\/uploads\/2025\/03\/Banner_Obras_PortallavrasTV.png 720w, http:\/\/lavras.tv\/site\/wp-content\/uploads\/2025\/03\/Banner_Obras_PortallavrasTV-470x68.png 470w, http:\/\/lavras.tv\/site\/wp-content\/uploads\/2025\/03\/Banner_Obras_PortallavrasTV-170x25.png 170w, http:\/\/lavras.tv\/site\/wp-content\/uploads\/2025\/03\/Banner_Obras_PortallavrasTV-200x29.png 200w\" sizes=\"(max-width: 720px) 100vw, 720px\" width=\"720\" height=\"104\"   \/><\/a><\/div><\/li><li><div id=\"lavra-1665219793\" style=\"margin-left: auto;margin-right: auto;text-align: center;\"><a href=\"https:\/\/sistemas.lavras.mg.gov.br\/portalcidadao\/#df1b1a7c7b2a290bcb31e32771e610784662739a88807c0dacac58ede5f391a7530e299dc302d611ee73cb143fc22eaf93592e53e7b5bdb01b00a0b8d28dae460c141dd2ff83412e4dc1c31b16b25f33144a9e5620ea73b13f5bc1c59411d98439ad226e8af03840603796067d87afe130812cf3de24982d0e306f9e61e764e5\" aria-label=\"ANUNCIE AQUI NOVO VERMELHO\"><img src=\"http:\/\/lavras.tv\/site\/wp-content\/uploads\/2016\/05\/ANUNCIE-AQUI-NOVO-VERMELHO.png\" alt=\"\"  srcset=\"http:\/\/lavras.tv\/site\/wp-content\/uploads\/2016\/05\/ANUNCIE-AQUI-NOVO-VERMELHO.png 720w, http:\/\/lavras.tv\/site\/wp-content\/uploads\/2016\/05\/ANUNCIE-AQUI-NOVO-VERMELHO-470x68.png 470w, http:\/\/lavras.tv\/site\/wp-content\/uploads\/2016\/05\/ANUNCIE-AQUI-NOVO-VERMELHO-170x25.png 170w\" sizes=\"(max-width: 720px) 100vw, 720px\" width=\"720\" height=\"104\"  style=\"display: inline-block;\" \/><\/a><\/div><\/li><li><div id=\"lavra-130803698\"><a href=\"https:\/\/sistemas.lavras.mg.gov.br\/portalcidadao\/#df1b1a7c7b2a290bcb31e32771e610784662739a88807c0dacac58ede5f391a7530e299dc302d611ee73cb143fc22eaf93592e53e7b5bdb01b00a0b8d28dae460c141dd2ff83412e4dc1c31b16b25f33144a9e5620ea73b13f5bc1c59411d98439ad226e8af03840603796067d87afe130812cf3de24982d0e306f9e61e764e5\" aria-label=\"Banner_Sa\u00fade_PortallavrasTV\"><img src=\"http:\/\/lavras.tv\/site\/wp-content\/uploads\/2025\/03\/Banner_Saude_PortallavrasTV.png\" alt=\"\"  srcset=\"http:\/\/lavras.tv\/site\/wp-content\/uploads\/2025\/03\/Banner_Saude_PortallavrasTV.png 720w, http:\/\/lavras.tv\/site\/wp-content\/uploads\/2025\/03\/Banner_Saude_PortallavrasTV-470x68.png 470w, http:\/\/lavras.tv\/site\/wp-content\/uploads\/2025\/03\/Banner_Saude_PortallavrasTV-170x25.png 170w, http:\/\/lavras.tv\/site\/wp-content\/uploads\/2025\/03\/Banner_Saude_PortallavrasTV-200x29.png 200w\" sizes=\"(max-width: 720px) 100vw, 720px\" width=\"720\" height=\"104\"   \/><\/a><\/div><\/li><li><div id=\"lavra-3964899218\" style=\"width:720px;height:104px;background-color:#ddd;overflow:scroll;\">\n\t<strong>Sa\u00edda da depura\u00e7\u00e3o de an\u00fancios<\/strong>\n\t<br><br>\n\tO an\u00fancio n\u00e3o \u00e9 exibido na p\u00e1gina<br><br>post atual: MG App Cidad\u00e3o - o aplicativo de servi\u00e7os do Governo do Estado, ID: 51652<br><br><span style=\"color: red;\">O post atual n\u00e3o \u00e9 id\u00eantico ao post principal.<\/span><br><br>An\u00fancios: ROXO - TOPO INTERNA - ROTATIVO 2 (197)<br \/>Grupo de an\u00fancios: Princ_Meio01_720x104 (27)<br><br>Condi\u00e7\u00f5es de exibi\u00e7\u00e3o<div style=\"margin-bottom: 20px; white-space: pre-wrap; font-family: monospace; width: 100%; background: #ffe9e9;\"><strong>condi\u00e7\u00f5es gerais<\/strong><table border=\"1\"><thead><tr><th><\/th><th>An\u00fancios<\/th><th>wp_the_query<\/th><\/tr><\/thead><tr><td>is_main_query<\/td><td>1<\/td><td>1<\/td><\/tr><tr><td>is_rest_api<\/td><td>0<\/td><td>1<\/td><\/tr><tr><td>page<\/td><td>0<\/td><td>1<\/td><\/tr><tr><td>numpages<\/td><td>0<\/td><td>1<\/td><\/tr><tr><td>is_archive<\/td><td>1<\/td><td><\/td><\/tr><tr><td>is_search<\/td><td>1<\/td><td><\/td><\/tr><tr><td>is_home<\/td><td>1<\/td><td><\/td><\/tr><tr><td>is_404<\/td><td>1<\/td><td><\/td><\/tr><tr><td>is_attachment<\/td><td>1<\/td><td><\/td><\/tr><tr><td>is_singular<\/td><td>1<\/td><td><\/td><\/tr><tr><td>is_front_page<\/td><td>1<\/td><td><\/td><\/tr><tr><td>is_feed<\/td><td>1<\/td><td><\/td><\/tr><\/table><\/div>\t<br><br>\n\t<a style=\"color: green;\" href=\"https:\/\/wpadvancedads.com\/manual\/ad-debug-mode\/?utm_source=advanced-ads&utm_medium=link&utm_campaign=ad-debug-mode\" target=\"_blank\" rel=\"nofollow\">Encontre solu\u00e7\u00f5es no manual<\/a>\n<\/div>\n<\/li><\/ul><\/div><script>( window.advanced_ads_ready || jQuery( document ).ready ).call( null, function() {var $lavraslider3241451813 = jQuery( \".lavra-slider-3241451813\" );$lavraslider3241451813.on( \"unslider.ready\", function() { jQuery( \"div.custom-slider ul li\" ).css( \"display\", \"block\" ); });$lavraslider3241451813.unslider({ delay:4000, autoplay:true, nav:false, arrows:false, infinite:true });$lavraslider3241451813.on(\"mouseover\", function() {$lavraslider3241451813.unslider(\"stop\");}).on(\"mouseout\", function() {$lavraslider3241451813.unslider(\"start\");});});<\/script><\/div>\n<p class=\"wp-block-paragraph\">Dando continuidade ao Programa de Educa\u00e7\u00e3o Fiscal, a SEF MG, atrav\u00e9s da SRF VARGINHA, informa que o Governo de Minas Gerais tem dispon\u00edvel o&nbsp;<em>MG app<\/em>, um aplicativo para smartphones que d\u00e1 acesso ao cidad\u00e3o a diversos servi\u00e7os p\u00fablicos estaduais. Com um formato simples, \u00e1gil e moderno, a iniciativa leva \u00e0 popula\u00e7\u00e3o do Estado de Minas mais um canal de atendimento que facilita a solu\u00e7\u00e3o de problemas e a busca por informa\u00e7\u00f5es. A centraliza\u00e7\u00e3o dos servi\u00e7os facilita o acesso ao cidad\u00e3o e permite mais agilidade. O&nbsp;<em>MG app<\/em>&nbsp;est\u00e1 dispon\u00edvel para os sistemas operacionais&nbsp;<a href=\"https:\/\/play.google.com\/store\/apps\/details?id=br.gov.prodemge.projetosocialminas\">Android<\/a>&nbsp;e&nbsp;<a href=\"https:\/\/itunes.apple.com\/bt\/app\/mg-app\/id1057649491?mt=8\">iOS<\/a> e pode ser baixado pelo google play e app store. \u00c9 gratuito.<\/p>\n\n\n\n<p class=\"wp-block-paragraph\">Atualmente, est\u00e3o dispon\u00edveis v\u00e1rios servi\u00e7os, como por exemplo:<\/p>\n\n\n\n<ul class=\"wp-block-list\"><li>Sa\u00fade<ul><li>Sa\u00fade Digital &#8211; MG COVID-19<\/li><li>Perguntas e Respostas sobre o COVID-19<\/li><li>Boletim Epidemiol\u00f3gico COVID-19,\u00a0<\/li><li>Agendar Doa\u00e7\u00e3o de Sangue<\/li><\/ul><\/li><li>Ve\u00edculos e Condutores<ul><li>CNH Digital<\/li><li>Consulta IPVA\u00a0<\/li><li>CRLV Digital &#8211; PDF<\/li><li>Defesas de autua\u00e7\u00e3o<\/li><li>Emiss\u00e3o Extrato de Multas<\/li><li>Motivo de n\u00e3o licenciamento<\/li><li>Pagamento DPVAT<\/li><li>Pontua\u00e7\u00e3o do condutor<\/li><\/ul><\/li><\/ul>\n\n\n\n<div class=\"wp-block-image\"><figure class=\"aligncenter size-large\"><img fetchpriority=\"high\" decoding=\"async\" width=\"512\" height=\"345\" src=\"http:\/\/lavras.tv\/site\/wp-content\/uploads\/2021\/05\/mg-app.jpg\" alt=\"\" class=\"wp-image-51653\" srcset=\"http:\/\/lavras.tv\/site\/wp-content\/uploads\/2021\/05\/mg-app.jpg 512w, http:\/\/lavras.tv\/site\/wp-content\/uploads\/2021\/05\/mg-app-445x300.jpg 445w, http:\/\/lavras.tv\/site\/wp-content\/uploads\/2021\/05\/mg-app-170x115.jpg 170w\" sizes=\"(max-width: 512px) 100vw, 512px\" \/><\/figure><\/div>\n\n\n\n<p class=\"wp-block-paragraph\">Emiss\u00e3o de Carteira de Identidade<\/p>\n\n\n\n<p class=\"wp-block-paragraph\">Agendar Emiss\u00e3o de Carteira de Identidade (1\u00aa via)<\/p>\n\n\n\n<p class=\"wp-block-paragraph\">Agendar Emiss\u00e3o de Carteira de Identidade (2\u00aa\u00a0e demais via)<\/p>\n\n\n\n<p class=\"wp-block-paragraph\">Unidade de Atendimento Integrado &#8211; UAI<\/p>\n\n\n\n<p class=\"wp-block-paragraph\">Agendamento de servi\u00e7os<\/p>\n\n\n\n<p class=\"wp-block-paragraph\">1\u00ba Alistamento Militar<\/p>\n\n\n\n<p class=\"wp-block-paragraph\">2\u00aa Via Certificado Militar<\/p>\n\n\n\n<p class=\"wp-block-paragraph\">Abertura de solicita\u00e7\u00e3o de medicamento especializado (Regional BH)<\/p>\n\n\n\n<p class=\"wp-block-paragraph\">Adi\u00e7\u00e3o\/ Mudan\u00e7a de Categoria<\/p>\n\n\n\n<p class=\"wp-block-paragraph\">Agendamento Prova Reciclagem<\/p>\n\n\n\n<p class=\"wp-block-paragraph\">Altera\u00e7\u00e3o Dados Ve\u00edculo<\/p>\n\n\n\n<p class=\"wp-block-paragraph\">Seguran\u00e7a<\/p>\n\n\n\n<p class=\"wp-block-paragraph\">Atestado de Antecedentes<\/p>\n\n\n\n<p class=\"wp-block-paragraph\">Delegacia &#8211; Unidades de Atendimento<\/p>\n\n\n\n<p class=\"wp-block-paragraph\">B.O. Perda de Documentos e Objetos<\/p>\n\n\n\n<p class=\"wp-block-paragraph\">B.O. Acidente de Tr\u00e2nsito sem V\u00edtima<\/p>\n\n\n\n<p class=\"wp-block-paragraph\">B.O. Furto<\/p>\n\n\n\n<p class=\"wp-block-paragraph\">Pol\u00edcia Militar &#8211; Unidades de Atendimento<\/p>\n\n\n\n<p class=\"wp-block-paragraph\">\u00c1gua e esgoto (COPASA)<\/p>\n\n\n\n<p class=\"wp-block-paragraph\">Contas Pagas<\/p>\n\n\n\n<p class=\"wp-block-paragraph\">Segunda Via de Conta<\/p>\n\n\n\n<p class=\"wp-block-paragraph\">Copasa &#8211; Vazamento de \u00c1gua<\/p>\n\n\n\n<p class=\"wp-block-paragraph\">Copasa &#8211; Vazamento de Esgoto<\/p>\n\n\n\n<p class=\"wp-block-paragraph\">Hist\u00f3rico de Consumo<\/p>\n\n\n\n<p class=\"wp-block-paragraph\">Certid\u00e3o Negativa de D\u00e9bito<\/p>\n\n\n\n<p class=\"wp-block-paragraph\">Energia (CEMIG)<\/p>\n\n\n\n<p class=\"wp-block-paragraph\">C\u00f3digo de Pagamento<\/p>\n\n\n\n<p class=\"wp-block-paragraph\">Hist\u00f3rico de Faturamento<\/p>\n\n\n\n<p class=\"wp-block-paragraph\">Informar Leitura<\/p>\n\n\n\n<p class=\"wp-block-paragraph\">Segunda Via de Conta<\/p>\n\n\n\n<p class=\"wp-block-paragraph\">Trabalho e Emprego<\/p>\n\n\n\n<p class=\"wp-block-paragraph\">Agendar Requerimento de Seguro Desemprego<\/p>\n\n\n\n<p class=\"wp-block-paragraph\">Carteira de Trabalho Digital<\/p>\n\n\n\n<p class=\"wp-block-paragraph\">Solicitar seguro-desemprego on-line<\/p>\n\n\n\n<p class=\"wp-block-paragraph\">Servidor P\u00fablico Estadual<\/p>\n\n\n\n<p class=\"wp-block-paragraph\">Contracheque<\/p>\n\n\n\n<p class=\"wp-block-paragraph\">Transforma Minas &#8211;\u00a0Inscri\u00e7\u00f5es Abertas<\/p>\n\n\n\n<p class=\"wp-block-paragraph\">Impostos e Taxas<\/p>\n\n\n\n<p class=\"wp-block-paragraph\">Consulta IPVA (referida consulta pode ser feita tamb\u00e9m pelo site <a href=\"http:\/\/www.fazenda.mg.gov.br\">www.fazenda.mg.gov.br<\/a>). Outro canal de atendimento da SEF MG \u00e9 o Lig Minas, atrav\u00e9s do n\u00famero 155.<\/p>\n\n\n\n<p class=\"wp-block-paragraph\">Estes s\u00e3o apenas alguns exemplos das funcionalidades do aplicativo MG APP-CIDAD\u00c3O, um aplicativo que tem o intuito de facilitar a vida do contribuinte mineiro.<\/p>\n\n\n\n<p class=\"wp-block-paragraph\">Fonte: Secretaria de Estado da Fazenda<\/p>\n","protected":false},"excerpt":{"rendered":"<p>Dando continuidade ao Programa de Educa\u00e7\u00e3o Fiscal, a SEF MG, atrav\u00e9s da SRF VARGINHA, informa que o Governo de Minas Gerais tem dispon\u00edvel o&nbsp;MG app, um aplicativo para smartphones que d\u00e1 acesso ao cidad\u00e3o a diversos servi\u00e7os p\u00fablicos estaduais. Com um formato simples, \u00e1gil e moderno, a iniciativa leva \u00e0 popula\u00e7\u00e3o do Estado de Minas [&hellip;]<\/p>\n","protected":false},"author":2,"featured_media":51653,"comment_status":"closed","ping_status":"open","sticky":false,"template":"","format":"standard","meta":{"advgb_blocks_editor_width":"","advgb_blocks_columns_visual_guide":"","_exactmetrics_skip_tracking":false,"footnotes":""},"categories":[7,2],"tags":[],"class_list":["post-51652","post","type-post","status-publish","format-standard","has-post-thumbnail","hentry","category-destaques","category-noticias"],"better_featured_image":{"id":51653,"alt_text":"","caption":"","description":"","media_type":"image","media_details":{"width":512,"height":345,"file":"2021\/05\/mg-app.jpg","sizes":{"medium":{"file":"mg-app-445x300.jpg","width":445,"height":300,"mime-type":"image\/jpeg","source_url":"http:\/\/lavras.tv\/site\/wp-content\/uploads\/2021\/05\/mg-app-445x300.jpg"},"thumbnail":{"file":"mg-app-170x115.jpg","width":170,"height":115,"mime-type":"image\/jpeg","source_url":"http:\/\/lavras.tv\/site\/wp-content\/uploads\/2021\/05\/mg-app-170x115.jpg"},"alm-thumbnail":{"file":"mg-app-150x150.jpg","width":150,"height":150,"mime-type":"image\/jpeg","source_url":"http:\/\/lavras.tv\/site\/wp-content\/uploads\/2021\/05\/mg-app-150x150.jpg"}},"image_meta":{"aperture":"0","credit":"","camera":"","caption":"","created_timestamp":"0","copyright":"","focal_length":"0","iso":"0","shutter_speed":"0","title":"","orientation":"0","keywords":[]}},"post":51652,"source_url":"http:\/\/lavras.tv\/site\/wp-content\/uploads\/2021\/05\/mg-app.jpg"},"author_meta":{"display_name":"Lavras TV","author_link":"http:\/\/lavras.tv\/site\/author\/lavrastv\/"},"featured_img":"http:\/\/lavras.tv\/site\/wp-content\/uploads\/2021\/05\/mg-app-445x300.jpg","coauthors":[],"tax_additional":{"categories":{"linked":["<a href=\"http:\/\/lavras.tv\/site\/category\/destaques\/\" class=\"advgb-post-tax-term\">Destaques<\/a>","<a href=\"http:\/\/lavras.tv\/site\/category\/noticias\/\" class=\"advgb-post-tax-term\">Not\u00edcias<\/a>"],"unlinked":["<span class=\"advgb-post-tax-term\">Destaques<\/span>","<span class=\"advgb-post-tax-term\">Not\u00edcias<\/span>"]}},"comment_count":"0","relative_dates":{"created":"Publicado 5 anos atr\u00e1s","modified":"Atualizado 5 anos atr\u00e1s"},"absolute_dates":{"created":"Publicado em 20 de maio de 2021","modified":"Atualizado em 20 de maio de 2021"},"absolute_dates_time":{"created":"Publicado em 20 de maio de 2021 08:57","modified":"Atualizado em 20 de maio de 2021 08:57"},"featured_img_caption":"","series_order":"","_links":{"self":[{"href":"http:\/\/lavras.tv\/site\/wp-json\/wp\/v2\/posts\/51652","targetHints":{"allow":["GET"]}}],"collection":[{"href":"http:\/\/lavras.tv\/site\/wp-json\/wp\/v2\/posts"}],"about":[{"href":"http:\/\/lavras.tv\/site\/wp-json\/wp\/v2\/types\/post"}],"author":[{"embeddable":true,"href":"http:\/\/lavras.tv\/site\/wp-json\/wp\/v2\/users\/2"}],"replies":[{"embeddable":true,"href":"http:\/\/lavras.tv\/site\/wp-json\/wp\/v2\/comments?post=51652"}],"version-history":[{"count":0,"href":"http:\/\/lavras.tv\/site\/wp-json\/wp\/v2\/posts\/51652\/revisions"}],"wp:featuredmedia":[{"embeddable":true,"href":"http:\/\/lavras.tv\/site\/wp-json\/wp\/v2\/media\/51653"}],"wp:attachment":[{"href":"http:\/\/lavras.tv\/site\/wp-json\/wp\/v2\/media?parent=51652"}],"wp:term":[{"taxonomy":"category","embeddable":true,"href":"http:\/\/lavras.tv\/site\/wp-json\/wp\/v2\/categories?post=51652"},{"taxonomy":"post_tag","embeddable":true,"href":"http:\/\/lavras.tv\/site\/wp-json\/wp\/v2\/tags?post=51652"}],"curies":[{"name":"wp","href":"https:\/\/api.w.org\/{rel}","templated":true}]}}