{"id":51745,"date":"2021-06-01T09:02:06","date_gmt":"2021-06-01T12:02:06","guid":{"rendered":"http:\/\/lavras.tv\/site\/?p=51745"},"modified":"2021-06-01T09:02:08","modified_gmt":"2021-06-01T12:02:08","slug":"governador-zema-diz-que-realizacao-da-copa-america-no-brasil-em-meio-a-pandemia-nao-e-prudente","status":"publish","type":"post","link":"http:\/\/lavras.tv\/site\/2021\/06\/01\/governador-zema-diz-que-realizacao-da-copa-america-no-brasil-em-meio-a-pandemia-nao-e-prudente\/","title":{"rendered":"Governador Zema diz que realiza\u00e7\u00e3o da Copa Am\u00e9rica no Brasil em meio \u00e0 pandemia &#8216;n\u00e3o \u00e9 prudente&#8217;"},"content":{"rendered":"<div class=\"lavra-antes-do-conteudo_2 lavra-entity-placement\" id=\"lavra-189000185\"><div id=\"lavra-slider-27\" class=\"custom-slider lavra-slider-3944101455 lavra-slider\"><ul><li><div id=\"lavra-735920346\" style=\"margin-left: auto;margin-right: auto;text-align: center;\"><a href=\"https:\/\/sistemas.lavras.mg.gov.br\/portalcidadao\/#df1b1a7c7b2a290bcb31e32771e610784662739a88807c0dacac58ede5f391a7530e299dc302d611ee73cb143fc22eaf93592e53e7b5bdb01b00a0b8d28dae460c141dd2ff83412e4dc1c31b16b25f33144a9e5620ea73b13f5bc1c59411d98439ad226e8af03840603796067d87afe130812cf3de24982d0e306f9e61e764e5\" aria-label=\"Lavras-TV&#8211;720x104px (1) (1)\"><img src=\"http:\/\/lavras.tv\/site\/wp-content\/uploads\/2025\/01\/Lavras-TV-720x104px-1-1.png\" alt=\"\"  srcset=\"http:\/\/lavras.tv\/site\/wp-content\/uploads\/2025\/01\/Lavras-TV-720x104px-1-1.png 720w, http:\/\/lavras.tv\/site\/wp-content\/uploads\/2025\/01\/Lavras-TV-720x104px-1-1-470x68.png 470w, http:\/\/lavras.tv\/site\/wp-content\/uploads\/2025\/01\/Lavras-TV-720x104px-1-1-170x25.png 170w, http:\/\/lavras.tv\/site\/wp-content\/uploads\/2025\/01\/Lavras-TV-720x104px-1-1-200x29.png 200w\" sizes=\"(max-width: 720px) 100vw, 720px\" width=\"720\" height=\"104\"  style=\"display: inline-block;\" \/><\/a><\/div><\/li><li><div id=\"lavra-775069110\"><a href=\"https:\/\/sistemas.lavras.mg.gov.br\/portalcidadao\/#df1b1a7c7b2a290bcb31e32771e610784662739a88807c0dacac58ede5f391a7530e299dc302d611ee73cb143fc22eaf93592e53e7b5bdb01b00a0b8d28dae460c141dd2ff83412e4dc1c31b16b25f33144a9e5620ea73b13f5bc1c59411d98439ad226e8af03840603796067d87afe130812cf3de24982d0e306f9e61e764e5\" aria-label=\"Banner_Emprego_PortallavrasTV\"><img src=\"http:\/\/lavras.tv\/site\/wp-content\/uploads\/2025\/03\/Banner_Emprego_PortallavrasTV.png\" alt=\"\"  srcset=\"http:\/\/lavras.tv\/site\/wp-content\/uploads\/2025\/03\/Banner_Emprego_PortallavrasTV.png 720w, http:\/\/lavras.tv\/site\/wp-content\/uploads\/2025\/03\/Banner_Emprego_PortallavrasTV-470x68.png 470w, http:\/\/lavras.tv\/site\/wp-content\/uploads\/2025\/03\/Banner_Emprego_PortallavrasTV-170x25.png 170w, http:\/\/lavras.tv\/site\/wp-content\/uploads\/2025\/03\/Banner_Emprego_PortallavrasTV-200x29.png 200w\" sizes=\"(max-width: 720px) 100vw, 720px\" width=\"720\" height=\"104\"   \/><\/a><\/div><\/li><li><div id=\"lavra-223475259\"><a href=\"https:\/\/sistemas.lavras.mg.gov.br\/portalcidadao\/#df1b1a7c7b2a290bcb31e32771e610784662739a88807c0dacac58ede5f391a7530e299dc302d611ee73cb143fc22eaf93592e53e7b5bdb01b00a0b8d28dae460c141dd2ff83412e4dc1c31b16b25f33144a9e5620ea73b13f5bc1c59411d98439ad226e8af03840603796067d87afe130812cf3de24982d0e306f9e61e764e5\" aria-label=\"Banner_Obras_PortallavrasTV\"><img src=\"http:\/\/lavras.tv\/site\/wp-content\/uploads\/2025\/03\/Banner_Obras_PortallavrasTV.png\" alt=\"\"  srcset=\"http:\/\/lavras.tv\/site\/wp-content\/uploads\/2025\/03\/Banner_Obras_PortallavrasTV.png 720w, http:\/\/lavras.tv\/site\/wp-content\/uploads\/2025\/03\/Banner_Obras_PortallavrasTV-470x68.png 470w, http:\/\/lavras.tv\/site\/wp-content\/uploads\/2025\/03\/Banner_Obras_PortallavrasTV-170x25.png 170w, http:\/\/lavras.tv\/site\/wp-content\/uploads\/2025\/03\/Banner_Obras_PortallavrasTV-200x29.png 200w\" sizes=\"(max-width: 720px) 100vw, 720px\" width=\"720\" height=\"104\"   \/><\/a><\/div><\/li><li><div id=\"lavra-58961309\" style=\"margin-left: auto;margin-right: auto;text-align: center;\"><a href=\"https:\/\/sistemas.lavras.mg.gov.br\/portalcidadao\/#df1b1a7c7b2a290bcb31e32771e610784662739a88807c0dacac58ede5f391a7530e299dc302d611ee73cb143fc22eaf93592e53e7b5bdb01b00a0b8d28dae460c141dd2ff83412e4dc1c31b16b25f33144a9e5620ea73b13f5bc1c59411d98439ad226e8af03840603796067d87afe130812cf3de24982d0e306f9e61e764e5\" aria-label=\"ANUNCIE AQUI NOVO VERMELHO\"><img src=\"http:\/\/lavras.tv\/site\/wp-content\/uploads\/2016\/05\/ANUNCIE-AQUI-NOVO-VERMELHO.png\" alt=\"\"  srcset=\"http:\/\/lavras.tv\/site\/wp-content\/uploads\/2016\/05\/ANUNCIE-AQUI-NOVO-VERMELHO.png 720w, http:\/\/lavras.tv\/site\/wp-content\/uploads\/2016\/05\/ANUNCIE-AQUI-NOVO-VERMELHO-470x68.png 470w, http:\/\/lavras.tv\/site\/wp-content\/uploads\/2016\/05\/ANUNCIE-AQUI-NOVO-VERMELHO-170x25.png 170w\" sizes=\"(max-width: 720px) 100vw, 720px\" width=\"720\" height=\"104\"  style=\"display: inline-block;\" \/><\/a><\/div><\/li><li><div id=\"lavra-2952712405\"><a href=\"https:\/\/sistemas.lavras.mg.gov.br\/portalcidadao\/#df1b1a7c7b2a290bcb31e32771e610784662739a88807c0dacac58ede5f391a7530e299dc302d611ee73cb143fc22eaf93592e53e7b5bdb01b00a0b8d28dae460c141dd2ff83412e4dc1c31b16b25f33144a9e5620ea73b13f5bc1c59411d98439ad226e8af03840603796067d87afe130812cf3de24982d0e306f9e61e764e5\" aria-label=\"Banner_Sa\u00fade_PortallavrasTV\"><img src=\"http:\/\/lavras.tv\/site\/wp-content\/uploads\/2025\/03\/Banner_Saude_PortallavrasTV.png\" alt=\"\"  srcset=\"http:\/\/lavras.tv\/site\/wp-content\/uploads\/2025\/03\/Banner_Saude_PortallavrasTV.png 720w, http:\/\/lavras.tv\/site\/wp-content\/uploads\/2025\/03\/Banner_Saude_PortallavrasTV-470x68.png 470w, http:\/\/lavras.tv\/site\/wp-content\/uploads\/2025\/03\/Banner_Saude_PortallavrasTV-170x25.png 170w, http:\/\/lavras.tv\/site\/wp-content\/uploads\/2025\/03\/Banner_Saude_PortallavrasTV-200x29.png 200w\" sizes=\"(max-width: 720px) 100vw, 720px\" width=\"720\" height=\"104\"   \/><\/a><\/div><\/li><li><div id=\"lavra-2033421203\" style=\"width:720px;height:104px;background-color:#ddd;overflow:scroll;\">\n\t<strong>Sa\u00edda da depura\u00e7\u00e3o de an\u00fancios<\/strong>\n\t<br><br>\n\tO an\u00fancio n\u00e3o \u00e9 exibido na p\u00e1gina<br><br>post atual: Governador Zema diz que realiza\u00e7\u00e3o da Copa Am\u00e9rica no Brasil em meio \u00e0 pandemia 'n\u00e3o \u00e9 prudente', ID: 51745<br><br><span style=\"color: red;\">O post atual n\u00e3o \u00e9 id\u00eantico ao post principal.<\/span><br><br>An\u00fancios: ROXO - TOPO INTERNA - ROTATIVO 2 (197)<br \/>Grupo de an\u00fancios: Princ_Meio01_720x104 (27)<br><br>Condi\u00e7\u00f5es de exibi\u00e7\u00e3o<div style=\"margin-bottom: 20px; white-space: pre-wrap; font-family: monospace; width: 100%; background: #ffe9e9;\"><strong>condi\u00e7\u00f5es gerais<\/strong><table border=\"1\"><thead><tr><th><\/th><th>An\u00fancios<\/th><th>wp_the_query<\/th><\/tr><\/thead><tr><td>is_main_query<\/td><td>1<\/td><td>1<\/td><\/tr><tr><td>is_rest_api<\/td><td>0<\/td><td>1<\/td><\/tr><tr><td>page<\/td><td>0<\/td><td>1<\/td><\/tr><tr><td>numpages<\/td><td>0<\/td><td>1<\/td><\/tr><tr><td>is_archive<\/td><td>1<\/td><td><\/td><\/tr><tr><td>is_search<\/td><td>1<\/td><td><\/td><\/tr><tr><td>is_home<\/td><td>1<\/td><td><\/td><\/tr><tr><td>is_404<\/td><td>1<\/td><td><\/td><\/tr><tr><td>is_attachment<\/td><td>1<\/td><td><\/td><\/tr><tr><td>is_singular<\/td><td>1<\/td><td><\/td><\/tr><tr><td>is_front_page<\/td><td>1<\/td><td><\/td><\/tr><tr><td>is_feed<\/td><td>1<\/td><td><\/td><\/tr><\/table><\/div>\t<br><br>\n\t<a style=\"color: green;\" href=\"https:\/\/wpadvancedads.com\/manual\/ad-debug-mode\/?utm_source=advanced-ads&utm_medium=link&utm_campaign=ad-debug-mode\" target=\"_blank\" rel=\"nofollow\">Encontre solu\u00e7\u00f5es no manual<\/a>\n<\/div>\n<\/li><\/ul><\/div><script>( window.advanced_ads_ready || jQuery( document ).ready ).call( null, function() {var $lavraslider3944101455 = jQuery( \".lavra-slider-3944101455\" );$lavraslider3944101455.on( \"unslider.ready\", function() { jQuery( \"div.custom-slider ul li\" ).css( \"display\", \"block\" ); });$lavraslider3944101455.unslider({ delay:4000, autoplay:true, nav:false, arrows:false, infinite:true });$lavraslider3944101455.on(\"mouseover\", function() {$lavraslider3944101455.unslider(\"stop\");}).on(\"mouseout\", function() {$lavraslider3944101455.unslider(\"start\");});});<\/script><\/div>\n<p class=\"wp-block-paragraph\">O governador de Minas, Romeu Zema (Novo), avaliou que a realiza\u00e7\u00e3o da Copa Am\u00e9rica neste momento no Brasil, por causa da pandemia, n\u00e3o \u00e9 prudente. Zema falou sobre o assunto em entrevista nesta segunda-feira, na CNN Brasil.<\/p>\n\n\n\n<p class=\"wp-block-paragraph\">\u201cNum momento de pandemia, em que os hospitais ainda continuam com o n\u00edvel de ocupa\u00e7\u00e3o extremamente elevado, e que h\u00e1 possibilidade de uma terceira onda n\u00e3o est\u00e1 descartada, eu avalio como n\u00e3o prudente fazermos qualquer evento que tenha aglomera\u00e7\u00e3o\u201d, disse.<\/p>\n\n\n\n<p class=\"wp-block-paragraph\">\u201cA situa\u00e7\u00e3o do estado de Minas, apesar de estar bem melhor do que a m\u00e9dia no Brasil, n\u00e3o \u00e9 uma situa\u00e7\u00e3o livre de riscos, ent\u00e3o eu gostaria muito que isso pudesse ser postergado\u201d, completou.<\/p>\n\n\n\n<div class=\"wp-block-image\"><figure class=\"aligncenter size-large\"><img fetchpriority=\"high\" decoding=\"async\" width=\"650\" height=\"433\" src=\"http:\/\/lavras.tv\/site\/wp-content\/uploads\/2021\/06\/zema.jpg\" alt=\"\" class=\"wp-image-51746\" srcset=\"http:\/\/lavras.tv\/site\/wp-content\/uploads\/2021\/06\/zema.jpg 650w, http:\/\/lavras.tv\/site\/wp-content\/uploads\/2021\/06\/zema-450x300.jpg 450w, http:\/\/lavras.tv\/site\/wp-content\/uploads\/2021\/06\/zema-170x113.jpg 170w\" sizes=\"(max-width: 650px) 100vw, 650px\" \/><\/figure><\/div>\n\n\n\n<p class=\"wp-block-paragraph\"><\/p>\n\n\n\n<p class=\"wp-block-paragraph\">\u201cDa mesma maneira que temos tido campeonatos sem p\u00fablico, que temos tido todas essas medidas no sentido de evitar aglomera\u00e7\u00f5es, n\u00e3o podemos nos dar ao luxo de brincarmos, de menosprezarmos este inimigo invis\u00edvel e imprevis\u00edvel\u201d, finalizou.<\/p>\n\n\n\n<p class=\"wp-block-paragraph\">Fonte: Itatiaia<\/p>\n","protected":false},"excerpt":{"rendered":"<p>O governador de Minas, Romeu Zema (Novo), avaliou que a realiza\u00e7\u00e3o da Copa Am\u00e9rica neste momento no Brasil, por causa da pandemia, n\u00e3o \u00e9 prudente. Zema falou sobre o assunto em entrevista nesta segunda-feira, na CNN Brasil. \u201cNum momento de pandemia, em que os hospitais ainda continuam com o n\u00edvel de ocupa\u00e7\u00e3o extremamente elevado, e [&hellip;]<\/p>\n","protected":false},"author":2,"featured_media":51746,"comment_status":"closed","ping_status":"open","sticky":false,"template":"","format":"standard","meta":{"advgb_blocks_editor_width":"","advgb_blocks_columns_visual_guide":"","_exactmetrics_skip_tracking":false,"footnotes":""},"categories":[7,2],"tags":[],"class_list":["post-51745","post","type-post","status-publish","format-standard","has-post-thumbnail","hentry","category-destaques","category-noticias"],"better_featured_image":{"id":51746,"alt_text":"","caption":"","description":"","media_type":"image","media_details":{"width":650,"height":433,"file":"2021\/06\/zema.jpg","sizes":{"medium":{"file":"zema-450x300.jpg","width":450,"height":300,"mime-type":"image\/jpeg","source_url":"http:\/\/lavras.tv\/site\/wp-content\/uploads\/2021\/06\/zema-450x300.jpg"},"thumbnail":{"file":"zema-170x113.jpg","width":170,"height":113,"mime-type":"image\/jpeg","source_url":"http:\/\/lavras.tv\/site\/wp-content\/uploads\/2021\/06\/zema-170x113.jpg"},"alm-thumbnail":{"file":"zema-150x150.jpg","width":150,"height":150,"mime-type":"image\/jpeg","source_url":"http:\/\/lavras.tv\/site\/wp-content\/uploads\/2021\/06\/zema-150x150.jpg"}},"image_meta":{"aperture":"0","credit":"","camera":"","caption":"","created_timestamp":"0","copyright":"","focal_length":"0","iso":"0","shutter_speed":"0","title":"","orientation":"0","keywords":[]}},"post":51745,"source_url":"http:\/\/lavras.tv\/site\/wp-content\/uploads\/2021\/06\/zema.jpg"},"author_meta":{"display_name":"Lavras TV","author_link":"http:\/\/lavras.tv\/site\/author\/lavrastv\/"},"featured_img":"http:\/\/lavras.tv\/site\/wp-content\/uploads\/2021\/06\/zema-450x300.jpg","coauthors":[],"tax_additional":{"categories":{"linked":["<a href=\"http:\/\/lavras.tv\/site\/category\/destaques\/\" class=\"advgb-post-tax-term\">Destaques<\/a>","<a href=\"http:\/\/lavras.tv\/site\/category\/noticias\/\" class=\"advgb-post-tax-term\">Not\u00edcias<\/a>"],"unlinked":["<span class=\"advgb-post-tax-term\">Destaques<\/span>","<span class=\"advgb-post-tax-term\">Not\u00edcias<\/span>"]}},"comment_count":"0","relative_dates":{"created":"Publicado 5 anos atr\u00e1s","modified":"Atualizado 5 anos atr\u00e1s"},"absolute_dates":{"created":"Publicado em 1 de junho de 2021","modified":"Atualizado em 1 de junho de 2021"},"absolute_dates_time":{"created":"Publicado em 1 de junho de 2021 09:02","modified":"Atualizado em 1 de junho de 2021 09:02"},"featured_img_caption":"","series_order":"","_links":{"self":[{"href":"http:\/\/lavras.tv\/site\/wp-json\/wp\/v2\/posts\/51745","targetHints":{"allow":["GET"]}}],"collection":[{"href":"http:\/\/lavras.tv\/site\/wp-json\/wp\/v2\/posts"}],"about":[{"href":"http:\/\/lavras.tv\/site\/wp-json\/wp\/v2\/types\/post"}],"author":[{"embeddable":true,"href":"http:\/\/lavras.tv\/site\/wp-json\/wp\/v2\/users\/2"}],"replies":[{"embeddable":true,"href":"http:\/\/lavras.tv\/site\/wp-json\/wp\/v2\/comments?post=51745"}],"version-history":[{"count":0,"href":"http:\/\/lavras.tv\/site\/wp-json\/wp\/v2\/posts\/51745\/revisions"}],"wp:featuredmedia":[{"embeddable":true,"href":"http:\/\/lavras.tv\/site\/wp-json\/wp\/v2\/media\/51746"}],"wp:attachment":[{"href":"http:\/\/lavras.tv\/site\/wp-json\/wp\/v2\/media?parent=51745"}],"wp:term":[{"taxonomy":"category","embeddable":true,"href":"http:\/\/lavras.tv\/site\/wp-json\/wp\/v2\/categories?post=51745"},{"taxonomy":"post_tag","embeddable":true,"href":"http:\/\/lavras.tv\/site\/wp-json\/wp\/v2\/tags?post=51745"}],"curies":[{"name":"wp","href":"https:\/\/api.w.org\/{rel}","templated":true}]}}