{"id":51967,"date":"2021-07-05T11:22:31","date_gmt":"2021-07-05T14:22:31","guid":{"rendered":"http:\/\/lavras.tv\/site\/?p=51967"},"modified":"2021-07-05T11:22:33","modified_gmt":"2021-07-05T14:22:33","slug":"cemig-realiza-melhorias-na-rede-eletrica-de-lavras-esta-semana-veja-bairros-que-terao-corte-no-fornecimento-de-energia","status":"publish","type":"post","link":"http:\/\/lavras.tv\/site\/2021\/07\/05\/cemig-realiza-melhorias-na-rede-eletrica-de-lavras-esta-semana-veja-bairros-que-terao-corte-no-fornecimento-de-energia\/","title":{"rendered":"Cemig realiza melhorias na rede el\u00e9trica de Lavras esta semana. Veja bairros que ter\u00e3o corte no fornecimento de energia"},"content":{"rendered":"<div class=\"lavra-antes-do-conteudo_2 lavra-entity-placement\" id=\"lavra-1988423878\"><div id=\"lavra-slider-27\" class=\"custom-slider lavra-slider-3077448371 lavra-slider\"><ul><li><div id=\"lavra-3565999568\" style=\"margin-left: auto;margin-right: auto;text-align: center;\"><a href=\"https:\/\/sistemas.lavras.mg.gov.br\/portalcidadao\/#df1b1a7c7b2a290bcb31e32771e610784662739a88807c0dacac58ede5f391a7530e299dc302d611ee73cb143fc22eaf93592e53e7b5bdb01b00a0b8d28dae460c141dd2ff83412e4dc1c31b16b25f33144a9e5620ea73b13f5bc1c59411d98439ad226e8af03840603796067d87afe130812cf3de24982d0e306f9e61e764e5\" aria-label=\"Lavras-TV&#8211;720x104px (1) (1)\"><img src=\"http:\/\/lavras.tv\/site\/wp-content\/uploads\/2025\/01\/Lavras-TV-720x104px-1-1.png\" alt=\"\"  srcset=\"http:\/\/lavras.tv\/site\/wp-content\/uploads\/2025\/01\/Lavras-TV-720x104px-1-1.png 720w, http:\/\/lavras.tv\/site\/wp-content\/uploads\/2025\/01\/Lavras-TV-720x104px-1-1-470x68.png 470w, http:\/\/lavras.tv\/site\/wp-content\/uploads\/2025\/01\/Lavras-TV-720x104px-1-1-170x25.png 170w, http:\/\/lavras.tv\/site\/wp-content\/uploads\/2025\/01\/Lavras-TV-720x104px-1-1-200x29.png 200w\" sizes=\"(max-width: 720px) 100vw, 720px\" width=\"720\" height=\"104\"  style=\"display: inline-block;\" \/><\/a><\/div><\/li><li><div id=\"lavra-3688746017\"><a href=\"https:\/\/sistemas.lavras.mg.gov.br\/portalcidadao\/#df1b1a7c7b2a290bcb31e32771e610784662739a88807c0dacac58ede5f391a7530e299dc302d611ee73cb143fc22eaf93592e53e7b5bdb01b00a0b8d28dae460c141dd2ff83412e4dc1c31b16b25f33144a9e5620ea73b13f5bc1c59411d98439ad226e8af03840603796067d87afe130812cf3de24982d0e306f9e61e764e5\" aria-label=\"Banner_Emprego_PortallavrasTV\"><img src=\"http:\/\/lavras.tv\/site\/wp-content\/uploads\/2025\/03\/Banner_Emprego_PortallavrasTV.png\" alt=\"\"  srcset=\"http:\/\/lavras.tv\/site\/wp-content\/uploads\/2025\/03\/Banner_Emprego_PortallavrasTV.png 720w, http:\/\/lavras.tv\/site\/wp-content\/uploads\/2025\/03\/Banner_Emprego_PortallavrasTV-470x68.png 470w, http:\/\/lavras.tv\/site\/wp-content\/uploads\/2025\/03\/Banner_Emprego_PortallavrasTV-170x25.png 170w, http:\/\/lavras.tv\/site\/wp-content\/uploads\/2025\/03\/Banner_Emprego_PortallavrasTV-200x29.png 200w\" sizes=\"(max-width: 720px) 100vw, 720px\" width=\"720\" height=\"104\"   \/><\/a><\/div><\/li><li><div id=\"lavra-1199386933\"><a href=\"https:\/\/sistemas.lavras.mg.gov.br\/portalcidadao\/#df1b1a7c7b2a290bcb31e32771e610784662739a88807c0dacac58ede5f391a7530e299dc302d611ee73cb143fc22eaf93592e53e7b5bdb01b00a0b8d28dae460c141dd2ff83412e4dc1c31b16b25f33144a9e5620ea73b13f5bc1c59411d98439ad226e8af03840603796067d87afe130812cf3de24982d0e306f9e61e764e5\" aria-label=\"Banner_Obras_PortallavrasTV\"><img src=\"http:\/\/lavras.tv\/site\/wp-content\/uploads\/2025\/03\/Banner_Obras_PortallavrasTV.png\" alt=\"\"  srcset=\"http:\/\/lavras.tv\/site\/wp-content\/uploads\/2025\/03\/Banner_Obras_PortallavrasTV.png 720w, http:\/\/lavras.tv\/site\/wp-content\/uploads\/2025\/03\/Banner_Obras_PortallavrasTV-470x68.png 470w, http:\/\/lavras.tv\/site\/wp-content\/uploads\/2025\/03\/Banner_Obras_PortallavrasTV-170x25.png 170w, http:\/\/lavras.tv\/site\/wp-content\/uploads\/2025\/03\/Banner_Obras_PortallavrasTV-200x29.png 200w\" sizes=\"(max-width: 720px) 100vw, 720px\" width=\"720\" height=\"104\"   \/><\/a><\/div><\/li><li><div id=\"lavra-3750836936\" style=\"margin-left: auto;margin-right: auto;text-align: center;\"><a href=\"https:\/\/sistemas.lavras.mg.gov.br\/portalcidadao\/#df1b1a7c7b2a290bcb31e32771e610784662739a88807c0dacac58ede5f391a7530e299dc302d611ee73cb143fc22eaf93592e53e7b5bdb01b00a0b8d28dae460c141dd2ff83412e4dc1c31b16b25f33144a9e5620ea73b13f5bc1c59411d98439ad226e8af03840603796067d87afe130812cf3de24982d0e306f9e61e764e5\" aria-label=\"ANUNCIE AQUI NOVO VERMELHO\"><img src=\"http:\/\/lavras.tv\/site\/wp-content\/uploads\/2016\/05\/ANUNCIE-AQUI-NOVO-VERMELHO.png\" alt=\"\"  srcset=\"http:\/\/lavras.tv\/site\/wp-content\/uploads\/2016\/05\/ANUNCIE-AQUI-NOVO-VERMELHO.png 720w, http:\/\/lavras.tv\/site\/wp-content\/uploads\/2016\/05\/ANUNCIE-AQUI-NOVO-VERMELHO-470x68.png 470w, http:\/\/lavras.tv\/site\/wp-content\/uploads\/2016\/05\/ANUNCIE-AQUI-NOVO-VERMELHO-170x25.png 170w\" sizes=\"(max-width: 720px) 100vw, 720px\" width=\"720\" height=\"104\"  style=\"display: inline-block;\" \/><\/a><\/div><\/li><li><div id=\"lavra-4116508075\"><a href=\"https:\/\/sistemas.lavras.mg.gov.br\/portalcidadao\/#df1b1a7c7b2a290bcb31e32771e610784662739a88807c0dacac58ede5f391a7530e299dc302d611ee73cb143fc22eaf93592e53e7b5bdb01b00a0b8d28dae460c141dd2ff83412e4dc1c31b16b25f33144a9e5620ea73b13f5bc1c59411d98439ad226e8af03840603796067d87afe130812cf3de24982d0e306f9e61e764e5\" aria-label=\"Banner_Sa\u00fade_PortallavrasTV\"><img src=\"http:\/\/lavras.tv\/site\/wp-content\/uploads\/2025\/03\/Banner_Saude_PortallavrasTV.png\" alt=\"\"  srcset=\"http:\/\/lavras.tv\/site\/wp-content\/uploads\/2025\/03\/Banner_Saude_PortallavrasTV.png 720w, http:\/\/lavras.tv\/site\/wp-content\/uploads\/2025\/03\/Banner_Saude_PortallavrasTV-470x68.png 470w, http:\/\/lavras.tv\/site\/wp-content\/uploads\/2025\/03\/Banner_Saude_PortallavrasTV-170x25.png 170w, http:\/\/lavras.tv\/site\/wp-content\/uploads\/2025\/03\/Banner_Saude_PortallavrasTV-200x29.png 200w\" sizes=\"(max-width: 720px) 100vw, 720px\" width=\"720\" height=\"104\"   \/><\/a><\/div><\/li><li><div id=\"lavra-2259332025\" style=\"width:720px;height:104px;background-color:#ddd;overflow:scroll;\">\n\t<strong>Sa\u00edda da depura\u00e7\u00e3o de an\u00fancios<\/strong>\n\t<br><br>\n\tO an\u00fancio n\u00e3o \u00e9 exibido na p\u00e1gina<br><br>post atual: Cemig realiza melhorias na rede el\u00e9trica de Lavras esta semana. Veja bairros que ter\u00e3o corte no fornecimento de energia, ID: 51967<br><br><span style=\"color: red;\">O post atual n\u00e3o \u00e9 id\u00eantico ao post principal.<\/span><br><br>An\u00fancios: ROXO - TOPO INTERNA - ROTATIVO 2 (197)<br \/>Grupo de an\u00fancios: Princ_Meio01_720x104 (27)<br><br>Condi\u00e7\u00f5es de exibi\u00e7\u00e3o<div style=\"margin-bottom: 20px; white-space: pre-wrap; font-family: monospace; width: 100%; background: #ffe9e9;\"><strong>condi\u00e7\u00f5es gerais<\/strong><table border=\"1\"><thead><tr><th><\/th><th>An\u00fancios<\/th><th>wp_the_query<\/th><\/tr><\/thead><tr><td>is_main_query<\/td><td>1<\/td><td>1<\/td><\/tr><tr><td>is_rest_api<\/td><td>0<\/td><td>1<\/td><\/tr><tr><td>page<\/td><td>0<\/td><td>1<\/td><\/tr><tr><td>numpages<\/td><td>0<\/td><td>1<\/td><\/tr><tr><td>is_archive<\/td><td>1<\/td><td><\/td><\/tr><tr><td>is_search<\/td><td>1<\/td><td><\/td><\/tr><tr><td>is_home<\/td><td>1<\/td><td><\/td><\/tr><tr><td>is_404<\/td><td>1<\/td><td><\/td><\/tr><tr><td>is_attachment<\/td><td>1<\/td><td><\/td><\/tr><tr><td>is_singular<\/td><td>1<\/td><td><\/td><\/tr><tr><td>is_front_page<\/td><td>1<\/td><td><\/td><\/tr><tr><td>is_feed<\/td><td>1<\/td><td><\/td><\/tr><\/table><\/div>\t<br><br>\n\t<a style=\"color: green;\" href=\"https:\/\/wpadvancedads.com\/manual\/ad-debug-mode\/?utm_source=advanced-ads&utm_medium=link&utm_campaign=ad-debug-mode\" target=\"_blank\" rel=\"nofollow\">Encontre solu\u00e7\u00f5es no manual<\/a>\n<\/div>\n<\/li><\/ul><\/div><script>( window.advanced_ads_ready || jQuery( document ).ready ).call( null, function() {var $lavraslider3077448371 = jQuery( \".lavra-slider-3077448371\" );$lavraslider3077448371.on( \"unslider.ready\", function() { jQuery( \"div.custom-slider ul li\" ).css( \"display\", \"block\" ); });$lavraslider3077448371.unslider({ delay:4000, autoplay:true, nav:false, arrows:false, infinite:true });$lavraslider3077448371.on(\"mouseover\", function() {$lavraslider3077448371.unslider(\"stop\");}).on(\"mouseout\", function() {$lavraslider3077448371.unslider(\"start\");});});<\/script><\/div>\n<p class=\"wp-block-paragraph\">A Cemig informa que, nos dias 06 e 09 de julho, vai fazer manuten\u00e7\u00e3o na rede el\u00e9trica de Lavras. O servi\u00e7o tem o objetivo de tornar o sistema el\u00e9trico mais seguro, garantindo maior confiabilidade do fornecimento de energia para a popula\u00e7\u00e3o e o com\u00e9rcio local.<\/p>\n\n\n\n<p class=\"wp-block-paragraph\">Por uma quest\u00e3o de seguran\u00e7a, vai ser necess\u00e1rio a interrup\u00e7\u00e3o de energia para alguns clientes.<\/p>\n\n\n\n<p class=\"wp-block-paragraph\">Confira os locais de desligamentos:<\/p>\n\n\n\n<p class=\"wp-block-paragraph\"><strong>Dia 6 de julho<\/strong><\/p>\n\n\n\n<p class=\"wp-block-paragraph\">Das 9h30 \u00e0s 12h30:<\/p>\n\n\n\n<p class=\"wp-block-paragraph\">Avenida Samuel Carvalho, entre n\u00fameros 40 e 190, Serra Azul<\/p>\n\n\n\n<p class=\"wp-block-paragraph\">Rua Oito, entre n\u00fameros 22 e 73, Serra Azul<\/p>\n\n\n\n<p class=\"wp-block-paragraph\">Rua Eug\u00eanio Ang\u00e9lico, entre n\u00fameros 21 e 139, Serra Azul<\/p>\n\n\n\n<p class=\"wp-block-paragraph\">Rua Nadir Botelho Alvarenga, entre n\u00fameros 15 e 34, Serra Azul<\/p>\n\n\n\n<p class=\"wp-block-paragraph\">Rua Joao Teodoro de Carvalho, entre n\u00fameros 20 e 84, Serra Azul<\/p>\n\n\n\n<p class=\"wp-block-paragraph\">Rua Jair Ferreira, entre n\u00fameros 110 e 360, Serra Azul<\/p>\n\n\n\n<p class=\"wp-block-paragraph\">Rua Treze, n\u00famero 170, Serra Azul<\/p>\n\n\n\n<p class=\"wp-block-paragraph\"><strong>Dia 9 de julho<\/strong><\/p>\n\n\n\n<p class=\"wp-block-paragraph\">Das 11h \u00e0s 16h:<\/p>\n\n\n\n<p class=\"wp-block-paragraph\">Rua Deodato Andrade Reis, entre n\u00fameros 251 e 326, Vila Joaquim Sales<\/p>\n\n\n\n<p class=\"wp-block-paragraph\">Rua Joaquim Jos\u00e9 de Mendo, entre n\u00fameros 863 e 972, Joaquim Sales<\/p>\n\n\n\n<p class=\"wp-block-paragraph\">Rua Ant\u00f4nio da Costa Ribeiro, at\u00e9 n\u00famero 981, Vila Joaquim Sales<\/p>\n\n\n\n<p class=\"wp-block-paragraph\">Durante esse per\u00edodo, caso precise executar algum servi\u00e7o na instala\u00e7\u00e3o el\u00e9trica interna, o consumidor dever\u00e1 desligar antes a chave geral (disjuntor) para sua seguran\u00e7a.<\/p>\n\n\n\n<div class=\"wp-block-image\"><figure class=\"aligncenter size-large\"><img fetchpriority=\"high\" decoding=\"async\" width=\"646\" height=\"490\" src=\"http:\/\/lavras.tv\/site\/wp-content\/uploads\/2021\/07\/cemig.jpg\" alt=\"\" class=\"wp-image-51968\" srcset=\"http:\/\/lavras.tv\/site\/wp-content\/uploads\/2021\/07\/cemig.jpg 646w, http:\/\/lavras.tv\/site\/wp-content\/uploads\/2021\/07\/cemig-396x300.jpg 396w, http:\/\/lavras.tv\/site\/wp-content\/uploads\/2021\/07\/cemig-170x129.jpg 170w\" sizes=\"(max-width: 646px) 100vw, 646px\" \/><\/figure><\/div>\n\n\n\n<p class=\"wp-block-paragraph\">Esclarecemos que em fun\u00e7\u00e3o da complexidade dos servi\u00e7os a serem executados poder\u00e1 ocorrer atraso no hor\u00e1rio previsto ou cancelamento deste desligamento sem aviso pr\u00e9vio. Por medida de seguran\u00e7a, todos os equipamentos devem ser considerados energizados durante o per\u00edodo mencionado. Caso os servi\u00e7os de melhoria sejam conclu\u00eddos antes do hor\u00e1rio indicado o fornecimento de energia el\u00e9trica ser\u00e1 restabelecido.<\/p>\n\n\n\n<p class=\"wp-block-paragraph\">Informa\u00e7\u00e3o por e-mail<\/p>\n\n\n\n<p class=\"wp-block-paragraph\">A Cemig disponibiliza aos seus clientes a op\u00e7\u00e3o de receber por e-mail a conta de energia, informa\u00e7\u00f5es sobre interrup\u00e7\u00e3o programada para manuten\u00e7\u00e3o do sistema el\u00e9trico e alerta de contas em atraso. O servi\u00e7o \u00e9 gratuito e pode ser habilitado na Ag\u00eancia Virtual Cemig, dispon\u00edvel no endere\u00e7o www.cemig.com.br<\/p>\n\n\n\n<p class=\"wp-block-paragraph\">Fonte: CEMIG<\/p>\n","protected":false},"excerpt":{"rendered":"<p>A Cemig informa que, nos dias 06 e 09 de julho, vai fazer manuten\u00e7\u00e3o na rede el\u00e9trica de Lavras. O servi\u00e7o tem o objetivo de tornar o sistema el\u00e9trico mais seguro, garantindo maior confiabilidade do fornecimento de energia para a popula\u00e7\u00e3o e o com\u00e9rcio local. Por uma quest\u00e3o de seguran\u00e7a, vai ser necess\u00e1rio a interrup\u00e7\u00e3o [&hellip;]<\/p>\n","protected":false},"author":2,"featured_media":51968,"comment_status":"closed","ping_status":"open","sticky":false,"template":"","format":"standard","meta":{"advgb_blocks_editor_width":"","advgb_blocks_columns_visual_guide":"","_exactmetrics_skip_tracking":false,"footnotes":""},"categories":[7,2],"tags":[],"class_list":["post-51967","post","type-post","status-publish","format-standard","has-post-thumbnail","hentry","category-destaques","category-noticias"],"better_featured_image":{"id":51968,"alt_text":"","caption":"","description":"","media_type":"image","media_details":{"width":646,"height":490,"file":"2021\/07\/cemig.jpg","sizes":{"medium":{"file":"cemig-396x300.jpg","width":396,"height":300,"mime-type":"image\/jpeg","source_url":"http:\/\/lavras.tv\/site\/wp-content\/uploads\/2021\/07\/cemig-396x300.jpg"},"thumbnail":{"file":"cemig-170x129.jpg","width":170,"height":129,"mime-type":"image\/jpeg","source_url":"http:\/\/lavras.tv\/site\/wp-content\/uploads\/2021\/07\/cemig-170x129.jpg"},"alm-thumbnail":{"file":"cemig-150x150.jpg","width":150,"height":150,"mime-type":"image\/jpeg","source_url":"http:\/\/lavras.tv\/site\/wp-content\/uploads\/2021\/07\/cemig-150x150.jpg"}},"image_meta":{"aperture":"0","credit":"","camera":"","caption":"","created_timestamp":"0","copyright":"","focal_length":"0","iso":"0","shutter_speed":"0","title":"","orientation":"0","keywords":[]}},"post":51967,"source_url":"http:\/\/lavras.tv\/site\/wp-content\/uploads\/2021\/07\/cemig.jpg"},"author_meta":{"display_name":"Lavras TV","author_link":"http:\/\/lavras.tv\/site\/author\/lavrastv\/"},"featured_img":"http:\/\/lavras.tv\/site\/wp-content\/uploads\/2021\/07\/cemig-396x300.jpg","coauthors":[],"tax_additional":{"categories":{"linked":["<a href=\"http:\/\/lavras.tv\/site\/category\/destaques\/\" class=\"advgb-post-tax-term\">Destaques<\/a>","<a href=\"http:\/\/lavras.tv\/site\/category\/noticias\/\" class=\"advgb-post-tax-term\">Not\u00edcias<\/a>"],"unlinked":["<span class=\"advgb-post-tax-term\">Destaques<\/span>","<span class=\"advgb-post-tax-term\">Not\u00edcias<\/span>"]}},"comment_count":"0","relative_dates":{"created":"Publicado 5 anos atr\u00e1s","modified":"Atualizado 5 anos atr\u00e1s"},"absolute_dates":{"created":"Publicado em 5 de julho de 2021","modified":"Atualizado em 5 de julho de 2021"},"absolute_dates_time":{"created":"Publicado em 5 de julho de 2021 11:22","modified":"Atualizado em 5 de julho de 2021 11:22"},"featured_img_caption":"","series_order":"","_links":{"self":[{"href":"http:\/\/lavras.tv\/site\/wp-json\/wp\/v2\/posts\/51967","targetHints":{"allow":["GET"]}}],"collection":[{"href":"http:\/\/lavras.tv\/site\/wp-json\/wp\/v2\/posts"}],"about":[{"href":"http:\/\/lavras.tv\/site\/wp-json\/wp\/v2\/types\/post"}],"author":[{"embeddable":true,"href":"http:\/\/lavras.tv\/site\/wp-json\/wp\/v2\/users\/2"}],"replies":[{"embeddable":true,"href":"http:\/\/lavras.tv\/site\/wp-json\/wp\/v2\/comments?post=51967"}],"version-history":[{"count":0,"href":"http:\/\/lavras.tv\/site\/wp-json\/wp\/v2\/posts\/51967\/revisions"}],"wp:featuredmedia":[{"embeddable":true,"href":"http:\/\/lavras.tv\/site\/wp-json\/wp\/v2\/media\/51968"}],"wp:attachment":[{"href":"http:\/\/lavras.tv\/site\/wp-json\/wp\/v2\/media?parent=51967"}],"wp:term":[{"taxonomy":"category","embeddable":true,"href":"http:\/\/lavras.tv\/site\/wp-json\/wp\/v2\/categories?post=51967"},{"taxonomy":"post_tag","embeddable":true,"href":"http:\/\/lavras.tv\/site\/wp-json\/wp\/v2\/tags?post=51967"}],"curies":[{"name":"wp","href":"https:\/\/api.w.org\/{rel}","templated":true}]}}