{"id":52315,"date":"2021-08-30T10:27:05","date_gmt":"2021-08-30T13:27:05","guid":{"rendered":"http:\/\/lavras.tv\/site\/?p=52315"},"modified":"2021-08-30T10:27:08","modified_gmt":"2021-08-30T13:27:08","slug":"confira-os-cursos-gratis-oferecidos-pelo-senar-esta-semana-em-nossa-regiao","status":"publish","type":"post","link":"http:\/\/lavras.tv\/site\/2021\/08\/30\/confira-os-cursos-gratis-oferecidos-pelo-senar-esta-semana-em-nossa-regiao\/","title":{"rendered":"Confira os cursos gr\u00e1tis oferecidos pelo Senar esta semana em nossa regi\u00e3o"},"content":{"rendered":"<div class=\"lavra-antes-do-conteudo_2 lavra-entity-placement\" id=\"lavra-308768532\"><div id=\"lavra-slider-27\" class=\"custom-slider lavra-slider-3356105800 lavra-slider\"><ul><li><div id=\"lavra-1703136705\" style=\"margin-left: auto;margin-right: auto;text-align: center;\"><a href=\"https:\/\/sistemas.lavras.mg.gov.br\/portalcidadao\/#df1b1a7c7b2a290bcb31e32771e610784662739a88807c0dacac58ede5f391a7530e299dc302d611ee73cb143fc22eaf93592e53e7b5bdb01b00a0b8d28dae460c141dd2ff83412e4dc1c31b16b25f33144a9e5620ea73b13f5bc1c59411d98439ad226e8af03840603796067d87afe130812cf3de24982d0e306f9e61e764e5\" aria-label=\"Lavras-TV&#8211;720x104px (1) (1)\"><img src=\"http:\/\/lavras.tv\/site\/wp-content\/uploads\/2025\/01\/Lavras-TV-720x104px-1-1.png\" alt=\"\"  srcset=\"http:\/\/lavras.tv\/site\/wp-content\/uploads\/2025\/01\/Lavras-TV-720x104px-1-1.png 720w, http:\/\/lavras.tv\/site\/wp-content\/uploads\/2025\/01\/Lavras-TV-720x104px-1-1-470x68.png 470w, http:\/\/lavras.tv\/site\/wp-content\/uploads\/2025\/01\/Lavras-TV-720x104px-1-1-170x25.png 170w, http:\/\/lavras.tv\/site\/wp-content\/uploads\/2025\/01\/Lavras-TV-720x104px-1-1-200x29.png 200w\" sizes=\"(max-width: 720px) 100vw, 720px\" width=\"720\" height=\"104\"  style=\"display: inline-block;\" \/><\/a><\/div><\/li><li><div id=\"lavra-3638397966\"><a href=\"https:\/\/sistemas.lavras.mg.gov.br\/portalcidadao\/#df1b1a7c7b2a290bcb31e32771e610784662739a88807c0dacac58ede5f391a7530e299dc302d611ee73cb143fc22eaf93592e53e7b5bdb01b00a0b8d28dae460c141dd2ff83412e4dc1c31b16b25f33144a9e5620ea73b13f5bc1c59411d98439ad226e8af03840603796067d87afe130812cf3de24982d0e306f9e61e764e5\" aria-label=\"Banner_Emprego_PortallavrasTV\"><img src=\"http:\/\/lavras.tv\/site\/wp-content\/uploads\/2025\/03\/Banner_Emprego_PortallavrasTV.png\" alt=\"\"  srcset=\"http:\/\/lavras.tv\/site\/wp-content\/uploads\/2025\/03\/Banner_Emprego_PortallavrasTV.png 720w, http:\/\/lavras.tv\/site\/wp-content\/uploads\/2025\/03\/Banner_Emprego_PortallavrasTV-470x68.png 470w, http:\/\/lavras.tv\/site\/wp-content\/uploads\/2025\/03\/Banner_Emprego_PortallavrasTV-170x25.png 170w, http:\/\/lavras.tv\/site\/wp-content\/uploads\/2025\/03\/Banner_Emprego_PortallavrasTV-200x29.png 200w\" sizes=\"(max-width: 720px) 100vw, 720px\" width=\"720\" height=\"104\"   \/><\/a><\/div><\/li><li><div id=\"lavra-2773907905\"><a href=\"https:\/\/sistemas.lavras.mg.gov.br\/portalcidadao\/#df1b1a7c7b2a290bcb31e32771e610784662739a88807c0dacac58ede5f391a7530e299dc302d611ee73cb143fc22eaf93592e53e7b5bdb01b00a0b8d28dae460c141dd2ff83412e4dc1c31b16b25f33144a9e5620ea73b13f5bc1c59411d98439ad226e8af03840603796067d87afe130812cf3de24982d0e306f9e61e764e5\" aria-label=\"Banner_Obras_PortallavrasTV\"><img src=\"http:\/\/lavras.tv\/site\/wp-content\/uploads\/2025\/03\/Banner_Obras_PortallavrasTV.png\" alt=\"\"  srcset=\"http:\/\/lavras.tv\/site\/wp-content\/uploads\/2025\/03\/Banner_Obras_PortallavrasTV.png 720w, http:\/\/lavras.tv\/site\/wp-content\/uploads\/2025\/03\/Banner_Obras_PortallavrasTV-470x68.png 470w, http:\/\/lavras.tv\/site\/wp-content\/uploads\/2025\/03\/Banner_Obras_PortallavrasTV-170x25.png 170w, http:\/\/lavras.tv\/site\/wp-content\/uploads\/2025\/03\/Banner_Obras_PortallavrasTV-200x29.png 200w\" sizes=\"(max-width: 720px) 100vw, 720px\" width=\"720\" height=\"104\"   \/><\/a><\/div><\/li><li><div id=\"lavra-3843588545\" style=\"margin-left: auto;margin-right: auto;text-align: center;\"><a href=\"https:\/\/sistemas.lavras.mg.gov.br\/portalcidadao\/#df1b1a7c7b2a290bcb31e32771e610784662739a88807c0dacac58ede5f391a7530e299dc302d611ee73cb143fc22eaf93592e53e7b5bdb01b00a0b8d28dae460c141dd2ff83412e4dc1c31b16b25f33144a9e5620ea73b13f5bc1c59411d98439ad226e8af03840603796067d87afe130812cf3de24982d0e306f9e61e764e5\" aria-label=\"ANUNCIE AQUI NOVO VERMELHO\"><img src=\"http:\/\/lavras.tv\/site\/wp-content\/uploads\/2016\/05\/ANUNCIE-AQUI-NOVO-VERMELHO.png\" alt=\"\"  srcset=\"http:\/\/lavras.tv\/site\/wp-content\/uploads\/2016\/05\/ANUNCIE-AQUI-NOVO-VERMELHO.png 720w, http:\/\/lavras.tv\/site\/wp-content\/uploads\/2016\/05\/ANUNCIE-AQUI-NOVO-VERMELHO-470x68.png 470w, http:\/\/lavras.tv\/site\/wp-content\/uploads\/2016\/05\/ANUNCIE-AQUI-NOVO-VERMELHO-170x25.png 170w\" sizes=\"(max-width: 720px) 100vw, 720px\" width=\"720\" height=\"104\"  style=\"display: inline-block;\" \/><\/a><\/div><\/li><li><div id=\"lavra-3987581839\"><a href=\"https:\/\/sistemas.lavras.mg.gov.br\/portalcidadao\/#df1b1a7c7b2a290bcb31e32771e610784662739a88807c0dacac58ede5f391a7530e299dc302d611ee73cb143fc22eaf93592e53e7b5bdb01b00a0b8d28dae460c141dd2ff83412e4dc1c31b16b25f33144a9e5620ea73b13f5bc1c59411d98439ad226e8af03840603796067d87afe130812cf3de24982d0e306f9e61e764e5\" aria-label=\"Banner_Sa\u00fade_PortallavrasTV\"><img src=\"http:\/\/lavras.tv\/site\/wp-content\/uploads\/2025\/03\/Banner_Saude_PortallavrasTV.png\" alt=\"\"  srcset=\"http:\/\/lavras.tv\/site\/wp-content\/uploads\/2025\/03\/Banner_Saude_PortallavrasTV.png 720w, http:\/\/lavras.tv\/site\/wp-content\/uploads\/2025\/03\/Banner_Saude_PortallavrasTV-470x68.png 470w, http:\/\/lavras.tv\/site\/wp-content\/uploads\/2025\/03\/Banner_Saude_PortallavrasTV-170x25.png 170w, http:\/\/lavras.tv\/site\/wp-content\/uploads\/2025\/03\/Banner_Saude_PortallavrasTV-200x29.png 200w\" sizes=\"(max-width: 720px) 100vw, 720px\" width=\"720\" height=\"104\"   \/><\/a><\/div><\/li><li><div id=\"lavra-365903034\" style=\"width:720px;height:104px;background-color:#ddd;overflow:scroll;\">\n\t<strong>Sa\u00edda da depura\u00e7\u00e3o de an\u00fancios<\/strong>\n\t<br><br>\n\tO an\u00fancio n\u00e3o \u00e9 exibido na p\u00e1gina<br><br>post atual: Confira os cursos gr\u00e1tis oferecidos pelo Senar esta semana em nossa regi\u00e3o, ID: 52315<br><br><span style=\"color: red;\">O post atual n\u00e3o \u00e9 id\u00eantico ao post principal.<\/span><br><br>An\u00fancios: ROXO - TOPO INTERNA - ROTATIVO 2 (197)<br \/>Grupo de an\u00fancios: Princ_Meio01_720x104 (27)<br><br>Condi\u00e7\u00f5es de exibi\u00e7\u00e3o<div style=\"margin-bottom: 20px; white-space: pre-wrap; font-family: monospace; width: 100%; background: #ffe9e9;\"><strong>condi\u00e7\u00f5es gerais<\/strong><table border=\"1\"><thead><tr><th><\/th><th>An\u00fancios<\/th><th>wp_the_query<\/th><\/tr><\/thead><tr><td>is_main_query<\/td><td>1<\/td><td>1<\/td><\/tr><tr><td>is_rest_api<\/td><td>0<\/td><td>1<\/td><\/tr><tr><td>page<\/td><td>0<\/td><td>1<\/td><\/tr><tr><td>numpages<\/td><td>0<\/td><td>1<\/td><\/tr><tr><td>is_archive<\/td><td>1<\/td><td><\/td><\/tr><tr><td>is_search<\/td><td>1<\/td><td><\/td><\/tr><tr><td>is_home<\/td><td>1<\/td><td><\/td><\/tr><tr><td>is_404<\/td><td>1<\/td><td><\/td><\/tr><tr><td>is_attachment<\/td><td>1<\/td><td><\/td><\/tr><tr><td>is_singular<\/td><td>1<\/td><td><\/td><\/tr><tr><td>is_front_page<\/td><td>1<\/td><td><\/td><\/tr><tr><td>is_feed<\/td><td>1<\/td><td><\/td><\/tr><\/table><\/div>\t<br><br>\n\t<a style=\"color: green;\" href=\"https:\/\/wpadvancedads.com\/manual\/ad-debug-mode\/?utm_source=advanced-ads&utm_medium=link&utm_campaign=ad-debug-mode\" target=\"_blank\" rel=\"nofollow\">Encontre solu\u00e7\u00f5es no manual<\/a>\n<\/div>\n<\/li><\/ul><\/div><script>( window.advanced_ads_ready || jQuery( document ).ready ).call( null, function() {var $lavraslider3356105800 = jQuery( \".lavra-slider-3356105800\" );$lavraslider3356105800.on( \"unslider.ready\", function() { jQuery( \"div.custom-slider ul li\" ).css( \"display\", \"block\" ); });$lavraslider3356105800.unslider({ delay:4000, autoplay:true, nav:false, arrows:false, infinite:true });$lavraslider3356105800.on(\"mouseover\", function() {$lavraslider3356105800.unslider(\"stop\");}).on(\"mouseout\", function() {$lavraslider3356105800.unslider(\"start\");});});<\/script><\/div>\n<p class=\"wp-block-paragraph\"><strong>AGENDA &#8211; 30\/08\/21 a 04\/09\/21&nbsp;<\/strong><\/p>\n\n\n\n<p class=\"wp-block-paragraph\"><strong>Programa\u00e7\u00e3o de Treinamentos do Escrit\u00f3rio Regional do Senar &#8211; LAVRAS (ER03) <\/strong><strong>FORMA\u00c7\u00c3O PROFISSIONAL RURAL<\/strong><strong>&nbsp;<\/strong><\/p>\n\n\n\n<p class=\"wp-block-paragraph\"><strong>Adestrador de animais \/ Doma Racional de Equ\u00eddeos&nbsp;<\/strong><\/p>\n\n\n\n<p class=\"wp-block-paragraph\">Data: 31\/08\/21 a 04\/09\/21&nbsp;<\/p>\n\n\n\n<p class=\"wp-block-paragraph\">Munic\u00edpio: BOM SUCESSO&nbsp;<\/p>\n\n\n\n<p class=\"wp-block-paragraph\">Escrit\u00f3rio Regional: ER03-LAVRAS&nbsp;<\/p>\n\n\n\n<p class=\"wp-block-paragraph\">Contato: SINDICATO DOS PRODUTORES RURAIS DE BOM SUCESSO&nbsp;<\/p>\n\n\n\n<p class=\"wp-block-paragraph\">Telefone: (35) 3841-1147&nbsp;<\/p>\n\n\n\n<p class=\"wp-block-paragraph\">Mobilizador: UANDA MANGABEIRA MEL\u00c3O&nbsp;<\/p>\n\n\n\n<p class=\"wp-block-paragraph\">Celular: (31) 97121-0306&nbsp;<\/p>\n\n\n\n<p class=\"wp-block-paragraph\"><strong>Carpinteiro \/ Constru\u00e7\u00e3o de Telhado &#8211; Madeira Roli\u00e7a&nbsp;<\/strong><\/p>\n\n\n\n<p class=\"wp-block-paragraph\">Data: 30\/08\/21 a 03\/09\/21&nbsp;<\/p>\n\n\n\n<p class=\"wp-block-paragraph\">Munic\u00edpio: POUSO ALTO&nbsp;<\/p>\n\n\n\n<p class=\"wp-block-paragraph\">Escrit\u00f3rio Regional: ER03-LAVRAS&nbsp;<\/p>\n\n\n\n<p class=\"wp-block-paragraph\">Contato: SINDICATO RURAL DE POUSO ALTO&nbsp;<\/p>\n\n\n\n<p class=\"wp-block-paragraph\">Telefone: (35) 3364-1320&nbsp;<\/p>\n\n\n\n<p class=\"wp-block-paragraph\">Mobilizador: MIGUEL HERCOLIS DOS SANTOS&nbsp;<\/p>\n\n\n\n<p class=\"wp-block-paragraph\">Celular: (35) 98891-3171&nbsp;<\/p>\n\n\n\n<p class=\"wp-block-paragraph\"><strong>Defensivo Agr\u00edcola &#8211; Semin\u00e1rio&nbsp;<\/strong><\/p>\n\n\n\n<p class=\"wp-block-paragraph\">Data: 03\/09\/21 a 03\/09\/21&nbsp;<\/p>\n\n\n\n<p class=\"wp-block-paragraph\">Munic\u00edpio: BOA ESPERAN\u00c7A&nbsp;<\/p>\n\n\n\n<p class=\"wp-block-paragraph\">Escrit\u00f3rio Regional: ER03-LAVRAS&nbsp;<\/p>\n\n\n\n<p class=\"wp-block-paragraph\">Contato: SINDICATO DOS PRODUTORES RURAIS DE BOA ESPERAN\u00c7A&nbsp;<\/p>\n\n\n\n<p class=\"wp-block-paragraph\">Telefone: (35) 3851-1977&nbsp;<\/p>\n\n\n\n<p class=\"wp-block-paragraph\">Mobilizador: ROG\u00c9RIO SCHIAVONI&nbsp;<\/p>\n\n\n\n<p class=\"wp-block-paragraph\">Celular: (35) 99158-6128&nbsp;<\/p>\n\n\n\n<p class=\"wp-block-paragraph\"><strong>Inseminador&nbsp;<\/strong><\/p>\n\n\n\n<p class=\"wp-block-paragraph\">Data: 30\/08\/21 a 03\/09\/21&nbsp;<\/p>\n\n\n\n<p class=\"wp-block-paragraph\">Munic\u00edpio: NAZARENO&nbsp;<\/p>\n\n\n\n<p class=\"wp-block-paragraph\">Escrit\u00f3rio Regional: ER03-LAVRAS&nbsp;<\/p>\n\n\n\n<p class=\"wp-block-paragraph\">Contato: ASSOCIA\u00c7\u00c3O DOS PRODUTORES RURAIS E AGRICULTORES FAMILIARES DE NAZARENO Telefone: (35) 99713-9942&nbsp;<\/p>\n\n\n\n<p class=\"wp-block-paragraph\">Mobilizador: CAROLINE APARECIDA DE LIMA&nbsp;<\/p>\n\n\n\n<p class=\"wp-block-paragraph\">Celular: (35) 99828-9424&nbsp;<\/p>\n\n\n\n<p class=\"wp-block-paragraph\"><strong>Operador de empilhadeira<\/strong><\/p>\n\n\n\n<p class=\"wp-block-paragraph\">Data: 31\/08\/21 a 02\/09\/21&nbsp;<\/p>\n\n\n\n<p class=\"wp-block-paragraph\">Munic\u00edpio: CANDEIAS&nbsp;<\/p>\n\n\n\n<p class=\"wp-block-paragraph\">Escrit\u00f3rio Regional: ER03-LAVRAS&nbsp;<\/p>\n\n\n\n<p class=\"wp-block-paragraph\">Contato: SINDICATO RURAL DE CANDEIAS&nbsp;<\/p>\n\n\n\n<p class=\"wp-block-paragraph\">Telefone: (35) 3833-1479&nbsp;<\/p>\n\n\n\n<p class=\"wp-block-paragraph\">Mobilizador: ANT\u00d4NIO CARLOS SALVIANO&nbsp;<\/p>\n\n\n\n<p class=\"wp-block-paragraph\">Celular: (35) 99992-0534&nbsp;<\/p>\n\n\n\n<p class=\"wp-block-paragraph\"><strong>Operador de escavadeira \/ Retroescavadeira &#8211; 40H&nbsp;<\/strong><\/p>\n\n\n\n<p class=\"wp-block-paragraph\">Data: 30\/08\/21 a 03\/09\/21&nbsp;<\/p>\n\n\n\n<p class=\"wp-block-paragraph\">Munic\u00edpio: CAMPOS GERAIS&nbsp;<\/p>\n\n\n\n<p class=\"wp-block-paragraph\">Escrit\u00f3rio Regional: ER03-LAVRAS&nbsp;<\/p>\n\n\n\n<p class=\"wp-block-paragraph\">Contato: SINDICATO DOS PRODUTORES RURAIS DE CAMPOS GERAIS&nbsp;<\/p>\n\n\n\n<p class=\"wp-block-paragraph\">Telefone: (35) 3853-1530&nbsp;<\/p>\n\n\n\n<p class=\"wp-block-paragraph\">Mobilizador: JO\u00c3O PAULO ANDRADE MOSCARDINI&nbsp;<\/p>\n\n\n\n<p class=\"wp-block-paragraph\">Celular: (35) 98434-9508&nbsp;<\/p>\n\n\n\n<p class=\"wp-block-paragraph\"><strong>Operador de motosserra \/ Opera\u00e7\u00e3o e manuten\u00e7\u00e3o&nbsp;<\/strong><\/p>\n\n\n\n<p class=\"wp-block-paragraph\">Data: 01\/09\/21 a 03\/09\/21&nbsp;<\/p>\n\n\n\n<p class=\"wp-block-paragraph\">Munic\u00edpio: SANTO ANT\u00d4NIO DO AMPARO&nbsp;<\/p>\n\n\n\n<p class=\"wp-block-paragraph\">Escrit\u00f3rio Regional: ER03-LAVRAS&nbsp;<\/p>\n\n\n\n<p class=\"wp-block-paragraph\">Contato: SINDICATO RURAL DE SANTO ANT\u00d4NIO DO AMPARO&nbsp;<\/p>\n\n\n\n<p class=\"wp-block-paragraph\">Telefone: (35) 9808-1280&nbsp;<\/p>\n\n\n\n<p class=\"wp-block-paragraph\">Mobilizador: HELOIZIO DOMINGOS S. T. CARVALHO&nbsp;<\/p>\n\n\n\n<p class=\"wp-block-paragraph\">Celular: (35) 99924-0603&nbsp;<\/p>\n\n\n\n<p class=\"wp-block-paragraph\"><strong>Trabalhador agropecu\u00e1rio em geral \/ Manejo Integrado de Pragas e Doen\u00e7as &#8211; MIP&amp;D <\/strong>Data: 02\/09\/21 a 04\/09\/21&nbsp;<\/p>\n\n\n\n<p class=\"wp-block-paragraph\">Munic\u00edpio: BOA ESPERAN\u00c7A&nbsp;<\/p>\n\n\n\n<p class=\"wp-block-paragraph\">Escrit\u00f3rio Regional: ER03-LAVRAS&nbsp;<\/p>\n\n\n\n<p class=\"wp-block-paragraph\">Contato: SINDICATO DOS PRODUTORES RURAIS DE BOA ESPERAN\u00c7A&nbsp;<\/p>\n\n\n\n<p class=\"wp-block-paragraph\">Telefone: (35) 3851-1977&nbsp;<\/p>\n\n\n\n<p class=\"wp-block-paragraph\">Mobilizador: ROG\u00c9RIO SCHIAVONI&nbsp;<\/p>\n\n\n\n<p class=\"wp-block-paragraph\">Celular: (35) 99158-6128&nbsp;<\/p>\n\n\n\n<p class=\"wp-block-paragraph\"><strong>Trabalhador artesanal na pasteuriza\u00e7\u00e3o do leite e na fabrica\u00e7\u00e3o de latic\u00ednios e afins \/ BPF &#8211; Queijos Artesanais&nbsp;<\/strong><\/p>\n\n\n\n<p class=\"wp-block-paragraph\">Data: 30\/08\/21 a 02\/09\/21&nbsp;<\/p>\n\n\n\n<p class=\"wp-block-paragraph\">Munic\u00edpio: HELIODORA&nbsp;<\/p>\n\n\n\n<p class=\"wp-block-paragraph\">Escrit\u00f3rio Regional: ER03-LAVRAS&nbsp;<\/p>\n\n\n\n<p class=\"wp-block-paragraph\">Contato: SINDICATO RURAL DE HELIODORA&nbsp;<\/p>\n\n\n\n<p class=\"wp-block-paragraph\">Telefone: (35) 9865-9215&nbsp;<\/p>\n\n\n\n<p class=\"wp-block-paragraph\">Mobilizador: IRACI DE F\u00c1TIMA IN\u00c1CIO CARVALHO&nbsp;<\/p>\n\n\n\n<p class=\"wp-block-paragraph\">Celular: (35) 99865-9215&nbsp;<\/p>\n\n\n\n<p class=\"wp-block-paragraph\"><strong>Trabalhador artesanal na pasteuriza\u00e7\u00e3o do leite e na fabrica\u00e7\u00e3o de latic\u00ednios e afins \/ Doce de leite&nbsp;<\/strong><\/p>\n\n\n\n<p class=\"wp-block-paragraph\">Data: 30\/08\/21 a 01\/09\/21&nbsp;<\/p>\n\n\n\n<p class=\"wp-block-paragraph\">Munic\u00edpio: OURO FINO&nbsp;<\/p>\n\n\n\n<p class=\"wp-block-paragraph\">Escrit\u00f3rio Regional: ER03-LAVRAS&nbsp;<\/p>\n\n\n\n<p class=\"wp-block-paragraph\">Contato: FUNDA\u00c7\u00c3O CARLOS SILVERIO DA ROCHA DE PROTE\u00c7\u00c3O DE MEIO AMBIENTE EDESENVOLVIMENTO SUSTENT\u00c1VEL&nbsp;<\/p>\n\n\n\n<p class=\"wp-block-paragraph\">Telefone: (35) 3464-1328&nbsp;<\/p>\n\n\n\n<p class=\"wp-block-paragraph\">Mobilizador: ALEXANDRE LOPES MOREIRA&nbsp;<\/p>\n\n\n\n<p class=\"wp-block-paragraph\"><strong>Trabalhador artesanal na pasteuriza\u00e7\u00e3o do leite e na fabrica\u00e7\u00e3o de latic\u00ednios e afins \/ Doce de leite<\/strong><\/p>\n\n\n\n<p class=\"wp-block-paragraph\">Data: 02\/09\/21 a 04\/09\/21&nbsp;<\/p>\n\n\n\n<p class=\"wp-block-paragraph\">Munic\u00edpio: S\u00c3O SEBASTI\u00c3O DO RIO VERDE&nbsp;<\/p>\n\n\n\n<p class=\"wp-block-paragraph\">Escrit\u00f3rio Regional: ER03-LAVRAS&nbsp;<\/p>\n\n\n\n<p class=\"wp-block-paragraph\">Contato: SINDICATO RURAL DE POUSO ALTO&nbsp;<\/p>\n\n\n\n<p class=\"wp-block-paragraph\">Telefone: (35) 3364-1320&nbsp;<\/p>\n\n\n\n<p class=\"wp-block-paragraph\">Mobilizador: MIGUEL HERCOLIS DOS SANTOS&nbsp;<\/p>\n\n\n\n<p class=\"wp-block-paragraph\">Celular: (35) 98891-3171&nbsp;<\/p>\n\n\n\n<p class=\"wp-block-paragraph\"><strong>Trabalhador artesanal na pasteuriza\u00e7\u00e3o do leite e na fabrica\u00e7\u00e3o de latic\u00ednios e afins \/ Produtos especiais&nbsp;<\/strong><\/p>\n\n\n\n<p class=\"wp-block-paragraph\">Data: 30\/08\/21 a 03\/09\/21&nbsp;<\/p>\n\n\n\n<p class=\"wp-block-paragraph\">Munic\u00edpio: CONGONHAL&nbsp;<\/p>\n\n\n\n<p class=\"wp-block-paragraph\">Escrit\u00f3rio Regional: ER03-LAVRAS&nbsp;<\/p>\n\n\n\n<p class=\"wp-block-paragraph\">Contato: SINDICATO RURAL DE POUSO ALEGRE&nbsp;<\/p>\n\n\n\n<p class=\"wp-block-paragraph\">Telefone: (35) 3423-4932&nbsp;<\/p>\n\n\n\n<p class=\"wp-block-paragraph\">Mobilizador: ANGELITA CRUZ DA SILVA&nbsp;<\/p>\n\n\n\n<p class=\"wp-block-paragraph\">Celular: (35) 99911-7949&nbsp;<\/p>\n\n\n\n<p class=\"wp-block-paragraph\"><strong>Trabalhador da Cultura do Caf\u00e9 \/ AVV &#8211; Classifica\u00e7\u00e3o de Caf\u00e9s Convencionais <\/strong>Data: 30\/08\/21 a 03\/09\/21&nbsp;<\/p>\n\n\n\n<p class=\"wp-block-paragraph\">Munic\u00edpio: BOA ESPERAN\u00c7A&nbsp;<\/p>\n\n\n\n<p class=\"wp-block-paragraph\">Escrit\u00f3rio Regional: ER03-LAVRAS&nbsp;<\/p>\n\n\n\n<p class=\"wp-block-paragraph\">Contato: SINDICATO DOS PRODUTORES RURAIS DE BOA ESPERAN\u00c7A&nbsp;<\/p>\n\n\n\n<p class=\"wp-block-paragraph\">Telefone: (35) 3851-1977&nbsp;<\/p>\n\n\n\n<p class=\"wp-block-paragraph\">Mobilizador: ROG\u00c9RIO SCHIAVONI&nbsp;<\/p>\n\n\n\n<p class=\"wp-block-paragraph\">Celular: (35) 99158-6128&nbsp;<\/p>\n\n\n\n<p class=\"wp-block-paragraph\"><strong>Trabalhador da Cultura do Caf\u00e9 \/ Classifica\u00e7\u00e3o e Degusta\u00e7\u00e3o&nbsp;<\/strong><\/p>\n\n\n\n<p class=\"wp-block-paragraph\">Data: 30\/08\/21 a 10\/09\/21&nbsp;<\/p>\n\n\n\n<p class=\"wp-block-paragraph\">Munic\u00edpio: LAMBARI&nbsp;<\/p>\n\n\n\n<p class=\"wp-block-paragraph\">Escrit\u00f3rio Regional: ER03-LAVRAS&nbsp;<\/p>\n\n\n\n<p class=\"wp-block-paragraph\">Contato: SINDICATO RURAL DE LAMBARI&nbsp;<\/p>\n\n\n\n<p class=\"wp-block-paragraph\">Telefone: (35) 3271-6505&nbsp;<\/p>\n\n\n\n<p class=\"wp-block-paragraph\">Mobilizador: ELIZEU DA COSTA&nbsp;<\/p>\n\n\n\n<p class=\"wp-block-paragraph\">Celular: (35) 98803-8410&nbsp;<\/p>\n\n\n\n<p class=\"wp-block-paragraph\"><strong>Trabalhador da Cultura do Caf\u00e9 \/ Classifica\u00e7\u00e3o e Degusta\u00e7\u00e3o&nbsp;<\/strong><\/p>\n\n\n\n<p class=\"wp-block-paragraph\">Data: 30\/08\/21 a 03\/09\/21&nbsp;<\/p>\n\n\n\n<p class=\"wp-block-paragraph\">Munic\u00edpio: SANTO ANT\u00d4NIO DO AMPARO&nbsp;<\/p>\n\n\n\n<p class=\"wp-block-paragraph\">Escrit\u00f3rio Regional: ER03-LAVRAS&nbsp;<\/p>\n\n\n\n<p class=\"wp-block-paragraph\">Contato: COOPERATIVA PRODUTORES CAF\u00c9S ESPECIAIS SANTO ANTONIO ESTATE COFFE Telefone: (35) 3863-1412&nbsp;<\/p>\n\n\n\n<p class=\"wp-block-paragraph\">Mobilizador: HELOIZIO DOMINGOS S. T. CARVALHO&nbsp;<\/p>\n\n\n\n<p class=\"wp-block-paragraph\">Celular: (35) 99924-0603&nbsp;<\/p>\n\n\n\n<p class=\"wp-block-paragraph\"><strong>Trabalhador da Cultura do Caf\u00e9 \/ Classifica\u00e7\u00e3o e Degusta\u00e7\u00e3o&nbsp;<\/strong><\/p>\n\n\n\n<p class=\"wp-block-paragraph\">Data: 30\/08\/21 a 03\/09\/21&nbsp;<\/p>\n\n\n\n<p class=\"wp-block-paragraph\">Munic\u00edpio: BOA ESPERAN\u00c7A&nbsp;<\/p>\n\n\n\n<p class=\"wp-block-paragraph\">Escrit\u00f3rio Regional: ER03-LAVRAS&nbsp;<\/p>\n\n\n\n<p class=\"wp-block-paragraph\">Contato: SINDICATO DOS PRODUTORES RURAIS DE BOA ESPERAN\u00c7A&nbsp;<\/p>\n\n\n\n<p class=\"wp-block-paragraph\">Telefone: (35) 3851-1977&nbsp;<\/p>\n\n\n\n<p class=\"wp-block-paragraph\">Mobilizador: ROG\u00c9RIO SCHIAVONI&nbsp;<\/p>\n\n\n\n<p class=\"wp-block-paragraph\">Celular: (35) 99158-6128&nbsp;<\/p>\n\n\n\n<p class=\"wp-block-paragraph\"><strong>Trabalhador da Cultura do Caf\u00e9 \/ Poda Manual<\/strong><\/p>\n\n\n\n<p class=\"wp-block-paragraph\">Data: 03\/09\/21 a 04\/09\/21&nbsp;<\/p>\n\n\n\n<p class=\"wp-block-paragraph\">Munic\u00edpio: OL\u00cdMPIO NORONHA&nbsp;<\/p>\n\n\n\n<p class=\"wp-block-paragraph\">Escrit\u00f3rio Regional: ER03-LAVRAS&nbsp;<\/p>\n\n\n\n<p class=\"wp-block-paragraph\">Contato: SINDICATO RURAL DE CARMO DE MINAS&nbsp;<\/p>\n\n\n\n<p class=\"wp-block-paragraph\">Telefone: (35) 3334-1392&nbsp;<\/p>\n\n\n\n<p class=\"wp-block-paragraph\">Mobilizador: REGINA C\u00c9LIA PAIVA SALLUM&nbsp;<\/p>\n\n\n\n<p class=\"wp-block-paragraph\">Celular: (35) 99161-0578&nbsp;<\/p>\n\n\n\n<p class=\"wp-block-paragraph\"><strong>Trabalhador da Cultura do Caf\u00e9 \/ Torra de Caf\u00e9&nbsp;<\/strong><\/p>\n\n\n\n<p class=\"wp-block-paragraph\">Data: 30\/08\/21 a 01\/09\/21&nbsp;<\/p>\n\n\n\n<p class=\"wp-block-paragraph\">Munic\u00edpio: NEPOMUCENO&nbsp;<\/p>\n\n\n\n<p class=\"wp-block-paragraph\">Escrit\u00f3rio Regional: ER03-LAVRAS&nbsp;<\/p>\n\n\n\n<p class=\"wp-block-paragraph\">Contato: SINDICATO RURAL DE NEPOMUCENO&nbsp;<\/p>\n\n\n\n<p class=\"wp-block-paragraph\">Telefone: (35) 3300-3871&nbsp;<\/p>\n\n\n\n<p class=\"wp-block-paragraph\">Mobilizador: NILMA CANESTRI&nbsp;<\/p>\n\n\n\n<p class=\"wp-block-paragraph\">Celular: (35) 99164-8185&nbsp;<\/p>\n\n\n\n<p class=\"wp-block-paragraph\"><strong>Trabalhador da Mecaniza\u00e7\u00e3o Agr\u00edcola \/ AP &#8211; Controladores de precis\u00e3o&nbsp;<\/strong><\/p>\n\n\n\n<p class=\"wp-block-paragraph\">Data: 30\/08\/21 a 03\/09\/21&nbsp;<\/p>\n\n\n\n<p class=\"wp-block-paragraph\">Munic\u00edpio: MONSENHOR PAULO&nbsp;<\/p>\n\n\n\n<p class=\"wp-block-paragraph\">Escrit\u00f3rio Regional: ER03-LAVRAS&nbsp;<\/p>\n\n\n\n<p class=\"wp-block-paragraph\">Contato: SINDICATO RURAL DE MONSENHOR PAULO&nbsp;<\/p>\n\n\n\n<p class=\"wp-block-paragraph\">Telefone: (35) 3263-1279&nbsp;<\/p>\n\n\n\n<p class=\"wp-block-paragraph\">Mobilizador: DIEGO CARVALHO CAUVILLA&nbsp;<\/p>\n\n\n\n<p class=\"wp-block-paragraph\">Celular: (35) 99759-3766&nbsp;<\/p>\n\n\n\n<p class=\"wp-block-paragraph\"><strong>Trabalhador da mecaniza\u00e7\u00e3o agr\u00edcola \/ Manuten\u00e7\u00e3o do TAP e opera\u00e7\u00e3o com um implemento <\/strong>Data: 30\/08\/21 a 03\/09\/21&nbsp;<\/p>\n\n\n\n<p class=\"wp-block-paragraph\">Munic\u00edpio: CANDEIAS&nbsp;<\/p>\n\n\n\n<p class=\"wp-block-paragraph\">Escrit\u00f3rio Regional: ER03-LAVRAS&nbsp;<\/p>\n\n\n\n<p class=\"wp-block-paragraph\">Contato: SINDICATO RURAL DE CANDEIAS&nbsp;<\/p>\n\n\n\n<p class=\"wp-block-paragraph\">Telefone: (35) 3833-1479&nbsp;<\/p>\n\n\n\n<p class=\"wp-block-paragraph\">Mobilizador: ANT\u00d4NIO CARLOS SALVIANO&nbsp;<\/p>\n\n\n\n<p class=\"wp-block-paragraph\">Celular: (35) 99992-0534&nbsp;<\/p>\n\n\n\n<p class=\"wp-block-paragraph\"><strong>Trabalhador da mecaniza\u00e7\u00e3o agr\u00edcola \/ Manuten\u00e7\u00e3o do TAP e opera\u00e7\u00e3o com um implemento <\/strong>Data: 30\/08\/21 a 03\/09\/21&nbsp;<\/p>\n\n\n\n<p class=\"wp-block-paragraph\">Munic\u00edpio: CAMPO DO MEIO&nbsp;<\/p>\n\n\n\n<p class=\"wp-block-paragraph\">Escrit\u00f3rio Regional: ER03-LAVRAS&nbsp;<\/p>\n\n\n\n<p class=\"wp-block-paragraph\">Contato: SINDICATO DOS PRODUTORES RURAIS DE BOA ESPERAN\u00c7A&nbsp;<\/p>\n\n\n\n<p class=\"wp-block-paragraph\">Telefone: (35) 3851-1977&nbsp;<\/p>\n\n\n\n<p class=\"wp-block-paragraph\">Mobilizador: JO\u00c3O PAULO ANDRADE MOSCARDINI&nbsp;<\/p>\n\n\n\n<p class=\"wp-block-paragraph\">Celular: (35) 98434-9508&nbsp;<\/p>\n\n\n\n<p class=\"wp-block-paragraph\"><strong>Trabalhador de apoio \u00e0 agricultura \/ Defensivo Agr\u00edcola &#8211; Manual e tratorizado&nbsp;<\/strong><\/p>\n\n\n\n<p class=\"wp-block-paragraph\">Data: 30\/08\/21 a 02\/09\/21&nbsp;<\/p>\n\n\n\n<p class=\"wp-block-paragraph\">Munic\u00edpio: BOA ESPERAN\u00c7A&nbsp;<\/p>\n\n\n\n<p class=\"wp-block-paragraph\">Escrit\u00f3rio Regional: ER03-LAVRAS&nbsp;<\/p>\n\n\n\n<p class=\"wp-block-paragraph\">Contato: SINDICATO DOS PRODUTORES RURAIS DE BOA ESPERAN\u00c7A&nbsp;<\/p>\n\n\n\n<p class=\"wp-block-paragraph\">Telefone: (35) 3851-1977&nbsp;<\/p>\n\n\n\n<p class=\"wp-block-paragraph\">Mobilizador: ROG\u00c9RIO SCHIAVONI&nbsp;<\/p>\n\n\n\n<p class=\"wp-block-paragraph\">Celular: (35) 99158-6128&nbsp;<\/p>\n\n\n\n<p class=\"wp-block-paragraph\"><strong>Trabalhador de manuten\u00e7\u00e3o de ro\u00e7adeiras, motosserras e similares \/ Ro\u00e7adeira<\/strong>Data: 30\/08\/21 a 31\/08\/21&nbsp;<\/p>\n\n\n\n<p class=\"wp-block-paragraph\">Munic\u00edpio: OURO FINO&nbsp;<\/p>\n\n\n\n<p class=\"wp-block-paragraph\">Escrit\u00f3rio Regional: ER03-LAVRAS&nbsp;<\/p>\n\n\n\n<p class=\"wp-block-paragraph\">Contato: FUNDA\u00c7\u00c3O CARLOS SILVERIO DA ROCHA DE PROTE\u00c7\u00c3O DE MEIO AMBIENTE EDESENVOLVIMENTO SUSTENT\u00c1VEL&nbsp;<\/p>\n\n\n\n<p class=\"wp-block-paragraph\">Telefone: (35) 3464-1328&nbsp;<\/p>\n\n\n\n<p class=\"wp-block-paragraph\">Mobilizador: ALEXANDRE LOPES MOREIRA&nbsp;<\/p>\n\n\n\n<p class=\"wp-block-paragraph\"><strong>Trabalhador de manuten\u00e7\u00e3o de ro\u00e7adeiras, motosserras e similares \/ Ro\u00e7adeira <\/strong>Data: 02\/09\/21 a 03\/09\/21&nbsp;<\/p>\n\n\n\n<p class=\"wp-block-paragraph\">Munic\u00edpio: PARAIS\u00d3POLIS&nbsp;<\/p>\n\n\n\n<p class=\"wp-block-paragraph\">Escrit\u00f3rio Regional: ER03-LAVRAS&nbsp;<\/p>\n\n\n\n<p class=\"wp-block-paragraph\">Contato: SINDICATO RURAL DE PARAIS\u00d3POLIS&nbsp;<\/p>\n\n\n\n<p class=\"wp-block-paragraph\">Telefone: (35) 3651-1312&nbsp;<\/p>\n\n\n\n<p class=\"wp-block-paragraph\">Mobilizador: SILVIA SOUTO CANELLAS FERREIRA&nbsp;<\/p>\n\n\n\n<p class=\"wp-block-paragraph\">Celular: (12) 99721-1215&nbsp;<\/p>\n\n\n\n<p class=\"wp-block-paragraph\"><strong>Trabalhador em Seguran\u00e7a e Servi\u00e7os com Eletricidade \/ NR10&nbsp;<\/strong><\/p>\n\n\n\n<p class=\"wp-block-paragraph\">Data: 30\/08\/21 a 03\/09\/21&nbsp;<\/p>\n\n\n\n<p class=\"wp-block-paragraph\">Munic\u00edpio: SANTANA DA VARGEM&nbsp;<\/p>\n\n\n\n<p class=\"wp-block-paragraph\">Escrit\u00f3rio Regional: ER03-LAVRAS&nbsp;<\/p>\n\n\n\n<p class=\"wp-block-paragraph\">Contato: SINDICATO DOS PRODUTORES RURAIS DE SANTANA DA VARGEM Telefone: (35) 3858-1208&nbsp;<\/p>\n\n\n\n<p class=\"wp-block-paragraph\">Mobilizador: ANT\u00d4NIO AFONSO DE OLIVEIRA&nbsp;<\/p>\n\n\n\n<p class=\"wp-block-paragraph\">Celular: (35) 99939-3935&nbsp;<\/p>\n\n\n\n<p class=\"wp-block-paragraph\"><strong>Trabalhador na administra\u00e7\u00e3o de empresas agrossilvipastoris \/ Neg\u00f3cio Certo Rural <\/strong>Data: 30\/08\/21 a 12\/11\/21&nbsp;<\/p>\n\n\n\n<p class=\"wp-block-paragraph\">Munic\u00edpio: POUSO ALTO&nbsp;<\/p>\n\n\n\n<p class=\"wp-block-paragraph\">Escrit\u00f3rio Regional: ER03-LAVRAS&nbsp;<\/p>\n\n\n\n<p class=\"wp-block-paragraph\">Contato: SINDICATO RURAL DE POUSO ALTO&nbsp;<\/p>\n\n\n\n<p class=\"wp-block-paragraph\">Telefone: (35) 3364-1320&nbsp;<\/p>\n\n\n\n<p class=\"wp-block-paragraph\">Mobilizador: MIGUEL HERCOLIS DOS SANTOS&nbsp;<\/p>\n\n\n\n<p class=\"wp-block-paragraph\">Celular: (35) 98891-3171&nbsp;<\/p>\n\n\n\n<p class=\"wp-block-paragraph\"><strong>Trabalhador na administra\u00e7\u00e3o de propriedades em regime de economia familiar <\/strong>Data: 31\/08\/21 a 02\/09\/21&nbsp;<\/p>\n\n\n\n<p class=\"wp-block-paragraph\">Munic\u00edpio: LAMBARI&nbsp;<\/p>\n\n\n\n<p class=\"wp-block-paragraph\">Escrit\u00f3rio Regional: ER03-LAVRAS&nbsp;<\/p>\n\n\n\n<p class=\"wp-block-paragraph\">Contato: SINDICATO RURAL DE LAMBARI&nbsp;<\/p>\n\n\n\n<p class=\"wp-block-paragraph\">Telefone: (35) 3271-6505&nbsp;<\/p>\n\n\n\n<p class=\"wp-block-paragraph\">Mobilizador: ELIZEU DA COSTA&nbsp;<\/p>\n\n\n\n<p class=\"wp-block-paragraph\">Celular: (35) 98803-8410&nbsp;<\/p>\n\n\n\n<p class=\"wp-block-paragraph\"><strong>Trabalhadores Florestais Polivalentes \/ Recupera\u00e7\u00e3o e Prote\u00e7\u00e3o de Nascentes<\/strong>Data: 01\/09\/21 a 03\/09\/21&nbsp;<\/p>\n\n\n\n<p class=\"wp-block-paragraph\">Munic\u00edpio: CONCEI\u00c7\u00c3O DAS PEDRAS&nbsp;<\/p>\n\n\n\n<p class=\"wp-block-paragraph\">Escrit\u00f3rio Regional: ER03-LAVRAS&nbsp;<\/p>\n\n\n\n<p class=\"wp-block-paragraph\">Contato: SINDICATO RURAL DE PEDRALVA&nbsp;<\/p>\n\n\n\n<p class=\"wp-block-paragraph\">Telefone: (35) 3663-1100&nbsp;<\/p>\n\n\n\n<p class=\"wp-block-paragraph\">Mobilizador: FL\u00c1VIO DE OLIVEIRA SILVA&nbsp;<\/p>\n\n\n\n<p class=\"wp-block-paragraph\">Celular: (35) 99869-7277&nbsp;<\/p>\n\n\n\n<figure class=\"wp-block-image\"><img decoding=\"async\" src=\"https:\/\/lh4.googleusercontent.com\/RIGnllA5T4V7fES6k9kRDdfv0RMkQCf_Mo6urrQ7f6sSzilEp1BT3TL9mYmLapFr6XXMwWLSm3fYchhNNcD4vR5HqZUnAyq4W8RqNnH4b4-YcqH5agUZcXt285NsXRG77CW35Ogk=s0\" alt=\"\"\/><\/figure>\n\n\n\n<p class=\"wp-block-paragraph\"><strong>AGENDA &#8211; 30\/08\/21 a 04\/09\/21&nbsp;<\/strong><\/p>\n\n\n\n<p class=\"wp-block-paragraph\"><strong>Programa\u00e7\u00e3o de Treinamentos do Escrit\u00f3rio Regional do Senar &#8211; LAVRAS (ER03) <\/strong><strong>PROMO\u00c7\u00c3O SOCIAL<\/strong><strong>&nbsp;<\/strong><\/p>\n\n\n\n<p class=\"wp-block-paragraph\"><strong>Artesanato em Tecidos \/ Pe\u00e7as \u00cdntimas&nbsp;<\/strong><\/p>\n\n\n\n<p class=\"wp-block-paragraph\">Data: 30\/08\/21 a 03\/09\/21&nbsp;<\/p>\n\n\n\n<p class=\"wp-block-paragraph\">Munic\u00edpio: CAMPO BELO&nbsp;<\/p>\n\n\n\n<p class=\"wp-block-paragraph\">Escrit\u00f3rio Regional: ER03-LAVRAS&nbsp;<\/p>\n\n\n\n<p class=\"wp-block-paragraph\">Contato: SINDICATO RURAL DE CAMPO BELO&nbsp;<\/p>\n\n\n\n<p class=\"wp-block-paragraph\">Telefone: (35) 3605-3932&nbsp;<\/p>\n\n\n\n<p class=\"wp-block-paragraph\">Mobilizador: ANT\u00d4NIO M\u00c1RCIO NEVES&nbsp;<\/p>\n\n\n\n<p class=\"wp-block-paragraph\">Celular: (35) 99940-8000&nbsp;<\/p>\n\n\n\n<p class=\"wp-block-paragraph\"><strong>AVV &#8211; Cuidados em Tempos de Covid-19 &#8211; Semin\u00e1rio&nbsp;<\/strong><\/p>\n\n\n\n<p class=\"wp-block-paragraph\">Data: 01\/09\/21 a 01\/09\/21&nbsp;<\/p>\n\n\n\n<p class=\"wp-block-paragraph\">Munic\u00edpio: INCONFIDENTES&nbsp;<\/p>\n\n\n\n<p class=\"wp-block-paragraph\">Escrit\u00f3rio Regional: ER03-LAVRAS&nbsp;<\/p>\n\n\n\n<p class=\"wp-block-paragraph\">Contato: FUNDA\u00c7\u00c3O CARLOS SILVERIO DA ROCHA DE PROTE\u00c7\u00c3O DE MEIO AMBIENTE EDESENVOLVIMENTO SUSTENT\u00c1VEL&nbsp;<\/p>\n\n\n\n<p class=\"wp-block-paragraph\">Telefone: (35) 3464-1328&nbsp;<\/p>\n\n\n\n<p class=\"wp-block-paragraph\">Mobilizador: ALEXANDRE LOPES MOREIRA&nbsp;<\/p>\n\n\n\n<p class=\"wp-block-paragraph\"><strong>AVV &#8211; Jogos Pedag\u00f3gicos Virtuais&nbsp;<\/strong><\/p>\n\n\n\n<p class=\"wp-block-paragraph\">Data: 30\/08\/21 a 03\/09\/21&nbsp;<\/p>\n\n\n\n<p class=\"wp-block-paragraph\">Munic\u00edpio: PASSA QUATRO&nbsp;<\/p>\n\n\n\n<p class=\"wp-block-paragraph\">Escrit\u00f3rio Regional: ER03-LAVRAS&nbsp;<\/p>\n\n\n\n<p class=\"wp-block-paragraph\">Contato: SINDICATO RURAL DE PASSA QUATRO&nbsp;<\/p>\n\n\n\n<p class=\"wp-block-paragraph\">Telefone: (35) 3371-2071&nbsp;<\/p>\n\n\n\n<p class=\"wp-block-paragraph\">Mobilizador: SIMONE GUEDES MOTTA ALVES&nbsp;<\/p>\n\n\n\n<p class=\"wp-block-paragraph\">Celular: (35) 99106-6255&nbsp;<\/p>\n\n\n\n<p class=\"wp-block-paragraph\"><strong>Cuidados em Tempos de Covid-19 \/ Semin\u00e1rio&nbsp;<\/strong><\/p>\n\n\n\n<p class=\"wp-block-paragraph\">Data: 30\/08\/21 a 30\/08\/21&nbsp;<\/p>\n\n\n\n<p class=\"wp-block-paragraph\">Munic\u00edpio: PASSA QUATRO&nbsp;<\/p>\n\n\n\n<p class=\"wp-block-paragraph\">Escrit\u00f3rio Regional: ER03-LAVRAS&nbsp;<\/p>\n\n\n\n<p class=\"wp-block-paragraph\">Contato: SINDICATO RURAL DE PASSA QUATRO&nbsp;<\/p>\n\n\n\n<p class=\"wp-block-paragraph\">Telefone: (35) 3371-2071&nbsp;<\/p>\n\n\n\n<p class=\"wp-block-paragraph\">Mobilizador: SIMONE GUEDES MOTTA ALVES&nbsp;<\/p>\n\n\n\n<p class=\"wp-block-paragraph\">Celular: (35) 99106-6255&nbsp;<\/p>\n\n\n\n<p class=\"wp-block-paragraph\"><strong>Cuidados em Tempos de Covid-19 \/ Semin\u00e1rio<\/strong><\/p>\n\n\n\n<p class=\"wp-block-paragraph\">Data: 03\/09\/21 a 03\/09\/21&nbsp;<\/p>\n\n\n\n<p class=\"wp-block-paragraph\">Munic\u00edpio: CARMO DE MINAS&nbsp;<\/p>\n\n\n\n<p class=\"wp-block-paragraph\">Escrit\u00f3rio Regional: ER03-LAVRAS&nbsp;<\/p>\n\n\n\n<p class=\"wp-block-paragraph\">Contato: SINDICATO RURAL DE CARMO DE MINAS&nbsp;<\/p>\n\n\n\n<p class=\"wp-block-paragraph\">Telefone: (35) 3334-1392&nbsp;<\/p>\n\n\n\n<p class=\"wp-block-paragraph\">Mobilizador: REGINA C\u00c9LIA PAIVA SALLUM&nbsp;<\/p>\n\n\n\n<p class=\"wp-block-paragraph\">Celular: (35) 99161-0578&nbsp;<\/p>\n\n\n\n<p class=\"wp-block-paragraph\"><strong>Pintura em Tecido&nbsp;<\/strong><\/p>\n\n\n\n<p class=\"wp-block-paragraph\">Data: 30\/08\/21 a 02\/09\/21&nbsp;<\/p>\n\n\n\n<p class=\"wp-block-paragraph\">Munic\u00edpio: NAT\u00c9RCIA&nbsp;<\/p>\n\n\n\n<p class=\"wp-block-paragraph\">Escrit\u00f3rio Regional: ER03-LAVRAS&nbsp;<\/p>\n\n\n\n<p class=\"wp-block-paragraph\">Contato: ASSOCIA\u00c7\u00c3O DOS AGRICULTORES FAMILIARES DA SERRA DAS MINAS E REGI\u00c3O AGRIFAM&nbsp;<\/p>\n\n\n\n<p class=\"wp-block-paragraph\">Telefone: (35) 99827-9347&nbsp;<\/p>\n\n\n\n<p class=\"wp-block-paragraph\">Mobilizador: FL\u00c1VIO DE OLIVEIRA SILVA&nbsp;<\/p>\n\n\n\n<p class=\"wp-block-paragraph\"><strong>Planejamento de Card\u00e1pios&nbsp;<\/strong><\/p>\n\n\n\n<p class=\"wp-block-paragraph\">Data: 30\/08\/21 a 03\/09\/21&nbsp;<\/p>\n\n\n\n<p class=\"wp-block-paragraph\">Munic\u00edpio: CARMO DA CACHOEIRA&nbsp;<\/p>\n\n\n\n<p class=\"wp-block-paragraph\">Escrit\u00f3rio Regional: ER03-LAVRAS&nbsp;<\/p>\n\n\n\n<p class=\"wp-block-paragraph\">Contato: SINDICATO RURAL DE CARMO DA CACHOEIRA&nbsp;<\/p>\n\n\n\n<p class=\"wp-block-paragraph\">Telefone: (35) 8861-2126&nbsp;<\/p>\n\n\n\n<p class=\"wp-block-paragraph\">Mobilizador: ANT\u00d4NIO RONALDO DE SOUZA&nbsp;<\/p>\n\n\n\n<p class=\"wp-block-paragraph\">Celular: (35) 99898-4714&nbsp;<\/p>\n\n\n\n<p class=\"wp-block-paragraph\"><strong>Planejamento de Card\u00e1pios&nbsp;<\/strong><\/p>\n\n\n\n<p class=\"wp-block-paragraph\">Data: 30\/08\/21 a 03\/09\/21&nbsp;<\/p>\n\n\n\n<p class=\"wp-block-paragraph\">Munic\u00edpio: CONCEI\u00c7\u00c3O DO RIO VERDE&nbsp;<\/p>\n\n\n\n<p class=\"wp-block-paragraph\">Escrit\u00f3rio Regional: ER03-LAVRAS&nbsp;<\/p>\n\n\n\n<p class=\"wp-block-paragraph\">Contato: SINDICATO RURAL DE CONCEI\u00c7\u00c3O DO RIO VERDE&nbsp;<\/p>\n\n\n\n<p class=\"wp-block-paragraph\">Telefone: (35) 3335-1066&nbsp;<\/p>\n\n\n\n<p class=\"wp-block-paragraph\">Mobilizador: FL\u00c1VIO L\u00daCIO DE ALMEIDA CARNEIRO&nbsp;<\/p>\n\n\n\n<p class=\"wp-block-paragraph\">Celular: (35) 99144-0116&nbsp;<\/p>\n\n\n\n<p class=\"wp-block-paragraph\"><strong>Planejamento de Card\u00e1pios&nbsp;<\/strong><\/p>\n\n\n\n<p class=\"wp-block-paragraph\">Data: 30\/08\/21 a 03\/09\/21&nbsp;<\/p>\n\n\n\n<p class=\"wp-block-paragraph\">Munic\u00edpio: CONCEI\u00c7\u00c3O DOS OUROS&nbsp;<\/p>\n\n\n\n<p class=\"wp-block-paragraph\">Escrit\u00f3rio Regional: ER03-LAVRAS&nbsp;<\/p>\n\n\n\n<p class=\"wp-block-paragraph\">Contato: SINDICATO RURAL DE PARAIS\u00d3POLIS&nbsp;<\/p>\n\n\n\n<p class=\"wp-block-paragraph\">Telefone: (35) 3651-1312&nbsp;<\/p>\n\n\n\n<p class=\"wp-block-paragraph\">Mobilizador: SILVIA SOUTO CANELLAS FERREIRA&nbsp;<\/p>\n\n\n\n<p class=\"wp-block-paragraph\">Celular: (12) 99721-1215&nbsp;<\/p>\n\n\n\n<p class=\"wp-block-paragraph\"><strong>Preven\u00e7\u00e3o de Acidentes e No\u00e7\u00f5es B\u00e1sicas de Primeiros Socorros&nbsp;<\/strong><\/p>\n\n\n\n<p class=\"wp-block-paragraph\">Data: 30\/08\/21 a 02\/09\/21&nbsp;<\/p>\n\n\n\n<p class=\"wp-block-paragraph\">Munic\u00edpio: CAMANDUCAIA&nbsp;<\/p>\n\n\n\n<p class=\"wp-block-paragraph\">Escrit\u00f3rio Regional: ER03-LAVRAS&nbsp;<\/p>\n\n\n\n<p class=\"wp-block-paragraph\">Contato: SINDICATO RURAL DE CAMBU\u00cd&nbsp;<\/p>\n\n\n\n<p class=\"wp-block-paragraph\">Telefone: (35) 3431-1559&nbsp;<\/p>\n\n\n\n<p class=\"wp-block-paragraph\">Mobilizador: JO\u00c3O BATISTA ROSA&nbsp;<\/p>\n\n\n\n<p class=\"wp-block-paragraph\">Celular: (35) 98864-0891&nbsp;<\/p>\n\n\n\n<p class=\"wp-block-paragraph\"><strong>Preven\u00e7\u00e3o de Acidentes e No\u00e7\u00f5es B\u00e1sicas de Primeiros Socorros<\/strong><\/p>\n\n\n\n<p class=\"wp-block-paragraph\">Data: 31\/08\/21 a 03\/09\/21&nbsp;<\/p>\n\n\n\n<p class=\"wp-block-paragraph\">Munic\u00edpio: TR\u00caS CORA\u00c7\u00d5ES&nbsp;<\/p>\n\n\n\n<p class=\"wp-block-paragraph\">Escrit\u00f3rio Regional: ER03-LAVRAS&nbsp;<\/p>\n\n\n\n<p class=\"wp-block-paragraph\">Contato: SINDICATO RURAL DE TR\u00caS CORA\u00c7\u00d5ES&nbsp;<\/p>\n\n\n\n<p class=\"wp-block-paragraph\">Telefone: (35) 3231-1520&nbsp;<\/p>\n\n\n\n<p class=\"wp-block-paragraph\">Mobilizador: JOS\u00c9 NESTOR CHECLSI&nbsp;<\/p>\n\n\n\n<p class=\"wp-block-paragraph\">Celular: (35) 99824-3749&nbsp;<\/p>\n\n\n\n<p class=\"wp-block-paragraph\"><strong>Produ\u00e7\u00e3o Artesanal de Derivados do Caf\u00e9&nbsp;<\/strong><\/p>\n\n\n\n<p class=\"wp-block-paragraph\">Data: 02\/09\/21 a 04\/09\/21&nbsp;<\/p>\n\n\n\n<p class=\"wp-block-paragraph\">Munic\u00edpio: POUSO ALTO&nbsp;<\/p>\n\n\n\n<p class=\"wp-block-paragraph\">Escrit\u00f3rio Regional: ER03-LAVRAS&nbsp;<\/p>\n\n\n\n<p class=\"wp-block-paragraph\">Contato: SINDICATO RURAL DE POUSO ALTO&nbsp;<\/p>\n\n\n\n<p class=\"wp-block-paragraph\">Telefone: (35) 3364-1320&nbsp;<\/p>\n\n\n\n<p class=\"wp-block-paragraph\">Mobilizador: MIGUEL HERCOLIS DOS SANTOS&nbsp;<\/p>\n\n\n\n<p class=\"wp-block-paragraph\">Celular: (35) 98891-3171&nbsp;<\/p>\n\n\n\n<p class=\"wp-block-paragraph\"><strong>Produ\u00e7\u00e3o Artesanal de Salgados e Doces de Festa&nbsp;<\/strong><\/p>\n\n\n\n<p class=\"wp-block-paragraph\">Data: 30\/08\/21 a 01\/09\/21&nbsp;<\/p>\n\n\n\n<p class=\"wp-block-paragraph\">Munic\u00edpio: POUSO ALTO&nbsp;<\/p>\n\n\n\n<p class=\"wp-block-paragraph\">Escrit\u00f3rio Regional: ER03-LAVRAS&nbsp;<\/p>\n\n\n\n<p class=\"wp-block-paragraph\">Contato: SINDICATO RURAL DE POUSO ALTO&nbsp;<\/p>\n\n\n\n<p class=\"wp-block-paragraph\">Telefone: (35) 3364-1320&nbsp;<\/p>\n\n\n\n<p class=\"wp-block-paragraph\">Mobilizador: MIGUEL HERCOLIS DOS SANTOS&nbsp;<\/p>\n\n\n\n<p class=\"wp-block-paragraph\">Celular: (35) 98891-3171&nbsp;<\/p>\n\n\n\n<p class=\"wp-block-paragraph\"><strong>Saneamento B\u00e1sico no Meio Rural&nbsp;<\/strong><\/p>\n\n\n\n<p class=\"wp-block-paragraph\">Data: 31\/08\/21 a 02\/09\/21&nbsp;<\/p>\n\n\n\n<p class=\"wp-block-paragraph\">Munic\u00edpio: NAT\u00c9RCIA&nbsp;<\/p>\n\n\n\n<p class=\"wp-block-paragraph\">Escrit\u00f3rio Regional: ER03-LAVRAS&nbsp;<\/p>\n\n\n\n<p class=\"wp-block-paragraph\">Contato: ASSOCIA\u00c7\u00c3O DOS AGRICULTORES FAMILIARES DA SERRA DAS MINAS E REGI\u00c3O AGRIFAM&nbsp;<\/p>\n\n\n\n<p class=\"wp-block-paragraph\">Telefone: (35) 99827-9347&nbsp;<\/p>\n\n\n\n<p class=\"wp-block-paragraph\">Mobilizador: FL\u00c1VIO DE OLIVEIRA SILVA&nbsp;<\/p>\n\n\n\n<p class=\"wp-block-paragraph\"><strong>Sa\u00fade e Aten\u00e7\u00e3o ao Idoso&nbsp;<\/strong><\/p>\n\n\n\n<p class=\"wp-block-paragraph\">Data: 30\/08\/21 a 03\/09\/21&nbsp;<\/p>\n\n\n\n<p class=\"wp-block-paragraph\">Munic\u00edpio: TR\u00caS PONTAS&nbsp;<\/p>\n\n\n\n<p class=\"wp-block-paragraph\">Escrit\u00f3rio Regional: ER03-LAVRAS&nbsp;<\/p>\n\n\n\n<p class=\"wp-block-paragraph\">Contato: SINDICATO RURAL DE TR\u00caS PONTAS&nbsp;<\/p>\n\n\n\n<p class=\"wp-block-paragraph\">Telefone: (35) 3265-1664&nbsp;<\/p>\n\n\n\n<p class=\"wp-block-paragraph\">Mobilizador: ANT\u00d4NIO AFONSO DE OLIVEIRA&nbsp;<\/p>\n\n\n\n<p class=\"wp-block-paragraph\">Celular: (35) 99939-3935&nbsp;<\/p>\n\n\n\n<p class=\"wp-block-paragraph\"><strong>SOS Primeiros Socorros nas Escolas&nbsp;<\/strong><\/p>\n\n\n\n<p class=\"wp-block-paragraph\">Data: 30\/08\/21 a 30\/08\/21&nbsp;<\/p>\n\n\n\n<p class=\"wp-block-paragraph\">Munic\u00edpio: PASSA QUATRO&nbsp;<\/p>\n\n\n\n<p class=\"wp-block-paragraph\">Escrit\u00f3rio Regional: ER03-LAVRAS&nbsp;<\/p>\n\n\n\n<p class=\"wp-block-paragraph\">Contato: SINDICATO RURAL DE PASSA QUATRO&nbsp;<\/p>\n\n\n\n<p class=\"wp-block-paragraph\">Telefone: (35) 3371-2071&nbsp;<\/p>\n\n\n\n<p class=\"wp-block-paragraph\">Mobilizador: SIMONE GUEDES MOTTA ALVES&nbsp;<\/p>\n\n\n\n<p class=\"wp-block-paragraph\">Celular: (35) 99106-6255&nbsp;<\/p>\n\n\n\n<p class=\"wp-block-paragraph\"><strong>SOS Primeiros Socorros nas Escolas<\/strong><\/p>\n\n\n\n<p class=\"wp-block-paragraph\">Data: 31\/08\/21 a 31\/08\/21&nbsp;<\/p>\n\n\n\n<p class=\"wp-block-paragraph\">Munic\u00edpio: PASSA QUATRO&nbsp;<\/p>\n\n\n\n<p class=\"wp-block-paragraph\">Escrit\u00f3rio Regional: ER03-LAVRAS&nbsp;<\/p>\n\n\n\n<p class=\"wp-block-paragraph\">Contato: SINDICATO RURAL DE PASSA QUATRO&nbsp;<\/p>\n\n\n\n<p class=\"wp-block-paragraph\">Telefone: (35) 3371-2071&nbsp;<\/p>\n\n\n\n<p class=\"wp-block-paragraph\">Mobilizador: SIMONE GUEDES MOTTA ALVES&nbsp;<\/p>\n\n\n\n<p class=\"wp-block-paragraph\">Celular: (35) 99106-6255&nbsp;<\/p>\n\n\n\n<p class=\"wp-block-paragraph\"><strong>SOS Primeiros Socorros nas Escolas&nbsp;<\/strong><\/p>\n\n\n\n<p class=\"wp-block-paragraph\">Data: 01\/09\/21 a 01\/09\/21&nbsp;<\/p>\n\n\n\n<p class=\"wp-block-paragraph\">Munic\u00edpio: PASSA QUATRO&nbsp;<\/p>\n\n\n\n<p class=\"wp-block-paragraph\">Escrit\u00f3rio Regional: ER03-LAVRAS&nbsp;<\/p>\n\n\n\n<p class=\"wp-block-paragraph\">Contato: SINDICATO RURAL DE PASSA QUATRO Telefone: (35) 3371-2071&nbsp;<\/p>\n\n\n\n<p class=\"wp-block-paragraph\">Mobilizador: SIMONE GUEDES MOTTA ALVES Celular: (35) 99106-6255&nbsp;<\/p>\n\n\n\n<p class=\"wp-block-paragraph\"><strong>SOS Primeiros Socorros nas Escolas<\/strong><\/p>\n\n\n\n<p class=\"wp-block-paragraph\">Data: 02\/09\/21 a 02\/09\/21&nbsp;<\/p>\n\n\n\n<p class=\"wp-block-paragraph\">Munic\u00edpio: PASSA QUATRO&nbsp;<\/p>\n\n\n\n<p class=\"wp-block-paragraph\">Escrit\u00f3rio Regional: ER03-LAVRAS&nbsp;<\/p>\n\n\n\n<p class=\"wp-block-paragraph\">Contato: SINDICATO RURAL DE PASSA QUATRO Telefone: (35) 3371-2071&nbsp;<\/p>\n\n\n\n<p class=\"wp-block-paragraph\">Mobilizador: SIMONE GUEDES MOTTA ALVES Celular: (35) 99106-6255\u00a0<\/p>\n\n\n\n<div class=\"wp-block-image\"><figure class=\"aligncenter size-large\"><img fetchpriority=\"high\" decoding=\"async\" width=\"970\" height=\"655\" src=\"http:\/\/lavras.tv\/site\/wp-content\/uploads\/2020\/08\/ceres-cursos-senar-1024x691-1-970x655.jpg\" alt=\"\" class=\"wp-image-48741\" srcset=\"http:\/\/lavras.tv\/site\/wp-content\/uploads\/2020\/08\/ceres-cursos-senar-1024x691-1-970x655.jpg 970w, http:\/\/lavras.tv\/site\/wp-content\/uploads\/2020\/08\/ceres-cursos-senar-1024x691-1-445x300.jpg 445w, http:\/\/lavras.tv\/site\/wp-content\/uploads\/2020\/08\/ceres-cursos-senar-1024x691-1-170x115.jpg 170w, http:\/\/lavras.tv\/site\/wp-content\/uploads\/2020\/08\/ceres-cursos-senar-1024x691-1.jpg 1024w\" sizes=\"(max-width: 970px) 100vw, 970px\" \/><\/figure><\/div>\n\n\n\n<p class=\"wp-block-paragraph\">Fonte: Senar<\/p>\n","protected":false},"excerpt":{"rendered":"<p>AGENDA &#8211; 30\/08\/21 a 04\/09\/21&nbsp; Programa\u00e7\u00e3o de Treinamentos do Escrit\u00f3rio Regional do Senar &#8211; LAVRAS (ER03) FORMA\u00c7\u00c3O PROFISSIONAL RURAL&nbsp; Adestrador de animais \/ Doma Racional de Equ\u00eddeos&nbsp; Data: 31\/08\/21 a 04\/09\/21&nbsp; Munic\u00edpio: BOM SUCESSO&nbsp; Escrit\u00f3rio Regional: ER03-LAVRAS&nbsp; Contato: SINDICATO DOS PRODUTORES RURAIS DE BOM SUCESSO&nbsp; Telefone: (35) 3841-1147&nbsp; Mobilizador: UANDA MANGABEIRA MEL\u00c3O&nbsp; Celular: (31) 97121-0306&nbsp; [&hellip;]<\/p>\n","protected":false},"author":2,"featured_media":48741,"comment_status":"closed","ping_status":"open","sticky":false,"template":"","format":"standard","meta":{"advgb_blocks_editor_width":"","advgb_blocks_columns_visual_guide":"","_exactmetrics_skip_tracking":false,"footnotes":""},"categories":[7,2],"tags":[],"class_list":["post-52315","post","type-post","status-publish","format-standard","has-post-thumbnail","hentry","category-destaques","category-noticias"],"better_featured_image":{"id":48741,"alt_text":"","caption":"","description":"","media_type":"image","media_details":{"width":1024,"height":691,"file":"2020\/08\/ceres-cursos-senar-1024x691-1.jpg","sizes":{"medium":{"file":"ceres-cursos-senar-1024x691-1-445x300.jpg","width":445,"height":300,"mime-type":"image\/jpeg","source_url":"http:\/\/lavras.tv\/site\/wp-content\/uploads\/2020\/08\/ceres-cursos-senar-1024x691-1-445x300.jpg"},"large":{"file":"ceres-cursos-senar-1024x691-1-970x655.jpg","width":970,"height":655,"mime-type":"image\/jpeg","source_url":"http:\/\/lavras.tv\/site\/wp-content\/uploads\/2020\/08\/ceres-cursos-senar-1024x691-1-970x655.jpg"},"thumbnail":{"file":"ceres-cursos-senar-1024x691-1-170x115.jpg","width":170,"height":115,"mime-type":"image\/jpeg","source_url":"http:\/\/lavras.tv\/site\/wp-content\/uploads\/2020\/08\/ceres-cursos-senar-1024x691-1-170x115.jpg"},"alm-thumbnail":{"file":"ceres-cursos-senar-1024x691-1-150x150.jpg","width":150,"height":150,"mime-type":"image\/jpeg","source_url":"http:\/\/lavras.tv\/site\/wp-content\/uploads\/2020\/08\/ceres-cursos-senar-1024x691-1-150x150.jpg"}},"image_meta":{"aperture":"0","credit":"","camera":"","caption":"","created_timestamp":"0","copyright":"","focal_length":"0","iso":"0","shutter_speed":"0","title":"","orientation":"0","keywords":[]}},"post":48740,"source_url":"http:\/\/lavras.tv\/site\/wp-content\/uploads\/2020\/08\/ceres-cursos-senar-1024x691-1.jpg"},"author_meta":{"display_name":"Lavras TV","author_link":"http:\/\/lavras.tv\/site\/author\/lavrastv\/"},"featured_img":"http:\/\/lavras.tv\/site\/wp-content\/uploads\/2020\/08\/ceres-cursos-senar-1024x691-1-445x300.jpg","coauthors":[],"tax_additional":{"categories":{"linked":["<a href=\"http:\/\/lavras.tv\/site\/category\/destaques\/\" class=\"advgb-post-tax-term\">Destaques<\/a>","<a href=\"http:\/\/lavras.tv\/site\/category\/noticias\/\" class=\"advgb-post-tax-term\">Not\u00edcias<\/a>"],"unlinked":["<span class=\"advgb-post-tax-term\">Destaques<\/span>","<span class=\"advgb-post-tax-term\">Not\u00edcias<\/span>"]}},"comment_count":"0","relative_dates":{"created":"Publicado 5 anos atr\u00e1s","modified":"Atualizado 5 anos atr\u00e1s"},"absolute_dates":{"created":"Publicado em 30 de agosto de 2021","modified":"Atualizado em 30 de agosto de 2021"},"absolute_dates_time":{"created":"Publicado em 30 de agosto de 2021 10:27","modified":"Atualizado em 30 de agosto de 2021 10:27"},"featured_img_caption":"","series_order":"","_links":{"self":[{"href":"http:\/\/lavras.tv\/site\/wp-json\/wp\/v2\/posts\/52315","targetHints":{"allow":["GET"]}}],"collection":[{"href":"http:\/\/lavras.tv\/site\/wp-json\/wp\/v2\/posts"}],"about":[{"href":"http:\/\/lavras.tv\/site\/wp-json\/wp\/v2\/types\/post"}],"author":[{"embeddable":true,"href":"http:\/\/lavras.tv\/site\/wp-json\/wp\/v2\/users\/2"}],"replies":[{"embeddable":true,"href":"http:\/\/lavras.tv\/site\/wp-json\/wp\/v2\/comments?post=52315"}],"version-history":[{"count":0,"href":"http:\/\/lavras.tv\/site\/wp-json\/wp\/v2\/posts\/52315\/revisions"}],"wp:featuredmedia":[{"embeddable":true,"href":"http:\/\/lavras.tv\/site\/wp-json\/wp\/v2\/media\/48741"}],"wp:attachment":[{"href":"http:\/\/lavras.tv\/site\/wp-json\/wp\/v2\/media?parent=52315"}],"wp:term":[{"taxonomy":"category","embeddable":true,"href":"http:\/\/lavras.tv\/site\/wp-json\/wp\/v2\/categories?post=52315"},{"taxonomy":"post_tag","embeddable":true,"href":"http:\/\/lavras.tv\/site\/wp-json\/wp\/v2\/tags?post=52315"}],"curies":[{"name":"wp","href":"https:\/\/api.w.org\/{rel}","templated":true}]}}