{"id":52485,"date":"2021-09-17T10:12:17","date_gmt":"2021-09-17T13:12:17","guid":{"rendered":"https:\/\/lavras.tv\/site\/?p=52485"},"modified":"2021-09-17T10:12:20","modified_gmt":"2021-09-17T13:12:20","slug":"ufla-divulga-nota-e-mantem-o-retorno-das-aulas-presenciais-no-fim-deste-mes","status":"publish","type":"post","link":"http:\/\/lavras.tv\/site\/2021\/09\/17\/ufla-divulga-nota-e-mantem-o-retorno-das-aulas-presenciais-no-fim-deste-mes\/","title":{"rendered":"UFLA divulga nota e mant\u00e9m o retorno das aulas presenciais no fim deste m\u00eas"},"content":{"rendered":"<div class=\"lavra-antes-do-conteudo_2 lavra-entity-placement\" id=\"lavra-3294931475\"><div id=\"lavra-slider-27\" class=\"custom-slider lavra-slider-1007414652 lavra-slider\"><ul><li><div id=\"lavra-1762558074\" style=\"margin-left: auto;margin-right: auto;text-align: center;\"><a href=\"https:\/\/sistemas.lavras.mg.gov.br\/portalcidadao\/#df1b1a7c7b2a290bcb31e32771e610784662739a88807c0dacac58ede5f391a7530e299dc302d611ee73cb143fc22eaf93592e53e7b5bdb01b00a0b8d28dae460c141dd2ff83412e4dc1c31b16b25f33144a9e5620ea73b13f5bc1c59411d98439ad226e8af03840603796067d87afe130812cf3de24982d0e306f9e61e764e5\" aria-label=\"Lavras-TV&#8211;720x104px (1) (1)\"><img src=\"http:\/\/lavras.tv\/site\/wp-content\/uploads\/2025\/01\/Lavras-TV-720x104px-1-1.png\" alt=\"\"  srcset=\"http:\/\/lavras.tv\/site\/wp-content\/uploads\/2025\/01\/Lavras-TV-720x104px-1-1.png 720w, http:\/\/lavras.tv\/site\/wp-content\/uploads\/2025\/01\/Lavras-TV-720x104px-1-1-470x68.png 470w, http:\/\/lavras.tv\/site\/wp-content\/uploads\/2025\/01\/Lavras-TV-720x104px-1-1-170x25.png 170w, http:\/\/lavras.tv\/site\/wp-content\/uploads\/2025\/01\/Lavras-TV-720x104px-1-1-200x29.png 200w\" sizes=\"(max-width: 720px) 100vw, 720px\" width=\"720\" height=\"104\"  style=\"display: inline-block;\" \/><\/a><\/div><\/li><li><div id=\"lavra-651889862\"><a href=\"https:\/\/sistemas.lavras.mg.gov.br\/portalcidadao\/#df1b1a7c7b2a290bcb31e32771e610784662739a88807c0dacac58ede5f391a7530e299dc302d611ee73cb143fc22eaf93592e53e7b5bdb01b00a0b8d28dae460c141dd2ff83412e4dc1c31b16b25f33144a9e5620ea73b13f5bc1c59411d98439ad226e8af03840603796067d87afe130812cf3de24982d0e306f9e61e764e5\" aria-label=\"Banner_Emprego_PortallavrasTV\"><img src=\"http:\/\/lavras.tv\/site\/wp-content\/uploads\/2025\/03\/Banner_Emprego_PortallavrasTV.png\" alt=\"\"  srcset=\"http:\/\/lavras.tv\/site\/wp-content\/uploads\/2025\/03\/Banner_Emprego_PortallavrasTV.png 720w, http:\/\/lavras.tv\/site\/wp-content\/uploads\/2025\/03\/Banner_Emprego_PortallavrasTV-470x68.png 470w, http:\/\/lavras.tv\/site\/wp-content\/uploads\/2025\/03\/Banner_Emprego_PortallavrasTV-170x25.png 170w, http:\/\/lavras.tv\/site\/wp-content\/uploads\/2025\/03\/Banner_Emprego_PortallavrasTV-200x29.png 200w\" sizes=\"(max-width: 720px) 100vw, 720px\" width=\"720\" height=\"104\"   \/><\/a><\/div><\/li><li><div id=\"lavra-2263388393\"><a href=\"https:\/\/sistemas.lavras.mg.gov.br\/portalcidadao\/#df1b1a7c7b2a290bcb31e32771e610784662739a88807c0dacac58ede5f391a7530e299dc302d611ee73cb143fc22eaf93592e53e7b5bdb01b00a0b8d28dae460c141dd2ff83412e4dc1c31b16b25f33144a9e5620ea73b13f5bc1c59411d98439ad226e8af03840603796067d87afe130812cf3de24982d0e306f9e61e764e5\" aria-label=\"Banner_Obras_PortallavrasTV\"><img src=\"http:\/\/lavras.tv\/site\/wp-content\/uploads\/2025\/03\/Banner_Obras_PortallavrasTV.png\" alt=\"\"  srcset=\"http:\/\/lavras.tv\/site\/wp-content\/uploads\/2025\/03\/Banner_Obras_PortallavrasTV.png 720w, http:\/\/lavras.tv\/site\/wp-content\/uploads\/2025\/03\/Banner_Obras_PortallavrasTV-470x68.png 470w, http:\/\/lavras.tv\/site\/wp-content\/uploads\/2025\/03\/Banner_Obras_PortallavrasTV-170x25.png 170w, http:\/\/lavras.tv\/site\/wp-content\/uploads\/2025\/03\/Banner_Obras_PortallavrasTV-200x29.png 200w\" sizes=\"(max-width: 720px) 100vw, 720px\" width=\"720\" height=\"104\"   \/><\/a><\/div><\/li><li><div id=\"lavra-1525413178\" style=\"margin-left: auto;margin-right: auto;text-align: center;\"><a href=\"https:\/\/sistemas.lavras.mg.gov.br\/portalcidadao\/#df1b1a7c7b2a290bcb31e32771e610784662739a88807c0dacac58ede5f391a7530e299dc302d611ee73cb143fc22eaf93592e53e7b5bdb01b00a0b8d28dae460c141dd2ff83412e4dc1c31b16b25f33144a9e5620ea73b13f5bc1c59411d98439ad226e8af03840603796067d87afe130812cf3de24982d0e306f9e61e764e5\" aria-label=\"ANUNCIE AQUI NOVO VERMELHO\"><img src=\"http:\/\/lavras.tv\/site\/wp-content\/uploads\/2016\/05\/ANUNCIE-AQUI-NOVO-VERMELHO.png\" alt=\"\"  srcset=\"http:\/\/lavras.tv\/site\/wp-content\/uploads\/2016\/05\/ANUNCIE-AQUI-NOVO-VERMELHO.png 720w, http:\/\/lavras.tv\/site\/wp-content\/uploads\/2016\/05\/ANUNCIE-AQUI-NOVO-VERMELHO-470x68.png 470w, http:\/\/lavras.tv\/site\/wp-content\/uploads\/2016\/05\/ANUNCIE-AQUI-NOVO-VERMELHO-170x25.png 170w\" sizes=\"(max-width: 720px) 100vw, 720px\" width=\"720\" height=\"104\"  style=\"display: inline-block;\" \/><\/a><\/div><\/li><li><div id=\"lavra-4077067806\"><a href=\"https:\/\/sistemas.lavras.mg.gov.br\/portalcidadao\/#df1b1a7c7b2a290bcb31e32771e610784662739a88807c0dacac58ede5f391a7530e299dc302d611ee73cb143fc22eaf93592e53e7b5bdb01b00a0b8d28dae460c141dd2ff83412e4dc1c31b16b25f33144a9e5620ea73b13f5bc1c59411d98439ad226e8af03840603796067d87afe130812cf3de24982d0e306f9e61e764e5\" aria-label=\"Banner_Sa\u00fade_PortallavrasTV\"><img src=\"http:\/\/lavras.tv\/site\/wp-content\/uploads\/2025\/03\/Banner_Saude_PortallavrasTV.png\" alt=\"\"  srcset=\"http:\/\/lavras.tv\/site\/wp-content\/uploads\/2025\/03\/Banner_Saude_PortallavrasTV.png 720w, http:\/\/lavras.tv\/site\/wp-content\/uploads\/2025\/03\/Banner_Saude_PortallavrasTV-470x68.png 470w, http:\/\/lavras.tv\/site\/wp-content\/uploads\/2025\/03\/Banner_Saude_PortallavrasTV-170x25.png 170w, http:\/\/lavras.tv\/site\/wp-content\/uploads\/2025\/03\/Banner_Saude_PortallavrasTV-200x29.png 200w\" sizes=\"(max-width: 720px) 100vw, 720px\" width=\"720\" height=\"104\"   \/><\/a><\/div><\/li><li><div id=\"lavra-3547346026\" style=\"width:720px;height:104px;background-color:#ddd;overflow:scroll;\">\n\t<strong>Sa\u00edda da depura\u00e7\u00e3o de an\u00fancios<\/strong>\n\t<br><br>\n\tO an\u00fancio n\u00e3o \u00e9 exibido na p\u00e1gina<br><br>post atual: UFLA divulga nota e mant\u00e9m o retorno das aulas presenciais no fim deste m\u00eas, ID: 52485<br><br><span style=\"color: red;\">O post atual n\u00e3o \u00e9 id\u00eantico ao post principal.<\/span><br><br>An\u00fancios: ROXO - TOPO INTERNA - ROTATIVO 2 (197)<br \/>Grupo de an\u00fancios: Princ_Meio01_720x104 (27)<br><br>Condi\u00e7\u00f5es de exibi\u00e7\u00e3o<div style=\"margin-bottom: 20px; white-space: pre-wrap; font-family: monospace; width: 100%; background: #ffe9e9;\"><strong>condi\u00e7\u00f5es gerais<\/strong><table border=\"1\"><thead><tr><th><\/th><th>An\u00fancios<\/th><th>wp_the_query<\/th><\/tr><\/thead><tr><td>is_main_query<\/td><td>1<\/td><td>1<\/td><\/tr><tr><td>is_rest_api<\/td><td>0<\/td><td>1<\/td><\/tr><tr><td>page<\/td><td>0<\/td><td>1<\/td><\/tr><tr><td>numpages<\/td><td>0<\/td><td>1<\/td><\/tr><tr><td>is_archive<\/td><td>1<\/td><td><\/td><\/tr><tr><td>is_search<\/td><td>1<\/td><td><\/td><\/tr><tr><td>is_home<\/td><td>1<\/td><td><\/td><\/tr><tr><td>is_404<\/td><td>1<\/td><td><\/td><\/tr><tr><td>is_attachment<\/td><td>1<\/td><td><\/td><\/tr><tr><td>is_singular<\/td><td>1<\/td><td><\/td><\/tr><tr><td>is_front_page<\/td><td>1<\/td><td><\/td><\/tr><tr><td>is_feed<\/td><td>1<\/td><td><\/td><\/tr><\/table><\/div>\t<br><br>\n\t<a style=\"color: green;\" href=\"https:\/\/wpadvancedads.com\/manual\/ad-debug-mode\/?utm_source=advanced-ads&utm_medium=link&utm_campaign=ad-debug-mode\" target=\"_blank\" rel=\"nofollow\">Encontre solu\u00e7\u00f5es no manual<\/a>\n<\/div>\n<\/li><\/ul><\/div><script>( window.advanced_ads_ready || jQuery( document ).ready ).call( null, function() {var $lavraslider1007414652 = jQuery( \".lavra-slider-1007414652\" );$lavraslider1007414652.on( \"unslider.ready\", function() { jQuery( \"div.custom-slider ul li\" ).css( \"display\", \"block\" ); });$lavraslider1007414652.unslider({ delay:4000, autoplay:true, nav:false, arrows:false, infinite:true });$lavraslider1007414652.on(\"mouseover\", function() {$lavraslider1007414652.unslider(\"stop\");}).on(\"mouseout\", function() {$lavraslider1007414652.unslider(\"start\");});});<\/script><\/div>\n<p class=\"wp-block-paragraph\">Sobre o retorno a atividades pr\u00e1ticas presenciais, a Pr\u00f3-Reitoria de Gradua\u00e7\u00e3o (Prograd) da UFLA emitiu uma nota direcionada aos estudantes.<\/p>\n\n\n\n<p class=\"wp-block-paragraph\">&#8220;Caro estudante,<\/p>\n\n\n\n<p class=\"wp-block-paragraph\">A Universidade Federal de Lavras (UFLA) enfatiza que o retorno presencial de atividades pr\u00e1ticas se dar\u00e1 a partir de 27\/9&nbsp; e n\u00e3o h\u00e1 decis\u00e3o contr\u00e1ria, nem perspectiva de que se reverta, a n\u00e3o ser por mudan\u00e7a expressiva do quadro epidemiol\u00f3gico, fato pouco prov\u00e1vel.&nbsp;<\/p>\n\n\n\n<p class=\"wp-block-paragraph\">O retorno faz parte do planejamento de retomada gradual das atividades letivas no campus, est\u00e1 amparado na legisla\u00e7\u00e3o educacional, foi aprovado no \u00e2mbito do Conselho de Ensino Pesquisa e Extens\u00e3o&nbsp; (Resolu\u00e7\u00f5es&nbsp; CEPE 101 e 146\/2021) e est\u00e1 baseado em indicadores epidemiol\u00f3gicos, bem como em pareceres do nosso comit\u00ea de acompanhamento da Covid-19 em atividade desde mar\u00e7o de 2020.<\/p>\n\n\n\n<p class=\"wp-block-paragraph\">Todas as disciplinas que constam no Painel com a rela\u00e7\u00e3o de componentes curriculares com atividades presenciais (&nbsp;<a href=\"http:\/\/tinyurl.com\/UFLARetornoPresencial\">http:\/\/tinyurl.com\/UFLARetornoPresencial<\/a>) devem iniciar as pr\u00e1ticas a partir do dia 27\/9 e s\u00e3o falsas as informa\u00e7\u00f5es de que o retorno presencial pode ser substitu\u00eddo pela continuidade de atividades no campus virtual (sem a presen\u00e7a do estudante no campus ou no campo de pr\u00e1tica).<\/p>\n\n\n\n<p class=\"wp-block-paragraph\">Alertamos, para evitar preju\u00edzo aos estudantes, que ser\u00e3o nulos os resultados acad\u00eamicos de disciplinas ofertadas \u00e0 margem do que determinam as resolu\u00e7\u00f5es do CEPE e a DRCA\/Prograd n\u00e3o convalidar\u00e1 a conclus\u00e3o para fins de Hist\u00f3rico Escolar. Na pr\u00e1tica, tentar descumprir as resolu\u00e7\u00f5es que disciplinam o funcionamento da gradua\u00e7\u00e3o implicar\u00e1 em preju\u00edzo e atraso na forma\u00e7\u00e3o dos estudantes.<\/p>\n\n\n\n<p class=\"wp-block-paragraph\">A realiza\u00e7\u00e3o de atividades presenciais, portanto, \u00e9 parte da forma\u00e7\u00e3o dos graduandos, principalmente naquelas disciplinas cujo aprendizado fica prejudicado se mantido de forma prolongada no formato exclusivamente remoto.<\/p>\n\n\n\n<p class=\"wp-block-paragraph\"><strong>Ainda sobre o retorno presencial, a Universidade aponta os seguintes fatores:<\/strong><\/p>\n\n\n\n<p class=\"wp-block-paragraph\">&nbsp;&#8211; Todos os servidores e funcion\u00e1rios terceirizados foram enquadrados nos grupos priorit\u00e1rios para vacina\u00e7\u00e3o;<\/p>\n\n\n\n<p class=\"wp-block-paragraph\">&#8211; As atividades acad\u00eamicas de natureza pr\u00e1tica foram planejadas para retorno presencial gradual, de forma a permitir uma organiza\u00e7\u00e3o segura dos fluxos de trabalho. Assim como as atividades acad\u00eamicas, as atividades administrativas tamb\u00e9m t\u00eam retorno gradual;<\/p>\n\n\n\n<p class=\"wp-block-paragraph\">&#8211; Aproximadamente 34% do total de estudantes da institui\u00e7\u00e3o est\u00e3o matriculados em disciplinas com atividades presenciais. Al\u00e9m disso, est\u00e3o distribu\u00eddos em aulas durante a semana, em diferentes hor\u00e1rios, mantendo-se o distanciamento adequado&nbsp; durante as atividades letivas;<\/p>\n\n\n\n<p class=\"wp-block-paragraph\">&#8211; Oitenta e dois por cento (82%) dos estudantes matriculados nas disciplinas designadas para atividade presencial s\u00e3o de Minas Gerais, onde a maioria deles j\u00e1 teve a oportunidade de receber a primeira dose da vacina. O mesmo ocorre no estado de S\u00e3o Paulo, que tem a segunda maior concentra\u00e7\u00e3o de estudantes da UFLA (14%).<\/p>\n\n\n\n<p class=\"wp-block-paragraph\">&#8211; Foi concedido aos estudantes matriculados nessas disciplinas e que n\u00e3o desejem participar de atividades presenciais neste momento o direito de cancelar a matr\u00edcula. O prazo termina em 29\/10.<\/p>\n\n\n\n<p class=\"wp-block-paragraph\">&#8211; O CEE-Covid-19 elaborou e divulgou protocolo e plano de conting\u00eancia, aprovados pela vigil\u00e2ncia epidemiol\u00f3gica do munic\u00edpio, que orientam as a\u00e7\u00f5es no c\u00e2mpus e a elabora\u00e7\u00e3o de planos espec\u00edficos para unidades e disciplinas. Por esses documentos, est\u00e1 resguardado que atividades presenciais s\u00f3 ocorram nas situa\u00e7\u00f5es em que \u00e9 poss\u00edvel a observa\u00e7\u00e3o dos par\u00e2metros de seguran\u00e7a. A Universidade segue o programa do governo do estado, \u201cMinas Consciente\u201d, e qualquer altera\u00e7\u00e3o no cen\u00e1rio epidemiol\u00f3gico, indicada por esse programa, ser\u00e1 considerada para novas decis\u00f5es administrativas que sejam necess\u00e1rias.<\/p>\n\n\n\n<p class=\"wp-block-paragraph\">&#8211; Desde mar\u00e7o de 2021 a Institui\u00e7\u00e3o j\u00e1 capacitou mais de 700 servidores para ado\u00e7\u00e3o de a\u00e7\u00f5es de biosseguran\u00e7a, visando ao retorno das atividades presenciais. Saiba mais sobre a capacita\u00e7\u00e3o.<\/p>\n\n\n\n<p class=\"wp-block-paragraph\">Por fim, sugerimos que a comunidade estudantil envolvida nesta etapa se prepare adequadamente para o retorno a Lavras, pois n\u00e3o h\u00e1 possibilidade de adiamento, e a semana atualmente prevista como recesso no m\u00eas de outubro tem probabilidade de se transformar em semana com atividades letivas. A etapa atual \u00e9 o in\u00edcio do retorno presencial efetivo ao campus e o pr\u00f3ximo semestre come\u00e7a no dia 10 de janeiro de 2022.&nbsp;<\/p>\n\n\n\n<p class=\"wp-block-paragraph\">Atenciosamente<\/p>\n\n\n\n<p class=\"wp-block-paragraph\">Ronei Ximenes Martins&nbsp;<\/p>\n\n\n\n<p class=\"wp-block-paragraph\">Pr\u00f3-Reitor de Gradua\u00e7\u00e3o&#8221;<\/p>\n\n\n\n<div class=\"wp-block-image\"><figure class=\"aligncenter size-large\"><img fetchpriority=\"high\" decoding=\"async\" width=\"900\" height=\"600\" src=\"http:\/\/lavras.tv\/site\/wp-content\/uploads\/2017\/02\/ufla.jpg\" alt=\"\" class=\"wp-image-6608\" srcset=\"http:\/\/lavras.tv\/site\/wp-content\/uploads\/2017\/02\/ufla.jpg 900w, http:\/\/lavras.tv\/site\/wp-content\/uploads\/2017\/02\/ufla-150x100.jpg 150w, http:\/\/lavras.tv\/site\/wp-content\/uploads\/2017\/02\/ufla-300x200.jpg 300w, http:\/\/lavras.tv\/site\/wp-content\/uploads\/2017\/02\/ufla-480x320.jpg 480w, http:\/\/lavras.tv\/site\/wp-content\/uploads\/2017\/02\/ufla-272x182.jpg 272w\" sizes=\"(max-width: 900px) 100vw, 900px\" \/><\/figure><\/div>\n","protected":false},"excerpt":{"rendered":"<p>Sobre o retorno a atividades pr\u00e1ticas presenciais, a Pr\u00f3-Reitoria de Gradua\u00e7\u00e3o (Prograd) da UFLA emitiu uma nota direcionada aos estudantes. &#8220;Caro estudante, A Universidade Federal de Lavras (UFLA) enfatiza que o retorno presencial de atividades pr\u00e1ticas se dar\u00e1 a partir de 27\/9&nbsp; e n\u00e3o h\u00e1 decis\u00e3o contr\u00e1ria, nem perspectiva de que se reverta, a n\u00e3o [&hellip;]<\/p>\n","protected":false},"author":2,"featured_media":6608,"comment_status":"closed","ping_status":"open","sticky":false,"template":"","format":"standard","meta":{"advgb_blocks_editor_width":"","advgb_blocks_columns_visual_guide":"","_exactmetrics_skip_tracking":false,"footnotes":""},"categories":[7,2],"tags":[],"class_list":["post-52485","post","type-post","status-publish","format-standard","has-post-thumbnail","hentry","category-destaques","category-noticias"],"better_featured_image":{"id":6608,"alt_text":"","caption":"","description":"","media_type":"image","media_details":{"width":900,"height":600,"file":"2017\/02\/ufla.jpg","sizes":{"thumbnail":{"file":"ufla-150x100.jpg","width":150,"height":100,"mime-type":"image\/jpeg","source_url":"http:\/\/lavras.tv\/site\/wp-content\/uploads\/2017\/02\/ufla-150x100.jpg"},"medium":{"file":"ufla-300x200.jpg","width":300,"height":200,"mime-type":"image\/jpeg","source_url":"http:\/\/lavras.tv\/site\/wp-content\/uploads\/2017\/02\/ufla-300x200.jpg"},"featured-slider-img":{"file":"ufla-640x480.jpg","width":640,"height":480,"mime-type":"image\/jpeg","source_url":"http:\/\/lavras.tv\/site\/wp-content\/uploads\/2017\/02\/ufla-640x480.jpg"},"featured-post-img":{"file":"ufla-480x320.jpg","width":480,"height":320,"mime-type":"image\/jpeg","source_url":"http:\/\/lavras.tv\/site\/wp-content\/uploads\/2017\/02\/ufla-480x320.jpg"},"sow-carousel-default":{"file":"ufla-272x182.jpg","width":272,"height":182,"mime-type":"image\/jpeg","source_url":"http:\/\/lavras.tv\/site\/wp-content\/uploads\/2017\/02\/ufla-272x182.jpg"}},"image_meta":{"aperture":"0","credit":"","camera":"","caption":"","created_timestamp":"0","copyright":"","focal_length":"0","iso":"0","shutter_speed":"0","title":"","orientation":"0","keywords":[]}},"post":6607,"source_url":"http:\/\/lavras.tv\/site\/wp-content\/uploads\/2017\/02\/ufla.jpg"},"author_meta":{"display_name":"Lavras TV","author_link":"http:\/\/lavras.tv\/site\/author\/lavrastv\/"},"featured_img":"http:\/\/lavras.tv\/site\/wp-content\/uploads\/2017\/02\/ufla-300x200.jpg","coauthors":[],"tax_additional":{"categories":{"linked":["<a href=\"http:\/\/lavras.tv\/site\/category\/destaques\/\" class=\"advgb-post-tax-term\">Destaques<\/a>","<a href=\"http:\/\/lavras.tv\/site\/category\/noticias\/\" class=\"advgb-post-tax-term\">Not\u00edcias<\/a>"],"unlinked":["<span class=\"advgb-post-tax-term\">Destaques<\/span>","<span class=\"advgb-post-tax-term\">Not\u00edcias<\/span>"]}},"comment_count":"0","relative_dates":{"created":"Publicado 5 anos atr\u00e1s","modified":"Atualizado 5 anos atr\u00e1s"},"absolute_dates":{"created":"Publicado em 17 de setembro de 2021","modified":"Atualizado em 17 de setembro de 2021"},"absolute_dates_time":{"created":"Publicado em 17 de setembro de 2021 10:12","modified":"Atualizado em 17 de setembro de 2021 10:12"},"featured_img_caption":"","series_order":"","_links":{"self":[{"href":"http:\/\/lavras.tv\/site\/wp-json\/wp\/v2\/posts\/52485","targetHints":{"allow":["GET"]}}],"collection":[{"href":"http:\/\/lavras.tv\/site\/wp-json\/wp\/v2\/posts"}],"about":[{"href":"http:\/\/lavras.tv\/site\/wp-json\/wp\/v2\/types\/post"}],"author":[{"embeddable":true,"href":"http:\/\/lavras.tv\/site\/wp-json\/wp\/v2\/users\/2"}],"replies":[{"embeddable":true,"href":"http:\/\/lavras.tv\/site\/wp-json\/wp\/v2\/comments?post=52485"}],"version-history":[{"count":0,"href":"http:\/\/lavras.tv\/site\/wp-json\/wp\/v2\/posts\/52485\/revisions"}],"wp:featuredmedia":[{"embeddable":true,"href":"http:\/\/lavras.tv\/site\/wp-json\/wp\/v2\/media\/6608"}],"wp:attachment":[{"href":"http:\/\/lavras.tv\/site\/wp-json\/wp\/v2\/media?parent=52485"}],"wp:term":[{"taxonomy":"category","embeddable":true,"href":"http:\/\/lavras.tv\/site\/wp-json\/wp\/v2\/categories?post=52485"},{"taxonomy":"post_tag","embeddable":true,"href":"http:\/\/lavras.tv\/site\/wp-json\/wp\/v2\/tags?post=52485"}],"curies":[{"name":"wp","href":"https:\/\/api.w.org\/{rel}","templated":true}]}}