{"id":52956,"date":"2021-11-18T10:14:55","date_gmt":"2021-11-18T13:14:55","guid":{"rendered":"https:\/\/lavras.tv\/site\/?p=52956"},"modified":"2021-11-18T10:14:59","modified_gmt":"2021-11-18T13:14:59","slug":"arpa-rio-grande-se-reune-com-a-prefeita-jussara-em-busca-de-novas-parcerias","status":"publish","type":"post","link":"http:\/\/lavras.tv\/site\/2021\/11\/18\/arpa-rio-grande-se-reune-com-a-prefeita-jussara-em-busca-de-novas-parcerias\/","title":{"rendered":"Arpa Rio Grande se re\u00fane com a prefeita Jussara em busca de novas parcerias"},"content":{"rendered":"<div class=\"lavra-antes-do-conteudo_2 lavra-entity-placement\" id=\"lavra-58944270\"><div id=\"lavra-slider-27\" class=\"custom-slider lavra-slider-2957107621 lavra-slider\"><ul><li><div id=\"lavra-708179619\" style=\"margin-left: auto;margin-right: auto;text-align: center;\"><a href=\"https:\/\/sistemas.lavras.mg.gov.br\/portalcidadao\/#df1b1a7c7b2a290bcb31e32771e610784662739a88807c0dacac58ede5f391a7530e299dc302d611ee73cb143fc22eaf93592e53e7b5bdb01b00a0b8d28dae460c141dd2ff83412e4dc1c31b16b25f33144a9e5620ea73b13f5bc1c59411d98439ad226e8af03840603796067d87afe130812cf3de24982d0e306f9e61e764e5\" aria-label=\"Lavras-TV&#8211;720x104px (1) (1)\"><img src=\"http:\/\/lavras.tv\/site\/wp-content\/uploads\/2025\/01\/Lavras-TV-720x104px-1-1.png\" alt=\"\"  srcset=\"http:\/\/lavras.tv\/site\/wp-content\/uploads\/2025\/01\/Lavras-TV-720x104px-1-1.png 720w, http:\/\/lavras.tv\/site\/wp-content\/uploads\/2025\/01\/Lavras-TV-720x104px-1-1-470x68.png 470w, http:\/\/lavras.tv\/site\/wp-content\/uploads\/2025\/01\/Lavras-TV-720x104px-1-1-170x25.png 170w, http:\/\/lavras.tv\/site\/wp-content\/uploads\/2025\/01\/Lavras-TV-720x104px-1-1-200x29.png 200w\" sizes=\"(max-width: 720px) 100vw, 720px\" width=\"720\" height=\"104\"  style=\"display: inline-block;\" \/><\/a><\/div><\/li><li><div id=\"lavra-1828374547\"><a href=\"https:\/\/sistemas.lavras.mg.gov.br\/portalcidadao\/#df1b1a7c7b2a290bcb31e32771e610784662739a88807c0dacac58ede5f391a7530e299dc302d611ee73cb143fc22eaf93592e53e7b5bdb01b00a0b8d28dae460c141dd2ff83412e4dc1c31b16b25f33144a9e5620ea73b13f5bc1c59411d98439ad226e8af03840603796067d87afe130812cf3de24982d0e306f9e61e764e5\" aria-label=\"Banner_Emprego_PortallavrasTV\"><img src=\"http:\/\/lavras.tv\/site\/wp-content\/uploads\/2025\/03\/Banner_Emprego_PortallavrasTV.png\" alt=\"\"  srcset=\"http:\/\/lavras.tv\/site\/wp-content\/uploads\/2025\/03\/Banner_Emprego_PortallavrasTV.png 720w, http:\/\/lavras.tv\/site\/wp-content\/uploads\/2025\/03\/Banner_Emprego_PortallavrasTV-470x68.png 470w, http:\/\/lavras.tv\/site\/wp-content\/uploads\/2025\/03\/Banner_Emprego_PortallavrasTV-170x25.png 170w, http:\/\/lavras.tv\/site\/wp-content\/uploads\/2025\/03\/Banner_Emprego_PortallavrasTV-200x29.png 200w\" sizes=\"(max-width: 720px) 100vw, 720px\" width=\"720\" height=\"104\"   \/><\/a><\/div><\/li><li><div id=\"lavra-2770772389\"><a href=\"https:\/\/sistemas.lavras.mg.gov.br\/portalcidadao\/#df1b1a7c7b2a290bcb31e32771e610784662739a88807c0dacac58ede5f391a7530e299dc302d611ee73cb143fc22eaf93592e53e7b5bdb01b00a0b8d28dae460c141dd2ff83412e4dc1c31b16b25f33144a9e5620ea73b13f5bc1c59411d98439ad226e8af03840603796067d87afe130812cf3de24982d0e306f9e61e764e5\" aria-label=\"Banner_Obras_PortallavrasTV\"><img src=\"http:\/\/lavras.tv\/site\/wp-content\/uploads\/2025\/03\/Banner_Obras_PortallavrasTV.png\" alt=\"\"  srcset=\"http:\/\/lavras.tv\/site\/wp-content\/uploads\/2025\/03\/Banner_Obras_PortallavrasTV.png 720w, http:\/\/lavras.tv\/site\/wp-content\/uploads\/2025\/03\/Banner_Obras_PortallavrasTV-470x68.png 470w, http:\/\/lavras.tv\/site\/wp-content\/uploads\/2025\/03\/Banner_Obras_PortallavrasTV-170x25.png 170w, http:\/\/lavras.tv\/site\/wp-content\/uploads\/2025\/03\/Banner_Obras_PortallavrasTV-200x29.png 200w\" sizes=\"(max-width: 720px) 100vw, 720px\" width=\"720\" height=\"104\"   \/><\/a><\/div><\/li><li><div id=\"lavra-833006279\" style=\"margin-left: auto;margin-right: auto;text-align: center;\"><a href=\"https:\/\/sistemas.lavras.mg.gov.br\/portalcidadao\/#df1b1a7c7b2a290bcb31e32771e610784662739a88807c0dacac58ede5f391a7530e299dc302d611ee73cb143fc22eaf93592e53e7b5bdb01b00a0b8d28dae460c141dd2ff83412e4dc1c31b16b25f33144a9e5620ea73b13f5bc1c59411d98439ad226e8af03840603796067d87afe130812cf3de24982d0e306f9e61e764e5\" aria-label=\"ANUNCIE AQUI NOVO VERMELHO\"><img src=\"http:\/\/lavras.tv\/site\/wp-content\/uploads\/2016\/05\/ANUNCIE-AQUI-NOVO-VERMELHO.png\" alt=\"\"  srcset=\"http:\/\/lavras.tv\/site\/wp-content\/uploads\/2016\/05\/ANUNCIE-AQUI-NOVO-VERMELHO.png 720w, http:\/\/lavras.tv\/site\/wp-content\/uploads\/2016\/05\/ANUNCIE-AQUI-NOVO-VERMELHO-470x68.png 470w, http:\/\/lavras.tv\/site\/wp-content\/uploads\/2016\/05\/ANUNCIE-AQUI-NOVO-VERMELHO-170x25.png 170w\" sizes=\"(max-width: 720px) 100vw, 720px\" width=\"720\" height=\"104\"  style=\"display: inline-block;\" \/><\/a><\/div><\/li><li><div id=\"lavra-4096184522\"><a href=\"https:\/\/sistemas.lavras.mg.gov.br\/portalcidadao\/#df1b1a7c7b2a290bcb31e32771e610784662739a88807c0dacac58ede5f391a7530e299dc302d611ee73cb143fc22eaf93592e53e7b5bdb01b00a0b8d28dae460c141dd2ff83412e4dc1c31b16b25f33144a9e5620ea73b13f5bc1c59411d98439ad226e8af03840603796067d87afe130812cf3de24982d0e306f9e61e764e5\" aria-label=\"Banner_Sa\u00fade_PortallavrasTV\"><img src=\"http:\/\/lavras.tv\/site\/wp-content\/uploads\/2025\/03\/Banner_Saude_PortallavrasTV.png\" alt=\"\"  srcset=\"http:\/\/lavras.tv\/site\/wp-content\/uploads\/2025\/03\/Banner_Saude_PortallavrasTV.png 720w, http:\/\/lavras.tv\/site\/wp-content\/uploads\/2025\/03\/Banner_Saude_PortallavrasTV-470x68.png 470w, http:\/\/lavras.tv\/site\/wp-content\/uploads\/2025\/03\/Banner_Saude_PortallavrasTV-170x25.png 170w, http:\/\/lavras.tv\/site\/wp-content\/uploads\/2025\/03\/Banner_Saude_PortallavrasTV-200x29.png 200w\" sizes=\"(max-width: 720px) 100vw, 720px\" width=\"720\" height=\"104\"   \/><\/a><\/div><\/li><li><div id=\"lavra-3177233883\" style=\"width:720px;height:104px;background-color:#ddd;overflow:scroll;\">\n\t<strong>Sa\u00edda da depura\u00e7\u00e3o de an\u00fancios<\/strong>\n\t<br><br>\n\tO an\u00fancio n\u00e3o \u00e9 exibido na p\u00e1gina<br><br>post atual: Arpa Rio Grande se re\u00fane com a prefeita Jussara em busca de novas parcerias, ID: 52956<br><br><span style=\"color: red;\">O post atual n\u00e3o \u00e9 id\u00eantico ao post principal.<\/span><br><br>An\u00fancios: ROXO - TOPO INTERNA - ROTATIVO 2 (197)<br \/>Grupo de an\u00fancios: Princ_Meio01_720x104 (27)<br><br>Condi\u00e7\u00f5es de exibi\u00e7\u00e3o<div style=\"margin-bottom: 20px; white-space: pre-wrap; font-family: monospace; width: 100%; background: #ffe9e9;\"><strong>condi\u00e7\u00f5es gerais<\/strong><table border=\"1\"><thead><tr><th><\/th><th>An\u00fancios<\/th><th>wp_the_query<\/th><\/tr><\/thead><tr><td>is_main_query<\/td><td>1<\/td><td>1<\/td><\/tr><tr><td>is_rest_api<\/td><td>0<\/td><td>1<\/td><\/tr><tr><td>page<\/td><td>0<\/td><td>1<\/td><\/tr><tr><td>numpages<\/td><td>0<\/td><td>1<\/td><\/tr><tr><td>is_archive<\/td><td>1<\/td><td><\/td><\/tr><tr><td>is_search<\/td><td>1<\/td><td><\/td><\/tr><tr><td>is_home<\/td><td>1<\/td><td><\/td><\/tr><tr><td>is_404<\/td><td>1<\/td><td><\/td><\/tr><tr><td>is_attachment<\/td><td>1<\/td><td><\/td><\/tr><tr><td>is_singular<\/td><td>1<\/td><td><\/td><\/tr><tr><td>is_front_page<\/td><td>1<\/td><td><\/td><\/tr><tr><td>is_feed<\/td><td>1<\/td><td><\/td><\/tr><\/table><\/div>\t<br><br>\n\t<a style=\"color: green;\" href=\"https:\/\/wpadvancedads.com\/manual\/ad-debug-mode\/?utm_source=advanced-ads&utm_medium=link&utm_campaign=ad-debug-mode\" target=\"_blank\" rel=\"nofollow\">Encontre solu\u00e7\u00f5es no manual<\/a>\n<\/div>\n<\/li><\/ul><\/div><script>( window.advanced_ads_ready || jQuery( document ).ready ).call( null, function() {var $lavraslider2957107621 = jQuery( \".lavra-slider-2957107621\" );$lavraslider2957107621.on( \"unslider.ready\", function() { jQuery( \"div.custom-slider ul li\" ).css( \"display\", \"block\" ); });$lavraslider2957107621.unslider({ delay:4000, autoplay:true, nav:false, arrows:false, infinite:true });$lavraslider2957107621.on(\"mouseover\", function() {$lavraslider2957107621.unslider(\"stop\");}).on(\"mouseout\", function() {$lavraslider2957107621.unslider(\"start\");});});<\/script><\/div>\n<p class=\"wp-block-paragraph\">Na tarde de hoje, dia 17\/11\/2021, ocorreu uma reuni\u00e3o na sede da Prefeitura Municipal de Lavras \u2013 PML entre a prefeita Sra. Jussara Menicucci de Oliveira, o Secret\u00e1rio de Meio Ambiente Sr. Tiago de Lima Pereira, e os representantes da Ag\u00eancia Regional de Prote\u00e7\u00e3o Ambiental \u2013 ARPA Rio Grande, Sr. Emerson Ludgero da Costa \u2013 presidente, e Sr. Professor Jo\u00e3o Ant\u00f4nio Argenta \u2013 tesoureiro, onde foram tratados assuntos de interesses das institui\u00e7\u00e3o n uma parceria para projetos socioambientais.<\/p>\n\n\n\n<p class=\"wp-block-paragraph\">Entre os temas discutidos um ponto em destaque foi o projeto de instala\u00e7\u00e3o do Centro de Triagem e Reabilita\u00e7\u00e3o de Animais Silvestres \u2013 CETRAS Sul de Minas em Lavras, sendo solicitada coopera\u00e7\u00e3o das duas entidades para andamento do projeto. Tamb\u00e9m foi debatido o fomento de outros projetos de preserva\u00e7\u00e3o e educa\u00e7\u00e3o ambiental em Lavras. Por parte da prefeitura foram pontuadas as necessidades de apoio t\u00e9cnico da ARPA nas demandas de educa\u00e7\u00e3o ambiental e de projetos de recupera\u00e7\u00e3o e preserva\u00e7\u00e3o, sendo bem acolhidos pelos representantes da ARPA.<\/p>\n\n\n\n<p class=\"wp-block-paragraph\">Outro ponto de extrema import\u00e2ncia para a sociedade foi o debate sobre a possibilidade de uso de uma \u00e1rea institucional pertencente \u00e0 PML para ser trabalhada em conjunto, num centro de educa\u00e7\u00e3o ambiental para atendimento do munic\u00edpio e regi\u00e3o. Nesse sentido, J\u00e1 existe a disponibilidade de um im\u00f3vel pertencente ao munic\u00edpio, o qual est\u00e1 localizado pr\u00f3ximo ao terminal rodovi\u00e1rio de Lavras, sendo uma \u00e1rea institucional que contempla nela um \u00e1rea de preserva\u00e7\u00e3o permanente, e que poder\u00e1 atender a demanda do projeto conjunto para o futuro.<\/p>\n\n\n\n<p class=\"wp-block-paragraph\">Novas tratativas ser\u00e3o realizadas e possivelmente um termo de coopera\u00e7\u00e3o ser\u00e1 formalizado dando continuidade \u00e0 parceria na execu\u00e7\u00e3o dos projetos socioambientais da PML e da ARPA Rio Grande, o que certamente trar\u00e1 enormes benef\u00edcios para a sociedade Lavrense e da regi\u00e3o.<\/p>\n\n\n\n<p class=\"wp-block-paragraph\">Gest\u00e3o ARPA Rio Grande 2021\/2023 \u2013 uma equipe multidisciplinar e participativa em prol da Biodiversidade e da qualidade de vida!<\/p>\n\n\n\n<p class=\"wp-block-paragraph\">Site: https:\/\/arpariogrande.org.br\/<br>Contatos: (35) 3821-1072 \/ (35) 99846-3760 whatsApp \/ e-mail:\u00a0contato@arpariogrande.org.br<br>Redes Sociais: https:\/\/www.facebook.com\/arpariogrande\/ \u2013 https:\/\/www.instagram.com\/arpariogrande\/ \u2013<br>https:\/\/www.youtube.com\/channel\/UCaPtVebigQNRJ_527yAOybg<\/p>\n\n\n\n<div class=\"wp-block-image\"><figure class=\"aligncenter size-full\"><img fetchpriority=\"high\" decoding=\"async\" width=\"945\" height=\"420\" src=\"https:\/\/lavras.tv\/site\/wp-content\/uploads\/2021\/11\/arpa.jpg\" alt=\"\" class=\"wp-image-52957\" srcset=\"http:\/\/lavras.tv\/site\/wp-content\/uploads\/2021\/11\/arpa.jpg 945w, http:\/\/lavras.tv\/site\/wp-content\/uploads\/2021\/11\/arpa-470x209.jpg 470w, http:\/\/lavras.tv\/site\/wp-content\/uploads\/2021\/11\/arpa-170x76.jpg 170w\" sizes=\"(max-width: 945px) 100vw, 945px\" \/><\/figure><\/div>\n\n\n\n<p class=\"wp-block-paragraph\"><\/p>\n\n\n\n<p class=\"wp-block-paragraph\">Fonte: ARPA Rio Grande<\/p>\n","protected":false},"excerpt":{"rendered":"<p>Na tarde de hoje, dia 17\/11\/2021, ocorreu uma reuni\u00e3o na sede da Prefeitura Municipal de Lavras \u2013 PML entre a prefeita Sra. Jussara Menicucci de Oliveira, o Secret\u00e1rio de Meio Ambiente Sr. Tiago de Lima Pereira, e os representantes da Ag\u00eancia Regional de Prote\u00e7\u00e3o Ambiental \u2013 ARPA Rio Grande, Sr. Emerson Ludgero da Costa \u2013 [&hellip;]<\/p>\n","protected":false},"author":2,"featured_media":52957,"comment_status":"closed","ping_status":"open","sticky":false,"template":"","format":"standard","meta":{"advgb_blocks_editor_width":"","advgb_blocks_columns_visual_guide":"","_exactmetrics_skip_tracking":false,"footnotes":""},"categories":[7,2],"tags":[],"class_list":["post-52956","post","type-post","status-publish","format-standard","has-post-thumbnail","hentry","category-destaques","category-noticias"],"better_featured_image":{"id":52957,"alt_text":"","caption":"","description":"","media_type":"image","media_details":{"width":945,"height":420,"file":"2021\/11\/arpa.jpg","sizes":{"medium":{"file":"arpa-470x209.jpg","width":470,"height":209,"mime-type":"image\/jpeg","source_url":"http:\/\/lavras.tv\/site\/wp-content\/uploads\/2021\/11\/arpa-470x209.jpg"},"thumbnail":{"file":"arpa-170x76.jpg","width":170,"height":76,"mime-type":"image\/jpeg","source_url":"http:\/\/lavras.tv\/site\/wp-content\/uploads\/2021\/11\/arpa-170x76.jpg"},"alm-thumbnail":{"file":"arpa-150x150.jpg","width":150,"height":150,"mime-type":"image\/jpeg","source_url":"http:\/\/lavras.tv\/site\/wp-content\/uploads\/2021\/11\/arpa-150x150.jpg"}},"image_meta":{"aperture":"0","credit":"","camera":"","caption":"","created_timestamp":"0","copyright":"","focal_length":"0","iso":"0","shutter_speed":"0","title":"","orientation":"0","keywords":[]}},"post":52956,"source_url":"http:\/\/lavras.tv\/site\/wp-content\/uploads\/2021\/11\/arpa.jpg"},"author_meta":{"display_name":"Lavras TV","author_link":"http:\/\/lavras.tv\/site\/author\/lavrastv\/"},"featured_img":"http:\/\/lavras.tv\/site\/wp-content\/uploads\/2021\/11\/arpa-470x209.jpg","coauthors":[],"tax_additional":{"categories":{"linked":["<a href=\"http:\/\/lavras.tv\/site\/category\/destaques\/\" class=\"advgb-post-tax-term\">Destaques<\/a>","<a href=\"http:\/\/lavras.tv\/site\/category\/noticias\/\" class=\"advgb-post-tax-term\">Not\u00edcias<\/a>"],"unlinked":["<span class=\"advgb-post-tax-term\">Destaques<\/span>","<span class=\"advgb-post-tax-term\">Not\u00edcias<\/span>"]}},"comment_count":"0","relative_dates":{"created":"Publicado 5 anos atr\u00e1s","modified":"Atualizado 5 anos atr\u00e1s"},"absolute_dates":{"created":"Publicado em 18 de novembro de 2021","modified":"Atualizado em 18 de novembro de 2021"},"absolute_dates_time":{"created":"Publicado em 18 de novembro de 2021 10:14","modified":"Atualizado em 18 de novembro de 2021 10:14"},"featured_img_caption":"","series_order":"","_links":{"self":[{"href":"http:\/\/lavras.tv\/site\/wp-json\/wp\/v2\/posts\/52956","targetHints":{"allow":["GET"]}}],"collection":[{"href":"http:\/\/lavras.tv\/site\/wp-json\/wp\/v2\/posts"}],"about":[{"href":"http:\/\/lavras.tv\/site\/wp-json\/wp\/v2\/types\/post"}],"author":[{"embeddable":true,"href":"http:\/\/lavras.tv\/site\/wp-json\/wp\/v2\/users\/2"}],"replies":[{"embeddable":true,"href":"http:\/\/lavras.tv\/site\/wp-json\/wp\/v2\/comments?post=52956"}],"version-history":[{"count":0,"href":"http:\/\/lavras.tv\/site\/wp-json\/wp\/v2\/posts\/52956\/revisions"}],"wp:featuredmedia":[{"embeddable":true,"href":"http:\/\/lavras.tv\/site\/wp-json\/wp\/v2\/media\/52957"}],"wp:attachment":[{"href":"http:\/\/lavras.tv\/site\/wp-json\/wp\/v2\/media?parent=52956"}],"wp:term":[{"taxonomy":"category","embeddable":true,"href":"http:\/\/lavras.tv\/site\/wp-json\/wp\/v2\/categories?post=52956"},{"taxonomy":"post_tag","embeddable":true,"href":"http:\/\/lavras.tv\/site\/wp-json\/wp\/v2\/tags?post=52956"}],"curies":[{"name":"wp","href":"https:\/\/api.w.org\/{rel}","templated":true}]}}