{"id":53203,"date":"2021-12-30T08:23:48","date_gmt":"2021-12-30T11:23:48","guid":{"rendered":"http:\/\/lavras.tv\/site\/?p=53203"},"modified":"2021-12-30T08:23:50","modified_gmt":"2021-12-30T11:23:50","slug":"ipva-mg-2022-zema-decide-sancionar-projeto-que-congela-valor-do-imposto","status":"publish","type":"post","link":"http:\/\/lavras.tv\/site\/2021\/12\/30\/ipva-mg-2022-zema-decide-sancionar-projeto-que-congela-valor-do-imposto\/","title":{"rendered":"IPVA MG 2022: Zema decide sancionar projeto que congela valor do imposto"},"content":{"rendered":"<div class=\"lavra-antes-do-conteudo_2 lavra-entity-placement\" id=\"lavra-3743632005\"><div id=\"lavra-slider-27\" class=\"custom-slider lavra-slider-1446227441 lavra-slider\"><ul><li><div id=\"lavra-383527463\" style=\"margin-left: auto;margin-right: auto;text-align: center;\"><a href=\"https:\/\/sistemas.lavras.mg.gov.br\/portalcidadao\/#df1b1a7c7b2a290bcb31e32771e610784662739a88807c0dacac58ede5f391a7530e299dc302d611ee73cb143fc22eaf93592e53e7b5bdb01b00a0b8d28dae460c141dd2ff83412e4dc1c31b16b25f33144a9e5620ea73b13f5bc1c59411d98439ad226e8af03840603796067d87afe130812cf3de24982d0e306f9e61e764e5\" aria-label=\"Lavras-TV&#8211;720x104px (1) (1)\"><img src=\"http:\/\/lavras.tv\/site\/wp-content\/uploads\/2025\/01\/Lavras-TV-720x104px-1-1.png\" alt=\"\"  srcset=\"http:\/\/lavras.tv\/site\/wp-content\/uploads\/2025\/01\/Lavras-TV-720x104px-1-1.png 720w, http:\/\/lavras.tv\/site\/wp-content\/uploads\/2025\/01\/Lavras-TV-720x104px-1-1-470x68.png 470w, http:\/\/lavras.tv\/site\/wp-content\/uploads\/2025\/01\/Lavras-TV-720x104px-1-1-170x25.png 170w, http:\/\/lavras.tv\/site\/wp-content\/uploads\/2025\/01\/Lavras-TV-720x104px-1-1-200x29.png 200w\" sizes=\"(max-width: 720px) 100vw, 720px\" width=\"720\" height=\"104\"  style=\"display: inline-block;\" \/><\/a><\/div><\/li><li><div id=\"lavra-3174418437\"><a href=\"https:\/\/sistemas.lavras.mg.gov.br\/portalcidadao\/#df1b1a7c7b2a290bcb31e32771e610784662739a88807c0dacac58ede5f391a7530e299dc302d611ee73cb143fc22eaf93592e53e7b5bdb01b00a0b8d28dae460c141dd2ff83412e4dc1c31b16b25f33144a9e5620ea73b13f5bc1c59411d98439ad226e8af03840603796067d87afe130812cf3de24982d0e306f9e61e764e5\" aria-label=\"Banner_Emprego_PortallavrasTV\"><img src=\"http:\/\/lavras.tv\/site\/wp-content\/uploads\/2025\/03\/Banner_Emprego_PortallavrasTV.png\" alt=\"\"  srcset=\"http:\/\/lavras.tv\/site\/wp-content\/uploads\/2025\/03\/Banner_Emprego_PortallavrasTV.png 720w, http:\/\/lavras.tv\/site\/wp-content\/uploads\/2025\/03\/Banner_Emprego_PortallavrasTV-470x68.png 470w, http:\/\/lavras.tv\/site\/wp-content\/uploads\/2025\/03\/Banner_Emprego_PortallavrasTV-170x25.png 170w, http:\/\/lavras.tv\/site\/wp-content\/uploads\/2025\/03\/Banner_Emprego_PortallavrasTV-200x29.png 200w\" sizes=\"(max-width: 720px) 100vw, 720px\" width=\"720\" height=\"104\"   \/><\/a><\/div><\/li><li><div id=\"lavra-3647820659\"><a href=\"https:\/\/sistemas.lavras.mg.gov.br\/portalcidadao\/#df1b1a7c7b2a290bcb31e32771e610784662739a88807c0dacac58ede5f391a7530e299dc302d611ee73cb143fc22eaf93592e53e7b5bdb01b00a0b8d28dae460c141dd2ff83412e4dc1c31b16b25f33144a9e5620ea73b13f5bc1c59411d98439ad226e8af03840603796067d87afe130812cf3de24982d0e306f9e61e764e5\" aria-label=\"Banner_Obras_PortallavrasTV\"><img src=\"http:\/\/lavras.tv\/site\/wp-content\/uploads\/2025\/03\/Banner_Obras_PortallavrasTV.png\" alt=\"\"  srcset=\"http:\/\/lavras.tv\/site\/wp-content\/uploads\/2025\/03\/Banner_Obras_PortallavrasTV.png 720w, http:\/\/lavras.tv\/site\/wp-content\/uploads\/2025\/03\/Banner_Obras_PortallavrasTV-470x68.png 470w, http:\/\/lavras.tv\/site\/wp-content\/uploads\/2025\/03\/Banner_Obras_PortallavrasTV-170x25.png 170w, http:\/\/lavras.tv\/site\/wp-content\/uploads\/2025\/03\/Banner_Obras_PortallavrasTV-200x29.png 200w\" sizes=\"(max-width: 720px) 100vw, 720px\" width=\"720\" height=\"104\"   \/><\/a><\/div><\/li><li><div id=\"lavra-639415118\" style=\"margin-left: auto;margin-right: auto;text-align: center;\"><a href=\"https:\/\/sistemas.lavras.mg.gov.br\/portalcidadao\/#df1b1a7c7b2a290bcb31e32771e610784662739a88807c0dacac58ede5f391a7530e299dc302d611ee73cb143fc22eaf93592e53e7b5bdb01b00a0b8d28dae460c141dd2ff83412e4dc1c31b16b25f33144a9e5620ea73b13f5bc1c59411d98439ad226e8af03840603796067d87afe130812cf3de24982d0e306f9e61e764e5\" aria-label=\"ANUNCIE AQUI NOVO VERMELHO\"><img src=\"http:\/\/lavras.tv\/site\/wp-content\/uploads\/2016\/05\/ANUNCIE-AQUI-NOVO-VERMELHO.png\" alt=\"\"  srcset=\"http:\/\/lavras.tv\/site\/wp-content\/uploads\/2016\/05\/ANUNCIE-AQUI-NOVO-VERMELHO.png 720w, http:\/\/lavras.tv\/site\/wp-content\/uploads\/2016\/05\/ANUNCIE-AQUI-NOVO-VERMELHO-470x68.png 470w, http:\/\/lavras.tv\/site\/wp-content\/uploads\/2016\/05\/ANUNCIE-AQUI-NOVO-VERMELHO-170x25.png 170w\" sizes=\"(max-width: 720px) 100vw, 720px\" width=\"720\" height=\"104\"  style=\"display: inline-block;\" \/><\/a><\/div><\/li><li><div id=\"lavra-881574989\"><a href=\"https:\/\/sistemas.lavras.mg.gov.br\/portalcidadao\/#df1b1a7c7b2a290bcb31e32771e610784662739a88807c0dacac58ede5f391a7530e299dc302d611ee73cb143fc22eaf93592e53e7b5bdb01b00a0b8d28dae460c141dd2ff83412e4dc1c31b16b25f33144a9e5620ea73b13f5bc1c59411d98439ad226e8af03840603796067d87afe130812cf3de24982d0e306f9e61e764e5\" aria-label=\"Banner_Sa\u00fade_PortallavrasTV\"><img src=\"http:\/\/lavras.tv\/site\/wp-content\/uploads\/2025\/03\/Banner_Saude_PortallavrasTV.png\" alt=\"\"  srcset=\"http:\/\/lavras.tv\/site\/wp-content\/uploads\/2025\/03\/Banner_Saude_PortallavrasTV.png 720w, http:\/\/lavras.tv\/site\/wp-content\/uploads\/2025\/03\/Banner_Saude_PortallavrasTV-470x68.png 470w, http:\/\/lavras.tv\/site\/wp-content\/uploads\/2025\/03\/Banner_Saude_PortallavrasTV-170x25.png 170w, http:\/\/lavras.tv\/site\/wp-content\/uploads\/2025\/03\/Banner_Saude_PortallavrasTV-200x29.png 200w\" sizes=\"(max-width: 720px) 100vw, 720px\" width=\"720\" height=\"104\"   \/><\/a><\/div><\/li><li><div id=\"lavra-3714798513\" style=\"width:720px;height:104px;background-color:#ddd;overflow:scroll;\">\n\t<strong>Sa\u00edda da depura\u00e7\u00e3o de an\u00fancios<\/strong>\n\t<br><br>\n\tO an\u00fancio n\u00e3o \u00e9 exibido na p\u00e1gina<br><br>post atual: IPVA MG 2022: Zema decide sancionar projeto que congela valor do imposto, ID: 53203<br><br><span style=\"color: red;\">O post atual n\u00e3o \u00e9 id\u00eantico ao post principal.<\/span><br><br>An\u00fancios: ROXO - TOPO INTERNA - ROTATIVO 2 (197)<br \/>Grupo de an\u00fancios: Princ_Meio01_720x104 (27)<br><br>Condi\u00e7\u00f5es de exibi\u00e7\u00e3o<div style=\"margin-bottom: 20px; white-space: pre-wrap; font-family: monospace; width: 100%; background: #ffe9e9;\"><strong>condi\u00e7\u00f5es gerais<\/strong><table border=\"1\"><thead><tr><th><\/th><th>An\u00fancios<\/th><th>wp_the_query<\/th><\/tr><\/thead><tr><td>is_main_query<\/td><td>1<\/td><td>1<\/td><\/tr><tr><td>is_rest_api<\/td><td>0<\/td><td>1<\/td><\/tr><tr><td>page<\/td><td>0<\/td><td>1<\/td><\/tr><tr><td>numpages<\/td><td>0<\/td><td>1<\/td><\/tr><tr><td>is_archive<\/td><td>1<\/td><td><\/td><\/tr><tr><td>is_search<\/td><td>1<\/td><td><\/td><\/tr><tr><td>is_home<\/td><td>1<\/td><td><\/td><\/tr><tr><td>is_404<\/td><td>1<\/td><td><\/td><\/tr><tr><td>is_attachment<\/td><td>1<\/td><td><\/td><\/tr><tr><td>is_singular<\/td><td>1<\/td><td><\/td><\/tr><tr><td>is_front_page<\/td><td>1<\/td><td><\/td><\/tr><tr><td>is_feed<\/td><td>1<\/td><td><\/td><\/tr><\/table><\/div>\t<br><br>\n\t<a style=\"color: green;\" href=\"https:\/\/wpadvancedads.com\/manual\/ad-debug-mode\/?utm_source=advanced-ads&utm_medium=link&utm_campaign=ad-debug-mode\" target=\"_blank\" rel=\"nofollow\">Encontre solu\u00e7\u00f5es no manual<\/a>\n<\/div>\n<\/li><\/ul><\/div><script>( window.advanced_ads_ready || jQuery( document ).ready ).call( null, function() {var $lavraslider1446227441 = jQuery( \".lavra-slider-1446227441\" );$lavraslider1446227441.on( \"unslider.ready\", function() { jQuery( \"div.custom-slider ul li\" ).css( \"display\", \"block\" ); });$lavraslider1446227441.unslider({ delay:4000, autoplay:true, nav:false, arrows:false, infinite:true });$lavraslider1446227441.on(\"mouseover\", function() {$lavraslider1446227441.unslider(\"stop\");}).on(\"mouseout\", function() {$lavraslider1446227441.unslider(\"start\");});});<\/script><\/div>\n<p class=\"wp-block-paragraph\">O governador de Minas Gerais Romeu Zema (Novo) afirmou, na tarde desta quarta-feira (29), que vai sancionar o congelamento do IPVA 2022 nos mesmos valores de 2021. A declara\u00e7\u00e3o foi feita pelo governador em suas redes sociais, 32 minutos ap\u00f3s o presidente da Assembleia Legislativa de Minas Gerais, Agostinho Patrus, ter indicado, tamb\u00e9m em uma rede social, que caso Zema vetasse a proposta, a ALMG iria derrubar o veto.&nbsp;<\/p>\n\n\n\n<p class=\"wp-block-paragraph\">\u201cO cobertor das contas p\u00fablicas de Minas \u00e9 curto. Mas para amenizar os efeitos da crise no bolso dos mineiros, vou sancionar o congelamento do IPVA 2022 nos mesmos valores de 2021. Seguiremos equilibrando as contas para permitir a\u00e7\u00f5es imediatas sem comprometer o futuro\u201d, afirmou Zema em seu Twitter.<\/p>\n\n\n\n<p class=\"wp-block-paragraph\">Minutos antes, o presidente da Assembleia Agostinho Patrus, sugeriu que o contribuinte n\u00e3o pagasse o imposto antes dos deputados analisarem o veto, caso Zema decidisse por vetar.&nbsp;<\/p>\n\n\n\n<p class=\"wp-block-paragraph\">\u201cPagador de impostos, aten\u00e7\u00e3o: se o Zema vetar a redu\u00e7\u00e3o do IPVA para 2022, n\u00e3o pague at\u00e9 que a Assembleia Legislativa analise o veto. Desta forma, voc\u00ea pagar\u00e1 menos imposto\u201d, pontuou o chefe do Legislativo.<\/p>\n\n\n\n<p class=\"wp-block-paragraph\">O <\/p>\n\n\n\n<p class=\"wp-block-paragraph\">&nbsp;projeto em quest\u00e3o \u00e9 de autoria do deputado estadual Bruno Engler (PRTB) e determina que o valor do IPVA 2022 seja congelado no mesmo valor que o contribuinte pagou em 2021, ou seja, sem nenhuma varia\u00e7\u00e3o. O governo tamb\u00e9m chegou a enviar um projeto para reduzir o reajuste do imposto. Na proposta do Executivo, o tributo passaria a variar conforme a infla\u00e7\u00e3o, ou seja, em 2022 ele sofreria um aumento de 10% no valor. Os deputados ignoraram a proposta de Zema e aprovaram o texto de Engler.&nbsp;<\/p>\n\n\n\n<p class=\"wp-block-paragraph\">O debate sobre um desconto ou congelamento do IPVA surgiu em raz\u00e3o da valoriza\u00e7\u00e3o do pre\u00e7o dos autom\u00f3veis, que reflete diretamente no valor do imposto cobrado anualmente dos propriet\u00e1rios &#8211; j\u00e1 que este corresponde a um percentual do valor do ve\u00edculo.&nbsp;<\/p>\n\n\n\n<p class=\"wp-block-paragraph\">Por causa da pandemia, os ve\u00edculos usados tiveram um aumento expressivo no pre\u00e7o da tabela Fipe, que \u00e9 a refer\u00eancia para o c\u00e1lculo do IPVA. O aumento varia conforme o ve\u00edculo, mas a m\u00e9dia foi de uma alta de 22,81%.&nbsp;<\/p>\n\n\n\n<p class=\"wp-block-paragraph\">O imposto \u00e9 arrecadado pelos Estados, mas a Constitui\u00e7\u00e3o determina que 50% seja repassado aos munic\u00edpios.<\/p>\n\n\n\n<p class=\"wp-block-paragraph\">O autor do projeto, deputado Bruno Engler (PRTB), usou suas redes sociais para comemorar a decis\u00e3o do governador em sancionar o texto.&nbsp;<\/p>\n\n\n\n<p class=\"wp-block-paragraph\">&#8220;O governador&nbsp;RomeuZema anunciou que ir\u00e1 sancionar o meu Projeto de Lei que congela o IPVA para o ano que vem. Parab\u00e9ns, Governador, n\u00e3o seria justo o mineiro arcar com esse aumento&#8221;, declarou.&nbsp;<\/p>\n\n\n\n<p class=\"wp-block-paragraph\">Outro a comentar a decis\u00e3o foi o secret\u00e1rio Geral do Governo Mateus Sim\u00f5es. Ele ressaltou que Minas Gerais vai ser o \u00fanico Estado que n\u00e3o rejustou a tabela do IPVA em 2022.<\/p>\n\n\n\n<p class=\"wp-block-paragraph\">&#8220;Minas \u00e9 o \u00fanico estado que n\u00e3o aplicar\u00e1 a corre\u00e7\u00e3o na tabela dos ve\u00edculos para o IPVA 2022. Medida que vai trazer al\u00edvio \u00e0s contas do come\u00e7o de ano dos mineiros. Essa conten\u00e7\u00e3o do aumento s\u00f3 \u00e9 poss\u00edvel porque estamos &#8220;fazendo o dever de casa&#8221;. Agora s\u00f3 falta aprovar o RRF,&#8221;, pontuou Sim\u00f5es.&nbsp;<\/p>\n\n\n\n<p class=\"wp-block-paragraph\">O deputado Andr\u00e9 Quint\u00e3o&nbsp; (PT), l\u00edder da oposi\u00e7\u00e3o a Zema na ALMG, foi relator do projeto. O petista tamb\u00e9m usou as redes sociais para comentar a decis\u00e3o do governador em sancionar o texto.&nbsp; \u201cEm Minas, o IPVA 2022 n\u00e3o ter\u00e1 aumento. Ap\u00f3s perder no STF, Zema acata a decis\u00e3o correta da ALMG e vai sancionar o PL&nbsp; que congelou a Tabela de IPVA. Como relator, comemoro a vit\u00f3ria para o povo mineiro\u201d, publicou.<\/p>\n\n\n\n<p class=\"wp-block-paragraph\"><strong>Entenda o caso<\/strong><\/p>\n\n\n\n<p class=\"wp-block-paragraph\">O impasse em rela\u00e7\u00e3o ao IPVA surgiu em meio \u00e0 falta de acordo entre governo e Assembleia sobre o Regime de Recupera\u00e7\u00e3o Fiscal (RFF), que tranca a pauta do Legislativo desde novembro. Na tentativa de fazer o projeto avan\u00e7ar na Casa, o governo enviou em dezembro uma proposta que previa o desconto de aproximadamente 10% no IPVA de 2022 para os mineiros.<\/p>\n\n\n\n<p class=\"wp-block-paragraph\">O projeto foi apensado a outro texto, do deputado Bruno Engler, que previa o congelamento do imposto para o pr\u00f3ximo ano. E, por se tratar de uma proposta no \u00e2mbito de medidas em resposta \u00e0 pandemia de Covid-19, o presidente da Casa, deputado Agostinho Patrus (PV), pautou o tema na Casa, ignorando a urg\u00eancia do RRF.<\/p>\n\n\n\n<p class=\"wp-block-paragraph\">O texto foi aprovado no \u00faltimo dia 15. O governo recorreu \u00e0 Justi\u00e7a que, em um primeiro momento, anulou a vota\u00e7\u00e3o que definiu pela aprova\u00e7\u00e3o do congelamento do IPVA. No entanto, o entendimento do presidente do Tribunal de Justi\u00e7a de Minas Gerais (TJMG), desembargador Gilson Soares Lemes, e do presidente do Supremo Tribunal Federal, ministro Luiz Fux, foi outro e a vota\u00e7\u00e3o foi mantida. Agora, cabe ao governador decidir pela san\u00e7\u00e3o ou n\u00e3o do projeto e divulgar o calend\u00e1rio com as datas de pagamento do imposto.<\/p>\n\n\n\n<figure class=\"wp-block-image size-large\"><img fetchpriority=\"high\" decoding=\"async\" width=\"970\" height=\"646\" src=\"http:\/\/lavras.tv\/site\/wp-content\/uploads\/2021\/12\/image-970x646.jpeg\" alt=\"\" class=\"wp-image-53204\" srcset=\"http:\/\/lavras.tv\/site\/wp-content\/uploads\/2021\/12\/image-970x646.jpeg 970w, http:\/\/lavras.tv\/site\/wp-content\/uploads\/2021\/12\/image-451x300.jpeg 451w, http:\/\/lavras.tv\/site\/wp-content\/uploads\/2021\/12\/image-170x113.jpeg 170w, http:\/\/lavras.tv\/site\/wp-content\/uploads\/2021\/12\/image.jpeg 1200w\" sizes=\"(max-width: 970px) 100vw, 970px\" \/><\/figure>\n\n\n\n<p class=\"wp-block-paragraph\">Fonte: O Tempo<\/p>\n\n\n\n<p class=\"wp-block-paragraph\"><\/p>\n\n\n\n<div class=\"wp-block-group\"><div class=\"wp-block-group__inner-container is-layout-flow wp-block-group-is-layout-flow\"><\/div><\/div>\n\n\n\n<p class=\"wp-block-paragraph\"><\/p>\n\n\n\n<p class=\"wp-block-paragraph\"><\/p>\n","protected":false},"excerpt":{"rendered":"<p>O governador de Minas Gerais Romeu Zema (Novo) afirmou, na tarde desta quarta-feira (29), que vai sancionar o congelamento do IPVA 2022 nos mesmos valores de 2021. A declara\u00e7\u00e3o foi feita pelo governador em suas redes sociais, 32 minutos ap\u00f3s o presidente da Assembleia Legislativa de Minas Gerais, Agostinho Patrus, ter indicado, tamb\u00e9m em uma [&hellip;]<\/p>\n","protected":false},"author":2,"featured_media":53204,"comment_status":"closed","ping_status":"open","sticky":false,"template":"","format":"standard","meta":{"advgb_blocks_editor_width":"","advgb_blocks_columns_visual_guide":"","_exactmetrics_skip_tracking":false,"footnotes":""},"categories":[7,2],"tags":[],"class_list":["post-53203","post","type-post","status-publish","format-standard","has-post-thumbnail","hentry","category-destaques","category-noticias"],"better_featured_image":{"id":53204,"alt_text":"","caption":"","description":"","media_type":"image","media_details":{"width":1200,"height":799,"file":"2021\/12\/image.jpeg","sizes":{"medium":{"file":"image-451x300.jpeg","width":451,"height":300,"mime-type":"image\/jpeg","source_url":"http:\/\/lavras.tv\/site\/wp-content\/uploads\/2021\/12\/image-451x300.jpeg"},"large":{"file":"image-970x646.jpeg","width":970,"height":646,"mime-type":"image\/jpeg","source_url":"http:\/\/lavras.tv\/site\/wp-content\/uploads\/2021\/12\/image-970x646.jpeg"},"thumbnail":{"file":"image-170x113.jpeg","width":170,"height":113,"mime-type":"image\/jpeg","source_url":"http:\/\/lavras.tv\/site\/wp-content\/uploads\/2021\/12\/image-170x113.jpeg"},"alm-thumbnail":{"file":"image-150x150.jpeg","width":150,"height":150,"mime-type":"image\/jpeg","source_url":"http:\/\/lavras.tv\/site\/wp-content\/uploads\/2021\/12\/image-150x150.jpeg"}},"image_meta":{"aperture":"0","credit":"","camera":"","caption":"","created_timestamp":"0","copyright":"","focal_length":"0","iso":"0","shutter_speed":"0","title":"","orientation":"0","keywords":[]}},"post":53203,"source_url":"http:\/\/lavras.tv\/site\/wp-content\/uploads\/2021\/12\/image.jpeg"},"author_meta":{"display_name":"Lavras TV","author_link":"http:\/\/lavras.tv\/site\/author\/lavrastv\/"},"featured_img":"http:\/\/lavras.tv\/site\/wp-content\/uploads\/2021\/12\/image-451x300.jpeg","coauthors":[],"tax_additional":{"categories":{"linked":["<a href=\"http:\/\/lavras.tv\/site\/category\/destaques\/\" class=\"advgb-post-tax-term\">Destaques<\/a>","<a href=\"http:\/\/lavras.tv\/site\/category\/noticias\/\" class=\"advgb-post-tax-term\">Not\u00edcias<\/a>"],"unlinked":["<span class=\"advgb-post-tax-term\">Destaques<\/span>","<span class=\"advgb-post-tax-term\">Not\u00edcias<\/span>"]}},"comment_count":"0","relative_dates":{"created":"Publicado 5 anos atr\u00e1s","modified":"Atualizado 5 anos atr\u00e1s"},"absolute_dates":{"created":"Publicado em 30 de dezembro de 2021","modified":"Atualizado em 30 de dezembro de 2021"},"absolute_dates_time":{"created":"Publicado em 30 de dezembro de 2021 08:23","modified":"Atualizado em 30 de dezembro de 2021 08:23"},"featured_img_caption":"","series_order":"","_links":{"self":[{"href":"http:\/\/lavras.tv\/site\/wp-json\/wp\/v2\/posts\/53203","targetHints":{"allow":["GET"]}}],"collection":[{"href":"http:\/\/lavras.tv\/site\/wp-json\/wp\/v2\/posts"}],"about":[{"href":"http:\/\/lavras.tv\/site\/wp-json\/wp\/v2\/types\/post"}],"author":[{"embeddable":true,"href":"http:\/\/lavras.tv\/site\/wp-json\/wp\/v2\/users\/2"}],"replies":[{"embeddable":true,"href":"http:\/\/lavras.tv\/site\/wp-json\/wp\/v2\/comments?post=53203"}],"version-history":[{"count":0,"href":"http:\/\/lavras.tv\/site\/wp-json\/wp\/v2\/posts\/53203\/revisions"}],"wp:featuredmedia":[{"embeddable":true,"href":"http:\/\/lavras.tv\/site\/wp-json\/wp\/v2\/media\/53204"}],"wp:attachment":[{"href":"http:\/\/lavras.tv\/site\/wp-json\/wp\/v2\/media?parent=53203"}],"wp:term":[{"taxonomy":"category","embeddable":true,"href":"http:\/\/lavras.tv\/site\/wp-json\/wp\/v2\/categories?post=53203"},{"taxonomy":"post_tag","embeddable":true,"href":"http:\/\/lavras.tv\/site\/wp-json\/wp\/v2\/tags?post=53203"}],"curies":[{"name":"wp","href":"https:\/\/api.w.org\/{rel}","templated":true}]}}