{"id":53284,"date":"2022-01-11T09:52:03","date_gmt":"2022-01-11T12:52:03","guid":{"rendered":"http:\/\/lavras.tv\/site\/?p=53284"},"modified":"2022-01-11T09:52:06","modified_gmt":"2022-01-11T12:52:06","slug":"mg-matricula-de-inscritos-no-cadastramento-escolar-2022-se-encerra-nesta-sexta","status":"publish","type":"post","link":"http:\/\/lavras.tv\/site\/2022\/01\/11\/mg-matricula-de-inscritos-no-cadastramento-escolar-2022-se-encerra-nesta-sexta\/","title":{"rendered":"MG: matr\u00edcula de inscritos no cadastramento escolar 2022  se encerra nesta sexta"},"content":{"rendered":"<div class=\"lavra-antes-do-conteudo_2 lavra-entity-placement\" id=\"lavra-1542306283\"><div id=\"lavra-slider-27\" class=\"custom-slider lavra-slider-1907813221 lavra-slider\"><ul><li><div id=\"lavra-502178010\" style=\"margin-left: auto;margin-right: auto;text-align: center;\"><a href=\"https:\/\/sistemas.lavras.mg.gov.br\/portalcidadao\/#df1b1a7c7b2a290bcb31e32771e610784662739a88807c0dacac58ede5f391a7530e299dc302d611ee73cb143fc22eaf93592e53e7b5bdb01b00a0b8d28dae460c141dd2ff83412e4dc1c31b16b25f33144a9e5620ea73b13f5bc1c59411d98439ad226e8af03840603796067d87afe130812cf3de24982d0e306f9e61e764e5\" aria-label=\"Lavras-TV&#8211;720x104px (1) (1)\"><img src=\"http:\/\/lavras.tv\/site\/wp-content\/uploads\/2025\/01\/Lavras-TV-720x104px-1-1.png\" alt=\"\"  srcset=\"http:\/\/lavras.tv\/site\/wp-content\/uploads\/2025\/01\/Lavras-TV-720x104px-1-1.png 720w, http:\/\/lavras.tv\/site\/wp-content\/uploads\/2025\/01\/Lavras-TV-720x104px-1-1-470x68.png 470w, http:\/\/lavras.tv\/site\/wp-content\/uploads\/2025\/01\/Lavras-TV-720x104px-1-1-170x25.png 170w, http:\/\/lavras.tv\/site\/wp-content\/uploads\/2025\/01\/Lavras-TV-720x104px-1-1-200x29.png 200w\" sizes=\"(max-width: 720px) 100vw, 720px\" width=\"720\" height=\"104\"  style=\"display: inline-block;\" \/><\/a><\/div><\/li><li><div id=\"lavra-3044523150\"><a href=\"https:\/\/sistemas.lavras.mg.gov.br\/portalcidadao\/#df1b1a7c7b2a290bcb31e32771e610784662739a88807c0dacac58ede5f391a7530e299dc302d611ee73cb143fc22eaf93592e53e7b5bdb01b00a0b8d28dae460c141dd2ff83412e4dc1c31b16b25f33144a9e5620ea73b13f5bc1c59411d98439ad226e8af03840603796067d87afe130812cf3de24982d0e306f9e61e764e5\" aria-label=\"Banner_Emprego_PortallavrasTV\"><img src=\"http:\/\/lavras.tv\/site\/wp-content\/uploads\/2025\/03\/Banner_Emprego_PortallavrasTV.png\" alt=\"\"  srcset=\"http:\/\/lavras.tv\/site\/wp-content\/uploads\/2025\/03\/Banner_Emprego_PortallavrasTV.png 720w, http:\/\/lavras.tv\/site\/wp-content\/uploads\/2025\/03\/Banner_Emprego_PortallavrasTV-470x68.png 470w, http:\/\/lavras.tv\/site\/wp-content\/uploads\/2025\/03\/Banner_Emprego_PortallavrasTV-170x25.png 170w, http:\/\/lavras.tv\/site\/wp-content\/uploads\/2025\/03\/Banner_Emprego_PortallavrasTV-200x29.png 200w\" sizes=\"(max-width: 720px) 100vw, 720px\" width=\"720\" height=\"104\"   \/><\/a><\/div><\/li><li><div id=\"lavra-249974376\"><a href=\"https:\/\/sistemas.lavras.mg.gov.br\/portalcidadao\/#df1b1a7c7b2a290bcb31e32771e610784662739a88807c0dacac58ede5f391a7530e299dc302d611ee73cb143fc22eaf93592e53e7b5bdb01b00a0b8d28dae460c141dd2ff83412e4dc1c31b16b25f33144a9e5620ea73b13f5bc1c59411d98439ad226e8af03840603796067d87afe130812cf3de24982d0e306f9e61e764e5\" aria-label=\"Banner_Obras_PortallavrasTV\"><img src=\"http:\/\/lavras.tv\/site\/wp-content\/uploads\/2025\/03\/Banner_Obras_PortallavrasTV.png\" alt=\"\"  srcset=\"http:\/\/lavras.tv\/site\/wp-content\/uploads\/2025\/03\/Banner_Obras_PortallavrasTV.png 720w, http:\/\/lavras.tv\/site\/wp-content\/uploads\/2025\/03\/Banner_Obras_PortallavrasTV-470x68.png 470w, http:\/\/lavras.tv\/site\/wp-content\/uploads\/2025\/03\/Banner_Obras_PortallavrasTV-170x25.png 170w, http:\/\/lavras.tv\/site\/wp-content\/uploads\/2025\/03\/Banner_Obras_PortallavrasTV-200x29.png 200w\" sizes=\"(max-width: 720px) 100vw, 720px\" width=\"720\" height=\"104\"   \/><\/a><\/div><\/li><li><div id=\"lavra-1629233630\" style=\"margin-left: auto;margin-right: auto;text-align: center;\"><a href=\"https:\/\/sistemas.lavras.mg.gov.br\/portalcidadao\/#df1b1a7c7b2a290bcb31e32771e610784662739a88807c0dacac58ede5f391a7530e299dc302d611ee73cb143fc22eaf93592e53e7b5bdb01b00a0b8d28dae460c141dd2ff83412e4dc1c31b16b25f33144a9e5620ea73b13f5bc1c59411d98439ad226e8af03840603796067d87afe130812cf3de24982d0e306f9e61e764e5\" aria-label=\"ANUNCIE AQUI NOVO VERMELHO\"><img src=\"http:\/\/lavras.tv\/site\/wp-content\/uploads\/2016\/05\/ANUNCIE-AQUI-NOVO-VERMELHO.png\" alt=\"\"  srcset=\"http:\/\/lavras.tv\/site\/wp-content\/uploads\/2016\/05\/ANUNCIE-AQUI-NOVO-VERMELHO.png 720w, http:\/\/lavras.tv\/site\/wp-content\/uploads\/2016\/05\/ANUNCIE-AQUI-NOVO-VERMELHO-470x68.png 470w, http:\/\/lavras.tv\/site\/wp-content\/uploads\/2016\/05\/ANUNCIE-AQUI-NOVO-VERMELHO-170x25.png 170w\" sizes=\"(max-width: 720px) 100vw, 720px\" width=\"720\" height=\"104\"  style=\"display: inline-block;\" \/><\/a><\/div><\/li><li><div id=\"lavra-3112808641\"><a href=\"https:\/\/sistemas.lavras.mg.gov.br\/portalcidadao\/#df1b1a7c7b2a290bcb31e32771e610784662739a88807c0dacac58ede5f391a7530e299dc302d611ee73cb143fc22eaf93592e53e7b5bdb01b00a0b8d28dae460c141dd2ff83412e4dc1c31b16b25f33144a9e5620ea73b13f5bc1c59411d98439ad226e8af03840603796067d87afe130812cf3de24982d0e306f9e61e764e5\" aria-label=\"Banner_Sa\u00fade_PortallavrasTV\"><img src=\"http:\/\/lavras.tv\/site\/wp-content\/uploads\/2025\/03\/Banner_Saude_PortallavrasTV.png\" alt=\"\"  srcset=\"http:\/\/lavras.tv\/site\/wp-content\/uploads\/2025\/03\/Banner_Saude_PortallavrasTV.png 720w, http:\/\/lavras.tv\/site\/wp-content\/uploads\/2025\/03\/Banner_Saude_PortallavrasTV-470x68.png 470w, http:\/\/lavras.tv\/site\/wp-content\/uploads\/2025\/03\/Banner_Saude_PortallavrasTV-170x25.png 170w, http:\/\/lavras.tv\/site\/wp-content\/uploads\/2025\/03\/Banner_Saude_PortallavrasTV-200x29.png 200w\" sizes=\"(max-width: 720px) 100vw, 720px\" width=\"720\" height=\"104\"   \/><\/a><\/div><\/li><li><div id=\"lavra-287150331\" style=\"width:720px;height:104px;background-color:#ddd;overflow:scroll;\">\n\t<strong>Sa\u00edda da depura\u00e7\u00e3o de an\u00fancios<\/strong>\n\t<br><br>\n\tO an\u00fancio n\u00e3o \u00e9 exibido na p\u00e1gina<br><br>post atual: MG: matr\u00edcula de inscritos no cadastramento escolar 2022  se encerra nesta sexta, ID: 53284<br><br><span style=\"color: red;\">O post atual n\u00e3o \u00e9 id\u00eantico ao post principal.<\/span><br><br>An\u00fancios: ROXO - TOPO INTERNA - ROTATIVO 2 (197)<br \/>Grupo de an\u00fancios: Princ_Meio01_720x104 (27)<br><br>Condi\u00e7\u00f5es de exibi\u00e7\u00e3o<div style=\"margin-bottom: 20px; white-space: pre-wrap; font-family: monospace; width: 100%; background: #ffe9e9;\"><strong>condi\u00e7\u00f5es gerais<\/strong><table border=\"1\"><thead><tr><th><\/th><th>An\u00fancios<\/th><th>wp_the_query<\/th><\/tr><\/thead><tr><td>is_main_query<\/td><td>1<\/td><td>1<\/td><\/tr><tr><td>is_rest_api<\/td><td>0<\/td><td>1<\/td><\/tr><tr><td>page<\/td><td>0<\/td><td>1<\/td><\/tr><tr><td>numpages<\/td><td>0<\/td><td>1<\/td><\/tr><tr><td>is_archive<\/td><td>1<\/td><td><\/td><\/tr><tr><td>is_search<\/td><td>1<\/td><td><\/td><\/tr><tr><td>is_home<\/td><td>1<\/td><td><\/td><\/tr><tr><td>is_404<\/td><td>1<\/td><td><\/td><\/tr><tr><td>is_attachment<\/td><td>1<\/td><td><\/td><\/tr><tr><td>is_singular<\/td><td>1<\/td><td><\/td><\/tr><tr><td>is_front_page<\/td><td>1<\/td><td><\/td><\/tr><tr><td>is_feed<\/td><td>1<\/td><td><\/td><\/tr><\/table><\/div>\t<br><br>\n\t<a style=\"color: green;\" href=\"https:\/\/wpadvancedads.com\/manual\/ad-debug-mode\/?utm_source=advanced-ads&utm_medium=link&utm_campaign=ad-debug-mode\" target=\"_blank\" rel=\"nofollow\">Encontre solu\u00e7\u00f5es no manual<\/a>\n<\/div>\n<\/li><\/ul><\/div><script>( window.advanced_ads_ready || jQuery( document ).ready ).call( null, function() {var $lavraslider1907813221 = jQuery( \".lavra-slider-1907813221\" );$lavraslider1907813221.on( \"unslider.ready\", function() { jQuery( \"div.custom-slider ul li\" ).css( \"display\", \"block\" ); });$lavraslider1907813221.unslider({ delay:4000, autoplay:true, nav:false, arrows:false, infinite:true });$lavraslider1907813221.on(\"mouseover\", function() {$lavraslider1907813221.unslider(\"stop\");}).on(\"mouseout\", function() {$lavraslider1907813221.unslider(\"start\");});});<\/script><\/div>\n<p class=\"wp-block-paragraph\">Aten\u00e7\u00e3o pais e\/ou respons\u00e1veis ou jovens maiores de 18 anos que se cadastraram para uma vaga na rede p\u00fablica de ensino de Minas Gerais em 2022: termina na pr\u00f3xima sexta-feira (14\/1) o prazo para a realiza\u00e7\u00e3o da matr\u00edcula dos inscritos no Sistema \u00danico de Cadastro e Encaminhamento para Matr\u00edcula (Sucem). Para efetiva\u00e7\u00e3o da matr\u00edcula \u00e9 necess\u00e1rio comparecer \u00e0 escola para a qual o estudante foi encaminhado e apresentar a documenta\u00e7\u00e3o solicitada.<\/p>\n\n\n\n<p class=\"wp-block-paragraph\">Os inscritos no Sucem podem consultar a escola para qual o estudante foi encaminhado acessando o site&nbsp;<a href=\"https:\/\/cadastroescolar.educacao.mg.gov.br\/\" target=\"_blank\" rel=\"noreferrer noopener\">cadastroescolar.educacao.mg.gov.br<\/a>.<\/p>\n\n\n\n<p class=\"wp-block-paragraph\">A distribui\u00e7\u00e3o dos alunos inscritos no Sucem foi realizada de acordo com a disponibilidade de vagas por turno, o espa\u00e7o f\u00edsico de cada escola, o tipo de atendimento prestado e o n\u00edvel de ensino disponibilizado, sempre respeitando os crit\u00e9rios de aloca\u00e7\u00e3o e desempate na seguinte ordem de prioridade: I &#8211; aluno com defici\u00eancia; II &#8211; zoneamento; III &#8211; zona; IV &#8211; aluno com irm\u00e3os que frequentam a escola pretendida, respeitando-se o zoneamento; V &#8211; aluno j\u00e1 integrante da rede p\u00fablica de ensino e VI &#8211; aluno com menor idade.<\/p>\n\n\n\n<p class=\"wp-block-paragraph\"><strong>Documenta\u00e7\u00e3o<\/strong><\/p>\n\n\n\n<p class=\"wp-block-paragraph\">Para a efetiva\u00e7\u00e3o da matr\u00edcula, os pais\/respons\u00e1veis ou o pr\u00f3prio aluno, quando maior de idade, dever\u00e3o apresentar a seguinte documenta\u00e7\u00e3o:<\/p>\n\n\n\n<p class=\"wp-block-paragraph\">&#8211; Documento de Identidade ou, na sua aus\u00eancia, Certid\u00e3o de Nascimento\/Casamento do aluno, original e c\u00f3pia;<\/p>\n\n\n\n<p class=\"wp-block-paragraph\">&#8211; CPF do aluno, original e c\u00f3pia, sendo obrigat\u00f3ria a apresenta\u00e7\u00e3o se for maior de idade e facultativa se menor de idade;<\/p>\n\n\n\n<p class=\"wp-block-paragraph\">&#8211; Comprovante de resid\u00eancia, original e c\u00f3pia, no nome de um dos pais\/respons\u00e1veis ou do aluno, quando maior de idade;<\/p>\n\n\n\n<p class=\"wp-block-paragraph\">&#8211; Hist\u00f3rico Escolar ou Declara\u00e7\u00e3o de Transfer\u00eancia, com indica\u00e7\u00e3o do ano de escolaridade que o aluno est\u00e1 habilitado a cursar em 2022, ficando o documento original na escola;<\/p>\n\n\n\n<p class=\"wp-block-paragraph\">&#8211; Hist\u00f3rico Escolar ou Declara\u00e7\u00e3o de Conclus\u00e3o do Ensino M\u00e9dio ou Parecer da&nbsp;<a href=\"https:\/\/www2.educacao.mg.gov.br\/\" target=\"_blank\" rel=\"noreferrer noopener\">Secretaria de Estado de Educa\u00e7\u00e3o<\/a>&nbsp;e publica\u00e7\u00e3o de Equival\u00eancia de Estudos, conclu\u00eddos no exterior, ao ensino m\u00e9dio brasileiro, para o candidato\/aluno que for ingressar no curso t\u00e9cnico na forma subsequente;&nbsp;<\/p>\n\n\n\n<p class=\"wp-block-paragraph\">&#8211; Ou Hist\u00f3rico Escolar ou Declara\u00e7\u00e3o de Escolaridade, comprovando matr\u00edcula no ensino m\u00e9dio, para o aluno que for ingressar no curso t\u00e9cnico na forma concomitante.<\/p>\n\n\n\n<p class=\"wp-block-paragraph\">Para o aluno menor de idade \u00e9 necess\u00e1ria, ainda, a apresenta\u00e7\u00e3o de documento de identidade e do CPF, originais e c\u00f3pias, de um dos pais\/respons\u00e1veis.<\/p>\n\n\n\n<div class=\"wp-block-image\"><figure class=\"aligncenter size-full\"><img fetchpriority=\"high\" decoding=\"async\" width=\"748\" height=\"478\" src=\"http:\/\/lavras.tv\/site\/wp-content\/uploads\/2022\/01\/Educacao1.png\" alt=\"\" class=\"wp-image-53285\" srcset=\"http:\/\/lavras.tv\/site\/wp-content\/uploads\/2022\/01\/Educacao1.png 748w, http:\/\/lavras.tv\/site\/wp-content\/uploads\/2022\/01\/Educacao1-470x300.png 470w, http:\/\/lavras.tv\/site\/wp-content\/uploads\/2022\/01\/Educacao1-170x109.png 170w\" sizes=\"(max-width: 748px) 100vw, 748px\" \/><\/figure><\/div>\n\n\n\n<p class=\"wp-block-paragraph\"><strong>Vagas remanescentes<\/strong><\/p>\n\n\n\n<p class=\"wp-block-paragraph\">O candidato que n\u00e3o fez a inscri\u00e7\u00e3o no Sucem dentro do prazo estabelecido dever\u00e1 aguardar o per\u00edodo de vagas remanescentes, previsto para \u00a025\/1 a 23\/2.<\/p>\n\n\n\n<p class=\"wp-block-paragraph\">Fonte: Governo de MG<\/p>\n","protected":false},"excerpt":{"rendered":"<p>Aten\u00e7\u00e3o pais e\/ou respons\u00e1veis ou jovens maiores de 18 anos que se cadastraram para uma vaga na rede p\u00fablica de ensino de Minas Gerais em 2022: termina na pr\u00f3xima sexta-feira (14\/1) o prazo para a realiza\u00e7\u00e3o da matr\u00edcula dos inscritos no Sistema \u00danico de Cadastro e Encaminhamento para Matr\u00edcula (Sucem). Para efetiva\u00e7\u00e3o da matr\u00edcula \u00e9 [&hellip;]<\/p>\n","protected":false},"author":2,"featured_media":53285,"comment_status":"closed","ping_status":"open","sticky":false,"template":"","format":"standard","meta":{"advgb_blocks_editor_width":"","advgb_blocks_columns_visual_guide":"","_exactmetrics_skip_tracking":false,"footnotes":""},"categories":[7,2],"tags":[],"class_list":["post-53284","post","type-post","status-publish","format-standard","has-post-thumbnail","hentry","category-destaques","category-noticias"],"better_featured_image":{"id":53285,"alt_text":"","caption":"","description":"","media_type":"image","media_details":{"width":748,"height":478,"file":"2022\/01\/Educacao1.png","sizes":{"medium":{"file":"Educacao1-470x300.png","width":470,"height":300,"mime-type":"image\/png","source_url":"http:\/\/lavras.tv\/site\/wp-content\/uploads\/2022\/01\/Educacao1-470x300.png"},"thumbnail":{"file":"Educacao1-170x109.png","width":170,"height":109,"mime-type":"image\/png","source_url":"http:\/\/lavras.tv\/site\/wp-content\/uploads\/2022\/01\/Educacao1-170x109.png"},"alm-thumbnail":{"file":"Educacao1-150x150.png","width":150,"height":150,"mime-type":"image\/png","source_url":"http:\/\/lavras.tv\/site\/wp-content\/uploads\/2022\/01\/Educacao1-150x150.png"}},"image_meta":{"aperture":"0","credit":"","camera":"","caption":"","created_timestamp":"0","copyright":"","focal_length":"0","iso":"0","shutter_speed":"0","title":"","orientation":"0","keywords":[]}},"post":53284,"source_url":"http:\/\/lavras.tv\/site\/wp-content\/uploads\/2022\/01\/Educacao1.png"},"author_meta":{"display_name":"Lavras TV","author_link":"http:\/\/lavras.tv\/site\/author\/lavrastv\/"},"featured_img":"http:\/\/lavras.tv\/site\/wp-content\/uploads\/2022\/01\/Educacao1-470x300.png","coauthors":[],"tax_additional":{"categories":{"linked":["<a href=\"http:\/\/lavras.tv\/site\/category\/destaques\/\" class=\"advgb-post-tax-term\">Destaques<\/a>","<a href=\"http:\/\/lavras.tv\/site\/category\/noticias\/\" class=\"advgb-post-tax-term\">Not\u00edcias<\/a>"],"unlinked":["<span class=\"advgb-post-tax-term\">Destaques<\/span>","<span class=\"advgb-post-tax-term\">Not\u00edcias<\/span>"]}},"comment_count":"0","relative_dates":{"created":"Publicado 5 anos atr\u00e1s","modified":"Atualizado 5 anos atr\u00e1s"},"absolute_dates":{"created":"Publicado em 11 de janeiro de 2022","modified":"Atualizado em 11 de janeiro de 2022"},"absolute_dates_time":{"created":"Publicado em 11 de janeiro de 2022 09:52","modified":"Atualizado em 11 de janeiro de 2022 09:52"},"featured_img_caption":"","series_order":"","_links":{"self":[{"href":"http:\/\/lavras.tv\/site\/wp-json\/wp\/v2\/posts\/53284","targetHints":{"allow":["GET"]}}],"collection":[{"href":"http:\/\/lavras.tv\/site\/wp-json\/wp\/v2\/posts"}],"about":[{"href":"http:\/\/lavras.tv\/site\/wp-json\/wp\/v2\/types\/post"}],"author":[{"embeddable":true,"href":"http:\/\/lavras.tv\/site\/wp-json\/wp\/v2\/users\/2"}],"replies":[{"embeddable":true,"href":"http:\/\/lavras.tv\/site\/wp-json\/wp\/v2\/comments?post=53284"}],"version-history":[{"count":0,"href":"http:\/\/lavras.tv\/site\/wp-json\/wp\/v2\/posts\/53284\/revisions"}],"wp:featuredmedia":[{"embeddable":true,"href":"http:\/\/lavras.tv\/site\/wp-json\/wp\/v2\/media\/53285"}],"wp:attachment":[{"href":"http:\/\/lavras.tv\/site\/wp-json\/wp\/v2\/media?parent=53284"}],"wp:term":[{"taxonomy":"category","embeddable":true,"href":"http:\/\/lavras.tv\/site\/wp-json\/wp\/v2\/categories?post=53284"},{"taxonomy":"post_tag","embeddable":true,"href":"http:\/\/lavras.tv\/site\/wp-json\/wp\/v2\/tags?post=53284"}],"curies":[{"name":"wp","href":"https:\/\/api.w.org\/{rel}","templated":true}]}}