{"id":53296,"date":"2022-01-13T09:19:39","date_gmt":"2022-01-13T12:19:39","guid":{"rendered":"http:\/\/lavras.tv\/site\/?p=53296"},"modified":"2022-01-13T09:19:40","modified_gmt":"2022-01-13T12:19:40","slug":"educacao-prorroga-periodo-de-matriculas-na-rede-estadual-ate-o-dia-21-deste-mes","status":"publish","type":"post","link":"http:\/\/lavras.tv\/site\/2022\/01\/13\/educacao-prorroga-periodo-de-matriculas-na-rede-estadual-ate-o-dia-21-deste-mes\/","title":{"rendered":"Educa\u00e7\u00e3o prorroga per\u00edodo de matr\u00edculas na rede estadual at\u00e9 o dia 21 deste m\u00eas"},"content":{"rendered":"<div class=\"lavra-antes-do-conteudo_2 lavra-entity-placement\" id=\"lavra-3250185219\"><div id=\"lavra-slider-27\" class=\"custom-slider lavra-slider-2035398672 lavra-slider\"><ul><li><div id=\"lavra-1794383897\" style=\"margin-left: auto;margin-right: auto;text-align: center;\"><a href=\"https:\/\/sistemas.lavras.mg.gov.br\/portalcidadao\/#df1b1a7c7b2a290bcb31e32771e610784662739a88807c0dacac58ede5f391a7530e299dc302d611ee73cb143fc22eaf93592e53e7b5bdb01b00a0b8d28dae460c141dd2ff83412e4dc1c31b16b25f33144a9e5620ea73b13f5bc1c59411d98439ad226e8af03840603796067d87afe130812cf3de24982d0e306f9e61e764e5\" aria-label=\"Lavras-TV&#8211;720x104px (1) (1)\"><img src=\"http:\/\/lavras.tv\/site\/wp-content\/uploads\/2025\/01\/Lavras-TV-720x104px-1-1.png\" alt=\"\"  srcset=\"http:\/\/lavras.tv\/site\/wp-content\/uploads\/2025\/01\/Lavras-TV-720x104px-1-1.png 720w, http:\/\/lavras.tv\/site\/wp-content\/uploads\/2025\/01\/Lavras-TV-720x104px-1-1-470x68.png 470w, http:\/\/lavras.tv\/site\/wp-content\/uploads\/2025\/01\/Lavras-TV-720x104px-1-1-170x25.png 170w, http:\/\/lavras.tv\/site\/wp-content\/uploads\/2025\/01\/Lavras-TV-720x104px-1-1-200x29.png 200w\" sizes=\"(max-width: 720px) 100vw, 720px\" width=\"720\" height=\"104\"  style=\"display: inline-block;\" \/><\/a><\/div><\/li><li><div id=\"lavra-577852227\"><a href=\"https:\/\/sistemas.lavras.mg.gov.br\/portalcidadao\/#df1b1a7c7b2a290bcb31e32771e610784662739a88807c0dacac58ede5f391a7530e299dc302d611ee73cb143fc22eaf93592e53e7b5bdb01b00a0b8d28dae460c141dd2ff83412e4dc1c31b16b25f33144a9e5620ea73b13f5bc1c59411d98439ad226e8af03840603796067d87afe130812cf3de24982d0e306f9e61e764e5\" aria-label=\"Banner_Emprego_PortallavrasTV\"><img src=\"http:\/\/lavras.tv\/site\/wp-content\/uploads\/2025\/03\/Banner_Emprego_PortallavrasTV.png\" alt=\"\"  srcset=\"http:\/\/lavras.tv\/site\/wp-content\/uploads\/2025\/03\/Banner_Emprego_PortallavrasTV.png 720w, http:\/\/lavras.tv\/site\/wp-content\/uploads\/2025\/03\/Banner_Emprego_PortallavrasTV-470x68.png 470w, http:\/\/lavras.tv\/site\/wp-content\/uploads\/2025\/03\/Banner_Emprego_PortallavrasTV-170x25.png 170w, http:\/\/lavras.tv\/site\/wp-content\/uploads\/2025\/03\/Banner_Emprego_PortallavrasTV-200x29.png 200w\" sizes=\"(max-width: 720px) 100vw, 720px\" width=\"720\" height=\"104\"   \/><\/a><\/div><\/li><li><div id=\"lavra-1460748148\"><a href=\"https:\/\/sistemas.lavras.mg.gov.br\/portalcidadao\/#df1b1a7c7b2a290bcb31e32771e610784662739a88807c0dacac58ede5f391a7530e299dc302d611ee73cb143fc22eaf93592e53e7b5bdb01b00a0b8d28dae460c141dd2ff83412e4dc1c31b16b25f33144a9e5620ea73b13f5bc1c59411d98439ad226e8af03840603796067d87afe130812cf3de24982d0e306f9e61e764e5\" aria-label=\"Banner_Obras_PortallavrasTV\"><img src=\"http:\/\/lavras.tv\/site\/wp-content\/uploads\/2025\/03\/Banner_Obras_PortallavrasTV.png\" alt=\"\"  srcset=\"http:\/\/lavras.tv\/site\/wp-content\/uploads\/2025\/03\/Banner_Obras_PortallavrasTV.png 720w, http:\/\/lavras.tv\/site\/wp-content\/uploads\/2025\/03\/Banner_Obras_PortallavrasTV-470x68.png 470w, http:\/\/lavras.tv\/site\/wp-content\/uploads\/2025\/03\/Banner_Obras_PortallavrasTV-170x25.png 170w, http:\/\/lavras.tv\/site\/wp-content\/uploads\/2025\/03\/Banner_Obras_PortallavrasTV-200x29.png 200w\" sizes=\"(max-width: 720px) 100vw, 720px\" width=\"720\" height=\"104\"   \/><\/a><\/div><\/li><li><div id=\"lavra-1790215342\" style=\"margin-left: auto;margin-right: auto;text-align: center;\"><a href=\"https:\/\/sistemas.lavras.mg.gov.br\/portalcidadao\/#df1b1a7c7b2a290bcb31e32771e610784662739a88807c0dacac58ede5f391a7530e299dc302d611ee73cb143fc22eaf93592e53e7b5bdb01b00a0b8d28dae460c141dd2ff83412e4dc1c31b16b25f33144a9e5620ea73b13f5bc1c59411d98439ad226e8af03840603796067d87afe130812cf3de24982d0e306f9e61e764e5\" aria-label=\"ANUNCIE AQUI NOVO VERMELHO\"><img src=\"http:\/\/lavras.tv\/site\/wp-content\/uploads\/2016\/05\/ANUNCIE-AQUI-NOVO-VERMELHO.png\" alt=\"\"  srcset=\"http:\/\/lavras.tv\/site\/wp-content\/uploads\/2016\/05\/ANUNCIE-AQUI-NOVO-VERMELHO.png 720w, http:\/\/lavras.tv\/site\/wp-content\/uploads\/2016\/05\/ANUNCIE-AQUI-NOVO-VERMELHO-470x68.png 470w, http:\/\/lavras.tv\/site\/wp-content\/uploads\/2016\/05\/ANUNCIE-AQUI-NOVO-VERMELHO-170x25.png 170w\" sizes=\"(max-width: 720px) 100vw, 720px\" width=\"720\" height=\"104\"  style=\"display: inline-block;\" \/><\/a><\/div><\/li><li><div id=\"lavra-283498037\"><a href=\"https:\/\/sistemas.lavras.mg.gov.br\/portalcidadao\/#df1b1a7c7b2a290bcb31e32771e610784662739a88807c0dacac58ede5f391a7530e299dc302d611ee73cb143fc22eaf93592e53e7b5bdb01b00a0b8d28dae460c141dd2ff83412e4dc1c31b16b25f33144a9e5620ea73b13f5bc1c59411d98439ad226e8af03840603796067d87afe130812cf3de24982d0e306f9e61e764e5\" aria-label=\"Banner_Sa\u00fade_PortallavrasTV\"><img src=\"http:\/\/lavras.tv\/site\/wp-content\/uploads\/2025\/03\/Banner_Saude_PortallavrasTV.png\" alt=\"\"  srcset=\"http:\/\/lavras.tv\/site\/wp-content\/uploads\/2025\/03\/Banner_Saude_PortallavrasTV.png 720w, http:\/\/lavras.tv\/site\/wp-content\/uploads\/2025\/03\/Banner_Saude_PortallavrasTV-470x68.png 470w, http:\/\/lavras.tv\/site\/wp-content\/uploads\/2025\/03\/Banner_Saude_PortallavrasTV-170x25.png 170w, http:\/\/lavras.tv\/site\/wp-content\/uploads\/2025\/03\/Banner_Saude_PortallavrasTV-200x29.png 200w\" sizes=\"(max-width: 720px) 100vw, 720px\" width=\"720\" height=\"104\"   \/><\/a><\/div><\/li><li><div id=\"lavra-874318926\" style=\"width:720px;height:104px;background-color:#ddd;overflow:scroll;\">\n\t<strong>Sa\u00edda da depura\u00e7\u00e3o de an\u00fancios<\/strong>\n\t<br><br>\n\tO an\u00fancio n\u00e3o \u00e9 exibido na p\u00e1gina<br><br>post atual: Educa\u00e7\u00e3o prorroga per\u00edodo de matr\u00edculas na rede estadual at\u00e9 o dia 21 deste m\u00eas, ID: 53296<br><br><span style=\"color: red;\">O post atual n\u00e3o \u00e9 id\u00eantico ao post principal.<\/span><br><br>An\u00fancios: ROXO - TOPO INTERNA - ROTATIVO 2 (197)<br \/>Grupo de an\u00fancios: Princ_Meio01_720x104 (27)<br><br>Condi\u00e7\u00f5es de exibi\u00e7\u00e3o<div style=\"margin-bottom: 20px; white-space: pre-wrap; font-family: monospace; width: 100%; background: #ffe9e9;\"><strong>condi\u00e7\u00f5es gerais<\/strong><table border=\"1\"><thead><tr><th><\/th><th>An\u00fancios<\/th><th>wp_the_query<\/th><\/tr><\/thead><tr><td>is_main_query<\/td><td>1<\/td><td>1<\/td><\/tr><tr><td>is_rest_api<\/td><td>0<\/td><td>1<\/td><\/tr><tr><td>page<\/td><td>0<\/td><td>1<\/td><\/tr><tr><td>numpages<\/td><td>0<\/td><td>1<\/td><\/tr><tr><td>is_archive<\/td><td>1<\/td><td><\/td><\/tr><tr><td>is_search<\/td><td>1<\/td><td><\/td><\/tr><tr><td>is_home<\/td><td>1<\/td><td><\/td><\/tr><tr><td>is_404<\/td><td>1<\/td><td><\/td><\/tr><tr><td>is_attachment<\/td><td>1<\/td><td><\/td><\/tr><tr><td>is_singular<\/td><td>1<\/td><td><\/td><\/tr><tr><td>is_front_page<\/td><td>1<\/td><td><\/td><\/tr><tr><td>is_feed<\/td><td>1<\/td><td><\/td><\/tr><\/table><\/div>\t<br><br>\n\t<a style=\"color: green;\" href=\"https:\/\/wpadvancedads.com\/manual\/ad-debug-mode\/?utm_source=advanced-ads&utm_medium=link&utm_campaign=ad-debug-mode\" target=\"_blank\" rel=\"nofollow\">Encontre solu\u00e7\u00f5es no manual<\/a>\n<\/div>\n<\/li><\/ul><\/div><script>( window.advanced_ads_ready || jQuery( document ).ready ).call( null, function() {var $lavraslider2035398672 = jQuery( \".lavra-slider-2035398672\" );$lavraslider2035398672.on( \"unslider.ready\", function() { jQuery( \"div.custom-slider ul li\" ).css( \"display\", \"block\" ); });$lavraslider2035398672.unslider({ delay:4000, autoplay:true, nav:false, arrows:false, infinite:true });$lavraslider2035398672.on(\"mouseover\", function() {$lavraslider2035398672.unslider(\"stop\");}).on(\"mouseout\", function() {$lavraslider2035398672.unslider(\"start\");});});<\/script><\/div>\n<p class=\"wp-block-paragraph\">Em raz\u00e3o dos transtornos provocados pelas fortes chuvas em v\u00e1rias regi\u00f5es de Minas Gerais nas \u00faltimas semanas, o que provocou situa\u00e7\u00e3o de emerg\u00eancia em v\u00e1rios munic\u00edpios, a\u00a0Secretaria de Estado de Educa\u00e7\u00e3o de Minas Gerais (SEE\/MG)\u00a0ir\u00e1 prorrogar o per\u00edodo de matr\u00edculas dos estudantes que se cadastraram para uma vaga na rede p\u00fablica de ensino em 2022 para at\u00e9 21\/1, e n\u00e3o 14\/1. Ou seja, pais e\/ou respons\u00e1veis ou jovens maiores de 18 anos ganharam mais uma semana para comparecer \u00e0 escola para a qual o estudante foi encaminhado e efetivar a matr\u00edcula. As altera\u00e7\u00f5es no cronograma est\u00e3o na Resolu\u00e7\u00e3o SEE N\u00ba 4.695, publicada no Di\u00e1rio Oficial de Minas Gerais desta quarta-feira (12\/1).<\/p>\n\n\n\n<p class=\"wp-block-paragraph\">Os inscritos no Sistema \u00danico de Cadastro e Encaminhamento para Matr\u00edcula (Sucem) podem consultar a escola para qual o estudante foi encaminhado acessando o site&nbsp;<a href=\"https:\/\/cadastroescolar.educacao.mg.gov.br\/\" target=\"_blank\" rel=\"noreferrer noopener\">cadastroescolar.educacao.mg.gov.br<\/a>.<\/p>\n\n\n\n<p class=\"wp-block-paragraph\">A distribui\u00e7\u00e3o dos alunos inscritos no Sucem foi realizada de acordo com a disponibilidade de vagas por turno, o espa\u00e7o f\u00edsico de cada escola, o tipo de atendimento prestado e o n\u00edvel de ensino disponibilizado, sempre respeitando os crit\u00e9rios de aloca\u00e7\u00e3o e desempate na seguinte ordem de prioridade: I &#8211; aluno com defici\u00eancia; II &#8211; zoneamento; III &#8211; zona; IV &#8211; aluno com irm\u00e3os que frequentam a escola pretendida, respeitando-se o zoneamento; V &#8211; aluno j\u00e1 integrante da rede p\u00fablica de ensino e VI &#8211; aluno com menor idade.<\/p>\n\n\n\n<div class=\"wp-block-image\"><figure class=\"aligncenter size-full\"><img fetchpriority=\"high\" decoding=\"async\" width=\"771\" height=\"407\" src=\"http:\/\/lavras.tv\/site\/wp-content\/uploads\/2020\/12\/escola.jpg\" alt=\"\" class=\"wp-image-50270\" srcset=\"http:\/\/lavras.tv\/site\/wp-content\/uploads\/2020\/12\/escola.jpg 771w, http:\/\/lavras.tv\/site\/wp-content\/uploads\/2020\/12\/escola-470x248.jpg 470w, http:\/\/lavras.tv\/site\/wp-content\/uploads\/2020\/12\/escola-170x90.jpg 170w\" sizes=\"(max-width: 771px) 100vw, 771px\" \/><\/figure><\/div>\n\n\n\n<p class=\"wp-block-paragraph\"><strong>Documenta\u00e7\u00e3o<\/strong><\/p>\n\n\n\n<p class=\"wp-block-paragraph\">Para a efetiva\u00e7\u00e3o da matr\u00edcula, os pais\/respons\u00e1veis ou o pr\u00f3prio aluno, quando maior de idade, dever\u00e3o apresentar a seguinte documenta\u00e7\u00e3o:<\/p>\n\n\n\n<p class=\"wp-block-paragraph\">&#8211; Documento de Identidade ou, na sua aus\u00eancia, Certid\u00e3o de Nascimento\/Casamento do aluno, original e c\u00f3pia;<\/p>\n\n\n\n<p class=\"wp-block-paragraph\">&#8211; CPF do aluno, original e c\u00f3pia, sendo obrigat\u00f3ria a apresenta\u00e7\u00e3o se for maior de idade e facultativa se menor de idade;<\/p>\n\n\n\n<p class=\"wp-block-paragraph\">&#8211; Comprovante de resid\u00eancia, original e c\u00f3pia, no nome de um dos pais\/respons\u00e1veis ou do aluno, quando maior de idade;<\/p>\n\n\n\n<p class=\"wp-block-paragraph\">&#8211; Hist\u00f3rico Escolar ou Declara\u00e7\u00e3o de Transfer\u00eancia, com indica\u00e7\u00e3o do ano de escolaridade que o aluno est\u00e1 habilitado a cursar em 2022, ficando o documento original na escola;<\/p>\n\n\n\n<p class=\"wp-block-paragraph\">&#8211; Hist\u00f3rico Escolar ou Declara\u00e7\u00e3o de Conclus\u00e3o do Ensino M\u00e9dio ou Parecer da Secretaria de Estado de Educa\u00e7\u00e3o e publica\u00e7\u00e3o de Equival\u00eancia de Estudos, conclu\u00eddos no exterior, ao ensino m\u00e9dio brasileiro, para o candidato\/aluno que for ingressar no curso t\u00e9cnico na forma subsequente; ou<\/p>\n\n\n\n<p class=\"wp-block-paragraph\">&#8211; Hist\u00f3rico Escolar ou Declara\u00e7\u00e3o de Escolaridade, comprovando matr\u00edcula no ensino m\u00e9dio, para o aluno que for ingressar no curso t\u00e9cnico na forma concomitante.<\/p>\n\n\n\n<p class=\"wp-block-paragraph\">Para o aluno menor de idade \u00e9 necess\u00e1ria, ainda, a apresenta\u00e7\u00e3o de documento de identidade e do CPF, originais e c\u00f3pias, de um dos pais\/respons\u00e1veis.<\/p>\n\n\n\n<p class=\"wp-block-paragraph\"><strong>Vagas remanescentes<\/strong><\/p>\n\n\n\n<p class=\"wp-block-paragraph\">Com a prorroga\u00e7\u00e3o do per\u00edodo de matr\u00edcula, o prazo para inscri\u00e7\u00e3o nas vagas remanescentes tamb\u00e9m ser\u00e1 alterado. Agora, o candidato que n\u00e3o fez o cadastro no Sucem dentro do prazo estabelecido dever\u00e1 aguardar o per\u00edodo de vagas remanescentes, previsto para o per\u00edodo de 1 a 23\/2.<\/p>\n\n\n\n<p class=\"wp-block-paragraph\">Fonte: Governo de MG<\/p>\n","protected":false},"excerpt":{"rendered":"<p>Em raz\u00e3o dos transtornos provocados pelas fortes chuvas em v\u00e1rias regi\u00f5es de Minas Gerais nas \u00faltimas semanas, o que provocou situa\u00e7\u00e3o de emerg\u00eancia em v\u00e1rios munic\u00edpios, a\u00a0Secretaria de Estado de Educa\u00e7\u00e3o de Minas Gerais (SEE\/MG)\u00a0ir\u00e1 prorrogar o per\u00edodo de matr\u00edculas dos estudantes que se cadastraram para uma vaga na rede p\u00fablica de ensino em 2022 [&hellip;]<\/p>\n","protected":false},"author":2,"featured_media":50270,"comment_status":"closed","ping_status":"open","sticky":false,"template":"","format":"standard","meta":{"advgb_blocks_editor_width":"","advgb_blocks_columns_visual_guide":"","_exactmetrics_skip_tracking":false,"footnotes":""},"categories":[7,2],"tags":[],"class_list":["post-53296","post","type-post","status-publish","format-standard","has-post-thumbnail","hentry","category-destaques","category-noticias"],"better_featured_image":{"id":50270,"alt_text":"","caption":"","description":"","media_type":"image","media_details":{"width":771,"height":407,"file":"2020\/12\/escola.jpg","sizes":{"medium":{"file":"escola-470x248.jpg","width":470,"height":248,"mime-type":"image\/jpeg","source_url":"http:\/\/lavras.tv\/site\/wp-content\/uploads\/2020\/12\/escola-470x248.jpg"},"thumbnail":{"file":"escola-170x90.jpg","width":170,"height":90,"mime-type":"image\/jpeg","source_url":"http:\/\/lavras.tv\/site\/wp-content\/uploads\/2020\/12\/escola-170x90.jpg"},"alm-thumbnail":{"file":"escola-150x150.jpg","width":150,"height":150,"mime-type":"image\/jpeg","source_url":"http:\/\/lavras.tv\/site\/wp-content\/uploads\/2020\/12\/escola-150x150.jpg"}},"image_meta":{"aperture":"0","credit":"","camera":"","caption":"","created_timestamp":"0","copyright":"","focal_length":"0","iso":"0","shutter_speed":"0","title":"","orientation":"0","keywords":[]}},"post":50269,"source_url":"http:\/\/lavras.tv\/site\/wp-content\/uploads\/2020\/12\/escola.jpg"},"author_meta":{"display_name":"Lavras TV","author_link":"http:\/\/lavras.tv\/site\/author\/lavrastv\/"},"featured_img":"http:\/\/lavras.tv\/site\/wp-content\/uploads\/2020\/12\/escola-470x248.jpg","coauthors":[],"tax_additional":{"categories":{"linked":["<a href=\"http:\/\/lavras.tv\/site\/category\/destaques\/\" class=\"advgb-post-tax-term\">Destaques<\/a>","<a href=\"http:\/\/lavras.tv\/site\/category\/noticias\/\" class=\"advgb-post-tax-term\">Not\u00edcias<\/a>"],"unlinked":["<span class=\"advgb-post-tax-term\">Destaques<\/span>","<span class=\"advgb-post-tax-term\">Not\u00edcias<\/span>"]}},"comment_count":"0","relative_dates":{"created":"Publicado 5 anos atr\u00e1s","modified":"Atualizado 5 anos atr\u00e1s"},"absolute_dates":{"created":"Publicado em 13 de janeiro de 2022","modified":"Atualizado em 13 de janeiro de 2022"},"absolute_dates_time":{"created":"Publicado em 13 de janeiro de 2022 09:19","modified":"Atualizado em 13 de janeiro de 2022 09:19"},"featured_img_caption":"","series_order":"","_links":{"self":[{"href":"http:\/\/lavras.tv\/site\/wp-json\/wp\/v2\/posts\/53296","targetHints":{"allow":["GET"]}}],"collection":[{"href":"http:\/\/lavras.tv\/site\/wp-json\/wp\/v2\/posts"}],"about":[{"href":"http:\/\/lavras.tv\/site\/wp-json\/wp\/v2\/types\/post"}],"author":[{"embeddable":true,"href":"http:\/\/lavras.tv\/site\/wp-json\/wp\/v2\/users\/2"}],"replies":[{"embeddable":true,"href":"http:\/\/lavras.tv\/site\/wp-json\/wp\/v2\/comments?post=53296"}],"version-history":[{"count":0,"href":"http:\/\/lavras.tv\/site\/wp-json\/wp\/v2\/posts\/53296\/revisions"}],"wp:featuredmedia":[{"embeddable":true,"href":"http:\/\/lavras.tv\/site\/wp-json\/wp\/v2\/media\/50270"}],"wp:attachment":[{"href":"http:\/\/lavras.tv\/site\/wp-json\/wp\/v2\/media?parent=53296"}],"wp:term":[{"taxonomy":"category","embeddable":true,"href":"http:\/\/lavras.tv\/site\/wp-json\/wp\/v2\/categories?post=53296"},{"taxonomy":"post_tag","embeddable":true,"href":"http:\/\/lavras.tv\/site\/wp-json\/wp\/v2\/tags?post=53296"}],"curies":[{"name":"wp","href":"https:\/\/api.w.org\/{rel}","templated":true}]}}