{"id":53461,"date":"2022-02-08T08:47:18","date_gmt":"2022-02-08T11:47:18","guid":{"rendered":"http:\/\/lavras.tv\/site\/?p=53461"},"modified":"2022-02-08T08:47:20","modified_gmt":"2022-02-08T11:47:20","slug":"brasil-ja-registra-quatro-casos-da-sublinhagem-ba-2-da-cepa-omicron-do-coronavirus","status":"publish","type":"post","link":"http:\/\/lavras.tv\/site\/2022\/02\/08\/brasil-ja-registra-quatro-casos-da-sublinhagem-ba-2-da-cepa-omicron-do-coronavirus\/","title":{"rendered":"Brasil j\u00e1 registra quatro casos da sublinhagem BA.2 da cepa \u00d4micron do Coronav\u00edrus"},"content":{"rendered":"<div class=\"lavra-antes-do-conteudo_2 lavra-entity-placement\" id=\"lavra-287381475\"><div id=\"lavra-slider-27\" class=\"custom-slider lavra-slider-4233284126 lavra-slider\"><ul><li><div id=\"lavra-690802824\" style=\"margin-left: auto;margin-right: auto;text-align: center;\"><a href=\"https:\/\/sistemas.lavras.mg.gov.br\/portalcidadao\/#df1b1a7c7b2a290bcb31e32771e610784662739a88807c0dacac58ede5f391a7530e299dc302d611ee73cb143fc22eaf93592e53e7b5bdb01b00a0b8d28dae460c141dd2ff83412e4dc1c31b16b25f33144a9e5620ea73b13f5bc1c59411d98439ad226e8af03840603796067d87afe130812cf3de24982d0e306f9e61e764e5\" aria-label=\"Lavras-TV&#8211;720x104px (1) (1)\"><img src=\"http:\/\/lavras.tv\/site\/wp-content\/uploads\/2025\/01\/Lavras-TV-720x104px-1-1.png\" alt=\"\"  srcset=\"http:\/\/lavras.tv\/site\/wp-content\/uploads\/2025\/01\/Lavras-TV-720x104px-1-1.png 720w, http:\/\/lavras.tv\/site\/wp-content\/uploads\/2025\/01\/Lavras-TV-720x104px-1-1-470x68.png 470w, http:\/\/lavras.tv\/site\/wp-content\/uploads\/2025\/01\/Lavras-TV-720x104px-1-1-170x25.png 170w, http:\/\/lavras.tv\/site\/wp-content\/uploads\/2025\/01\/Lavras-TV-720x104px-1-1-200x29.png 200w\" sizes=\"(max-width: 720px) 100vw, 720px\" width=\"720\" height=\"104\"  style=\"display: inline-block;\" \/><\/a><\/div><\/li><li><div id=\"lavra-3795126755\"><a href=\"https:\/\/sistemas.lavras.mg.gov.br\/portalcidadao\/#df1b1a7c7b2a290bcb31e32771e610784662739a88807c0dacac58ede5f391a7530e299dc302d611ee73cb143fc22eaf93592e53e7b5bdb01b00a0b8d28dae460c141dd2ff83412e4dc1c31b16b25f33144a9e5620ea73b13f5bc1c59411d98439ad226e8af03840603796067d87afe130812cf3de24982d0e306f9e61e764e5\" aria-label=\"Banner_Emprego_PortallavrasTV\"><img src=\"http:\/\/lavras.tv\/site\/wp-content\/uploads\/2025\/03\/Banner_Emprego_PortallavrasTV.png\" alt=\"\"  srcset=\"http:\/\/lavras.tv\/site\/wp-content\/uploads\/2025\/03\/Banner_Emprego_PortallavrasTV.png 720w, http:\/\/lavras.tv\/site\/wp-content\/uploads\/2025\/03\/Banner_Emprego_PortallavrasTV-470x68.png 470w, http:\/\/lavras.tv\/site\/wp-content\/uploads\/2025\/03\/Banner_Emprego_PortallavrasTV-170x25.png 170w, http:\/\/lavras.tv\/site\/wp-content\/uploads\/2025\/03\/Banner_Emprego_PortallavrasTV-200x29.png 200w\" sizes=\"(max-width: 720px) 100vw, 720px\" width=\"720\" height=\"104\"   \/><\/a><\/div><\/li><li><div id=\"lavra-3321045918\"><a href=\"https:\/\/sistemas.lavras.mg.gov.br\/portalcidadao\/#df1b1a7c7b2a290bcb31e32771e610784662739a88807c0dacac58ede5f391a7530e299dc302d611ee73cb143fc22eaf93592e53e7b5bdb01b00a0b8d28dae460c141dd2ff83412e4dc1c31b16b25f33144a9e5620ea73b13f5bc1c59411d98439ad226e8af03840603796067d87afe130812cf3de24982d0e306f9e61e764e5\" aria-label=\"Banner_Obras_PortallavrasTV\"><img src=\"http:\/\/lavras.tv\/site\/wp-content\/uploads\/2025\/03\/Banner_Obras_PortallavrasTV.png\" alt=\"\"  srcset=\"http:\/\/lavras.tv\/site\/wp-content\/uploads\/2025\/03\/Banner_Obras_PortallavrasTV.png 720w, http:\/\/lavras.tv\/site\/wp-content\/uploads\/2025\/03\/Banner_Obras_PortallavrasTV-470x68.png 470w, http:\/\/lavras.tv\/site\/wp-content\/uploads\/2025\/03\/Banner_Obras_PortallavrasTV-170x25.png 170w, http:\/\/lavras.tv\/site\/wp-content\/uploads\/2025\/03\/Banner_Obras_PortallavrasTV-200x29.png 200w\" sizes=\"(max-width: 720px) 100vw, 720px\" width=\"720\" height=\"104\"   \/><\/a><\/div><\/li><li><div id=\"lavra-1149711679\" style=\"margin-left: auto;margin-right: auto;text-align: center;\"><a href=\"https:\/\/sistemas.lavras.mg.gov.br\/portalcidadao\/#df1b1a7c7b2a290bcb31e32771e610784662739a88807c0dacac58ede5f391a7530e299dc302d611ee73cb143fc22eaf93592e53e7b5bdb01b00a0b8d28dae460c141dd2ff83412e4dc1c31b16b25f33144a9e5620ea73b13f5bc1c59411d98439ad226e8af03840603796067d87afe130812cf3de24982d0e306f9e61e764e5\" aria-label=\"ANUNCIE AQUI NOVO VERMELHO\"><img src=\"http:\/\/lavras.tv\/site\/wp-content\/uploads\/2016\/05\/ANUNCIE-AQUI-NOVO-VERMELHO.png\" alt=\"\"  srcset=\"http:\/\/lavras.tv\/site\/wp-content\/uploads\/2016\/05\/ANUNCIE-AQUI-NOVO-VERMELHO.png 720w, http:\/\/lavras.tv\/site\/wp-content\/uploads\/2016\/05\/ANUNCIE-AQUI-NOVO-VERMELHO-470x68.png 470w, http:\/\/lavras.tv\/site\/wp-content\/uploads\/2016\/05\/ANUNCIE-AQUI-NOVO-VERMELHO-170x25.png 170w\" sizes=\"(max-width: 720px) 100vw, 720px\" width=\"720\" height=\"104\"  style=\"display: inline-block;\" \/><\/a><\/div><\/li><li><div id=\"lavra-3830446114\"><a href=\"https:\/\/sistemas.lavras.mg.gov.br\/portalcidadao\/#df1b1a7c7b2a290bcb31e32771e610784662739a88807c0dacac58ede5f391a7530e299dc302d611ee73cb143fc22eaf93592e53e7b5bdb01b00a0b8d28dae460c141dd2ff83412e4dc1c31b16b25f33144a9e5620ea73b13f5bc1c59411d98439ad226e8af03840603796067d87afe130812cf3de24982d0e306f9e61e764e5\" aria-label=\"Banner_Sa\u00fade_PortallavrasTV\"><img src=\"http:\/\/lavras.tv\/site\/wp-content\/uploads\/2025\/03\/Banner_Saude_PortallavrasTV.png\" alt=\"\"  srcset=\"http:\/\/lavras.tv\/site\/wp-content\/uploads\/2025\/03\/Banner_Saude_PortallavrasTV.png 720w, http:\/\/lavras.tv\/site\/wp-content\/uploads\/2025\/03\/Banner_Saude_PortallavrasTV-470x68.png 470w, http:\/\/lavras.tv\/site\/wp-content\/uploads\/2025\/03\/Banner_Saude_PortallavrasTV-170x25.png 170w, http:\/\/lavras.tv\/site\/wp-content\/uploads\/2025\/03\/Banner_Saude_PortallavrasTV-200x29.png 200w\" sizes=\"(max-width: 720px) 100vw, 720px\" width=\"720\" height=\"104\"   \/><\/a><\/div><\/li><li><div id=\"lavra-1926871778\" style=\"width:720px;height:104px;background-color:#ddd;overflow:scroll;\">\n\t<strong>Sa\u00edda da depura\u00e7\u00e3o de an\u00fancios<\/strong>\n\t<br><br>\n\tO an\u00fancio n\u00e3o \u00e9 exibido na p\u00e1gina<br><br>post atual: Brasil j\u00e1 registra quatro casos da sublinhagem BA.2 da cepa \u00d4micron do Coronav\u00edrus, ID: 53461<br><br><span style=\"color: red;\">O post atual n\u00e3o \u00e9 id\u00eantico ao post principal.<\/span><br><br>An\u00fancios: ROXO - TOPO INTERNA - ROTATIVO 2 (197)<br \/>Grupo de an\u00fancios: Princ_Meio01_720x104 (27)<br><br>Condi\u00e7\u00f5es de exibi\u00e7\u00e3o<div style=\"margin-bottom: 20px; white-space: pre-wrap; font-family: monospace; width: 100%; background: #ffe9e9;\"><strong>condi\u00e7\u00f5es gerais<\/strong><table border=\"1\"><thead><tr><th><\/th><th>An\u00fancios<\/th><th>wp_the_query<\/th><\/tr><\/thead><tr><td>is_main_query<\/td><td>1<\/td><td>1<\/td><\/tr><tr><td>is_rest_api<\/td><td>0<\/td><td>1<\/td><\/tr><tr><td>page<\/td><td>0<\/td><td>1<\/td><\/tr><tr><td>numpages<\/td><td>0<\/td><td>1<\/td><\/tr><tr><td>is_archive<\/td><td>1<\/td><td><\/td><\/tr><tr><td>is_search<\/td><td>1<\/td><td><\/td><\/tr><tr><td>is_home<\/td><td>1<\/td><td><\/td><\/tr><tr><td>is_404<\/td><td>1<\/td><td><\/td><\/tr><tr><td>is_attachment<\/td><td>1<\/td><td><\/td><\/tr><tr><td>is_singular<\/td><td>1<\/td><td><\/td><\/tr><tr><td>is_front_page<\/td><td>1<\/td><td><\/td><\/tr><tr><td>is_feed<\/td><td>1<\/td><td><\/td><\/tr><\/table><\/div>\t<br><br>\n\t<a style=\"color: green;\" href=\"https:\/\/wpadvancedads.com\/manual\/ad-debug-mode\/?utm_source=advanced-ads&utm_medium=link&utm_campaign=ad-debug-mode\" target=\"_blank\" rel=\"nofollow\">Encontre solu\u00e7\u00f5es no manual<\/a>\n<\/div>\n<\/li><\/ul><\/div><script>( window.advanced_ads_ready || jQuery( document ).ready ).call( null, function() {var $lavraslider4233284126 = jQuery( \".lavra-slider-4233284126\" );$lavraslider4233284126.on( \"unslider.ready\", function() { jQuery( \"div.custom-slider ul li\" ).css( \"display\", \"block\" ); });$lavraslider4233284126.unslider({ delay:4000, autoplay:true, nav:false, arrows:false, infinite:true });$lavraslider4233284126.on(\"mouseover\", function() {$lavraslider4233284126.unslider(\"stop\");}).on(\"mouseout\", function() {$lavraslider4233284126.unslider(\"start\");});});<\/script><\/div>\n<p class=\"wp-block-paragraph\">Nesta segunda-feira (7), a Funda\u00e7\u00e3o Oswaldo Cruz (Fiocruz) identificou tr\u00eas casos da sublinhagem BA.2 da variante \u00d3micron do coronav\u00edrus. Dois casos foram confirmados no estado do Rio de Janeiro e um em Santa Catarina. A identifica\u00e7\u00e3o se deu por meio de sequenciamento gen\u00e9tico. Outro caso no pa\u00eds, identificado em S\u00e3o Paulo, n\u00e3o passou pela funda\u00e7\u00e3o.<\/p>\n\n\n\n<p class=\"wp-block-paragraph\">A informa\u00e7\u00e3o da presen\u00e7a da BA.2 no pa\u00eds foi confirmada pelo Laborat\u00f3rio de V\u00edrus Respirat\u00f3rios e Sarampo da Fiocruz, que trabalha no mapeamento do DNA do coronav\u00edrus desde o in\u00edcio da pandemia.<\/p>\n\n\n\n<p class=\"wp-block-paragraph\">A nova linhagem \u00e9 mais contagiosa, afirma a Fiocruz, mas s\u00e3o necess\u00e1rias mais pesquisas para determinar se \u00e9 mais perigosa.<\/p>\n\n\n\n<p class=\"wp-block-paragraph\"><strong>Em S\u00e3o Paulo<\/strong><br>Tamb\u00e9m na tarde desta segunda (7), a Secretaria Municipal da Sa\u00fade de S\u00e3o Paulo confirmou um caso da BA.2.<\/p>\n\n\n\n<p class=\"wp-block-paragraph\">Segundo a secretaria, o paciente \u00e9 um homem de 22 anos, do munic\u00edpio de Santo Andr\u00e9, na Grande S\u00e3o Paulo, que foi atendido em uma unidade de sa\u00fade na capital paulista. Ele foi vacinado com duas doses do imunizante contra a Covid-19, mas ainda n\u00e3o est\u00e1 apto a receber a dose de refor\u00e7o.<\/p>\n\n\n\n<p class=\"wp-block-paragraph\">O paciente est\u00e1 com sintomas leves e ficou em isolamento domiciliar assim que surgiram os sinaisda doen\u00e7a. Nenhum parente do homem adoeceu, e ele informou n\u00e3o ter viajado.<\/p>\n\n\n\n<p class=\"wp-block-paragraph\">De acordo com a Fiocruz, a sublinhagam da \u00d4micron \u00e9 considerada ainda mais transmiss\u00edvel e j\u00e1 se tornou dominante em diversos pa\u00edses, como Dinamarca e \u00cdndia.<\/p>\n\n\n\n<p class=\"wp-block-paragraph\">Ela foi identificada pela Organiza\u00e7\u00e3o Mundial da Sa\u00fade (OMS) em 7 de dezembro e tem cerca de 40 muta\u00e7\u00f5es em rela\u00e7\u00e3o \u00e0 variante ogirinal da \u00d4micron, a BA.1.<\/p>\n\n\n\n<div class=\"wp-block-image\"><figure class=\"aligncenter size-large\"><img fetchpriority=\"high\" decoding=\"async\" width=\"970\" height=\"485\" src=\"http:\/\/lavras.tv\/site\/wp-content\/uploads\/2022\/02\/coronavirus-970x485.png\" alt=\"\" class=\"wp-image-53462\" srcset=\"http:\/\/lavras.tv\/site\/wp-content\/uploads\/2022\/02\/coronavirus-970x485.png 970w, http:\/\/lavras.tv\/site\/wp-content\/uploads\/2022\/02\/coronavirus-470x235.png 470w, http:\/\/lavras.tv\/site\/wp-content\/uploads\/2022\/02\/coronavirus-170x85.png 170w, http:\/\/lavras.tv\/site\/wp-content\/uploads\/2022\/02\/coronavirus.png 1300w\" sizes=\"(max-width: 970px) 100vw, 970px\" \/><\/figure><\/div>\n\n\n\n<p class=\"wp-block-paragraph\"><\/p>\n\n\n\n<p class=\"wp-block-paragraph\">Fonte: Ag\u00eancia Brasil<\/p>\n","protected":false},"excerpt":{"rendered":"<p>Nesta segunda-feira (7), a Funda\u00e7\u00e3o Oswaldo Cruz (Fiocruz) identificou tr\u00eas casos da sublinhagem BA.2 da variante \u00d3micron do coronav\u00edrus. Dois casos foram confirmados no estado do Rio de Janeiro e um em Santa Catarina. A identifica\u00e7\u00e3o se deu por meio de sequenciamento gen\u00e9tico. Outro caso no pa\u00eds, identificado em S\u00e3o Paulo, n\u00e3o passou pela funda\u00e7\u00e3o. [&hellip;]<\/p>\n","protected":false},"author":2,"featured_media":53462,"comment_status":"closed","ping_status":"open","sticky":false,"template":"","format":"standard","meta":{"advgb_blocks_editor_width":"","advgb_blocks_columns_visual_guide":"","_exactmetrics_skip_tracking":false,"footnotes":""},"categories":[7,2],"tags":[],"class_list":["post-53461","post","type-post","status-publish","format-standard","has-post-thumbnail","hentry","category-destaques","category-noticias"],"better_featured_image":{"id":53462,"alt_text":"","caption":"","description":"","media_type":"image","media_details":{"width":1300,"height":650,"file":"2022\/02\/coronavirus.png","sizes":{"medium":{"file":"coronavirus-470x235.png","width":470,"height":235,"mime-type":"image\/png","source_url":"http:\/\/lavras.tv\/site\/wp-content\/uploads\/2022\/02\/coronavirus-470x235.png"},"large":{"file":"coronavirus-970x485.png","width":970,"height":485,"mime-type":"image\/png","source_url":"http:\/\/lavras.tv\/site\/wp-content\/uploads\/2022\/02\/coronavirus-970x485.png"},"thumbnail":{"file":"coronavirus-170x85.png","width":170,"height":85,"mime-type":"image\/png","source_url":"http:\/\/lavras.tv\/site\/wp-content\/uploads\/2022\/02\/coronavirus-170x85.png"},"alm-thumbnail":{"file":"coronavirus-150x150.png","width":150,"height":150,"mime-type":"image\/png","source_url":"http:\/\/lavras.tv\/site\/wp-content\/uploads\/2022\/02\/coronavirus-150x150.png"}},"image_meta":{"aperture":"0","credit":"","camera":"","caption":"","created_timestamp":"0","copyright":"","focal_length":"0","iso":"0","shutter_speed":"0","title":"","orientation":"0","keywords":[]}},"post":53461,"source_url":"http:\/\/lavras.tv\/site\/wp-content\/uploads\/2022\/02\/coronavirus.png"},"author_meta":{"display_name":"Lavras TV","author_link":"http:\/\/lavras.tv\/site\/author\/lavrastv\/"},"featured_img":"http:\/\/lavras.tv\/site\/wp-content\/uploads\/2022\/02\/coronavirus-470x235.png","coauthors":[],"tax_additional":{"categories":{"linked":["<a href=\"http:\/\/lavras.tv\/site\/category\/destaques\/\" class=\"advgb-post-tax-term\">Destaques<\/a>","<a href=\"http:\/\/lavras.tv\/site\/category\/noticias\/\" class=\"advgb-post-tax-term\">Not\u00edcias<\/a>"],"unlinked":["<span class=\"advgb-post-tax-term\">Destaques<\/span>","<span class=\"advgb-post-tax-term\">Not\u00edcias<\/span>"]}},"comment_count":"0","relative_dates":{"created":"Publicado 5 anos atr\u00e1s","modified":"Atualizado 5 anos atr\u00e1s"},"absolute_dates":{"created":"Publicado em 8 de fevereiro de 2022","modified":"Atualizado em 8 de fevereiro de 2022"},"absolute_dates_time":{"created":"Publicado em 8 de fevereiro de 2022 08:47","modified":"Atualizado em 8 de fevereiro de 2022 08:47"},"featured_img_caption":"","series_order":"","_links":{"self":[{"href":"http:\/\/lavras.tv\/site\/wp-json\/wp\/v2\/posts\/53461","targetHints":{"allow":["GET"]}}],"collection":[{"href":"http:\/\/lavras.tv\/site\/wp-json\/wp\/v2\/posts"}],"about":[{"href":"http:\/\/lavras.tv\/site\/wp-json\/wp\/v2\/types\/post"}],"author":[{"embeddable":true,"href":"http:\/\/lavras.tv\/site\/wp-json\/wp\/v2\/users\/2"}],"replies":[{"embeddable":true,"href":"http:\/\/lavras.tv\/site\/wp-json\/wp\/v2\/comments?post=53461"}],"version-history":[{"count":0,"href":"http:\/\/lavras.tv\/site\/wp-json\/wp\/v2\/posts\/53461\/revisions"}],"wp:featuredmedia":[{"embeddable":true,"href":"http:\/\/lavras.tv\/site\/wp-json\/wp\/v2\/media\/53462"}],"wp:attachment":[{"href":"http:\/\/lavras.tv\/site\/wp-json\/wp\/v2\/media?parent=53461"}],"wp:term":[{"taxonomy":"category","embeddable":true,"href":"http:\/\/lavras.tv\/site\/wp-json\/wp\/v2\/categories?post=53461"},{"taxonomy":"post_tag","embeddable":true,"href":"http:\/\/lavras.tv\/site\/wp-json\/wp\/v2\/tags?post=53461"}],"curies":[{"name":"wp","href":"https:\/\/api.w.org\/{rel}","templated":true}]}}