{"id":53626,"date":"2022-03-10T09:33:59","date_gmt":"2022-03-10T12:33:59","guid":{"rendered":"http:\/\/lavras.tv\/site\/?p=53626"},"modified":"2022-03-10T09:34:01","modified_gmt":"2022-03-10T12:34:01","slug":"cobranca-do-iptu-2022-comeca-hoje-em-lavras","status":"publish","type":"post","link":"http:\/\/lavras.tv\/site\/2022\/03\/10\/cobranca-do-iptu-2022-comeca-hoje-em-lavras\/","title":{"rendered":"Cobran\u00e7a do IPTU 2022 come\u00e7a hoje em Lavras"},"content":{"rendered":"<div class=\"lavra-antes-do-conteudo_2 lavra-entity-placement\" id=\"lavra-3392046842\"><div id=\"lavra-slider-27\" class=\"custom-slider lavra-slider-3750261096 lavra-slider\"><ul><li><div id=\"lavra-3082173600\" style=\"margin-left: auto;margin-right: auto;text-align: center;\"><a href=\"https:\/\/sistemas.lavras.mg.gov.br\/portalcidadao\/#df1b1a7c7b2a290bcb31e32771e610784662739a88807c0dacac58ede5f391a7530e299dc302d611ee73cb143fc22eaf93592e53e7b5bdb01b00a0b8d28dae460c141dd2ff83412e4dc1c31b16b25f33144a9e5620ea73b13f5bc1c59411d98439ad226e8af03840603796067d87afe130812cf3de24982d0e306f9e61e764e5\" aria-label=\"Lavras-TV&#8211;720x104px (1) (1)\"><img src=\"http:\/\/lavras.tv\/site\/wp-content\/uploads\/2025\/01\/Lavras-TV-720x104px-1-1.png\" alt=\"\"  srcset=\"http:\/\/lavras.tv\/site\/wp-content\/uploads\/2025\/01\/Lavras-TV-720x104px-1-1.png 720w, http:\/\/lavras.tv\/site\/wp-content\/uploads\/2025\/01\/Lavras-TV-720x104px-1-1-470x68.png 470w, http:\/\/lavras.tv\/site\/wp-content\/uploads\/2025\/01\/Lavras-TV-720x104px-1-1-170x25.png 170w, http:\/\/lavras.tv\/site\/wp-content\/uploads\/2025\/01\/Lavras-TV-720x104px-1-1-200x29.png 200w\" sizes=\"(max-width: 720px) 100vw, 720px\" width=\"720\" height=\"104\"  style=\"display: inline-block;\" \/><\/a><\/div><\/li><li><div id=\"lavra-1754903958\"><a href=\"https:\/\/sistemas.lavras.mg.gov.br\/portalcidadao\/#df1b1a7c7b2a290bcb31e32771e610784662739a88807c0dacac58ede5f391a7530e299dc302d611ee73cb143fc22eaf93592e53e7b5bdb01b00a0b8d28dae460c141dd2ff83412e4dc1c31b16b25f33144a9e5620ea73b13f5bc1c59411d98439ad226e8af03840603796067d87afe130812cf3de24982d0e306f9e61e764e5\" aria-label=\"Banner_Emprego_PortallavrasTV\"><img src=\"http:\/\/lavras.tv\/site\/wp-content\/uploads\/2025\/03\/Banner_Emprego_PortallavrasTV.png\" alt=\"\"  srcset=\"http:\/\/lavras.tv\/site\/wp-content\/uploads\/2025\/03\/Banner_Emprego_PortallavrasTV.png 720w, http:\/\/lavras.tv\/site\/wp-content\/uploads\/2025\/03\/Banner_Emprego_PortallavrasTV-470x68.png 470w, http:\/\/lavras.tv\/site\/wp-content\/uploads\/2025\/03\/Banner_Emprego_PortallavrasTV-170x25.png 170w, http:\/\/lavras.tv\/site\/wp-content\/uploads\/2025\/03\/Banner_Emprego_PortallavrasTV-200x29.png 200w\" sizes=\"(max-width: 720px) 100vw, 720px\" width=\"720\" height=\"104\"   \/><\/a><\/div><\/li><li><div id=\"lavra-594021762\"><a href=\"https:\/\/sistemas.lavras.mg.gov.br\/portalcidadao\/#df1b1a7c7b2a290bcb31e32771e610784662739a88807c0dacac58ede5f391a7530e299dc302d611ee73cb143fc22eaf93592e53e7b5bdb01b00a0b8d28dae460c141dd2ff83412e4dc1c31b16b25f33144a9e5620ea73b13f5bc1c59411d98439ad226e8af03840603796067d87afe130812cf3de24982d0e306f9e61e764e5\" aria-label=\"Banner_Obras_PortallavrasTV\"><img src=\"http:\/\/lavras.tv\/site\/wp-content\/uploads\/2025\/03\/Banner_Obras_PortallavrasTV.png\" alt=\"\"  srcset=\"http:\/\/lavras.tv\/site\/wp-content\/uploads\/2025\/03\/Banner_Obras_PortallavrasTV.png 720w, http:\/\/lavras.tv\/site\/wp-content\/uploads\/2025\/03\/Banner_Obras_PortallavrasTV-470x68.png 470w, http:\/\/lavras.tv\/site\/wp-content\/uploads\/2025\/03\/Banner_Obras_PortallavrasTV-170x25.png 170w, http:\/\/lavras.tv\/site\/wp-content\/uploads\/2025\/03\/Banner_Obras_PortallavrasTV-200x29.png 200w\" sizes=\"(max-width: 720px) 100vw, 720px\" width=\"720\" height=\"104\"   \/><\/a><\/div><\/li><li><div id=\"lavra-2220411280\" style=\"margin-left: auto;margin-right: auto;text-align: center;\"><a href=\"https:\/\/sistemas.lavras.mg.gov.br\/portalcidadao\/#df1b1a7c7b2a290bcb31e32771e610784662739a88807c0dacac58ede5f391a7530e299dc302d611ee73cb143fc22eaf93592e53e7b5bdb01b00a0b8d28dae460c141dd2ff83412e4dc1c31b16b25f33144a9e5620ea73b13f5bc1c59411d98439ad226e8af03840603796067d87afe130812cf3de24982d0e306f9e61e764e5\" aria-label=\"ANUNCIE AQUI NOVO VERMELHO\"><img src=\"http:\/\/lavras.tv\/site\/wp-content\/uploads\/2016\/05\/ANUNCIE-AQUI-NOVO-VERMELHO.png\" alt=\"\"  srcset=\"http:\/\/lavras.tv\/site\/wp-content\/uploads\/2016\/05\/ANUNCIE-AQUI-NOVO-VERMELHO.png 720w, http:\/\/lavras.tv\/site\/wp-content\/uploads\/2016\/05\/ANUNCIE-AQUI-NOVO-VERMELHO-470x68.png 470w, http:\/\/lavras.tv\/site\/wp-content\/uploads\/2016\/05\/ANUNCIE-AQUI-NOVO-VERMELHO-170x25.png 170w\" sizes=\"(max-width: 720px) 100vw, 720px\" width=\"720\" height=\"104\"  style=\"display: inline-block;\" \/><\/a><\/div><\/li><li><div id=\"lavra-4131427990\"><a href=\"https:\/\/sistemas.lavras.mg.gov.br\/portalcidadao\/#df1b1a7c7b2a290bcb31e32771e610784662739a88807c0dacac58ede5f391a7530e299dc302d611ee73cb143fc22eaf93592e53e7b5bdb01b00a0b8d28dae460c141dd2ff83412e4dc1c31b16b25f33144a9e5620ea73b13f5bc1c59411d98439ad226e8af03840603796067d87afe130812cf3de24982d0e306f9e61e764e5\" aria-label=\"Banner_Sa\u00fade_PortallavrasTV\"><img src=\"http:\/\/lavras.tv\/site\/wp-content\/uploads\/2025\/03\/Banner_Saude_PortallavrasTV.png\" alt=\"\"  srcset=\"http:\/\/lavras.tv\/site\/wp-content\/uploads\/2025\/03\/Banner_Saude_PortallavrasTV.png 720w, http:\/\/lavras.tv\/site\/wp-content\/uploads\/2025\/03\/Banner_Saude_PortallavrasTV-470x68.png 470w, http:\/\/lavras.tv\/site\/wp-content\/uploads\/2025\/03\/Banner_Saude_PortallavrasTV-170x25.png 170w, http:\/\/lavras.tv\/site\/wp-content\/uploads\/2025\/03\/Banner_Saude_PortallavrasTV-200x29.png 200w\" sizes=\"(max-width: 720px) 100vw, 720px\" width=\"720\" height=\"104\"   \/><\/a><\/div><\/li><li><div id=\"lavra-53055312\" style=\"width:720px;height:104px;background-color:#ddd;overflow:scroll;\">\n\t<strong>Sa\u00edda da depura\u00e7\u00e3o de an\u00fancios<\/strong>\n\t<br><br>\n\tO an\u00fancio n\u00e3o \u00e9 exibido na p\u00e1gina<br><br>post atual: Cobran\u00e7a do IPTU 2022 come\u00e7a hoje em Lavras, ID: 53626<br><br><span style=\"color: red;\">O post atual n\u00e3o \u00e9 id\u00eantico ao post principal.<\/span><br><br>An\u00fancios: ROXO - TOPO INTERNA - ROTATIVO 2 (197)<br \/>Grupo de an\u00fancios: Princ_Meio01_720x104 (27)<br><br>Condi\u00e7\u00f5es de exibi\u00e7\u00e3o<div style=\"margin-bottom: 20px; white-space: pre-wrap; font-family: monospace; width: 100%; background: #ffe9e9;\"><strong>condi\u00e7\u00f5es gerais<\/strong><table border=\"1\"><thead><tr><th><\/th><th>An\u00fancios<\/th><th>wp_the_query<\/th><\/tr><\/thead><tr><td>is_main_query<\/td><td>1<\/td><td>1<\/td><\/tr><tr><td>is_rest_api<\/td><td>0<\/td><td>1<\/td><\/tr><tr><td>page<\/td><td>0<\/td><td>1<\/td><\/tr><tr><td>numpages<\/td><td>0<\/td><td>1<\/td><\/tr><tr><td>is_archive<\/td><td>1<\/td><td><\/td><\/tr><tr><td>is_search<\/td><td>1<\/td><td><\/td><\/tr><tr><td>is_home<\/td><td>1<\/td><td><\/td><\/tr><tr><td>is_404<\/td><td>1<\/td><td><\/td><\/tr><tr><td>is_attachment<\/td><td>1<\/td><td><\/td><\/tr><tr><td>is_singular<\/td><td>1<\/td><td><\/td><\/tr><tr><td>is_front_page<\/td><td>1<\/td><td><\/td><\/tr><tr><td>is_feed<\/td><td>1<\/td><td><\/td><\/tr><\/table><\/div>\t<br><br>\n\t<a style=\"color: green;\" href=\"https:\/\/wpadvancedads.com\/manual\/ad-debug-mode\/?utm_source=advanced-ads&utm_medium=link&utm_campaign=ad-debug-mode\" target=\"_blank\" rel=\"nofollow\">Encontre solu\u00e7\u00f5es no manual<\/a>\n<\/div>\n<\/li><\/ul><\/div><script>( window.advanced_ads_ready || jQuery( document ).ready ).call( null, function() {var $lavraslider3750261096 = jQuery( \".lavra-slider-3750261096\" );$lavraslider3750261096.on( \"unslider.ready\", function() { jQuery( \"div.custom-slider ul li\" ).css( \"display\", \"block\" ); });$lavraslider3750261096.unslider({ delay:4000, autoplay:true, nav:false, arrows:false, infinite:true });$lavraslider3750261096.on(\"mouseover\", function() {$lavraslider3750261096.unslider(\"stop\");}).on(\"mouseout\", function() {$lavraslider3750261096.unslider(\"start\");});});<\/script><\/div>\n<p class=\"wp-block-paragraph\">Os donos de im\u00f3veis em Lavras, tanto da zona urbana quanto da rural, devem ficar atentos ao vencimento da primeira parcela ou da cota \u00fanica do IPTU 2022, que acontece nesta quinta-feira, dia 10.<\/p>\n\n\n\n<p class=\"wp-block-paragraph\">Segundo as informa\u00e7\u00f5es da Prefeitura, o valor pode ser parcelado em at\u00e9 10 vezes. Para o pagamento \u00e0 vista \u00e9 concedido um desconto de 5%.<\/p>\n\n\n\n<p class=\"wp-block-paragraph\">Quem n\u00e3o recebeu o carn\u00ea, pode baixar no site da Prefeitura ( <a href=\"http:\/\/www.lavras.mg.gov.br\">www.lavras.mg.gov.br<\/a> )<\/p>\n\n\n\n<div class=\"wp-block-image\"><figure class=\"aligncenter size-large\"><img fetchpriority=\"high\" decoding=\"async\" width=\"1024\" height=\"726\" src=\"http:\/\/lavras.tv\/site\/wp-content\/uploads\/2017\/06\/lavras-centro-1024x726.jpg\" alt=\"\" class=\"wp-image-9592\" srcset=\"http:\/\/lavras.tv\/site\/wp-content\/uploads\/2017\/06\/lavras-centro-1024x726.jpg 1024w, http:\/\/lavras.tv\/site\/wp-content\/uploads\/2017\/06\/lavras-centro-150x106.jpg 150w, http:\/\/lavras.tv\/site\/wp-content\/uploads\/2017\/06\/lavras-centro-300x213.jpg 300w, http:\/\/lavras.tv\/site\/wp-content\/uploads\/2017\/06\/lavras-centro.jpg 1440w\" sizes=\"(max-width: 1024px) 100vw, 1024px\" \/><\/figure><\/div>\n","protected":false},"excerpt":{"rendered":"<p>Os donos de im\u00f3veis em Lavras, tanto da zona urbana quanto da rural, devem ficar atentos ao vencimento da primeira parcela ou da cota \u00fanica do IPTU 2022, que acontece nesta quinta-feira, dia 10. Segundo as informa\u00e7\u00f5es da Prefeitura, o valor pode ser parcelado em at\u00e9 10 vezes. Para o pagamento \u00e0 vista \u00e9 concedido [&hellip;]<\/p>\n","protected":false},"author":2,"featured_media":10691,"comment_status":"closed","ping_status":"open","sticky":false,"template":"","format":"standard","meta":{"advgb_blocks_editor_width":"","advgb_blocks_columns_visual_guide":"","_exactmetrics_skip_tracking":false,"footnotes":""},"categories":[7,2],"tags":[],"class_list":["post-53626","post","type-post","status-publish","format-standard","has-post-thumbnail","hentry","category-destaques","category-noticias"],"better_featured_image":{"id":10691,"alt_text":"","caption":"","description":"","media_type":"image","media_details":{"width":1440,"height":1021,"file":"2017\/07\/lavras-centro.jpg","sizes":{"thumbnail":{"file":"lavras-centro-150x106.jpg","width":150,"height":106,"mime-type":"image\/jpeg","source_url":"http:\/\/lavras.tv\/site\/wp-content\/uploads\/2017\/07\/lavras-centro-150x106.jpg"},"medium":{"file":"lavras-centro-300x213.jpg","width":300,"height":213,"mime-type":"image\/jpeg","source_url":"http:\/\/lavras.tv\/site\/wp-content\/uploads\/2017\/07\/lavras-centro-300x213.jpg"},"large":{"file":"lavras-centro-1024x726.jpg","width":1024,"height":726,"mime-type":"image\/jpeg","source_url":"http:\/\/lavras.tv\/site\/wp-content\/uploads\/2017\/07\/lavras-centro-1024x726.jpg"},"featured-slider-img":{"file":"lavras-centro-640x480.jpg","width":640,"height":480,"mime-type":"image\/jpeg","source_url":"http:\/\/lavras.tv\/site\/wp-content\/uploads\/2017\/07\/lavras-centro-640x480.jpg"},"featured-post-img":{"file":"lavras-centro-480x320.jpg","width":480,"height":320,"mime-type":"image\/jpeg","source_url":"http:\/\/lavras.tv\/site\/wp-content\/uploads\/2017\/07\/lavras-centro-480x320.jpg"},"sow-carousel-default":{"file":"lavras-centro-272x182.jpg","width":272,"height":182,"mime-type":"image\/jpeg","source_url":"http:\/\/lavras.tv\/site\/wp-content\/uploads\/2017\/07\/lavras-centro-272x182.jpg"}},"image_meta":{"aperture":"0","credit":"","camera":"","caption":"","created_timestamp":"0","copyright":"","focal_length":"0","iso":"0","shutter_speed":"0","title":"","orientation":"0","keywords":[]}},"post":10690,"source_url":"http:\/\/lavras.tv\/site\/wp-content\/uploads\/2017\/07\/lavras-centro.jpg"},"author_meta":{"display_name":"Lavras TV","author_link":"http:\/\/lavras.tv\/site\/author\/lavrastv\/"},"featured_img":"http:\/\/lavras.tv\/site\/wp-content\/uploads\/2017\/07\/lavras-centro-300x213.jpg","coauthors":[],"tax_additional":{"categories":{"linked":["<a href=\"http:\/\/lavras.tv\/site\/category\/destaques\/\" class=\"advgb-post-tax-term\">Destaques<\/a>","<a href=\"http:\/\/lavras.tv\/site\/category\/noticias\/\" class=\"advgb-post-tax-term\">Not\u00edcias<\/a>"],"unlinked":["<span class=\"advgb-post-tax-term\">Destaques<\/span>","<span class=\"advgb-post-tax-term\">Not\u00edcias<\/span>"]}},"comment_count":"0","relative_dates":{"created":"Publicado 4 anos atr\u00e1s","modified":"Atualizado 4 anos atr\u00e1s"},"absolute_dates":{"created":"Publicado em 10 de mar\u00e7o de 2022","modified":"Atualizado em 10 de mar\u00e7o de 2022"},"absolute_dates_time":{"created":"Publicado em 10 de mar\u00e7o de 2022 09:33","modified":"Atualizado em 10 de mar\u00e7o de 2022 09:34"},"featured_img_caption":"","series_order":"","_links":{"self":[{"href":"http:\/\/lavras.tv\/site\/wp-json\/wp\/v2\/posts\/53626","targetHints":{"allow":["GET"]}}],"collection":[{"href":"http:\/\/lavras.tv\/site\/wp-json\/wp\/v2\/posts"}],"about":[{"href":"http:\/\/lavras.tv\/site\/wp-json\/wp\/v2\/types\/post"}],"author":[{"embeddable":true,"href":"http:\/\/lavras.tv\/site\/wp-json\/wp\/v2\/users\/2"}],"replies":[{"embeddable":true,"href":"http:\/\/lavras.tv\/site\/wp-json\/wp\/v2\/comments?post=53626"}],"version-history":[{"count":0,"href":"http:\/\/lavras.tv\/site\/wp-json\/wp\/v2\/posts\/53626\/revisions"}],"wp:featuredmedia":[{"embeddable":true,"href":"http:\/\/lavras.tv\/site\/wp-json\/wp\/v2\/media\/10691"}],"wp:attachment":[{"href":"http:\/\/lavras.tv\/site\/wp-json\/wp\/v2\/media?parent=53626"}],"wp:term":[{"taxonomy":"category","embeddable":true,"href":"http:\/\/lavras.tv\/site\/wp-json\/wp\/v2\/categories?post=53626"},{"taxonomy":"post_tag","embeddable":true,"href":"http:\/\/lavras.tv\/site\/wp-json\/wp\/v2\/tags?post=53626"}],"curies":[{"name":"wp","href":"https:\/\/api.w.org\/{rel}","templated":true}]}}