{"id":54482,"date":"2023-02-28T14:05:29","date_gmt":"2023-02-28T17:05:29","guid":{"rendered":"http:\/\/lavras.tv\/site\/?p=54482"},"modified":"2023-02-28T14:07:34","modified_gmt":"2023-02-28T17:07:34","slug":"emprego-lavras-tem-vagas-para-varios-setores-do-mercado-de-trabalho-salarios-variam-entre-r-1500-e-r-3000","status":"publish","type":"post","link":"http:\/\/lavras.tv\/site\/2023\/02\/28\/emprego-lavras-tem-vagas-para-varios-setores-do-mercado-de-trabalho-salarios-variam-entre-r-1500-e-r-3000\/","title":{"rendered":"Emprego: Lavras tem vagas para v\u00e1rios setores do mercado de trabalho. Sal\u00e1rios variam entre R$ 1500 e R$ 3000."},"content":{"rendered":"<div class=\"lavra-antes-do-conteudo_2 lavra-entity-placement\" id=\"lavra-798401172\"><div id=\"lavra-slider-27\" class=\"custom-slider lavra-slider-1701717948 lavra-slider\"><ul><li><div id=\"lavra-3011094575\" style=\"margin-left: auto;margin-right: auto;text-align: center;\"><a href=\"https:\/\/sistemas.lavras.mg.gov.br\/portalcidadao\/#df1b1a7c7b2a290bcb31e32771e610784662739a88807c0dacac58ede5f391a7530e299dc302d611ee73cb143fc22eaf93592e53e7b5bdb01b00a0b8d28dae460c141dd2ff83412e4dc1c31b16b25f33144a9e5620ea73b13f5bc1c59411d98439ad226e8af03840603796067d87afe130812cf3de24982d0e306f9e61e764e5\" aria-label=\"Lavras-TV&#8211;720x104px (1) (1)\"><img src=\"http:\/\/lavras.tv\/site\/wp-content\/uploads\/2025\/01\/Lavras-TV-720x104px-1-1.png\" alt=\"\"  srcset=\"http:\/\/lavras.tv\/site\/wp-content\/uploads\/2025\/01\/Lavras-TV-720x104px-1-1.png 720w, http:\/\/lavras.tv\/site\/wp-content\/uploads\/2025\/01\/Lavras-TV-720x104px-1-1-470x68.png 470w, http:\/\/lavras.tv\/site\/wp-content\/uploads\/2025\/01\/Lavras-TV-720x104px-1-1-170x25.png 170w, http:\/\/lavras.tv\/site\/wp-content\/uploads\/2025\/01\/Lavras-TV-720x104px-1-1-200x29.png 200w\" sizes=\"(max-width: 720px) 100vw, 720px\" width=\"720\" height=\"104\"  style=\"display: inline-block;\" \/><\/a><\/div><\/li><li><div id=\"lavra-797962514\"><a href=\"https:\/\/sistemas.lavras.mg.gov.br\/portalcidadao\/#df1b1a7c7b2a290bcb31e32771e610784662739a88807c0dacac58ede5f391a7530e299dc302d611ee73cb143fc22eaf93592e53e7b5bdb01b00a0b8d28dae460c141dd2ff83412e4dc1c31b16b25f33144a9e5620ea73b13f5bc1c59411d98439ad226e8af03840603796067d87afe130812cf3de24982d0e306f9e61e764e5\" aria-label=\"Banner_Emprego_PortallavrasTV\"><img src=\"http:\/\/lavras.tv\/site\/wp-content\/uploads\/2025\/03\/Banner_Emprego_PortallavrasTV.png\" alt=\"\"  srcset=\"http:\/\/lavras.tv\/site\/wp-content\/uploads\/2025\/03\/Banner_Emprego_PortallavrasTV.png 720w, http:\/\/lavras.tv\/site\/wp-content\/uploads\/2025\/03\/Banner_Emprego_PortallavrasTV-470x68.png 470w, http:\/\/lavras.tv\/site\/wp-content\/uploads\/2025\/03\/Banner_Emprego_PortallavrasTV-170x25.png 170w, http:\/\/lavras.tv\/site\/wp-content\/uploads\/2025\/03\/Banner_Emprego_PortallavrasTV-200x29.png 200w\" sizes=\"(max-width: 720px) 100vw, 720px\" width=\"720\" height=\"104\"   \/><\/a><\/div><\/li><li><div id=\"lavra-2133524857\"><a href=\"https:\/\/sistemas.lavras.mg.gov.br\/portalcidadao\/#df1b1a7c7b2a290bcb31e32771e610784662739a88807c0dacac58ede5f391a7530e299dc302d611ee73cb143fc22eaf93592e53e7b5bdb01b00a0b8d28dae460c141dd2ff83412e4dc1c31b16b25f33144a9e5620ea73b13f5bc1c59411d98439ad226e8af03840603796067d87afe130812cf3de24982d0e306f9e61e764e5\" aria-label=\"Banner_Obras_PortallavrasTV\"><img src=\"http:\/\/lavras.tv\/site\/wp-content\/uploads\/2025\/03\/Banner_Obras_PortallavrasTV.png\" alt=\"\"  srcset=\"http:\/\/lavras.tv\/site\/wp-content\/uploads\/2025\/03\/Banner_Obras_PortallavrasTV.png 720w, http:\/\/lavras.tv\/site\/wp-content\/uploads\/2025\/03\/Banner_Obras_PortallavrasTV-470x68.png 470w, http:\/\/lavras.tv\/site\/wp-content\/uploads\/2025\/03\/Banner_Obras_PortallavrasTV-170x25.png 170w, http:\/\/lavras.tv\/site\/wp-content\/uploads\/2025\/03\/Banner_Obras_PortallavrasTV-200x29.png 200w\" sizes=\"(max-width: 720px) 100vw, 720px\" width=\"720\" height=\"104\"   \/><\/a><\/div><\/li><li><div id=\"lavra-1587332466\" style=\"margin-left: auto;margin-right: auto;text-align: center;\"><a href=\"https:\/\/sistemas.lavras.mg.gov.br\/portalcidadao\/#df1b1a7c7b2a290bcb31e32771e610784662739a88807c0dacac58ede5f391a7530e299dc302d611ee73cb143fc22eaf93592e53e7b5bdb01b00a0b8d28dae460c141dd2ff83412e4dc1c31b16b25f33144a9e5620ea73b13f5bc1c59411d98439ad226e8af03840603796067d87afe130812cf3de24982d0e306f9e61e764e5\" aria-label=\"ANUNCIE AQUI NOVO VERMELHO\"><img src=\"http:\/\/lavras.tv\/site\/wp-content\/uploads\/2016\/05\/ANUNCIE-AQUI-NOVO-VERMELHO.png\" alt=\"\"  srcset=\"http:\/\/lavras.tv\/site\/wp-content\/uploads\/2016\/05\/ANUNCIE-AQUI-NOVO-VERMELHO.png 720w, http:\/\/lavras.tv\/site\/wp-content\/uploads\/2016\/05\/ANUNCIE-AQUI-NOVO-VERMELHO-470x68.png 470w, http:\/\/lavras.tv\/site\/wp-content\/uploads\/2016\/05\/ANUNCIE-AQUI-NOVO-VERMELHO-170x25.png 170w\" sizes=\"(max-width: 720px) 100vw, 720px\" width=\"720\" height=\"104\"  style=\"display: inline-block;\" \/><\/a><\/div><\/li><li><div id=\"lavra-2661038400\"><a href=\"https:\/\/sistemas.lavras.mg.gov.br\/portalcidadao\/#df1b1a7c7b2a290bcb31e32771e610784662739a88807c0dacac58ede5f391a7530e299dc302d611ee73cb143fc22eaf93592e53e7b5bdb01b00a0b8d28dae460c141dd2ff83412e4dc1c31b16b25f33144a9e5620ea73b13f5bc1c59411d98439ad226e8af03840603796067d87afe130812cf3de24982d0e306f9e61e764e5\" aria-label=\"Banner_Sa\u00fade_PortallavrasTV\"><img src=\"http:\/\/lavras.tv\/site\/wp-content\/uploads\/2025\/03\/Banner_Saude_PortallavrasTV.png\" alt=\"\"  srcset=\"http:\/\/lavras.tv\/site\/wp-content\/uploads\/2025\/03\/Banner_Saude_PortallavrasTV.png 720w, http:\/\/lavras.tv\/site\/wp-content\/uploads\/2025\/03\/Banner_Saude_PortallavrasTV-470x68.png 470w, http:\/\/lavras.tv\/site\/wp-content\/uploads\/2025\/03\/Banner_Saude_PortallavrasTV-170x25.png 170w, http:\/\/lavras.tv\/site\/wp-content\/uploads\/2025\/03\/Banner_Saude_PortallavrasTV-200x29.png 200w\" sizes=\"(max-width: 720px) 100vw, 720px\" width=\"720\" height=\"104\"   \/><\/a><\/div><\/li><li><div id=\"lavra-149306140\" style=\"width:720px;height:104px;background-color:#ddd;overflow:scroll;\">\n\t<strong>Sa\u00edda da depura\u00e7\u00e3o de an\u00fancios<\/strong>\n\t<br><br>\n\tO an\u00fancio n\u00e3o \u00e9 exibido na p\u00e1gina<br><br>post atual: Emprego: Lavras tem vagas para v\u00e1rios setores do mercado de trabalho. Sal\u00e1rios variam entre R$ 1500 e R$ 3000., ID: 54482<br><br><span style=\"color: red;\">O post atual n\u00e3o \u00e9 id\u00eantico ao post principal.<\/span><br><br>An\u00fancios: ROXO - TOPO INTERNA - ROTATIVO 2 (197)<br \/>Grupo de an\u00fancios: Princ_Meio01_720x104 (27)<br><br>Condi\u00e7\u00f5es de exibi\u00e7\u00e3o<div style=\"margin-bottom: 20px; white-space: pre-wrap; font-family: monospace; width: 100%; background: #ffe9e9;\"><strong>condi\u00e7\u00f5es gerais<\/strong><table border=\"1\"><thead><tr><th><\/th><th>An\u00fancios<\/th><th>wp_the_query<\/th><\/tr><\/thead><tr><td>is_main_query<\/td><td>1<\/td><td>1<\/td><\/tr><tr><td>is_rest_api<\/td><td>0<\/td><td>1<\/td><\/tr><tr><td>page<\/td><td>0<\/td><td>1<\/td><\/tr><tr><td>numpages<\/td><td>0<\/td><td>1<\/td><\/tr><tr><td>is_archive<\/td><td>1<\/td><td><\/td><\/tr><tr><td>is_search<\/td><td>1<\/td><td><\/td><\/tr><tr><td>is_home<\/td><td>1<\/td><td><\/td><\/tr><tr><td>is_404<\/td><td>1<\/td><td><\/td><\/tr><tr><td>is_attachment<\/td><td>1<\/td><td><\/td><\/tr><tr><td>is_singular<\/td><td>1<\/td><td><\/td><\/tr><tr><td>is_front_page<\/td><td>1<\/td><td><\/td><\/tr><tr><td>is_feed<\/td><td>1<\/td><td><\/td><\/tr><\/table><\/div>\t<br><br>\n\t<a style=\"color: green;\" href=\"https:\/\/wpadvancedads.com\/manual\/ad-debug-mode\/?utm_source=advanced-ads&utm_medium=link&utm_campaign=ad-debug-mode\" target=\"_blank\" rel=\"nofollow\">Encontre solu\u00e7\u00f5es no manual<\/a>\n<\/div>\n<\/li><\/ul><\/div><script>( window.advanced_ads_ready || jQuery( document ).ready ).call( null, function() {var $lavraslider1701717948 = jQuery( \".lavra-slider-1701717948\" );$lavraslider1701717948.on( \"unslider.ready\", function() { jQuery( \"div.custom-slider ul li\" ).css( \"display\", \"block\" ); });$lavraslider1701717948.unslider({ delay:4000, autoplay:true, nav:false, arrows:false, infinite:true });$lavraslider1701717948.on(\"mouseover\", function() {$lavraslider1701717948.unslider(\"stop\");}).on(\"mouseout\", function() {$lavraslider1701717948.unslider(\"start\");});});<\/script><\/div>\n<figure class=\"wp-block-gallery has-nested-images columns-default is-cropped wp-block-gallery-1 is-layout-flex wp-block-gallery-is-layout-flex\">\n<figure class=\"wp-block-image size-large\"><img fetchpriority=\"high\" decoding=\"async\" width=\"724\" height=\"1024\" data-id=\"54483\" src=\"http:\/\/lavras.tv\/site\/wp-content\/uploads\/2023\/02\/WhatsApp-Image-2023-02-28-at-13.56.46-724x1024.jpeg\" alt=\"\" class=\"wp-image-54483\" srcset=\"http:\/\/lavras.tv\/site\/wp-content\/uploads\/2023\/02\/WhatsApp-Image-2023-02-28-at-13.56.46-724x1024.jpeg 724w, http:\/\/lavras.tv\/site\/wp-content\/uploads\/2023\/02\/WhatsApp-Image-2023-02-28-at-13.56.46-212x300.jpeg 212w, http:\/\/lavras.tv\/site\/wp-content\/uploads\/2023\/02\/WhatsApp-Image-2023-02-28-at-13.56.46-106x150.jpeg 106w, http:\/\/lavras.tv\/site\/wp-content\/uploads\/2023\/02\/WhatsApp-Image-2023-02-28-at-13.56.46-1086x1536.jpeg 1086w, http:\/\/lavras.tv\/site\/wp-content\/uploads\/2023\/02\/WhatsApp-Image-2023-02-28-at-13.56.46.jpeg 1131w\" sizes=\"(max-width: 724px) 100vw, 724px\" \/><\/figure>\n<\/figure>\n\n\n\n<p class=\"wp-block-paragraph\">CONFIRA A LISTA COMPLETA! <\/p>\n\n\n\n<p class=\"wp-block-paragraph\">BALCONISTA<\/p>\n\n\n\n<p class=\"wp-block-paragraph\">COMPRADOR<\/p>\n\n\n\n<p class=\"wp-block-paragraph\">GERENTE DE PRODU\u00c7\u00c3O<\/p>\n\n\n\n<p class=\"wp-block-paragraph\">OFICIAL SERVI\u00c7OS DE MANUTEN\u00c7\u00c3O<\/p>\n\n\n\n<p class=\"wp-block-paragraph\">T\u00c9CNICO EM SEGURAN\u00c7A DO TRABALHO<\/p>\n\n\n\n<p class=\"wp-block-paragraph\">T\u00c9CNICO EM REFRIGERA\u00c7\u00c3O<\/p>\n\n\n\n<p class=\"wp-block-paragraph\">VISTORIADOR DE VE\u00cdCULO<\/p>\n\n\n\n<p class=\"wp-block-paragraph\">E UM VAGA EXCLUSIVA DE CARPINTEIRO, PARA PESSOAS COM NECESSIDADES ESPECIAIS<\/p>\n\n\n\n<p class=\"wp-block-paragraph\"><\/p>\n\n\n\n<p class=\"wp-block-paragraph\">O SINE UAI LAVRAS FICA NA PRA\u00c7A MONSENHOR DOMINGOS PINHEIRO, N\u00ba 79<\/p>\n\n\n\n<p class=\"wp-block-paragraph\">CENTRO &#8211; LAVRAS MG &#8211; CEP: 37200-203<\/p>\n\n\n\n<p class=\"wp-block-paragraph\">WWW.MG.GOV.BR<\/p>\n\n\n\n<p class=\"wp-block-paragraph\">TEL.: (35) 3826-6661<\/p>\n","protected":false},"excerpt":{"rendered":"<p>CONFIRA A LISTA COMPLETA! BALCONISTA COMPRADOR GERENTE DE PRODU\u00c7\u00c3O OFICIAL SERVI\u00c7OS DE MANUTEN\u00c7\u00c3O T\u00c9CNICO EM SEGURAN\u00c7A DO TRABALHO T\u00c9CNICO EM REFRIGERA\u00c7\u00c3O VISTORIADOR DE VE\u00cdCULO E UM VAGA EXCLUSIVA DE CARPINTEIRO, PARA PESSOAS COM NECESSIDADES ESPECIAIS O SINE UAI LAVRAS FICA NA PRA\u00c7A MONSENHOR DOMINGOS PINHEIRO, N\u00ba 79 CENTRO &#8211; LAVRAS MG &#8211; CEP: 37200-203 WWW.MG.GOV.BR [&hellip;]<\/p>\n","protected":false},"author":3,"featured_media":54484,"comment_status":"closed","ping_status":"open","sticky":false,"template":"","format":"standard","meta":{"advgb_blocks_editor_width":"","advgb_blocks_columns_visual_guide":"","_exactmetrics_skip_tracking":false,"footnotes":""},"categories":[7,2],"tags":[],"class_list":["post-54482","post","type-post","status-publish","format-standard","has-post-thumbnail","hentry","category-destaques","category-noticias"],"better_featured_image":{"id":54484,"alt_text":"","caption":"","description":"","media_type":"image","media_details":{"width":1131,"height":1600,"file":"2023\/02\/WhatsApp-Image-2023-02-28-at-13.56.46-1.jpeg","sizes":{"medium":{"file":"WhatsApp-Image-2023-02-28-at-13.56.46-1-212x300.jpeg","width":212,"height":300,"mime-type":"image\/jpeg","source_url":"http:\/\/lavras.tv\/site\/wp-content\/uploads\/2023\/02\/WhatsApp-Image-2023-02-28-at-13.56.46-1-212x300.jpeg"},"large":{"file":"WhatsApp-Image-2023-02-28-at-13.56.46-1-724x1024.jpeg","width":724,"height":1024,"mime-type":"image\/jpeg","source_url":"http:\/\/lavras.tv\/site\/wp-content\/uploads\/2023\/02\/WhatsApp-Image-2023-02-28-at-13.56.46-1-724x1024.jpeg"},"thumbnail":{"file":"WhatsApp-Image-2023-02-28-at-13.56.46-1-106x150.jpeg","width":106,"height":150,"mime-type":"image\/jpeg","source_url":"http:\/\/lavras.tv\/site\/wp-content\/uploads\/2023\/02\/WhatsApp-Image-2023-02-28-at-13.56.46-1-106x150.jpeg"},"1536x1536":{"file":"WhatsApp-Image-2023-02-28-at-13.56.46-1-1086x1536.jpeg","width":1086,"height":1536,"mime-type":"image\/jpeg","source_url":"http:\/\/lavras.tv\/site\/wp-content\/uploads\/2023\/02\/WhatsApp-Image-2023-02-28-at-13.56.46-1-1086x1536.jpeg"},"alm-thumbnail":{"file":"WhatsApp-Image-2023-02-28-at-13.56.46-1-150x150.jpeg","width":150,"height":150,"mime-type":"image\/jpeg","source_url":"http:\/\/lavras.tv\/site\/wp-content\/uploads\/2023\/02\/WhatsApp-Image-2023-02-28-at-13.56.46-1-150x150.jpeg"}},"image_meta":{"aperture":"0","credit":"","camera":"","caption":"","created_timestamp":"0","copyright":"","focal_length":"0","iso":"0","shutter_speed":"0","title":"","orientation":"0","keywords":[]}},"post":54482,"source_url":"http:\/\/lavras.tv\/site\/wp-content\/uploads\/2023\/02\/WhatsApp-Image-2023-02-28-at-13.56.46-1.jpeg"},"author_meta":{"display_name":"Frederico Mesquita","author_link":"http:\/\/lavras.tv\/site\/author\/frederico\/"},"featured_img":"http:\/\/lavras.tv\/site\/wp-content\/uploads\/2023\/02\/WhatsApp-Image-2023-02-28-at-13.56.46-1-212x300.jpeg","coauthors":[],"tax_additional":{"categories":{"linked":["<a href=\"http:\/\/lavras.tv\/site\/category\/destaques\/\" class=\"advgb-post-tax-term\">Destaques<\/a>","<a href=\"http:\/\/lavras.tv\/site\/category\/noticias\/\" class=\"advgb-post-tax-term\">Not\u00edcias<\/a>"],"unlinked":["<span class=\"advgb-post-tax-term\">Destaques<\/span>","<span class=\"advgb-post-tax-term\">Not\u00edcias<\/span>"]}},"comment_count":"0","relative_dates":{"created":"Publicado 4 anos atr\u00e1s","modified":"Atualizado 4 anos atr\u00e1s"},"absolute_dates":{"created":"Publicado em 28 de fevereiro de 2023","modified":"Atualizado em 28 de fevereiro de 2023"},"absolute_dates_time":{"created":"Publicado em 28 de fevereiro de 2023 14:05","modified":"Atualizado em 28 de fevereiro de 2023 14:07"},"featured_img_caption":"","series_order":"","_links":{"self":[{"href":"http:\/\/lavras.tv\/site\/wp-json\/wp\/v2\/posts\/54482","targetHints":{"allow":["GET"]}}],"collection":[{"href":"http:\/\/lavras.tv\/site\/wp-json\/wp\/v2\/posts"}],"about":[{"href":"http:\/\/lavras.tv\/site\/wp-json\/wp\/v2\/types\/post"}],"author":[{"embeddable":true,"href":"http:\/\/lavras.tv\/site\/wp-json\/wp\/v2\/users\/3"}],"replies":[{"embeddable":true,"href":"http:\/\/lavras.tv\/site\/wp-json\/wp\/v2\/comments?post=54482"}],"version-history":[{"count":0,"href":"http:\/\/lavras.tv\/site\/wp-json\/wp\/v2\/posts\/54482\/revisions"}],"wp:featuredmedia":[{"embeddable":true,"href":"http:\/\/lavras.tv\/site\/wp-json\/wp\/v2\/media\/54484"}],"wp:attachment":[{"href":"http:\/\/lavras.tv\/site\/wp-json\/wp\/v2\/media?parent=54482"}],"wp:term":[{"taxonomy":"category","embeddable":true,"href":"http:\/\/lavras.tv\/site\/wp-json\/wp\/v2\/categories?post=54482"},{"taxonomy":"post_tag","embeddable":true,"href":"http:\/\/lavras.tv\/site\/wp-json\/wp\/v2\/tags?post=54482"}],"curies":[{"name":"wp","href":"https:\/\/api.w.org\/{rel}","templated":true}]}}