{"id":54947,"date":"2023-04-05T13:54:18","date_gmt":"2023-04-05T16:54:18","guid":{"rendered":"http:\/\/lavras.tv\/site\/?p=54947"},"modified":"2023-04-05T13:54:19","modified_gmt":"2023-04-05T16:54:19","slug":"morre-homem-de-82-anos-com-chikungunya-em-lavras-dengue-ja-matou-outras-duas-pessoas-no-municipio","status":"publish","type":"post","link":"http:\/\/lavras.tv\/site\/2023\/04\/05\/morre-homem-de-82-anos-com-chikungunya-em-lavras-dengue-ja-matou-outras-duas-pessoas-no-municipio\/","title":{"rendered":"Morre homem de 82 anos com Chikungunya em Lavras. Dengue j\u00e1 matou outras duas pessoas no munic\u00edpio"},"content":{"rendered":"<div class=\"lavra-antes-do-conteudo_2 lavra-entity-placement\" id=\"lavra-2860117241\"><div id=\"lavra-slider-27\" class=\"custom-slider lavra-slider-1602000438 lavra-slider\"><ul><li><div id=\"lavra-314210483\" style=\"margin-left: auto;margin-right: auto;text-align: center;\"><a href=\"https:\/\/sistemas.lavras.mg.gov.br\/portalcidadao\/#df1b1a7c7b2a290bcb31e32771e610784662739a88807c0dacac58ede5f391a7530e299dc302d611ee73cb143fc22eaf93592e53e7b5bdb01b00a0b8d28dae460c141dd2ff83412e4dc1c31b16b25f33144a9e5620ea73b13f5bc1c59411d98439ad226e8af03840603796067d87afe130812cf3de24982d0e306f9e61e764e5\" aria-label=\"Lavras-TV&#8211;720x104px (1) (1)\"><img src=\"http:\/\/lavras.tv\/site\/wp-content\/uploads\/2025\/01\/Lavras-TV-720x104px-1-1.png\" alt=\"\"  srcset=\"http:\/\/lavras.tv\/site\/wp-content\/uploads\/2025\/01\/Lavras-TV-720x104px-1-1.png 720w, http:\/\/lavras.tv\/site\/wp-content\/uploads\/2025\/01\/Lavras-TV-720x104px-1-1-470x68.png 470w, http:\/\/lavras.tv\/site\/wp-content\/uploads\/2025\/01\/Lavras-TV-720x104px-1-1-170x25.png 170w, http:\/\/lavras.tv\/site\/wp-content\/uploads\/2025\/01\/Lavras-TV-720x104px-1-1-200x29.png 200w\" sizes=\"(max-width: 720px) 100vw, 720px\" width=\"720\" height=\"104\"  style=\"display: inline-block;\" \/><\/a><\/div><\/li><li><div id=\"lavra-2592182076\"><a href=\"https:\/\/sistemas.lavras.mg.gov.br\/portalcidadao\/#df1b1a7c7b2a290bcb31e32771e610784662739a88807c0dacac58ede5f391a7530e299dc302d611ee73cb143fc22eaf93592e53e7b5bdb01b00a0b8d28dae460c141dd2ff83412e4dc1c31b16b25f33144a9e5620ea73b13f5bc1c59411d98439ad226e8af03840603796067d87afe130812cf3de24982d0e306f9e61e764e5\" aria-label=\"Banner_Emprego_PortallavrasTV\"><img src=\"http:\/\/lavras.tv\/site\/wp-content\/uploads\/2025\/03\/Banner_Emprego_PortallavrasTV.png\" alt=\"\"  srcset=\"http:\/\/lavras.tv\/site\/wp-content\/uploads\/2025\/03\/Banner_Emprego_PortallavrasTV.png 720w, http:\/\/lavras.tv\/site\/wp-content\/uploads\/2025\/03\/Banner_Emprego_PortallavrasTV-470x68.png 470w, http:\/\/lavras.tv\/site\/wp-content\/uploads\/2025\/03\/Banner_Emprego_PortallavrasTV-170x25.png 170w, http:\/\/lavras.tv\/site\/wp-content\/uploads\/2025\/03\/Banner_Emprego_PortallavrasTV-200x29.png 200w\" sizes=\"(max-width: 720px) 100vw, 720px\" width=\"720\" height=\"104\"   \/><\/a><\/div><\/li><li><div id=\"lavra-1567580545\"><a href=\"https:\/\/sistemas.lavras.mg.gov.br\/portalcidadao\/#df1b1a7c7b2a290bcb31e32771e610784662739a88807c0dacac58ede5f391a7530e299dc302d611ee73cb143fc22eaf93592e53e7b5bdb01b00a0b8d28dae460c141dd2ff83412e4dc1c31b16b25f33144a9e5620ea73b13f5bc1c59411d98439ad226e8af03840603796067d87afe130812cf3de24982d0e306f9e61e764e5\" aria-label=\"Banner_Obras_PortallavrasTV\"><img src=\"http:\/\/lavras.tv\/site\/wp-content\/uploads\/2025\/03\/Banner_Obras_PortallavrasTV.png\" alt=\"\"  srcset=\"http:\/\/lavras.tv\/site\/wp-content\/uploads\/2025\/03\/Banner_Obras_PortallavrasTV.png 720w, http:\/\/lavras.tv\/site\/wp-content\/uploads\/2025\/03\/Banner_Obras_PortallavrasTV-470x68.png 470w, http:\/\/lavras.tv\/site\/wp-content\/uploads\/2025\/03\/Banner_Obras_PortallavrasTV-170x25.png 170w, http:\/\/lavras.tv\/site\/wp-content\/uploads\/2025\/03\/Banner_Obras_PortallavrasTV-200x29.png 200w\" sizes=\"(max-width: 720px) 100vw, 720px\" width=\"720\" height=\"104\"   \/><\/a><\/div><\/li><li><div id=\"lavra-440876860\" style=\"margin-left: auto;margin-right: auto;text-align: center;\"><a href=\"https:\/\/sistemas.lavras.mg.gov.br\/portalcidadao\/#df1b1a7c7b2a290bcb31e32771e610784662739a88807c0dacac58ede5f391a7530e299dc302d611ee73cb143fc22eaf93592e53e7b5bdb01b00a0b8d28dae460c141dd2ff83412e4dc1c31b16b25f33144a9e5620ea73b13f5bc1c59411d98439ad226e8af03840603796067d87afe130812cf3de24982d0e306f9e61e764e5\" aria-label=\"ANUNCIE AQUI NOVO VERMELHO\"><img src=\"http:\/\/lavras.tv\/site\/wp-content\/uploads\/2016\/05\/ANUNCIE-AQUI-NOVO-VERMELHO.png\" alt=\"\"  srcset=\"http:\/\/lavras.tv\/site\/wp-content\/uploads\/2016\/05\/ANUNCIE-AQUI-NOVO-VERMELHO.png 720w, http:\/\/lavras.tv\/site\/wp-content\/uploads\/2016\/05\/ANUNCIE-AQUI-NOVO-VERMELHO-470x68.png 470w, http:\/\/lavras.tv\/site\/wp-content\/uploads\/2016\/05\/ANUNCIE-AQUI-NOVO-VERMELHO-170x25.png 170w\" sizes=\"(max-width: 720px) 100vw, 720px\" width=\"720\" height=\"104\"  style=\"display: inline-block;\" \/><\/a><\/div><\/li><li><div id=\"lavra-304238977\"><a href=\"https:\/\/sistemas.lavras.mg.gov.br\/portalcidadao\/#df1b1a7c7b2a290bcb31e32771e610784662739a88807c0dacac58ede5f391a7530e299dc302d611ee73cb143fc22eaf93592e53e7b5bdb01b00a0b8d28dae460c141dd2ff83412e4dc1c31b16b25f33144a9e5620ea73b13f5bc1c59411d98439ad226e8af03840603796067d87afe130812cf3de24982d0e306f9e61e764e5\" aria-label=\"Banner_Sa\u00fade_PortallavrasTV\"><img src=\"http:\/\/lavras.tv\/site\/wp-content\/uploads\/2025\/03\/Banner_Saude_PortallavrasTV.png\" alt=\"\"  srcset=\"http:\/\/lavras.tv\/site\/wp-content\/uploads\/2025\/03\/Banner_Saude_PortallavrasTV.png 720w, http:\/\/lavras.tv\/site\/wp-content\/uploads\/2025\/03\/Banner_Saude_PortallavrasTV-470x68.png 470w, http:\/\/lavras.tv\/site\/wp-content\/uploads\/2025\/03\/Banner_Saude_PortallavrasTV-170x25.png 170w, http:\/\/lavras.tv\/site\/wp-content\/uploads\/2025\/03\/Banner_Saude_PortallavrasTV-200x29.png 200w\" sizes=\"(max-width: 720px) 100vw, 720px\" width=\"720\" height=\"104\"   \/><\/a><\/div><\/li><li><div id=\"lavra-3348069582\" style=\"width:720px;height:104px;background-color:#ddd;overflow:scroll;\">\n\t<strong>Sa\u00edda da depura\u00e7\u00e3o de an\u00fancios<\/strong>\n\t<br><br>\n\tO an\u00fancio n\u00e3o \u00e9 exibido na p\u00e1gina<br><br>post atual: Morre homem de 82 anos com Chikungunya em Lavras. Dengue j\u00e1 matou outras duas pessoas no munic\u00edpio, ID: 54947<br><br><span style=\"color: red;\">O post atual n\u00e3o \u00e9 id\u00eantico ao post principal.<\/span><br><br>An\u00fancios: ROXO - TOPO INTERNA - ROTATIVO 2 (197)<br \/>Grupo de an\u00fancios: Princ_Meio01_720x104 (27)<br><br>Condi\u00e7\u00f5es de exibi\u00e7\u00e3o<div style=\"margin-bottom: 20px; white-space: pre-wrap; font-family: monospace; width: 100%; background: #ffe9e9;\"><strong>condi\u00e7\u00f5es gerais<\/strong><table border=\"1\"><thead><tr><th><\/th><th>An\u00fancios<\/th><th>wp_the_query<\/th><\/tr><\/thead><tr><td>is_main_query<\/td><td>1<\/td><td>1<\/td><\/tr><tr><td>is_rest_api<\/td><td>0<\/td><td>1<\/td><\/tr><tr><td>page<\/td><td>0<\/td><td>1<\/td><\/tr><tr><td>numpages<\/td><td>0<\/td><td>1<\/td><\/tr><tr><td>is_archive<\/td><td>1<\/td><td><\/td><\/tr><tr><td>is_search<\/td><td>1<\/td><td><\/td><\/tr><tr><td>is_home<\/td><td>1<\/td><td><\/td><\/tr><tr><td>is_404<\/td><td>1<\/td><td><\/td><\/tr><tr><td>is_attachment<\/td><td>1<\/td><td><\/td><\/tr><tr><td>is_singular<\/td><td>1<\/td><td><\/td><\/tr><tr><td>is_front_page<\/td><td>1<\/td><td><\/td><\/tr><tr><td>is_feed<\/td><td>1<\/td><td><\/td><\/tr><\/table><\/div>\t<br><br>\n\t<a style=\"color: green;\" href=\"https:\/\/wpadvancedads.com\/manual\/ad-debug-mode\/?utm_source=advanced-ads&utm_medium=link&utm_campaign=ad-debug-mode\" target=\"_blank\" rel=\"nofollow\">Encontre solu\u00e7\u00f5es no manual<\/a>\n<\/div>\n<\/li><\/ul><\/div><script>( window.advanced_ads_ready || jQuery( document ).ready ).call( null, function() {var $lavraslider1602000438 = jQuery( \".lavra-slider-1602000438\" );$lavraslider1602000438.on( \"unslider.ready\", function() { jQuery( \"div.custom-slider ul li\" ).css( \"display\", \"block\" ); });$lavraslider1602000438.unslider({ delay:4000, autoplay:true, nav:false, arrows:false, infinite:true });$lavraslider1602000438.on(\"mouseover\", function() {$lavraslider1602000438.unslider(\"stop\");}).on(\"mouseout\", function() {$lavraslider1602000438.unslider(\"start\");});});<\/script><\/div>\n<p class=\"wp-block-paragraph\">Um homem de 82 anos morreu em Lavras v\u00edtima de chikungunya. O \u00f3bito foi confirmado pela Secretaria de Estado de Sa\u00fade de Minas Gerais (SES-MG) e tamb\u00e9m pela prefeitura. Segundo a assessoria do executivo, o \u00f3bito ocorreu em mar\u00e7o e o paciente j\u00e1 apresentava v\u00e1rias comorbidades. As amostras foram encaminhadas para Funed e somente agora foi confirmado o caso. A cidade \u00e9 a primeira do Sul de Minas e a quarta do estado com \u00f3bito pelo v\u00edrus.<\/p>\n\n\n\n<p class=\"wp-block-paragraph\">Vale ressaltar que al\u00e9m da morte por chikungunya, Lavras j\u00e1 registrou outras duas mortes por dengue neste ano.&nbsp;<\/p>\n\n\n\n<p class=\"wp-block-paragraph\">Conforme dados da Secretaria de Estado de Sa\u00fade, Lavras contabiliza nesta quarta-feira (05\/04) 929 casos confirmados de dengue no munic\u00edpio.<\/p>\n\n\n\n<h2 class=\"wp-block-heading\"><\/h2>\n\n\n\n<h2 class=\"wp-block-heading\"><strong>Mortes por chikungunya<\/strong><\/h2>\n\n\n\n<p class=\"wp-block-paragraph\">Lavras \u00e9 a quarta cidade de Minas Gerais a confirmar uma morte por chikungunya.<\/p>\n\n\n\n<p class=\"wp-block-paragraph\">Os outros munic\u00edpios do estado com \u00f3bitos registrados pela SES-MG s\u00e3o Montes Claros, Ponte Nova e Joa\u00edma. Montes Claros possui tr\u00eas mortes pela doen\u00e7a, enquanto Ponte Nova e Joa\u00edma t\u00eam uma em cada.<\/p>\n\n\n\n<figure class=\"wp-block-image size-full\"><img fetchpriority=\"high\" decoding=\"async\" width=\"606\" height=\"600\" src=\"http:\/\/lavras.tv\/site\/wp-content\/uploads\/2023\/04\/mosquito-transmissor-da-chikungunya-amp_hero-1.jpg\" alt=\"\" class=\"wp-image-54948\" srcset=\"http:\/\/lavras.tv\/site\/wp-content\/uploads\/2023\/04\/mosquito-transmissor-da-chikungunya-amp_hero-1.jpg 606w, http:\/\/lavras.tv\/site\/wp-content\/uploads\/2023\/04\/mosquito-transmissor-da-chikungunya-amp_hero-1-303x300.jpg 303w, http:\/\/lavras.tv\/site\/wp-content\/uploads\/2023\/04\/mosquito-transmissor-da-chikungunya-amp_hero-1-152x150.jpg 152w, http:\/\/lavras.tv\/site\/wp-content\/uploads\/2023\/04\/mosquito-transmissor-da-chikungunya-amp_hero-1-150x150.jpg 150w\" sizes=\"(max-width: 606px) 100vw, 606px\" \/><\/figure>\n","protected":false},"excerpt":{"rendered":"<p>Um homem de 82 anos morreu em Lavras v\u00edtima de chikungunya. O \u00f3bito foi confirmado pela Secretaria de Estado de Sa\u00fade de Minas Gerais (SES-MG) e tamb\u00e9m pela prefeitura. Segundo a assessoria do executivo, o \u00f3bito ocorreu em mar\u00e7o e o paciente j\u00e1 apresentava v\u00e1rias comorbidades. As amostras foram encaminhadas para Funed e somente agora [&hellip;]<\/p>\n","protected":false},"author":3,"featured_media":54948,"comment_status":"closed","ping_status":"open","sticky":false,"template":"","format":"standard","meta":{"advgb_blocks_editor_width":"","advgb_blocks_columns_visual_guide":"","_exactmetrics_skip_tracking":false,"footnotes":""},"categories":[7,2],"tags":[],"class_list":["post-54947","post","type-post","status-publish","format-standard","has-post-thumbnail","hentry","category-destaques","category-noticias"],"better_featured_image":{"id":54948,"alt_text":"","caption":"","description":"","media_type":"image","media_details":{"width":606,"height":600,"file":"2023\/04\/mosquito-transmissor-da-chikungunya-amp_hero-1.jpg","sizes":{"medium":{"file":"mosquito-transmissor-da-chikungunya-amp_hero-1-303x300.jpg","width":303,"height":300,"mime-type":"image\/jpeg","source_url":"http:\/\/lavras.tv\/site\/wp-content\/uploads\/2023\/04\/mosquito-transmissor-da-chikungunya-amp_hero-1-303x300.jpg"},"thumbnail":{"file":"mosquito-transmissor-da-chikungunya-amp_hero-1-152x150.jpg","width":152,"height":150,"mime-type":"image\/jpeg","source_url":"http:\/\/lavras.tv\/site\/wp-content\/uploads\/2023\/04\/mosquito-transmissor-da-chikungunya-amp_hero-1-152x150.jpg"},"alm-thumbnail":{"file":"mosquito-transmissor-da-chikungunya-amp_hero-1-150x150.jpg","width":150,"height":150,"mime-type":"image\/jpeg","source_url":"http:\/\/lavras.tv\/site\/wp-content\/uploads\/2023\/04\/mosquito-transmissor-da-chikungunya-amp_hero-1-150x150.jpg"}},"image_meta":{"aperture":"0","credit":"","camera":"","caption":"","created_timestamp":"0","copyright":"","focal_length":"0","iso":"0","shutter_speed":"0","title":"","orientation":"0","keywords":[]}},"post":54947,"source_url":"http:\/\/lavras.tv\/site\/wp-content\/uploads\/2023\/04\/mosquito-transmissor-da-chikungunya-amp_hero-1.jpg"},"author_meta":{"display_name":"Frederico Mesquita","author_link":"http:\/\/lavras.tv\/site\/author\/frederico\/"},"featured_img":"http:\/\/lavras.tv\/site\/wp-content\/uploads\/2023\/04\/mosquito-transmissor-da-chikungunya-amp_hero-1-303x300.jpg","coauthors":[],"tax_additional":{"categories":{"linked":["<a href=\"http:\/\/lavras.tv\/site\/category\/destaques\/\" class=\"advgb-post-tax-term\">Destaques<\/a>","<a href=\"http:\/\/lavras.tv\/site\/category\/noticias\/\" class=\"advgb-post-tax-term\">Not\u00edcias<\/a>"],"unlinked":["<span class=\"advgb-post-tax-term\">Destaques<\/span>","<span class=\"advgb-post-tax-term\">Not\u00edcias<\/span>"]}},"comment_count":"0","relative_dates":{"created":"Publicado 3 anos atr\u00e1s","modified":"Atualizado 3 anos atr\u00e1s"},"absolute_dates":{"created":"Publicado em 5 de abril de 2023","modified":"Atualizado em 5 de abril de 2023"},"absolute_dates_time":{"created":"Publicado em 5 de abril de 2023 13:54","modified":"Atualizado em 5 de abril de 2023 13:54"},"featured_img_caption":"","series_order":"","_links":{"self":[{"href":"http:\/\/lavras.tv\/site\/wp-json\/wp\/v2\/posts\/54947","targetHints":{"allow":["GET"]}}],"collection":[{"href":"http:\/\/lavras.tv\/site\/wp-json\/wp\/v2\/posts"}],"about":[{"href":"http:\/\/lavras.tv\/site\/wp-json\/wp\/v2\/types\/post"}],"author":[{"embeddable":true,"href":"http:\/\/lavras.tv\/site\/wp-json\/wp\/v2\/users\/3"}],"replies":[{"embeddable":true,"href":"http:\/\/lavras.tv\/site\/wp-json\/wp\/v2\/comments?post=54947"}],"version-history":[{"count":0,"href":"http:\/\/lavras.tv\/site\/wp-json\/wp\/v2\/posts\/54947\/revisions"}],"wp:featuredmedia":[{"embeddable":true,"href":"http:\/\/lavras.tv\/site\/wp-json\/wp\/v2\/media\/54948"}],"wp:attachment":[{"href":"http:\/\/lavras.tv\/site\/wp-json\/wp\/v2\/media?parent=54947"}],"wp:term":[{"taxonomy":"category","embeddable":true,"href":"http:\/\/lavras.tv\/site\/wp-json\/wp\/v2\/categories?post=54947"},{"taxonomy":"post_tag","embeddable":true,"href":"http:\/\/lavras.tv\/site\/wp-json\/wp\/v2\/tags?post=54947"}],"curies":[{"name":"wp","href":"https:\/\/api.w.org\/{rel}","templated":true}]}}