{"id":55012,"date":"2023-04-11T10:16:57","date_gmt":"2023-04-11T13:16:57","guid":{"rendered":"http:\/\/lavras.tv\/site\/?p=55012"},"modified":"2023-04-11T10:16:58","modified_gmt":"2023-04-11T13:16:58","slug":"policia-militar-evita-nova-tragedia-em-escola-de-nepomuceno","status":"publish","type":"post","link":"http:\/\/lavras.tv\/site\/2023\/04\/11\/policia-militar-evita-nova-tragedia-em-escola-de-nepomuceno\/","title":{"rendered":"Pol\u00edcia Militar evita nova trag\u00e9dia em escola de Nepomuceno"},"content":{"rendered":"<div class=\"lavra-antes-do-conteudo_2 lavra-entity-placement\" id=\"lavra-704564054\"><div id=\"lavra-slider-27\" class=\"custom-slider lavra-slider-1184499000 lavra-slider\"><ul><li><div id=\"lavra-3564797868\" style=\"margin-left: auto;margin-right: auto;text-align: center;\"><a href=\"https:\/\/sistemas.lavras.mg.gov.br\/portalcidadao\/#df1b1a7c7b2a290bcb31e32771e610784662739a88807c0dacac58ede5f391a7530e299dc302d611ee73cb143fc22eaf93592e53e7b5bdb01b00a0b8d28dae460c141dd2ff83412e4dc1c31b16b25f33144a9e5620ea73b13f5bc1c59411d98439ad226e8af03840603796067d87afe130812cf3de24982d0e306f9e61e764e5\" aria-label=\"Lavras-TV&#8211;720x104px (1) (1)\"><img src=\"http:\/\/lavras.tv\/site\/wp-content\/uploads\/2025\/01\/Lavras-TV-720x104px-1-1.png\" alt=\"\"  srcset=\"http:\/\/lavras.tv\/site\/wp-content\/uploads\/2025\/01\/Lavras-TV-720x104px-1-1.png 720w, http:\/\/lavras.tv\/site\/wp-content\/uploads\/2025\/01\/Lavras-TV-720x104px-1-1-470x68.png 470w, http:\/\/lavras.tv\/site\/wp-content\/uploads\/2025\/01\/Lavras-TV-720x104px-1-1-170x25.png 170w, http:\/\/lavras.tv\/site\/wp-content\/uploads\/2025\/01\/Lavras-TV-720x104px-1-1-200x29.png 200w\" sizes=\"(max-width: 720px) 100vw, 720px\" width=\"720\" height=\"104\"  style=\"display: inline-block;\" \/><\/a><\/div><\/li><li><div id=\"lavra-1616237055\"><a href=\"https:\/\/sistemas.lavras.mg.gov.br\/portalcidadao\/#df1b1a7c7b2a290bcb31e32771e610784662739a88807c0dacac58ede5f391a7530e299dc302d611ee73cb143fc22eaf93592e53e7b5bdb01b00a0b8d28dae460c141dd2ff83412e4dc1c31b16b25f33144a9e5620ea73b13f5bc1c59411d98439ad226e8af03840603796067d87afe130812cf3de24982d0e306f9e61e764e5\" aria-label=\"Banner_Emprego_PortallavrasTV\"><img src=\"http:\/\/lavras.tv\/site\/wp-content\/uploads\/2025\/03\/Banner_Emprego_PortallavrasTV.png\" alt=\"\"  srcset=\"http:\/\/lavras.tv\/site\/wp-content\/uploads\/2025\/03\/Banner_Emprego_PortallavrasTV.png 720w, http:\/\/lavras.tv\/site\/wp-content\/uploads\/2025\/03\/Banner_Emprego_PortallavrasTV-470x68.png 470w, http:\/\/lavras.tv\/site\/wp-content\/uploads\/2025\/03\/Banner_Emprego_PortallavrasTV-170x25.png 170w, http:\/\/lavras.tv\/site\/wp-content\/uploads\/2025\/03\/Banner_Emprego_PortallavrasTV-200x29.png 200w\" sizes=\"(max-width: 720px) 100vw, 720px\" width=\"720\" height=\"104\"   \/><\/a><\/div><\/li><li><div id=\"lavra-2431720924\"><a href=\"https:\/\/sistemas.lavras.mg.gov.br\/portalcidadao\/#df1b1a7c7b2a290bcb31e32771e610784662739a88807c0dacac58ede5f391a7530e299dc302d611ee73cb143fc22eaf93592e53e7b5bdb01b00a0b8d28dae460c141dd2ff83412e4dc1c31b16b25f33144a9e5620ea73b13f5bc1c59411d98439ad226e8af03840603796067d87afe130812cf3de24982d0e306f9e61e764e5\" aria-label=\"Banner_Obras_PortallavrasTV\"><img src=\"http:\/\/lavras.tv\/site\/wp-content\/uploads\/2025\/03\/Banner_Obras_PortallavrasTV.png\" alt=\"\"  srcset=\"http:\/\/lavras.tv\/site\/wp-content\/uploads\/2025\/03\/Banner_Obras_PortallavrasTV.png 720w, http:\/\/lavras.tv\/site\/wp-content\/uploads\/2025\/03\/Banner_Obras_PortallavrasTV-470x68.png 470w, http:\/\/lavras.tv\/site\/wp-content\/uploads\/2025\/03\/Banner_Obras_PortallavrasTV-170x25.png 170w, http:\/\/lavras.tv\/site\/wp-content\/uploads\/2025\/03\/Banner_Obras_PortallavrasTV-200x29.png 200w\" sizes=\"(max-width: 720px) 100vw, 720px\" width=\"720\" height=\"104\"   \/><\/a><\/div><\/li><li><div id=\"lavra-3382847391\" style=\"margin-left: auto;margin-right: auto;text-align: center;\"><a href=\"https:\/\/sistemas.lavras.mg.gov.br\/portalcidadao\/#df1b1a7c7b2a290bcb31e32771e610784662739a88807c0dacac58ede5f391a7530e299dc302d611ee73cb143fc22eaf93592e53e7b5bdb01b00a0b8d28dae460c141dd2ff83412e4dc1c31b16b25f33144a9e5620ea73b13f5bc1c59411d98439ad226e8af03840603796067d87afe130812cf3de24982d0e306f9e61e764e5\" aria-label=\"ANUNCIE AQUI NOVO VERMELHO\"><img src=\"http:\/\/lavras.tv\/site\/wp-content\/uploads\/2016\/05\/ANUNCIE-AQUI-NOVO-VERMELHO.png\" alt=\"\"  srcset=\"http:\/\/lavras.tv\/site\/wp-content\/uploads\/2016\/05\/ANUNCIE-AQUI-NOVO-VERMELHO.png 720w, http:\/\/lavras.tv\/site\/wp-content\/uploads\/2016\/05\/ANUNCIE-AQUI-NOVO-VERMELHO-470x68.png 470w, http:\/\/lavras.tv\/site\/wp-content\/uploads\/2016\/05\/ANUNCIE-AQUI-NOVO-VERMELHO-170x25.png 170w\" sizes=\"(max-width: 720px) 100vw, 720px\" width=\"720\" height=\"104\"  style=\"display: inline-block;\" \/><\/a><\/div><\/li><li><div id=\"lavra-2440136149\"><a href=\"https:\/\/sistemas.lavras.mg.gov.br\/portalcidadao\/#df1b1a7c7b2a290bcb31e32771e610784662739a88807c0dacac58ede5f391a7530e299dc302d611ee73cb143fc22eaf93592e53e7b5bdb01b00a0b8d28dae460c141dd2ff83412e4dc1c31b16b25f33144a9e5620ea73b13f5bc1c59411d98439ad226e8af03840603796067d87afe130812cf3de24982d0e306f9e61e764e5\" aria-label=\"Banner_Sa\u00fade_PortallavrasTV\"><img src=\"http:\/\/lavras.tv\/site\/wp-content\/uploads\/2025\/03\/Banner_Saude_PortallavrasTV.png\" alt=\"\"  srcset=\"http:\/\/lavras.tv\/site\/wp-content\/uploads\/2025\/03\/Banner_Saude_PortallavrasTV.png 720w, http:\/\/lavras.tv\/site\/wp-content\/uploads\/2025\/03\/Banner_Saude_PortallavrasTV-470x68.png 470w, http:\/\/lavras.tv\/site\/wp-content\/uploads\/2025\/03\/Banner_Saude_PortallavrasTV-170x25.png 170w, http:\/\/lavras.tv\/site\/wp-content\/uploads\/2025\/03\/Banner_Saude_PortallavrasTV-200x29.png 200w\" sizes=\"(max-width: 720px) 100vw, 720px\" width=\"720\" height=\"104\"   \/><\/a><\/div><\/li><li><div id=\"lavra-2380040749\" style=\"width:720px;height:104px;background-color:#ddd;overflow:scroll;\">\n\t<strong>Sa\u00edda da depura\u00e7\u00e3o de an\u00fancios<\/strong>\n\t<br><br>\n\tO an\u00fancio n\u00e3o \u00e9 exibido na p\u00e1gina<br><br>post atual: Pol\u00edcia Militar evita nova trag\u00e9dia em escola de Nepomuceno, ID: 55012<br><br><span style=\"color: red;\">O post atual n\u00e3o \u00e9 id\u00eantico ao post principal.<\/span><br><br>An\u00fancios: ROXO - TOPO INTERNA - ROTATIVO 2 (197)<br \/>Grupo de an\u00fancios: Princ_Meio01_720x104 (27)<br><br>Condi\u00e7\u00f5es de exibi\u00e7\u00e3o<div style=\"margin-bottom: 20px; white-space: pre-wrap; font-family: monospace; width: 100%; background: #ffe9e9;\"><strong>condi\u00e7\u00f5es gerais<\/strong><table border=\"1\"><thead><tr><th><\/th><th>An\u00fancios<\/th><th>wp_the_query<\/th><\/tr><\/thead><tr><td>is_main_query<\/td><td>1<\/td><td>1<\/td><\/tr><tr><td>is_rest_api<\/td><td>0<\/td><td>1<\/td><\/tr><tr><td>page<\/td><td>0<\/td><td>1<\/td><\/tr><tr><td>numpages<\/td><td>0<\/td><td>1<\/td><\/tr><tr><td>is_archive<\/td><td>1<\/td><td><\/td><\/tr><tr><td>is_search<\/td><td>1<\/td><td><\/td><\/tr><tr><td>is_home<\/td><td>1<\/td><td><\/td><\/tr><tr><td>is_404<\/td><td>1<\/td><td><\/td><\/tr><tr><td>is_attachment<\/td><td>1<\/td><td><\/td><\/tr><tr><td>is_singular<\/td><td>1<\/td><td><\/td><\/tr><tr><td>is_front_page<\/td><td>1<\/td><td><\/td><\/tr><tr><td>is_feed<\/td><td>1<\/td><td><\/td><\/tr><\/table><\/div>\t<br><br>\n\t<a style=\"color: green;\" href=\"https:\/\/wpadvancedads.com\/manual\/ad-debug-mode\/?utm_source=advanced-ads&utm_medium=link&utm_campaign=ad-debug-mode\" target=\"_blank\" rel=\"nofollow\">Encontre solu\u00e7\u00f5es no manual<\/a>\n<\/div>\n<\/li><\/ul><\/div><script>( window.advanced_ads_ready || jQuery( document ).ready ).call( null, function() {var $lavraslider1184499000 = jQuery( \".lavra-slider-1184499000\" );$lavraslider1184499000.on( \"unslider.ready\", function() { jQuery( \"div.custom-slider ul li\" ).css( \"display\", \"block\" ); });$lavraslider1184499000.unslider({ delay:4000, autoplay:true, nav:false, arrows:false, infinite:true });$lavraslider1184499000.on(\"mouseover\", function() {$lavraslider1184499000.unslider(\"stop\");}).on(\"mouseout\", function() {$lavraslider1184499000.unslider(\"start\");});});<\/script><\/div>\n<p class=\"wp-block-paragraph\">Por volta de 20h30min desta segunda-feira (10\/04), a PM recebeu diversas den\u00fancias, atrav\u00e9s da Rede de Escolas Protegidas, de que estudantes de uma escola estadual de Nepomuceno estariam planejando um ataque contra outros alunos do turno da manh\u00e3. Dentre eles um menor que havia postado uma foto empunhando uma pistola, modelo G2C, cal.9mm, prometendo lev\u00e1-la \u00e0 escola na manh\u00e3 desta ter\u00e7a-feira (11\/04), com o objetivo de promover, segundo a pol\u00edcia, uma chacina contra os alunos que eram seus desafetos.\u00a0<\/p>\n\n\n\n<figure class=\"wp-block-image size-large\"><img fetchpriority=\"high\" decoding=\"async\" width=\"576\" height=\"1024\" src=\"http:\/\/lavras.tv\/site\/wp-content\/uploads\/2023\/04\/WhatsApp-Image-2023-04-11-at-08.58.52-576x1024.jpeg\" alt=\"\" class=\"wp-image-55013\" srcset=\"http:\/\/lavras.tv\/site\/wp-content\/uploads\/2023\/04\/WhatsApp-Image-2023-04-11-at-08.58.52-576x1024.jpeg 576w, http:\/\/lavras.tv\/site\/wp-content\/uploads\/2023\/04\/WhatsApp-Image-2023-04-11-at-08.58.52-169x300.jpeg 169w, http:\/\/lavras.tv\/site\/wp-content\/uploads\/2023\/04\/WhatsApp-Image-2023-04-11-at-08.58.52-84x150.jpeg 84w, http:\/\/lavras.tv\/site\/wp-content\/uploads\/2023\/04\/WhatsApp-Image-2023-04-11-at-08.58.52.jpeg 720w\" sizes=\"(max-width: 576px) 100vw, 576px\" \/><\/figure>\n\n\n\n<p class=\"wp-block-paragraph\">Uma equipe de militares deslocou at\u00e9 a escola e buscou informa\u00e7\u00f5es sobre este menor, sem levantar alarde. No local foram repassados dois endere\u00e7os onde o suspeito poderia ser encontrado, sendo um em Nepomuceno e outro na zona rural do munic\u00edpio. Os policiais se dirigiram ao endere\u00e7o na cidade, mas o menor n\u00e3o foi encontrado.<\/p>\n\n\n\n<p class=\"wp-block-paragraph\">Sendo assim, a PM deslocou at\u00e9 a zona rural e encontrou o suspeito na companhia de sua av\u00f3 paterna. Perguntada se no im\u00f3vel havia alguma arma ela confirmou aos militares e revelou que seu filho de 37 anos a mantinha escondida naquele local. A pistola cal. 9mm, 15 muni\u00e7\u00f5es intactas e o menor foram apreendidos pelo crime de amea\u00e7a. O propriet\u00e1rio da arma n\u00e3o estava no local e n\u00e3o foi localizado.<\/p>\n\n\n\n<p class=\"wp-block-paragraph\">O menor, acompanhado do seu representante legal, foi levado para a delegacia de Lavras para demais provid\u00eancias cab\u00edveis para o caso.<\/p>\n","protected":false},"excerpt":{"rendered":"<p>Por volta de 20h30min desta segunda-feira (10\/04), a PM recebeu diversas den\u00fancias, atrav\u00e9s da Rede de Escolas Protegidas, de que estudantes de uma escola estadual de Nepomuceno estariam planejando um ataque contra outros alunos do turno da manh\u00e3. Dentre eles um menor que havia postado uma foto empunhando uma pistola, modelo G2C, cal.9mm, prometendo lev\u00e1-la [&hellip;]<\/p>\n","protected":false},"author":3,"featured_media":55013,"comment_status":"closed","ping_status":"open","sticky":false,"template":"","format":"standard","meta":{"advgb_blocks_editor_width":"","advgb_blocks_columns_visual_guide":"","_exactmetrics_skip_tracking":false,"footnotes":""},"categories":[7,2],"tags":[],"class_list":["post-55012","post","type-post","status-publish","format-standard","has-post-thumbnail","hentry","category-destaques","category-noticias"],"better_featured_image":{"id":55013,"alt_text":"","caption":"","description":"","media_type":"image","media_details":{"width":720,"height":1280,"file":"2023\/04\/WhatsApp-Image-2023-04-11-at-08.58.52.jpeg","sizes":{"medium":{"file":"WhatsApp-Image-2023-04-11-at-08.58.52-169x300.jpeg","width":169,"height":300,"mime-type":"image\/jpeg","source_url":"http:\/\/lavras.tv\/site\/wp-content\/uploads\/2023\/04\/WhatsApp-Image-2023-04-11-at-08.58.52-169x300.jpeg"},"large":{"file":"WhatsApp-Image-2023-04-11-at-08.58.52-576x1024.jpeg","width":576,"height":1024,"mime-type":"image\/jpeg","source_url":"http:\/\/lavras.tv\/site\/wp-content\/uploads\/2023\/04\/WhatsApp-Image-2023-04-11-at-08.58.52-576x1024.jpeg"},"thumbnail":{"file":"WhatsApp-Image-2023-04-11-at-08.58.52-84x150.jpeg","width":84,"height":150,"mime-type":"image\/jpeg","source_url":"http:\/\/lavras.tv\/site\/wp-content\/uploads\/2023\/04\/WhatsApp-Image-2023-04-11-at-08.58.52-84x150.jpeg"},"alm-thumbnail":{"file":"WhatsApp-Image-2023-04-11-at-08.58.52-150x150.jpeg","width":150,"height":150,"mime-type":"image\/jpeg","source_url":"http:\/\/lavras.tv\/site\/wp-content\/uploads\/2023\/04\/WhatsApp-Image-2023-04-11-at-08.58.52-150x150.jpeg"}},"image_meta":{"aperture":"0","credit":"","camera":"","caption":"","created_timestamp":"0","copyright":"","focal_length":"0","iso":"0","shutter_speed":"0","title":"","orientation":"0","keywords":[]}},"post":55012,"source_url":"http:\/\/lavras.tv\/site\/wp-content\/uploads\/2023\/04\/WhatsApp-Image-2023-04-11-at-08.58.52.jpeg"},"author_meta":{"display_name":"Frederico Mesquita","author_link":"http:\/\/lavras.tv\/site\/author\/frederico\/"},"featured_img":"http:\/\/lavras.tv\/site\/wp-content\/uploads\/2023\/04\/WhatsApp-Image-2023-04-11-at-08.58.52-169x300.jpeg","coauthors":[],"tax_additional":{"categories":{"linked":["<a href=\"http:\/\/lavras.tv\/site\/category\/destaques\/\" class=\"advgb-post-tax-term\">Destaques<\/a>","<a href=\"http:\/\/lavras.tv\/site\/category\/noticias\/\" class=\"advgb-post-tax-term\">Not\u00edcias<\/a>"],"unlinked":["<span class=\"advgb-post-tax-term\">Destaques<\/span>","<span class=\"advgb-post-tax-term\">Not\u00edcias<\/span>"]}},"comment_count":"0","relative_dates":{"created":"Publicado 3 anos atr\u00e1s","modified":"Atualizado 3 anos atr\u00e1s"},"absolute_dates":{"created":"Publicado em 11 de abril de 2023","modified":"Atualizado em 11 de abril de 2023"},"absolute_dates_time":{"created":"Publicado em 11 de abril de 2023 10:16","modified":"Atualizado em 11 de abril de 2023 10:16"},"featured_img_caption":"","series_order":"","_links":{"self":[{"href":"http:\/\/lavras.tv\/site\/wp-json\/wp\/v2\/posts\/55012","targetHints":{"allow":["GET"]}}],"collection":[{"href":"http:\/\/lavras.tv\/site\/wp-json\/wp\/v2\/posts"}],"about":[{"href":"http:\/\/lavras.tv\/site\/wp-json\/wp\/v2\/types\/post"}],"author":[{"embeddable":true,"href":"http:\/\/lavras.tv\/site\/wp-json\/wp\/v2\/users\/3"}],"replies":[{"embeddable":true,"href":"http:\/\/lavras.tv\/site\/wp-json\/wp\/v2\/comments?post=55012"}],"version-history":[{"count":0,"href":"http:\/\/lavras.tv\/site\/wp-json\/wp\/v2\/posts\/55012\/revisions"}],"wp:featuredmedia":[{"embeddable":true,"href":"http:\/\/lavras.tv\/site\/wp-json\/wp\/v2\/media\/55013"}],"wp:attachment":[{"href":"http:\/\/lavras.tv\/site\/wp-json\/wp\/v2\/media?parent=55012"}],"wp:term":[{"taxonomy":"category","embeddable":true,"href":"http:\/\/lavras.tv\/site\/wp-json\/wp\/v2\/categories?post=55012"},{"taxonomy":"post_tag","embeddable":true,"href":"http:\/\/lavras.tv\/site\/wp-json\/wp\/v2\/tags?post=55012"}],"curies":[{"name":"wp","href":"https:\/\/api.w.org\/{rel}","templated":true}]}}