{"id":55235,"date":"2023-05-09T23:56:54","date_gmt":"2023-05-10T02:56:54","guid":{"rendered":"http:\/\/lavras.tv\/site\/?p=55235"},"modified":"2023-05-09T23:56:54","modified_gmt":"2023-05-10T02:56:54","slug":"lavras-registra-sexto-homicidio-apos-corpo-de-homem-ser-encontrado-na-ponte-branca","status":"publish","type":"post","link":"http:\/\/lavras.tv\/site\/2023\/05\/09\/lavras-registra-sexto-homicidio-apos-corpo-de-homem-ser-encontrado-na-ponte-branca\/","title":{"rendered":"Lavras registra sexto homic\u00eddio ap\u00f3s corpo de homem ser encontrado na Ponte Branca"},"content":{"rendered":"<div class=\"lavra-antes-do-conteudo_2 lavra-entity-placement\" id=\"lavra-4200882068\"><div id=\"lavra-slider-27\" class=\"custom-slider lavra-slider-1080614975 lavra-slider\"><ul><li><div id=\"lavra-580632284\" style=\"margin-left: auto;margin-right: auto;text-align: center;\"><a href=\"https:\/\/sistemas.lavras.mg.gov.br\/portalcidadao\/#df1b1a7c7b2a290bcb31e32771e610784662739a88807c0dacac58ede5f391a7530e299dc302d611ee73cb143fc22eaf93592e53e7b5bdb01b00a0b8d28dae460c141dd2ff83412e4dc1c31b16b25f33144a9e5620ea73b13f5bc1c59411d98439ad226e8af03840603796067d87afe130812cf3de24982d0e306f9e61e764e5\" aria-label=\"Lavras-TV&#8211;720x104px (1) (1)\"><img src=\"http:\/\/lavras.tv\/site\/wp-content\/uploads\/2025\/01\/Lavras-TV-720x104px-1-1.png\" alt=\"\"  srcset=\"http:\/\/lavras.tv\/site\/wp-content\/uploads\/2025\/01\/Lavras-TV-720x104px-1-1.png 720w, http:\/\/lavras.tv\/site\/wp-content\/uploads\/2025\/01\/Lavras-TV-720x104px-1-1-470x68.png 470w, http:\/\/lavras.tv\/site\/wp-content\/uploads\/2025\/01\/Lavras-TV-720x104px-1-1-170x25.png 170w, http:\/\/lavras.tv\/site\/wp-content\/uploads\/2025\/01\/Lavras-TV-720x104px-1-1-200x29.png 200w\" sizes=\"(max-width: 720px) 100vw, 720px\" width=\"720\" height=\"104\"  style=\"display: inline-block;\" \/><\/a><\/div><\/li><li><div id=\"lavra-4109575857\"><a href=\"https:\/\/sistemas.lavras.mg.gov.br\/portalcidadao\/#df1b1a7c7b2a290bcb31e32771e610784662739a88807c0dacac58ede5f391a7530e299dc302d611ee73cb143fc22eaf93592e53e7b5bdb01b00a0b8d28dae460c141dd2ff83412e4dc1c31b16b25f33144a9e5620ea73b13f5bc1c59411d98439ad226e8af03840603796067d87afe130812cf3de24982d0e306f9e61e764e5\" aria-label=\"Banner_Emprego_PortallavrasTV\"><img src=\"http:\/\/lavras.tv\/site\/wp-content\/uploads\/2025\/03\/Banner_Emprego_PortallavrasTV.png\" alt=\"\"  srcset=\"http:\/\/lavras.tv\/site\/wp-content\/uploads\/2025\/03\/Banner_Emprego_PortallavrasTV.png 720w, http:\/\/lavras.tv\/site\/wp-content\/uploads\/2025\/03\/Banner_Emprego_PortallavrasTV-470x68.png 470w, http:\/\/lavras.tv\/site\/wp-content\/uploads\/2025\/03\/Banner_Emprego_PortallavrasTV-170x25.png 170w, http:\/\/lavras.tv\/site\/wp-content\/uploads\/2025\/03\/Banner_Emprego_PortallavrasTV-200x29.png 200w\" sizes=\"(max-width: 720px) 100vw, 720px\" width=\"720\" height=\"104\"   \/><\/a><\/div><\/li><li><div id=\"lavra-2581971620\"><a href=\"https:\/\/sistemas.lavras.mg.gov.br\/portalcidadao\/#df1b1a7c7b2a290bcb31e32771e610784662739a88807c0dacac58ede5f391a7530e299dc302d611ee73cb143fc22eaf93592e53e7b5bdb01b00a0b8d28dae460c141dd2ff83412e4dc1c31b16b25f33144a9e5620ea73b13f5bc1c59411d98439ad226e8af03840603796067d87afe130812cf3de24982d0e306f9e61e764e5\" aria-label=\"Banner_Obras_PortallavrasTV\"><img src=\"http:\/\/lavras.tv\/site\/wp-content\/uploads\/2025\/03\/Banner_Obras_PortallavrasTV.png\" alt=\"\"  srcset=\"http:\/\/lavras.tv\/site\/wp-content\/uploads\/2025\/03\/Banner_Obras_PortallavrasTV.png 720w, http:\/\/lavras.tv\/site\/wp-content\/uploads\/2025\/03\/Banner_Obras_PortallavrasTV-470x68.png 470w, http:\/\/lavras.tv\/site\/wp-content\/uploads\/2025\/03\/Banner_Obras_PortallavrasTV-170x25.png 170w, http:\/\/lavras.tv\/site\/wp-content\/uploads\/2025\/03\/Banner_Obras_PortallavrasTV-200x29.png 200w\" sizes=\"(max-width: 720px) 100vw, 720px\" width=\"720\" height=\"104\"   \/><\/a><\/div><\/li><li><div id=\"lavra-747620746\" style=\"margin-left: auto;margin-right: auto;text-align: center;\"><a href=\"https:\/\/sistemas.lavras.mg.gov.br\/portalcidadao\/#df1b1a7c7b2a290bcb31e32771e610784662739a88807c0dacac58ede5f391a7530e299dc302d611ee73cb143fc22eaf93592e53e7b5bdb01b00a0b8d28dae460c141dd2ff83412e4dc1c31b16b25f33144a9e5620ea73b13f5bc1c59411d98439ad226e8af03840603796067d87afe130812cf3de24982d0e306f9e61e764e5\" aria-label=\"ANUNCIE AQUI NOVO VERMELHO\"><img src=\"http:\/\/lavras.tv\/site\/wp-content\/uploads\/2016\/05\/ANUNCIE-AQUI-NOVO-VERMELHO.png\" alt=\"\"  srcset=\"http:\/\/lavras.tv\/site\/wp-content\/uploads\/2016\/05\/ANUNCIE-AQUI-NOVO-VERMELHO.png 720w, http:\/\/lavras.tv\/site\/wp-content\/uploads\/2016\/05\/ANUNCIE-AQUI-NOVO-VERMELHO-470x68.png 470w, http:\/\/lavras.tv\/site\/wp-content\/uploads\/2016\/05\/ANUNCIE-AQUI-NOVO-VERMELHO-170x25.png 170w\" sizes=\"(max-width: 720px) 100vw, 720px\" width=\"720\" height=\"104\"  style=\"display: inline-block;\" \/><\/a><\/div><\/li><li><div id=\"lavra-1304670238\"><a href=\"https:\/\/sistemas.lavras.mg.gov.br\/portalcidadao\/#df1b1a7c7b2a290bcb31e32771e610784662739a88807c0dacac58ede5f391a7530e299dc302d611ee73cb143fc22eaf93592e53e7b5bdb01b00a0b8d28dae460c141dd2ff83412e4dc1c31b16b25f33144a9e5620ea73b13f5bc1c59411d98439ad226e8af03840603796067d87afe130812cf3de24982d0e306f9e61e764e5\" aria-label=\"Banner_Sa\u00fade_PortallavrasTV\"><img src=\"http:\/\/lavras.tv\/site\/wp-content\/uploads\/2025\/03\/Banner_Saude_PortallavrasTV.png\" alt=\"\"  srcset=\"http:\/\/lavras.tv\/site\/wp-content\/uploads\/2025\/03\/Banner_Saude_PortallavrasTV.png 720w, http:\/\/lavras.tv\/site\/wp-content\/uploads\/2025\/03\/Banner_Saude_PortallavrasTV-470x68.png 470w, http:\/\/lavras.tv\/site\/wp-content\/uploads\/2025\/03\/Banner_Saude_PortallavrasTV-170x25.png 170w, http:\/\/lavras.tv\/site\/wp-content\/uploads\/2025\/03\/Banner_Saude_PortallavrasTV-200x29.png 200w\" sizes=\"(max-width: 720px) 100vw, 720px\" width=\"720\" height=\"104\"   \/><\/a><\/div><\/li><li><div id=\"lavra-1082151641\" style=\"width:720px;height:104px;background-color:#ddd;overflow:scroll;\">\n\t<strong>Sa\u00edda da depura\u00e7\u00e3o de an\u00fancios<\/strong>\n\t<br><br>\n\tO an\u00fancio n\u00e3o \u00e9 exibido na p\u00e1gina<br><br>post atual: Lavras registra sexto homic\u00eddio ap\u00f3s corpo de homem ser encontrado na Ponte Branca, ID: 55235<br><br><span style=\"color: red;\">O post atual n\u00e3o \u00e9 id\u00eantico ao post principal.<\/span><br><br>An\u00fancios: ROXO - TOPO INTERNA - ROTATIVO 2 (197)<br \/>Grupo de an\u00fancios: Princ_Meio01_720x104 (27)<br><br>Condi\u00e7\u00f5es de exibi\u00e7\u00e3o<div style=\"margin-bottom: 20px; white-space: pre-wrap; font-family: monospace; width: 100%; background: #ffe9e9;\"><strong>condi\u00e7\u00f5es gerais<\/strong><table border=\"1\"><thead><tr><th><\/th><th>An\u00fancios<\/th><th>wp_the_query<\/th><\/tr><\/thead><tr><td>is_main_query<\/td><td>1<\/td><td>1<\/td><\/tr><tr><td>is_rest_api<\/td><td>0<\/td><td>1<\/td><\/tr><tr><td>page<\/td><td>0<\/td><td>1<\/td><\/tr><tr><td>numpages<\/td><td>0<\/td><td>1<\/td><\/tr><tr><td>is_archive<\/td><td>1<\/td><td><\/td><\/tr><tr><td>is_search<\/td><td>1<\/td><td><\/td><\/tr><tr><td>is_home<\/td><td>1<\/td><td><\/td><\/tr><tr><td>is_404<\/td><td>1<\/td><td><\/td><\/tr><tr><td>is_attachment<\/td><td>1<\/td><td><\/td><\/tr><tr><td>is_singular<\/td><td>1<\/td><td><\/td><\/tr><tr><td>is_front_page<\/td><td>1<\/td><td><\/td><\/tr><tr><td>is_feed<\/td><td>1<\/td><td><\/td><\/tr><\/table><\/div>\t<br><br>\n\t<a style=\"color: green;\" href=\"https:\/\/wpadvancedads.com\/manual\/ad-debug-mode\/?utm_source=advanced-ads&utm_medium=link&utm_campaign=ad-debug-mode\" target=\"_blank\" rel=\"nofollow\">Encontre solu\u00e7\u00f5es no manual<\/a>\n<\/div>\n<\/li><\/ul><\/div><script>( window.advanced_ads_ready || jQuery( document ).ready ).call( null, function() {var $lavraslider1080614975 = jQuery( \".lavra-slider-1080614975\" );$lavraslider1080614975.on( \"unslider.ready\", function() { jQuery( \"div.custom-slider ul li\" ).css( \"display\", \"block\" ); });$lavraslider1080614975.unslider({ delay:4000, autoplay:true, nav:false, arrows:false, infinite:true });$lavraslider1080614975.on(\"mouseover\", function() {$lavraslider1080614975.unslider(\"stop\");}).on(\"mouseout\", function() {$lavraslider1080614975.unslider(\"start\");});});<\/script><\/div>\n<p class=\"wp-block-paragraph\">Empenhados pelo Copom, a PM compareceu na Rua Nana P\u00e1dua, local conhecido como Ponte Branca, onde, segundo informa\u00e7\u00f5es, um corpo havia sido encontrado. Os militares constataram a veracidade da den\u00fancia e verificaram que perto do corpo havia certa quantidade de sangue pr\u00f3ximo \u00e0 cabe\u00e7a e ombro, al\u00e9m de uma pedra. O homem estava vestido apenas com uma camisa de cor vermelha. Uma cal\u00e7a de cor preta, com poss\u00edveis marcas de sangue, foi encontrada cerca de 20 metros de dist\u00e2ncia do corpo, em meio a um matagal.&nbsp;<\/p>\n\n\n\n<p class=\"wp-block-paragraph\">Segundo a per\u00edcia, o cad\u00e1ver possu\u00eda um amassamento no cr\u00e2nio, sugerindo traumatismo. Ap\u00f3s a realiza\u00e7\u00e3o dos trabalhos de praxe, o corpo foi liberado do local.<\/p>\n\n\n\n<p class=\"wp-block-paragraph\">De acordo com a pol\u00edcia, uma senhora havia informado que tomou conhecimento da ocorr\u00eancia e foi ao local averiguar, tendo em vista que seu irm\u00e3o estaria desaparecido desde o \u00faltimo domingo (07\/05). Foi constatado ent\u00e3o que o corpo seria deste referido homem, Jair Celestino Bonfim Filho, 45 anos, motorista, natural de S\u00e3o Paulo.<\/p>\n\n\n\n<figure class=\"wp-block-gallery has-nested-images columns-default is-cropped wp-block-gallery-1 is-layout-flex wp-block-gallery-is-layout-flex\">\n<figure class=\"wp-block-image size-large\"><img fetchpriority=\"high\" decoding=\"async\" width=\"819\" height=\"1024\" data-id=\"55236\" src=\"http:\/\/lavras.tv\/site\/wp-content\/uploads\/2023\/05\/WhatsApp-Image-2023-05-09-at-23.54.13-819x1024.jpeg\" alt=\"\" class=\"wp-image-55236\" srcset=\"http:\/\/lavras.tv\/site\/wp-content\/uploads\/2023\/05\/WhatsApp-Image-2023-05-09-at-23.54.13-819x1024.jpeg 819w, http:\/\/lavras.tv\/site\/wp-content\/uploads\/2023\/05\/WhatsApp-Image-2023-05-09-at-23.54.13-240x300.jpeg 240w, http:\/\/lavras.tv\/site\/wp-content\/uploads\/2023\/05\/WhatsApp-Image-2023-05-09-at-23.54.13-120x150.jpeg 120w, http:\/\/lavras.tv\/site\/wp-content\/uploads\/2023\/05\/WhatsApp-Image-2023-05-09-at-23.54.13.jpeg 1080w\" sizes=\"(max-width: 819px) 100vw, 819px\" \/><\/figure>\n<\/figure>\n","protected":false},"excerpt":{"rendered":"<p>Empenhados pelo Copom, a PM compareceu na Rua Nana P\u00e1dua, local conhecido como Ponte Branca, onde, segundo informa\u00e7\u00f5es, um corpo havia sido encontrado. Os militares constataram a veracidade da den\u00fancia e verificaram que perto do corpo havia certa quantidade de sangue pr\u00f3ximo \u00e0 cabe\u00e7a e ombro, al\u00e9m de uma pedra. O homem estava vestido apenas [&hellip;]<\/p>\n","protected":false},"author":3,"featured_media":55236,"comment_status":"closed","ping_status":"open","sticky":false,"template":"","format":"standard","meta":{"advgb_blocks_editor_width":"","advgb_blocks_columns_visual_guide":"","_exactmetrics_skip_tracking":false,"footnotes":""},"categories":[7,2],"tags":[],"class_list":["post-55235","post","type-post","status-publish","format-standard","has-post-thumbnail","hentry","category-destaques","category-noticias"],"better_featured_image":{"id":55236,"alt_text":"","caption":"","description":"","media_type":"image","media_details":{"width":1080,"height":1350,"file":"2023\/05\/WhatsApp-Image-2023-05-09-at-23.54.13.jpeg","filesize":214109,"sizes":{"medium":{"file":"WhatsApp-Image-2023-05-09-at-23.54.13-240x300.jpeg","width":240,"height":300,"mime-type":"image\/jpeg","filesize":22031,"source_url":"http:\/\/lavras.tv\/site\/wp-content\/uploads\/2023\/05\/WhatsApp-Image-2023-05-09-at-23.54.13-240x300.jpeg"},"large":{"file":"WhatsApp-Image-2023-05-09-at-23.54.13-819x1024.jpeg","width":819,"height":1024,"mime-type":"image\/jpeg","filesize":146908,"source_url":"http:\/\/lavras.tv\/site\/wp-content\/uploads\/2023\/05\/WhatsApp-Image-2023-05-09-at-23.54.13-819x1024.jpeg"},"thumbnail":{"file":"WhatsApp-Image-2023-05-09-at-23.54.13-120x150.jpeg","width":120,"height":150,"mime-type":"image\/jpeg","filesize":6570,"source_url":"http:\/\/lavras.tv\/site\/wp-content\/uploads\/2023\/05\/WhatsApp-Image-2023-05-09-at-23.54.13-120x150.jpeg"},"alm-thumbnail":{"file":"WhatsApp-Image-2023-05-09-at-23.54.13-150x150.jpeg","width":150,"height":150,"mime-type":"image\/jpeg","filesize":8661,"source_url":"http:\/\/lavras.tv\/site\/wp-content\/uploads\/2023\/05\/WhatsApp-Image-2023-05-09-at-23.54.13-150x150.jpeg"}},"image_meta":{"aperture":"0","credit":"","camera":"","caption":"","created_timestamp":"0","copyright":"","focal_length":"0","iso":"0","shutter_speed":"0","title":"","orientation":"0","keywords":[]}},"post":55235,"source_url":"http:\/\/lavras.tv\/site\/wp-content\/uploads\/2023\/05\/WhatsApp-Image-2023-05-09-at-23.54.13.jpeg"},"author_meta":{"display_name":"Frederico Mesquita","author_link":"http:\/\/lavras.tv\/site\/author\/frederico\/"},"featured_img":"http:\/\/lavras.tv\/site\/wp-content\/uploads\/2023\/05\/WhatsApp-Image-2023-05-09-at-23.54.13-240x300.jpeg","coauthors":[],"tax_additional":{"categories":{"linked":["<a href=\"http:\/\/lavras.tv\/site\/category\/destaques\/\" class=\"advgb-post-tax-term\">Destaques<\/a>","<a href=\"http:\/\/lavras.tv\/site\/category\/noticias\/\" class=\"advgb-post-tax-term\">Not\u00edcias<\/a>"],"unlinked":["<span class=\"advgb-post-tax-term\">Destaques<\/span>","<span class=\"advgb-post-tax-term\">Not\u00edcias<\/span>"]}},"comment_count":"0","relative_dates":{"created":"Publicado 3 anos atr\u00e1s","modified":"Atualizado 3 anos atr\u00e1s"},"absolute_dates":{"created":"Publicado em 9 de maio de 2023","modified":"Atualizado em 9 de maio de 2023"},"absolute_dates_time":{"created":"Publicado em 9 de maio de 2023 23:56","modified":"Atualizado em 9 de maio de 2023 23:56"},"featured_img_caption":"","series_order":"","_links":{"self":[{"href":"http:\/\/lavras.tv\/site\/wp-json\/wp\/v2\/posts\/55235","targetHints":{"allow":["GET"]}}],"collection":[{"href":"http:\/\/lavras.tv\/site\/wp-json\/wp\/v2\/posts"}],"about":[{"href":"http:\/\/lavras.tv\/site\/wp-json\/wp\/v2\/types\/post"}],"author":[{"embeddable":true,"href":"http:\/\/lavras.tv\/site\/wp-json\/wp\/v2\/users\/3"}],"replies":[{"embeddable":true,"href":"http:\/\/lavras.tv\/site\/wp-json\/wp\/v2\/comments?post=55235"}],"version-history":[{"count":0,"href":"http:\/\/lavras.tv\/site\/wp-json\/wp\/v2\/posts\/55235\/revisions"}],"wp:featuredmedia":[{"embeddable":true,"href":"http:\/\/lavras.tv\/site\/wp-json\/wp\/v2\/media\/55236"}],"wp:attachment":[{"href":"http:\/\/lavras.tv\/site\/wp-json\/wp\/v2\/media?parent=55235"}],"wp:term":[{"taxonomy":"category","embeddable":true,"href":"http:\/\/lavras.tv\/site\/wp-json\/wp\/v2\/categories?post=55235"},{"taxonomy":"post_tag","embeddable":true,"href":"http:\/\/lavras.tv\/site\/wp-json\/wp\/v2\/tags?post=55235"}],"curies":[{"name":"wp","href":"https:\/\/api.w.org\/{rel}","templated":true}]}}