{"id":8135,"date":"2017-04-14T09:21:20","date_gmt":"2017-04-14T12:21:20","guid":{"rendered":"http:\/\/lavras.tv\/site\/?p=8135"},"modified":"2017-04-14T09:21:20","modified_gmt":"2017-04-14T12:21:20","slug":"emilly-e-a-campea-do-bbb-17-e-leva-premio-de-r-15-milhao","status":"publish","type":"post","link":"http:\/\/lavras.tv\/site\/2017\/04\/14\/emilly-e-a-campea-do-bbb-17-e-leva-premio-de-r-15-milhao\/","title":{"rendered":"Emilly \u00e9 a campe\u00e3 do BBB 17 e leva pr\u00eamio de R$ 1,5 milh\u00e3o"},"content":{"rendered":"<div class=\"lavra-antes-do-conteudo_2\" id=\"lavra-3582731427\"><div id=\"lavra-slider-27\" class=\"custom-slider lavra-slider-3736614952 lavra-slider\"><ul><li><div style=\"margin-left: auto;margin-right: auto;text-align: center;\" id=\"lavra-234197180\"><a href=\"https:\/\/sistemas.lavras.mg.gov.br\/portalcidadao\/#df1b1a7c7b2a290bcb31e32771e610784662739a88807c0dacac58ede5f391a7530e299dc302d611ee73cb143fc22eaf93592e53e7b5bdb01b00a0b8d28dae460c141dd2ff83412e4dc1c31b16b25f33144a9e5620ea73b13f5bc1c59411d98439ad226e8af03840603796067d87afe130812cf3de24982d0e306f9e61e764e5\" aria-label=\"Lavras-TV&#8211;720x104px (1) (1)\"><img src=\"http:\/\/lavras.tv\/site\/wp-content\/uploads\/2025\/01\/Lavras-TV-720x104px-1-1.png\" alt=\"\"  srcset=\"http:\/\/lavras.tv\/site\/wp-content\/uploads\/2025\/01\/Lavras-TV-720x104px-1-1.png 720w, http:\/\/lavras.tv\/site\/wp-content\/uploads\/2025\/01\/Lavras-TV-720x104px-1-1-470x68.png 470w, http:\/\/lavras.tv\/site\/wp-content\/uploads\/2025\/01\/Lavras-TV-720x104px-1-1-170x25.png 170w, http:\/\/lavras.tv\/site\/wp-content\/uploads\/2025\/01\/Lavras-TV-720x104px-1-1-200x29.png 200w\" sizes=\"(max-width: 720px) 100vw, 720px\" width=\"720\" height=\"104\"  style=\"display: inline-block;\" \/><\/a><\/div><\/li><li><a href=\"https:\/\/sistemas.lavras.mg.gov.br\/portalcidadao\/#df1b1a7c7b2a290bcb31e32771e610784662739a88807c0dacac58ede5f391a7530e299dc302d611ee73cb143fc22eaf93592e53e7b5bdb01b00a0b8d28dae460c141dd2ff83412e4dc1c31b16b25f33144a9e5620ea73b13f5bc1c59411d98439ad226e8af03840603796067d87afe130812cf3de24982d0e306f9e61e764e5\" aria-label=\"Banner_Emprego_PortallavrasTV\"><img src=\"http:\/\/lavras.tv\/site\/wp-content\/uploads\/2025\/03\/Banner_Emprego_PortallavrasTV.png\" alt=\"\"  srcset=\"http:\/\/lavras.tv\/site\/wp-content\/uploads\/2025\/03\/Banner_Emprego_PortallavrasTV.png 720w, http:\/\/lavras.tv\/site\/wp-content\/uploads\/2025\/03\/Banner_Emprego_PortallavrasTV-470x68.png 470w, http:\/\/lavras.tv\/site\/wp-content\/uploads\/2025\/03\/Banner_Emprego_PortallavrasTV-170x25.png 170w, http:\/\/lavras.tv\/site\/wp-content\/uploads\/2025\/03\/Banner_Emprego_PortallavrasTV-200x29.png 200w\" sizes=\"(max-width: 720px) 100vw, 720px\" width=\"720\" height=\"104\"   \/><\/a><\/li><li><a href=\"https:\/\/sistemas.lavras.mg.gov.br\/portalcidadao\/#df1b1a7c7b2a290bcb31e32771e610784662739a88807c0dacac58ede5f391a7530e299dc302d611ee73cb143fc22eaf93592e53e7b5bdb01b00a0b8d28dae460c141dd2ff83412e4dc1c31b16b25f33144a9e5620ea73b13f5bc1c59411d98439ad226e8af03840603796067d87afe130812cf3de24982d0e306f9e61e764e5\" aria-label=\"Banner_Obras_PortallavrasTV\"><img src=\"http:\/\/lavras.tv\/site\/wp-content\/uploads\/2025\/03\/Banner_Obras_PortallavrasTV.png\" alt=\"\"  srcset=\"http:\/\/lavras.tv\/site\/wp-content\/uploads\/2025\/03\/Banner_Obras_PortallavrasTV.png 720w, http:\/\/lavras.tv\/site\/wp-content\/uploads\/2025\/03\/Banner_Obras_PortallavrasTV-470x68.png 470w, http:\/\/lavras.tv\/site\/wp-content\/uploads\/2025\/03\/Banner_Obras_PortallavrasTV-170x25.png 170w, http:\/\/lavras.tv\/site\/wp-content\/uploads\/2025\/03\/Banner_Obras_PortallavrasTV-200x29.png 200w\" sizes=\"(max-width: 720px) 100vw, 720px\" width=\"720\" height=\"104\"   \/><\/a><\/li><li><div style=\"margin-left: auto;margin-right: auto;text-align: center;\" id=\"lavra-2084129480\"><a href=\"https:\/\/sistemas.lavras.mg.gov.br\/portalcidadao\/#df1b1a7c7b2a290bcb31e32771e610784662739a88807c0dacac58ede5f391a7530e299dc302d611ee73cb143fc22eaf93592e53e7b5bdb01b00a0b8d28dae460c141dd2ff83412e4dc1c31b16b25f33144a9e5620ea73b13f5bc1c59411d98439ad226e8af03840603796067d87afe130812cf3de24982d0e306f9e61e764e5\" aria-label=\"Banner_Educa\u00e7\u00e3o_PortallavrasTV\"><img src=\"http:\/\/lavras.tv\/site\/wp-content\/uploads\/2025\/01\/Banner_Educacao_PortallavrasTV.png\" alt=\"\"  srcset=\"http:\/\/lavras.tv\/site\/wp-content\/uploads\/2025\/01\/Banner_Educacao_PortallavrasTV.png 720w, http:\/\/lavras.tv\/site\/wp-content\/uploads\/2025\/01\/Banner_Educacao_PortallavrasTV-470x68.png 470w, http:\/\/lavras.tv\/site\/wp-content\/uploads\/2025\/01\/Banner_Educacao_PortallavrasTV-170x25.png 170w, http:\/\/lavras.tv\/site\/wp-content\/uploads\/2025\/01\/Banner_Educacao_PortallavrasTV-200x29.png 200w\" sizes=\"(max-width: 720px) 100vw, 720px\" width=\"720\" height=\"104\"  style=\"display: inline-block;\" \/><\/a><\/div><\/li><li><a href=\"https:\/\/sistemas.lavras.mg.gov.br\/portalcidadao\/#df1b1a7c7b2a290bcb31e32771e610784662739a88807c0dacac58ede5f391a7530e299dc302d611ee73cb143fc22eaf93592e53e7b5bdb01b00a0b8d28dae460c141dd2ff83412e4dc1c31b16b25f33144a9e5620ea73b13f5bc1c59411d98439ad226e8af03840603796067d87afe130812cf3de24982d0e306f9e61e764e5\" aria-label=\"Banner_Sa\u00fade_PortallavrasTV\"><img src=\"http:\/\/lavras.tv\/site\/wp-content\/uploads\/2025\/03\/Banner_Saude_PortallavrasTV.png\" alt=\"\"  srcset=\"http:\/\/lavras.tv\/site\/wp-content\/uploads\/2025\/03\/Banner_Saude_PortallavrasTV.png 720w, http:\/\/lavras.tv\/site\/wp-content\/uploads\/2025\/03\/Banner_Saude_PortallavrasTV-470x68.png 470w, http:\/\/lavras.tv\/site\/wp-content\/uploads\/2025\/03\/Banner_Saude_PortallavrasTV-170x25.png 170w, http:\/\/lavras.tv\/site\/wp-content\/uploads\/2025\/03\/Banner_Saude_PortallavrasTV-200x29.png 200w\" sizes=\"(max-width: 720px) 100vw, 720px\" width=\"720\" height=\"104\"   \/><\/a><\/li><li><div id=\"lavra-2047513630\" style=\"width:720px;height:104px;background-color:#ddd;overflow:scroll;\">\n\t<strong>Sa\u00edda da depura\u00e7\u00e3o de an\u00fancios<\/strong>\n\t<br><br>\n\tO an\u00fancio n\u00e3o \u00e9 exibido na p\u00e1gina<br><br>post atual: Emilly \u00e9 a campe\u00e3 do BBB 17 e leva pr\u00eamio de R$ 1,5 milh\u00e3o, ID: 8135<br><br><span style=\"color: red;\">O post atual n\u00e3o \u00e9 id\u00eantico ao post principal.<\/span><br><br>An\u00fancios: ROXO - TOPO INTERNA - ROTATIVO 2 (197)<br \/>Grupo de an\u00fancios: Princ_Meio01_720x104 (27)<br><br>Condi\u00e7\u00f5es de exibi\u00e7\u00e3o<div style=\"margin-bottom: 20px; white-space: pre-wrap; font-family: monospace; width: 100%; background: #ffe9e9;\"><strong>condi\u00e7\u00f5es gerais<\/strong><table border=\"1\"><thead><tr><th><\/th><th>An\u00fancios<\/th><th>wp_the_query<\/th><\/tr><\/thead><tr><td>is_main_query<\/td><td>1<\/td><td>1<\/td><\/tr><tr><td>is_rest_api<\/td><td>0<\/td><td>1<\/td><\/tr><tr><td>page<\/td><td>0<\/td><td>1<\/td><\/tr><tr><td>numpages<\/td><td>0<\/td><td>1<\/td><\/tr><tr><td>is_archive<\/td><td>1<\/td><td><\/td><\/tr><tr><td>is_search<\/td><td>1<\/td><td><\/td><\/tr><tr><td>is_home<\/td><td>1<\/td><td><\/td><\/tr><tr><td>is_404<\/td><td>1<\/td><td><\/td><\/tr><tr><td>is_attachment<\/td><td>1<\/td><td><\/td><\/tr><tr><td>is_singular<\/td><td>1<\/td><td><\/td><\/tr><tr><td>is_front_page<\/td><td>1<\/td><td><\/td><\/tr><tr><td>is_feed<\/td><td>1<\/td><td><\/td><\/tr><\/table><\/div>\t<br><br>\n\t<a style=\"color: green;\" href=\"https:\/\/wpadvancedads.com\/manual\/ad-debug-mode\/?utm_source=advanced-ads&utm_medium=link&utm_campaign=ad-debug-mode\" target=\"_blank\" rel=\"nofollow\">Encontre solu\u00e7\u00f5es no manual<\/a>\n<\/div>\n<\/li><\/ul><\/div><script>( window.advanced_ads_ready || jQuery( document ).ready ).call( null, function() {var $lavraslider3736614952 = jQuery( \".lavra-slider-3736614952\" );$lavraslider3736614952.on( \"unslider.ready\", function() { jQuery( \"div.custom-slider ul li\" ).css( \"display\", \"block\" ); });$lavraslider3736614952.unslider({ delay:4000, autoplay:true, nav:false, arrows:false, infinite:true });$lavraslider3736614952.on(\"mouseover\", function() {$lavraslider3736614952.unslider(\"stop\");}).on(\"mouseout\", function() {$lavraslider3736614952.unslider(\"start\");});});<\/script><\/div><p>A estudante ga\u00facha Emilly Ara\u00fajo, de 20 anos, venceu a final do &#8220;Big Brother Brasil 17&#8221; nesta quinta-feira (13).<!--more--> Ela ganhou o pr\u00eamio de R$ 1,5 milh\u00e3o ao receber 58% dos mais de 140 milh\u00f5es de votos contra a tamb\u00e9m ga\u00facha Ieda Wobeto (1%), de 70 anos, e a amazonense Vivian Amorim (49%), de 23.<\/p>\n<p><img fetchpriority=\"high\" decoding=\"async\" class=\"size-full wp-image-8136 aligncenter\" src=\"http:\/\/lavras.tv\/site\/wp-content\/uploads\/2017\/04\/emilly-bbb-17.jpg\" alt=\"emilly-bbb-17\" width=\"1600\" height=\"1032\" srcset=\"http:\/\/lavras.tv\/site\/wp-content\/uploads\/2017\/04\/emilly-bbb-17.jpg 1600w, http:\/\/lavras.tv\/site\/wp-content\/uploads\/2017\/04\/emilly-bbb-17-150x97.jpg 150w, http:\/\/lavras.tv\/site\/wp-content\/uploads\/2017\/04\/emilly-bbb-17-300x194.jpg 300w, http:\/\/lavras.tv\/site\/wp-content\/uploads\/2017\/04\/emilly-bbb-17-1024x660.jpg 1024w\" sizes=\"(max-width: 1600px) 100vw, 1600px\" \/><\/p>\n<div class=\"mc-column content-text active-extra-styles \" data-block-type=\"unstyled\" data-block-weight=\"44\">\n<p class=\"content-text__container \" data-track-category=\"Link no Texto\" data-track-links=\"\">Emilly foi uma das \u00faltimas participantes a serem escolhidas para a edi\u00e7\u00e3o, ap\u00f3s disputar uma vaga contra sua irm\u00e3 g\u00eamea, Mayla. A estudante nasceu em Eldorado do Sul (RS), e teve um relacionamento no programa com o m\u00e9dico Marcos Harter, eliminado por agredi-la fisicamente.<\/p>\n<\/div>\n<div class=\"mc-column content-text active-extra-styles \" data-block-type=\"unstyled\" data-block-weight=\"30\">\n<p class=\"content-text__container \" data-track-category=\"Link no Texto\" data-track-links=\"\">Al\u00e9m da participa\u00e7\u00e3o de todos os participantes eliminados nessa edi\u00e7\u00e3o, a final contou com shows dos jurados do &#8220;The Voice Brasil&#8221;, Claudia Leitte, Lulu Santos, Carlinhos Brown e Michel Tel\u00f3.<\/p>\n<\/div>\n<div class=\" content-media content-media--normal\" data-block-type=\"backstage-photo\">\n<div class=\"content-media__container\">\n<div class=\"content-media__image-centered\">\n<div class=\"progressive-img can-open-lightbox\" data-min-size-url=\"http:\/\/s2.glbimg.com\/NoKEUYFDwXrMZ28e8FZrNd46i2c=\/0x0:1659x1068\/1008x0\/smart\/filters:strip_icc()\/i.s3.glbimg.com\/v1\/AUTH_59edd422c0c84a879bd37670ae4f538a\/internal_photos\/bs\/2017\/b\/f\/2QeuPiT7ihP7vdI39xew\/bbb-17-final.jpg\" data-min-size=\"1008x648\" data-max-size-url=\"http:\/\/s2.glbimg.com\/I4tC4YInJ2jZWUdkonPC_VCMUds=\/0x0:1659x1068\/1600x0\/smart\/filters:strip_icc()\/i.s3.glbimg.com\/v1\/AUTH_59edd422c0c84a879bd37670ae4f538a\/internal_photos\/bs\/2017\/b\/f\/2QeuPiT7ihP7vdI39xew\/bbb-17-final.jpg\" data-max-size=\"1600x1030\" data-media-index=\"1\"><picture><img decoding=\"async\" class=\"image content-media__image progressive-loaded aligncenter\" title=\"Ieda, Emilly e Vivian descobrem a vencedora do 'Big Brother Brasil 17' (Foto: Reprodu\u00e7\u00e3o\/TV Globo)\" src=\"http:\/\/s2.glbimg.com\/NoKEUYFDwXrMZ28e8FZrNd46i2c=\/0x0:1659x1068\/1008x0\/smart\/filters:strip_icc()\/i.s3.glbimg.com\/v1\/AUTH_59edd422c0c84a879bd37670ae4f538a\/internal_photos\/bs\/2017\/b\/f\/2QeuPiT7ihP7vdI39xew\/bbb-17-final.jpg\" alt=\"Ieda, Emilly e Vivian descobrem a vencedora do 'Big Brother Brasil 17' (Foto: Reprodu\u00e7\u00e3o\/TV Globo)\" data-src=\"http:\/\/s2.glbimg.com\/NoKEUYFDwXrMZ28e8FZrNd46i2c=\/0x0:1659x1068\/1008x0\/smart\/filters:strip_icc()\/i.s3.glbimg.com\/v1\/AUTH_59edd422c0c84a879bd37670ae4f538a\/internal_photos\/bs\/2017\/b\/f\/2QeuPiT7ihP7vdI39xew\/bbb-17-final.jpg\" \/><\/picture><\/div>\n<\/div>\n<div class=\"progressive-img can-open-lightbox\" data-min-size-url=\"http:\/\/s2.glbimg.com\/NoKEUYFDwXrMZ28e8FZrNd46i2c=\/0x0:1659x1068\/1008x0\/smart\/filters:strip_icc()\/i.s3.glbimg.com\/v1\/AUTH_59edd422c0c84a879bd37670ae4f538a\/internal_photos\/bs\/2017\/b\/f\/2QeuPiT7ihP7vdI39xew\/bbb-17-final.jpg\" data-min-size=\"1008x648\" data-max-size-url=\"http:\/\/s2.glbimg.com\/I4tC4YInJ2jZWUdkonPC_VCMUds=\/0x0:1659x1068\/1600x0\/smart\/filters:strip_icc()\/i.s3.glbimg.com\/v1\/AUTH_59edd422c0c84a879bd37670ae4f538a\/internal_photos\/bs\/2017\/b\/f\/2QeuPiT7ihP7vdI39xew\/bbb-17-final.jpg\" data-max-size=\"1600x1030\" data-media-index=\"1\"><\/div>\n<div class=\"progressive-img can-open-lightbox\" data-min-size-url=\"http:\/\/s2.glbimg.com\/NoKEUYFDwXrMZ28e8FZrNd46i2c=\/0x0:1659x1068\/1008x0\/smart\/filters:strip_icc()\/i.s3.glbimg.com\/v1\/AUTH_59edd422c0c84a879bd37670ae4f538a\/internal_photos\/bs\/2017\/b\/f\/2QeuPiT7ihP7vdI39xew\/bbb-17-final.jpg\" data-min-size=\"1008x648\" data-max-size-url=\"http:\/\/s2.glbimg.com\/I4tC4YInJ2jZWUdkonPC_VCMUds=\/0x0:1659x1068\/1600x0\/smart\/filters:strip_icc()\/i.s3.glbimg.com\/v1\/AUTH_59edd422c0c84a879bd37670ae4f538a\/internal_photos\/bs\/2017\/b\/f\/2QeuPiT7ihP7vdI39xew\/bbb-17-final.jpg\" data-max-size=\"1600x1030\" data-media-index=\"1\">Fonte: G1<\/div>\n<\/div>\n<\/div>\n","protected":false},"excerpt":{"rendered":"<p>A estudante ga\u00facha Emilly Ara\u00fajo, de 20 anos, venceu a final do &#8220;Big Brother Brasil 17&#8221; nesta quinta-feira (13).<\/p>\n","protected":false},"author":2,"featured_media":8136,"comment_status":"closed","ping_status":"open","sticky":false,"template":"","format":"standard","meta":{"advgb_blocks_editor_width":"","advgb_blocks_columns_visual_guide":"","_exactmetrics_skip_tracking":false,"_exactmetrics_sitenote_active":false,"_exactmetrics_sitenote_note":"","_exactmetrics_sitenote_category":0,"footnotes":""},"categories":[4],"tags":[580,2386,1857,3149],"class_list":["post-8135","post","type-post","status-publish","format-standard","has-post-thumbnail","hentry","category-entretenimento","tag-bbb","tag-bbb-17","tag-campea","tag-emilly"],"better_featured_image":{"id":8136,"alt_text":"","caption":"","description":"","media_type":"image","media_details":{"width":1600,"height":1032,"file":"2017\/04\/emilly-bbb-17.jpg","sizes":{"thumbnail":{"file":"emilly-bbb-17-150x97.jpg","width":150,"height":97,"mime-type":"image\/jpeg","source_url":"http:\/\/lavras.tv\/site\/wp-content\/uploads\/2017\/04\/emilly-bbb-17-150x97.jpg"},"medium":{"file":"emilly-bbb-17-300x194.jpg","width":300,"height":194,"mime-type":"image\/jpeg","source_url":"http:\/\/lavras.tv\/site\/wp-content\/uploads\/2017\/04\/emilly-bbb-17-300x194.jpg"},"large":{"file":"emilly-bbb-17-1024x660.jpg","width":1024,"height":660,"mime-type":"image\/jpeg","source_url":"http:\/\/lavras.tv\/site\/wp-content\/uploads\/2017\/04\/emilly-bbb-17-1024x660.jpg"},"featured-slider-img":{"file":"emilly-bbb-17-640x480.jpg","width":640,"height":480,"mime-type":"image\/jpeg","source_url":"http:\/\/lavras.tv\/site\/wp-content\/uploads\/2017\/04\/emilly-bbb-17-640x480.jpg"},"featured-post-img":{"file":"emilly-bbb-17-480x320.jpg","width":480,"height":320,"mime-type":"image\/jpeg","source_url":"http:\/\/lavras.tv\/site\/wp-content\/uploads\/2017\/04\/emilly-bbb-17-480x320.jpg"},"sow-carousel-default":{"file":"emilly-bbb-17-272x182.jpg","width":272,"height":182,"mime-type":"image\/jpeg","source_url":"http:\/\/lavras.tv\/site\/wp-content\/uploads\/2017\/04\/emilly-bbb-17-272x182.jpg"}},"image_meta":{"aperture":"0","credit":"","camera":"","caption":"","created_timestamp":"0","copyright":"","focal_length":"0","iso":"0","shutter_speed":"0","title":"","orientation":"0","keywords":[]}},"post":8135,"source_url":"http:\/\/lavras.tv\/site\/wp-content\/uploads\/2017\/04\/emilly-bbb-17.jpg"},"author_meta":{"display_name":"Lavras TV","author_link":"http:\/\/lavras.tv\/site\/author\/lavrastv\/"},"featured_img":"http:\/\/lavras.tv\/site\/wp-content\/uploads\/2017\/04\/emilly-bbb-17-300x194.jpg","coauthors":[],"tax_additional":{"categories":{"linked":["<a href=\"http:\/\/lavras.tv\/site\/category\/entretenimento\/\" class=\"advgb-post-tax-term\">Entretenimento<\/a>"],"unlinked":["<span class=\"advgb-post-tax-term\">Entretenimento<\/span>"]},"tags":{"linked":["<a href=\"http:\/\/lavras.tv\/site\/category\/entretenimento\/\" class=\"advgb-post-tax-term\">bbb<\/a>","<a href=\"http:\/\/lavras.tv\/site\/category\/entretenimento\/\" class=\"advgb-post-tax-term\">BBB 17<\/a>","<a href=\"http:\/\/lavras.tv\/site\/category\/entretenimento\/\" class=\"advgb-post-tax-term\">campe\u00e3<\/a>","<a href=\"http:\/\/lavras.tv\/site\/category\/entretenimento\/\" class=\"advgb-post-tax-term\">emilly<\/a>"],"unlinked":["<span class=\"advgb-post-tax-term\">bbb<\/span>","<span class=\"advgb-post-tax-term\">BBB 17<\/span>","<span class=\"advgb-post-tax-term\">campe\u00e3<\/span>","<span class=\"advgb-post-tax-term\">emilly<\/span>"]}},"comment_count":"0","relative_dates":{"created":"Publicado 9 anos atr\u00e1s","modified":"Atualizado 9 anos atr\u00e1s"},"absolute_dates":{"created":"Publicado em 14 de abril de 2017","modified":"Atualizado em 14 de abril de 2017"},"absolute_dates_time":{"created":"Publicado em 14 de abril de 2017 09:21","modified":"Atualizado em 14 de abril de 2017 09:21"},"featured_img_caption":"","series_order":"","_links":{"self":[{"href":"http:\/\/lavras.tv\/site\/wp-json\/wp\/v2\/posts\/8135","targetHints":{"allow":["GET"]}}],"collection":[{"href":"http:\/\/lavras.tv\/site\/wp-json\/wp\/v2\/posts"}],"about":[{"href":"http:\/\/lavras.tv\/site\/wp-json\/wp\/v2\/types\/post"}],"author":[{"embeddable":true,"href":"http:\/\/lavras.tv\/site\/wp-json\/wp\/v2\/users\/2"}],"replies":[{"embeddable":true,"href":"http:\/\/lavras.tv\/site\/wp-json\/wp\/v2\/comments?post=8135"}],"version-history":[{"count":1,"href":"http:\/\/lavras.tv\/site\/wp-json\/wp\/v2\/posts\/8135\/revisions"}],"predecessor-version":[{"id":8137,"href":"http:\/\/lavras.tv\/site\/wp-json\/wp\/v2\/posts\/8135\/revisions\/8137"}],"wp:featuredmedia":[{"embeddable":true,"href":"http:\/\/lavras.tv\/site\/wp-json\/wp\/v2\/media\/8136"}],"wp:attachment":[{"href":"http:\/\/lavras.tv\/site\/wp-json\/wp\/v2\/media?parent=8135"}],"wp:term":[{"taxonomy":"category","embeddable":true,"href":"http:\/\/lavras.tv\/site\/wp-json\/wp\/v2\/categories?post=8135"},{"taxonomy":"post_tag","embeddable":true,"href":"http:\/\/lavras.tv\/site\/wp-json\/wp\/v2\/tags?post=8135"}],"curies":[{"name":"wp","href":"https:\/\/api.w.org\/{rel}","templated":true}]}}