{"id":101691,"date":"2024-06-10T16:00:52","date_gmt":"2024-06-10T19:00:52","guid":{"rendered":"https:\/\/lavras.tv\/site\/?p=101691"},"modified":"2024-06-10T16:00:54","modified_gmt":"2024-06-10T19:00:54","slug":"iluminacao-da-mg-010-linha-verde","status":"publish","type":"post","link":"https:\/\/lavras.tv\/site\/2024\/06\/10\/iluminacao-da-mg-010-linha-verde\/","title":{"rendered":"Ilumina\u00e7\u00e3o da MG-010 (Linha Verde)"},"content":{"rendered":"<div class=\"lavra-antes-do-conteudo_2\" id=\"lavra-1676348831\"><div id=\"lavra-slider-27\" class=\"custom-slider lavra-slider-2944578781 lavra-slider\"><ul><li><div style=\"margin-left: auto;margin-right: auto;text-align: center;\" id=\"lavra-2725114379\"><a href=\"https:\/\/sistemas.lavras.mg.gov.br\/portalcidadao\/#df1b1a7c7b2a290bcb31e32771e610784662739a88807c0dacac58ede5f391a7530e299dc302d611ee73cb143fc22eaf93592e53e7b5bdb01b00a0b8d28dae460c141dd2ff83412e4dc1c31b16b25f33144a9e5620ea73b13f5bc1c59411d98439ad226e8af03840603796067d87afe130812cf3de24982d0e306f9e61e764e5\" aria-label=\"Lavras-TV&#8211;720x104px (1) (1)\"><img src=\"https:\/\/lavras.tv\/site\/wp-content\/uploads\/2025\/01\/Lavras-TV-720x104px-1-1.png\" alt=\"\"  srcset=\"https:\/\/lavras.tv\/site\/wp-content\/uploads\/2025\/01\/Lavras-TV-720x104px-1-1.png 720w, https:\/\/lavras.tv\/site\/wp-content\/uploads\/2025\/01\/Lavras-TV-720x104px-1-1-470x68.png 470w, https:\/\/lavras.tv\/site\/wp-content\/uploads\/2025\/01\/Lavras-TV-720x104px-1-1-170x25.png 170w, https:\/\/lavras.tv\/site\/wp-content\/uploads\/2025\/01\/Lavras-TV-720x104px-1-1-200x29.png 200w\" sizes=\"(max-width: 720px) 100vw, 720px\" width=\"720\" height=\"104\"  style=\"display: inline-block;\" \/><\/a><\/div><\/li><li><a href=\"https:\/\/sistemas.lavras.mg.gov.br\/portalcidadao\/#df1b1a7c7b2a290bcb31e32771e610784662739a88807c0dacac58ede5f391a7530e299dc302d611ee73cb143fc22eaf93592e53e7b5bdb01b00a0b8d28dae460c141dd2ff83412e4dc1c31b16b25f33144a9e5620ea73b13f5bc1c59411d98439ad226e8af03840603796067d87afe130812cf3de24982d0e306f9e61e764e5\" aria-label=\"Banner_Emprego_PortallavrasTV\"><img src=\"https:\/\/lavras.tv\/site\/wp-content\/uploads\/2025\/03\/Banner_Emprego_PortallavrasTV.png\" alt=\"\"  srcset=\"https:\/\/lavras.tv\/site\/wp-content\/uploads\/2025\/03\/Banner_Emprego_PortallavrasTV.png 720w, https:\/\/lavras.tv\/site\/wp-content\/uploads\/2025\/03\/Banner_Emprego_PortallavrasTV-470x68.png 470w, https:\/\/lavras.tv\/site\/wp-content\/uploads\/2025\/03\/Banner_Emprego_PortallavrasTV-170x25.png 170w, https:\/\/lavras.tv\/site\/wp-content\/uploads\/2025\/03\/Banner_Emprego_PortallavrasTV-200x29.png 200w\" sizes=\"(max-width: 720px) 100vw, 720px\" width=\"720\" height=\"104\"   \/><\/a><\/li><li><a href=\"https:\/\/sistemas.lavras.mg.gov.br\/portalcidadao\/#df1b1a7c7b2a290bcb31e32771e610784662739a88807c0dacac58ede5f391a7530e299dc302d611ee73cb143fc22eaf93592e53e7b5bdb01b00a0b8d28dae460c141dd2ff83412e4dc1c31b16b25f33144a9e5620ea73b13f5bc1c59411d98439ad226e8af03840603796067d87afe130812cf3de24982d0e306f9e61e764e5\" aria-label=\"Banner_Obras_PortallavrasTV\"><img src=\"https:\/\/lavras.tv\/site\/wp-content\/uploads\/2025\/03\/Banner_Obras_PortallavrasTV.png\" alt=\"\"  srcset=\"https:\/\/lavras.tv\/site\/wp-content\/uploads\/2025\/03\/Banner_Obras_PortallavrasTV.png 720w, https:\/\/lavras.tv\/site\/wp-content\/uploads\/2025\/03\/Banner_Obras_PortallavrasTV-470x68.png 470w, https:\/\/lavras.tv\/site\/wp-content\/uploads\/2025\/03\/Banner_Obras_PortallavrasTV-170x25.png 170w, https:\/\/lavras.tv\/site\/wp-content\/uploads\/2025\/03\/Banner_Obras_PortallavrasTV-200x29.png 200w\" sizes=\"(max-width: 720px) 100vw, 720px\" width=\"720\" height=\"104\"   \/><\/a><\/li><li><div style=\"margin-left: auto;margin-right: auto;text-align: center;\" id=\"lavra-4009694139\"><a href=\"https:\/\/sistemas.lavras.mg.gov.br\/portalcidadao\/#df1b1a7c7b2a290bcb31e32771e610784662739a88807c0dacac58ede5f391a7530e299dc302d611ee73cb143fc22eaf93592e53e7b5bdb01b00a0b8d28dae460c141dd2ff83412e4dc1c31b16b25f33144a9e5620ea73b13f5bc1c59411d98439ad226e8af03840603796067d87afe130812cf3de24982d0e306f9e61e764e5\" aria-label=\"Banner_Educa\u00e7\u00e3o_PortallavrasTV\"><img src=\"https:\/\/lavras.tv\/site\/wp-content\/uploads\/2025\/01\/Banner_Educacao_PortallavrasTV.png\" alt=\"\"  srcset=\"https:\/\/lavras.tv\/site\/wp-content\/uploads\/2025\/01\/Banner_Educacao_PortallavrasTV.png 720w, https:\/\/lavras.tv\/site\/wp-content\/uploads\/2025\/01\/Banner_Educacao_PortallavrasTV-470x68.png 470w, https:\/\/lavras.tv\/site\/wp-content\/uploads\/2025\/01\/Banner_Educacao_PortallavrasTV-170x25.png 170w, https:\/\/lavras.tv\/site\/wp-content\/uploads\/2025\/01\/Banner_Educacao_PortallavrasTV-200x29.png 200w\" sizes=\"(max-width: 720px) 100vw, 720px\" width=\"720\" height=\"104\"  style=\"display: inline-block;\" \/><\/a><\/div><\/li><li><a href=\"https:\/\/sistemas.lavras.mg.gov.br\/portalcidadao\/#df1b1a7c7b2a290bcb31e32771e610784662739a88807c0dacac58ede5f391a7530e299dc302d611ee73cb143fc22eaf93592e53e7b5bdb01b00a0b8d28dae460c141dd2ff83412e4dc1c31b16b25f33144a9e5620ea73b13f5bc1c59411d98439ad226e8af03840603796067d87afe130812cf3de24982d0e306f9e61e764e5\" aria-label=\"Banner_Sa\u00fade_PortallavrasTV\"><img src=\"https:\/\/lavras.tv\/site\/wp-content\/uploads\/2025\/03\/Banner_Saude_PortallavrasTV.png\" alt=\"\"  srcset=\"https:\/\/lavras.tv\/site\/wp-content\/uploads\/2025\/03\/Banner_Saude_PortallavrasTV.png 720w, https:\/\/lavras.tv\/site\/wp-content\/uploads\/2025\/03\/Banner_Saude_PortallavrasTV-470x68.png 470w, https:\/\/lavras.tv\/site\/wp-content\/uploads\/2025\/03\/Banner_Saude_PortallavrasTV-170x25.png 170w, https:\/\/lavras.tv\/site\/wp-content\/uploads\/2025\/03\/Banner_Saude_PortallavrasTV-200x29.png 200w\" sizes=\"(max-width: 720px) 100vw, 720px\" width=\"720\" height=\"104\"   \/><\/a><\/li><li><div id=\"lavra-514489495\" style=\"width:720px;height:104px;background-color:#ddd;overflow:scroll;\">\n\t<strong>Sa\u00edda da depura\u00e7\u00e3o de an\u00fancios<\/strong>\n\t<br><br>\n\tO an\u00fancio n\u00e3o \u00e9 exibido na p\u00e1gina<br><br>post atual: Ilumina\u00e7\u00e3o da MG-010 (Linha Verde), ID: 101691<br><br><span style=\"color: red;\">O post atual n\u00e3o \u00e9 id\u00eantico ao post principal.<\/span><br><br>An\u00fancios: ROXO - TOPO INTERNA - ROTATIVO 2 (197)<br \/>Grupo de an\u00fancios: Princ_Meio01_720x104 (27)<br><br>Condi\u00e7\u00f5es de exibi\u00e7\u00e3o<div style=\"margin-bottom: 20px; white-space: pre-wrap; font-family: monospace; width: 100%; background: #ffe9e9;\"><strong>condi\u00e7\u00f5es gerais<\/strong><table border=\"1\"><thead><tr><th><\/th><th>An\u00fancios<\/th><th>wp_the_query<\/th><\/tr><\/thead><tr><td>is_main_query<\/td><td>1<\/td><td>1<\/td><\/tr><tr><td>is_rest_api<\/td><td>0<\/td><td>1<\/td><\/tr><tr><td>page<\/td><td>0<\/td><td>1<\/td><\/tr><tr><td>numpages<\/td><td>0<\/td><td>1<\/td><\/tr><tr><td>is_archive<\/td><td>1<\/td><td><\/td><\/tr><tr><td>is_search<\/td><td>1<\/td><td><\/td><\/tr><tr><td>is_home<\/td><td>1<\/td><td><\/td><\/tr><tr><td>is_404<\/td><td>1<\/td><td><\/td><\/tr><tr><td>is_attachment<\/td><td>1<\/td><td><\/td><\/tr><tr><td>is_singular<\/td><td>1<\/td><td><\/td><\/tr><tr><td>is_front_page<\/td><td>1<\/td><td><\/td><\/tr><tr><td>is_feed<\/td><td>1<\/td><td><\/td><\/tr><\/table><\/div><br><br><span style=\"color: red;\">Seu site usa HTTPS, mas o c\u00f3digo do an\u00fancio cont\u00e9m HTTP e pode n\u00e3o funcionar.<\/span>\t<br><br>\n\t<a style=\"color: green;\" href=\"https:\/\/wpadvancedads.com\/manual\/ad-debug-mode\/?utm_source=advanced-ads&utm_medium=link&utm_campaign=ad-debug-mode\" target=\"_blank\" rel=\"nofollow\">Encontre solu\u00e7\u00f5es no manual<\/a>\n<\/div>\n<\/li><\/ul><\/div><script>( window.advanced_ads_ready || jQuery( document ).ready ).call( null, function() {var $lavraslider2944578781 = jQuery( \".lavra-slider-2944578781\" );$lavraslider2944578781.on( \"unslider.ready\", function() { jQuery( \"div.custom-slider ul li\" ).css( \"display\", \"block\" ); });$lavraslider2944578781.unslider({ delay:4000, autoplay:true, nav:false, arrows:false, infinite:true });$lavraslider2944578781.on(\"mouseover\", function() {$lavraslider2944578781.unslider(\"stop\");}).on(\"mouseout\", function() {$lavraslider2944578781.unslider(\"start\");});});<\/script><\/div>\n<figure class=\"wp-block-embed is-type-video is-provider-youtube wp-block-embed-youtube wp-embed-aspect-16-9 wp-has-aspect-ratio\"><div class=\"wp-block-embed__wrapper\">\n<div  style=\"display: block; margin: 0px auto;\"  id=\"_ytid_46009\"  width=\"480\" height=\"270\"  data-origwidth=\"480\" data-origheight=\"270\" data-facadesrc=\"https:\/\/www.youtube.com\/embed\/R7dXa9o6q74?enablejsapi=1&#038;autoplay=0&#038;cc_load_policy=0&#038;cc_lang_pref=&#038;iv_load_policy=1&#038;loop=0&#038;rel=1&#038;fs=1&#038;playsinline=0&#038;autohide=2&#038;theme=dark&#038;color=red&#038;controls=1&#038;disablekb=0&#038;\" class=\"__youtube_prefs__ epyt-facade epyt-is-override  no-lazyload\" data-epautoplay=\"1\" ><img decoding=\"async\" data-spai-excluded=\"true\" class=\"epyt-facade-poster skip-lazy\" loading=\"lazy\"  alt=\"YouTube player\"  src=\"https:\/\/i.ytimg.com\/vi\/R7dXa9o6q74\/maxresdefault.jpg\"  \/><button class=\"epyt-facade-play\" aria-label=\"Play\"><svg data-no-lazy=\"1\" height=\"100%\" version=\"1.1\" viewBox=\"0 0 68 48\" width=\"100%\"><path class=\"ytp-large-play-button-bg\" d=\"M66.52,7.74c-0.78-2.93-2.49-5.41-5.42-6.19C55.79,.13,34,0,34,0S12.21,.13,6.9,1.55 C3.97,2.33,2.27,4.81,1.48,7.74C0.06,13.05,0,24,0,24s0.06,10.95,1.48,16.26c0.78,2.93,2.49,5.41,5.42,6.19 C12.21,47.87,34,48,34,48s21.79-0.13,27.1-1.55c2.93-0.78,4.64-3.26,5.42-6.19C67.94,34.95,68,24,68,24S67.94,13.05,66.52,7.74z\" fill=\"#f00\"><\/path><path d=\"M 45,24 27,14 27,34\" fill=\"#fff\"><\/path><\/svg><\/button><\/div>\n<\/div><\/figure>\n\n\n\n<p>Na \u00faltima sexta-feira, (07\/06), foi anunciada mais uma grande conquista do mandato da Deputada Nayara Rocha.Ser\u00e3o realizadas as obras de ilumina\u00e7\u00e3o da MG-010 (Linha Verde), o que beneficiar\u00e1 todos os munic\u00edpios da nossa regi\u00e3o.<\/p>\n\n\n\n<p>Desde o in\u00edcio do seu mandato, a parlamentar j\u00e1 cobrava uma solu\u00e7\u00e3o efetiva quanto a ilumina\u00e7\u00e3o e, agora, o Governador Romeu Zema, atrav\u00e9s da SEINFRA e da CEMIG, atendeu ao seu pedido.<\/p>\n","protected":false},"excerpt":{"rendered":"<p>Na \u00faltima sexta-feira, (07\/06), foi anunciada mais uma grande conquista do mandato da Deputada Nayara Rocha.Ser\u00e3o realizadas as obras de ilumina\u00e7\u00e3o da MG-010 (Linha Verde), o que beneficiar\u00e1 todos os munic\u00edpios da nossa regi\u00e3o. Desde o in\u00edcio do seu mandato, a parlamentar j\u00e1 cobrava uma solu\u00e7\u00e3o efetiva quanto a ilumina\u00e7\u00e3o e, agora, o Governador Romeu [&hellip;]<\/p>\n","protected":false},"author":5,"featured_media":101693,"comment_status":"closed","ping_status":"open","sticky":false,"template":"","format":"standard","meta":{"advgb_blocks_editor_width":"","advgb_blocks_columns_visual_guide":"","_exactmetrics_skip_tracking":false,"_exactmetrics_sitenote_active":false,"_exactmetrics_sitenote_note":"","_exactmetrics_sitenote_category":0,"footnotes":""},"categories":[7,2,12],"tags":[],"class_list":["post-101691","post","type-post","status-publish","format-standard","has-post-thumbnail","hentry","category-destaques","category-noticias","category-politica"],"better_featured_image":{"id":101693,"alt_text":"","caption":"","description":"","media_type":"image","media_details":{"width":720,"height":1280,"file":"2024\/06\/NAYARA-ROCHA-9.16.00_00_41_10.Still002.png","filesize":503076,"sizes":{"medium":{"file":"NAYARA-ROCHA-9.16.00_00_41_10.Still002-169x300.png","width":169,"height":300,"mime-type":"image\/png","filesize":45042,"source_url":"https:\/\/lavras.tv\/site\/wp-content\/uploads\/2024\/06\/NAYARA-ROCHA-9.16.00_00_41_10.Still002-169x300.png"},"large":{"file":"NAYARA-ROCHA-9.16.00_00_41_10.Still002-576x1024.png","width":576,"height":1024,"mime-type":"image\/png","filesize":306645,"source_url":"https:\/\/lavras.tv\/site\/wp-content\/uploads\/2024\/06\/NAYARA-ROCHA-9.16.00_00_41_10.Still002-576x1024.png"},"thumbnail":{"file":"NAYARA-ROCHA-9.16.00_00_41_10.Still002-84x150.png","width":84,"height":150,"mime-type":"image\/png","filesize":14692,"source_url":"https:\/\/lavras.tv\/site\/wp-content\/uploads\/2024\/06\/NAYARA-ROCHA-9.16.00_00_41_10.Still002-84x150.png"},"lshowcase-thumb":{"file":"NAYARA-ROCHA-9.16.00_00_41_10.Still002-113x200.png","width":113,"height":200,"mime-type":"image\/png","filesize":23658,"source_url":"https:\/\/lavras.tv\/site\/wp-content\/uploads\/2024\/06\/NAYARA-ROCHA-9.16.00_00_41_10.Still002-113x200.png"},"alm-thumbnail":{"file":"NAYARA-ROCHA-9.16.00_00_41_10.Still002-150x150.png","width":150,"height":150,"mime-type":"image\/png","filesize":18803,"source_url":"https:\/\/lavras.tv\/site\/wp-content\/uploads\/2024\/06\/NAYARA-ROCHA-9.16.00_00_41_10.Still002-150x150.png"}},"image_meta":{"aperture":"0","credit":"","camera":"","caption":"","created_timestamp":"0","copyright":"","focal_length":"0","iso":"0","shutter_speed":"0","title":"","orientation":"0","keywords":[]}},"post":101691,"source_url":"https:\/\/lavras.tv\/site\/wp-content\/uploads\/2024\/06\/NAYARA-ROCHA-9.16.00_00_41_10.Still002.png"},"author_meta":{"display_name":"Vinicius Bustamante","author_link":"https:\/\/lavras.tv\/site\/author\/vinicius-bustamante\/"},"featured_img":"https:\/\/lavras.tv\/site\/wp-content\/uploads\/2024\/06\/NAYARA-ROCHA-9.16.00_00_41_10.Still002-169x300.png","coauthors":[],"tax_additional":{"categories":{"linked":["<a href=\"https:\/\/lavras.tv\/site\/category\/destaques\/\" class=\"advgb-post-tax-term\">Destaques<\/a>","<a href=\"https:\/\/lavras.tv\/site\/category\/noticias\/\" class=\"advgb-post-tax-term\">Not\u00edcias<\/a>","<a href=\"https:\/\/lavras.tv\/site\/category\/politica\/\" class=\"advgb-post-tax-term\">Pol\u00edtica<\/a>"],"unlinked":["<span class=\"advgb-post-tax-term\">Destaques<\/span>","<span class=\"advgb-post-tax-term\">Not\u00edcias<\/span>","<span class=\"advgb-post-tax-term\">Pol\u00edtica<\/span>"]}},"comment_count":"0","relative_dates":{"created":"Publicado 2 anos atr\u00e1s","modified":"Atualizado 2 anos atr\u00e1s"},"absolute_dates":{"created":"Publicado em 10 de junho de 2024","modified":"Atualizado em 10 de junho de 2024"},"absolute_dates_time":{"created":"Publicado em 10 de junho de 2024 16:00","modified":"Atualizado em 10 de junho de 2024 16:00"},"featured_img_caption":"","series_order":"","_links":{"self":[{"href":"https:\/\/lavras.tv\/site\/wp-json\/wp\/v2\/posts\/101691","targetHints":{"allow":["GET"]}}],"collection":[{"href":"https:\/\/lavras.tv\/site\/wp-json\/wp\/v2\/posts"}],"about":[{"href":"https:\/\/lavras.tv\/site\/wp-json\/wp\/v2\/types\/post"}],"author":[{"embeddable":true,"href":"https:\/\/lavras.tv\/site\/wp-json\/wp\/v2\/users\/5"}],"replies":[{"embeddable":true,"href":"https:\/\/lavras.tv\/site\/wp-json\/wp\/v2\/comments?post=101691"}],"version-history":[{"count":1,"href":"https:\/\/lavras.tv\/site\/wp-json\/wp\/v2\/posts\/101691\/revisions"}],"predecessor-version":[{"id":101694,"href":"https:\/\/lavras.tv\/site\/wp-json\/wp\/v2\/posts\/101691\/revisions\/101694"}],"wp:featuredmedia":[{"embeddable":true,"href":"https:\/\/lavras.tv\/site\/wp-json\/wp\/v2\/media\/101693"}],"wp:attachment":[{"href":"https:\/\/lavras.tv\/site\/wp-json\/wp\/v2\/media?parent=101691"}],"wp:term":[{"taxonomy":"category","embeddable":true,"href":"https:\/\/lavras.tv\/site\/wp-json\/wp\/v2\/categories?post=101691"},{"taxonomy":"post_tag","embeddable":true,"href":"https:\/\/lavras.tv\/site\/wp-json\/wp\/v2\/tags?post=101691"}],"curies":[{"name":"wp","href":"https:\/\/api.w.org\/{rel}","templated":true}]}}