{"id":10196,"date":"2017-06-29T13:08:18","date_gmt":"2017-06-29T16:08:18","guid":{"rendered":"http:\/\/lavras.tv\/site\/?p=10196"},"modified":"2017-06-29T13:08:18","modified_gmt":"2017-06-29T16:08:18","slug":"ex-prefeito-silas-e-vice-clovis-sao-considerados-inelegiveis-por-8-anos-pela-justica-eleitoral","status":"publish","type":"post","link":"https:\/\/lavras.tv\/site\/2017\/06\/29\/ex-prefeito-silas-e-vice-clovis-sao-considerados-inelegiveis-por-8-anos-pela-justica-eleitoral\/","title":{"rendered":"Ex-prefeito Silas e vice Cl\u00f3vis s\u00e3o considerados ineleg\u00edveis por 8 anos pela Justi\u00e7a Eleitoral"},"content":{"rendered":"<div class=\"lavra-antes-do-conteudo_2\" id=\"lavra-1717684149\"><div id=\"lavra-slider-27\" class=\"custom-slider lavra-slider-3801846499 lavra-slider\"><ul><li><div style=\"margin-left: auto;margin-right: auto;text-align: center;\" id=\"lavra-2987394063\"><a href=\"https:\/\/sistemas.lavras.mg.gov.br\/portalcidadao\/#df1b1a7c7b2a290bcb31e32771e610784662739a88807c0dacac58ede5f391a7530e299dc302d611ee73cb143fc22eaf93592e53e7b5bdb01b00a0b8d28dae460c141dd2ff83412e4dc1c31b16b25f33144a9e5620ea73b13f5bc1c59411d98439ad226e8af03840603796067d87afe130812cf3de24982d0e306f9e61e764e5\" aria-label=\"Lavras-TV&#8211;720x104px (1) (1)\"><img src=\"https:\/\/lavras.tv\/site\/wp-content\/uploads\/2025\/01\/Lavras-TV-720x104px-1-1.png\" alt=\"\"  srcset=\"https:\/\/lavras.tv\/site\/wp-content\/uploads\/2025\/01\/Lavras-TV-720x104px-1-1.png 720w, https:\/\/lavras.tv\/site\/wp-content\/uploads\/2025\/01\/Lavras-TV-720x104px-1-1-470x68.png 470w, https:\/\/lavras.tv\/site\/wp-content\/uploads\/2025\/01\/Lavras-TV-720x104px-1-1-170x25.png 170w, https:\/\/lavras.tv\/site\/wp-content\/uploads\/2025\/01\/Lavras-TV-720x104px-1-1-200x29.png 200w\" sizes=\"(max-width: 720px) 100vw, 720px\" width=\"720\" height=\"104\"  style=\"display: inline-block;\" \/><\/a><\/div><\/li><li><a href=\"https:\/\/sistemas.lavras.mg.gov.br\/portalcidadao\/#df1b1a7c7b2a290bcb31e32771e610784662739a88807c0dacac58ede5f391a7530e299dc302d611ee73cb143fc22eaf93592e53e7b5bdb01b00a0b8d28dae460c141dd2ff83412e4dc1c31b16b25f33144a9e5620ea73b13f5bc1c59411d98439ad226e8af03840603796067d87afe130812cf3de24982d0e306f9e61e764e5\" aria-label=\"Banner_Emprego_PortallavrasTV\"><img src=\"https:\/\/lavras.tv\/site\/wp-content\/uploads\/2025\/03\/Banner_Emprego_PortallavrasTV.png\" alt=\"\"  srcset=\"https:\/\/lavras.tv\/site\/wp-content\/uploads\/2025\/03\/Banner_Emprego_PortallavrasTV.png 720w, https:\/\/lavras.tv\/site\/wp-content\/uploads\/2025\/03\/Banner_Emprego_PortallavrasTV-470x68.png 470w, https:\/\/lavras.tv\/site\/wp-content\/uploads\/2025\/03\/Banner_Emprego_PortallavrasTV-170x25.png 170w, https:\/\/lavras.tv\/site\/wp-content\/uploads\/2025\/03\/Banner_Emprego_PortallavrasTV-200x29.png 200w\" sizes=\"(max-width: 720px) 100vw, 720px\" width=\"720\" height=\"104\"   \/><\/a><\/li><li><a href=\"https:\/\/sistemas.lavras.mg.gov.br\/portalcidadao\/#df1b1a7c7b2a290bcb31e32771e610784662739a88807c0dacac58ede5f391a7530e299dc302d611ee73cb143fc22eaf93592e53e7b5bdb01b00a0b8d28dae460c141dd2ff83412e4dc1c31b16b25f33144a9e5620ea73b13f5bc1c59411d98439ad226e8af03840603796067d87afe130812cf3de24982d0e306f9e61e764e5\" aria-label=\"Banner_Obras_PortallavrasTV\"><img src=\"https:\/\/lavras.tv\/site\/wp-content\/uploads\/2025\/03\/Banner_Obras_PortallavrasTV.png\" alt=\"\"  srcset=\"https:\/\/lavras.tv\/site\/wp-content\/uploads\/2025\/03\/Banner_Obras_PortallavrasTV.png 720w, https:\/\/lavras.tv\/site\/wp-content\/uploads\/2025\/03\/Banner_Obras_PortallavrasTV-470x68.png 470w, https:\/\/lavras.tv\/site\/wp-content\/uploads\/2025\/03\/Banner_Obras_PortallavrasTV-170x25.png 170w, https:\/\/lavras.tv\/site\/wp-content\/uploads\/2025\/03\/Banner_Obras_PortallavrasTV-200x29.png 200w\" sizes=\"(max-width: 720px) 100vw, 720px\" width=\"720\" height=\"104\"   \/><\/a><\/li><li><div style=\"margin-left: auto;margin-right: auto;text-align: center;\" id=\"lavra-1151765808\"><a href=\"https:\/\/sistemas.lavras.mg.gov.br\/portalcidadao\/#df1b1a7c7b2a290bcb31e32771e610784662739a88807c0dacac58ede5f391a7530e299dc302d611ee73cb143fc22eaf93592e53e7b5bdb01b00a0b8d28dae460c141dd2ff83412e4dc1c31b16b25f33144a9e5620ea73b13f5bc1c59411d98439ad226e8af03840603796067d87afe130812cf3de24982d0e306f9e61e764e5\" aria-label=\"Banner_Educa\u00e7\u00e3o_PortallavrasTV\"><img src=\"https:\/\/lavras.tv\/site\/wp-content\/uploads\/2025\/01\/Banner_Educacao_PortallavrasTV.png\" alt=\"\"  srcset=\"https:\/\/lavras.tv\/site\/wp-content\/uploads\/2025\/01\/Banner_Educacao_PortallavrasTV.png 720w, https:\/\/lavras.tv\/site\/wp-content\/uploads\/2025\/01\/Banner_Educacao_PortallavrasTV-470x68.png 470w, https:\/\/lavras.tv\/site\/wp-content\/uploads\/2025\/01\/Banner_Educacao_PortallavrasTV-170x25.png 170w, https:\/\/lavras.tv\/site\/wp-content\/uploads\/2025\/01\/Banner_Educacao_PortallavrasTV-200x29.png 200w\" sizes=\"(max-width: 720px) 100vw, 720px\" width=\"720\" height=\"104\"  style=\"display: inline-block;\" \/><\/a><\/div><\/li><li><a href=\"https:\/\/sistemas.lavras.mg.gov.br\/portalcidadao\/#df1b1a7c7b2a290bcb31e32771e610784662739a88807c0dacac58ede5f391a7530e299dc302d611ee73cb143fc22eaf93592e53e7b5bdb01b00a0b8d28dae460c141dd2ff83412e4dc1c31b16b25f33144a9e5620ea73b13f5bc1c59411d98439ad226e8af03840603796067d87afe130812cf3de24982d0e306f9e61e764e5\" aria-label=\"Banner_Sa\u00fade_PortallavrasTV\"><img src=\"https:\/\/lavras.tv\/site\/wp-content\/uploads\/2025\/03\/Banner_Saude_PortallavrasTV.png\" alt=\"\"  srcset=\"https:\/\/lavras.tv\/site\/wp-content\/uploads\/2025\/03\/Banner_Saude_PortallavrasTV.png 720w, https:\/\/lavras.tv\/site\/wp-content\/uploads\/2025\/03\/Banner_Saude_PortallavrasTV-470x68.png 470w, https:\/\/lavras.tv\/site\/wp-content\/uploads\/2025\/03\/Banner_Saude_PortallavrasTV-170x25.png 170w, https:\/\/lavras.tv\/site\/wp-content\/uploads\/2025\/03\/Banner_Saude_PortallavrasTV-200x29.png 200w\" sizes=\"(max-width: 720px) 100vw, 720px\" width=\"720\" height=\"104\"   \/><\/a><\/li><li><div id=\"lavra-2966081495\" style=\"width:720px;height:104px;background-color:#ddd;overflow:scroll;\">\n\t<strong>Sa\u00edda da depura\u00e7\u00e3o de an\u00fancios<\/strong>\n\t<br><br>\n\tO an\u00fancio n\u00e3o \u00e9 exibido na p\u00e1gina<br><br>post atual: Ex-prefeito Silas e vice Cl\u00f3vis s\u00e3o considerados ineleg\u00edveis por 8 anos pela Justi\u00e7a Eleitoral, ID: 10196<br><br><span style=\"color: red;\">O post atual n\u00e3o \u00e9 id\u00eantico ao post principal.<\/span><br><br>An\u00fancios: ROXO - TOPO INTERNA - ROTATIVO 2 (197)<br \/>Grupo de an\u00fancios: Princ_Meio01_720x104 (27)<br><br>Condi\u00e7\u00f5es de exibi\u00e7\u00e3o<div style=\"margin-bottom: 20px; white-space: pre-wrap; font-family: monospace; width: 100%; background: #ffe9e9;\"><strong>condi\u00e7\u00f5es gerais<\/strong><table border=\"1\"><thead><tr><th><\/th><th>An\u00fancios<\/th><th>wp_the_query<\/th><\/tr><\/thead><tr><td>is_main_query<\/td><td>1<\/td><td>1<\/td><\/tr><tr><td>is_rest_api<\/td><td>0<\/td><td>1<\/td><\/tr><tr><td>page<\/td><td>0<\/td><td>1<\/td><\/tr><tr><td>numpages<\/td><td>0<\/td><td>1<\/td><\/tr><tr><td>is_archive<\/td><td>1<\/td><td><\/td><\/tr><tr><td>is_search<\/td><td>1<\/td><td><\/td><\/tr><tr><td>is_home<\/td><td>1<\/td><td><\/td><\/tr><tr><td>is_404<\/td><td>1<\/td><td><\/td><\/tr><tr><td>is_attachment<\/td><td>1<\/td><td><\/td><\/tr><tr><td>is_singular<\/td><td>1<\/td><td><\/td><\/tr><tr><td>is_front_page<\/td><td>1<\/td><td><\/td><\/tr><tr><td>is_feed<\/td><td>1<\/td><td><\/td><\/tr><\/table><\/div><br><br><span style=\"color: red;\">Seu site usa HTTPS, mas o c\u00f3digo do an\u00fancio cont\u00e9m HTTP e pode n\u00e3o funcionar.<\/span>\t<br><br>\n\t<a style=\"color: green;\" href=\"https:\/\/wpadvancedads.com\/manual\/ad-debug-mode\/?utm_source=advanced-ads&utm_medium=link&utm_campaign=ad-debug-mode\" target=\"_blank\" rel=\"nofollow\">Encontre solu\u00e7\u00f5es no manual<\/a>\n<\/div>\n<\/li><\/ul><\/div><script>( window.advanced_ads_ready || jQuery( document ).ready ).call( null, function() {var $lavraslider3801846499 = jQuery( \".lavra-slider-3801846499\" );$lavraslider3801846499.on( \"unslider.ready\", function() { jQuery( \"div.custom-slider ul li\" ).css( \"display\", \"block\" ); });$lavraslider3801846499.unslider({ delay:4000, autoplay:true, nav:false, arrows:false, infinite:true });$lavraslider3801846499.on(\"mouseover\", function() {$lavraslider3801846499.unslider(\"stop\");}).on(\"mouseout\", function() {$lavraslider3801846499.unslider(\"start\");});});<\/script><\/div><p>O ex-prefeito de Lavras, Silas Pereira, e o ex-vice-prefeito, Cl\u00f3vis Corr\u00eaa, foram considerados ineleg\u00edveis pelos pr\u00f3ximos oito anos.\u00a0<!--more-->A decis\u00e3o foi publicada esta semana pelo juiz eleitoral da comarca de Lavras, M\u00e1rio Paulo Montoro, que julgou uma den\u00fancia de crime eleitoral na disputa de 2012. De acordo com a decis\u00e3o,\u00a0&#8220;eles n\u00e3o s\u00f3 descumpriram as normas que norteiam a arrecada\u00e7\u00e3o e utiliza\u00e7\u00e3o de recursos na campanha eleitoral em seu prisma formal (presta\u00e7\u00e3o de contas), como tamb\u00e9m efetivamente realizaram gastos il\u00edcitos, visto que quitaram despesas com recursos de origem n\u00e3o identificada. Abusaram do poder econ\u00f4mico, uma vez que omitiram esses dados da Justi\u00e7a Eleitoral, fugindo da fiscaliza\u00e7\u00e3o e controle do \u00f3rg\u00e3o competente&#8221;.<\/p>\n<p><img fetchpriority=\"high\" decoding=\"async\" class=\"alignnone size-full wp-image-10197 aligncenter\" src=\"http:\/\/lavras.tv\/site\/wp-content\/uploads\/2017\/06\/silas-clovis-e1498752337513.jpg\" alt=\"silas clovis\" width=\"2310\" height=\"1590\" srcset=\"https:\/\/lavras.tv\/site\/wp-content\/uploads\/2017\/06\/silas-clovis-e1498752337513.jpg 2310w, https:\/\/lavras.tv\/site\/wp-content\/uploads\/2017\/06\/silas-clovis-e1498752337513-150x103.jpg 150w, https:\/\/lavras.tv\/site\/wp-content\/uploads\/2017\/06\/silas-clovis-e1498752337513-300x206.jpg 300w, https:\/\/lavras.tv\/site\/wp-content\/uploads\/2017\/06\/silas-clovis-e1498752337513-1024x705.jpg 1024w\" sizes=\"(max-width: 2310px) 100vw, 2310px\" \/><\/p>\n<p><strong>Recurso<\/strong><\/p>\n<p>O\u00a0ex-prefeito Silas informou que deve recorrer da decis\u00e3o e publicou um texto comentando o caso.<\/p>\n<p><em>&#8220;O\u00a0ex-Prefeito Municipal Silas Costa Pereira e seu companheiro de chapa, Cl\u00f3vis Correa da Silva, v\u00eam a p\u00fablico esclarecer que a senten\u00e7a questiona apenas a forma de contabiliza\u00e7\u00e3o das despesas com \u00e1gua, luz e telefone dos comit\u00eas de campanha, bem como de tr\u00eas dos nove carros utilizados na campanha.\u00a0<\/em><br \/>\n<em>N\u00e3o houve, portanto, o reconhecimento de qualquer crime eleitoral, mas apenas a discuss\u00e3o sobre o m\u00e9todo de declara\u00e7\u00e3o de gastos de pequeno valor, inseridos em uma presta\u00e7\u00e3o de contas aprovada pela pr\u00f3pria Justi\u00e7a Eleitoral.<\/em><br \/>\n<em>Reiterando a sua irrestrita confian\u00e7a no Poder Judici\u00e1rio o ex-Prefeito e seu Vice informam que seus advogados formalizar\u00e3o recurso para o Tribunal Regional Eleitoral de Minas Gerais, que ir\u00e1 reavaliar amplamente a quest\u00e3o.&#8221;<\/em><\/p>\n<p>&nbsp;<\/p>\n<p>Foto: Lavras 24 Horas<\/p>\n","protected":false},"excerpt":{"rendered":"<p>O ex-prefeito de Lavras, Silas Pereira, e o ex-vice-prefeito, Cl\u00f3vis Corr\u00eaa, foram considerados ineleg\u00edveis pelos pr\u00f3ximos oito anos.\u00a0<\/p>\n","protected":false},"author":2,"featured_media":10197,"comment_status":"closed","ping_status":"open","sticky":false,"template":"","format":"standard","meta":{"advgb_blocks_editor_width":"","advgb_blocks_columns_visual_guide":"","_exactmetrics_skip_tracking":false,"_exactmetrics_sitenote_active":false,"_exactmetrics_sitenote_note":"","_exactmetrics_sitenote_category":0,"footnotes":""},"categories":[7,12],"tags":[3642,3202,3643,1423,44,1139],"class_list":["post-10196","post","type-post","status-publish","format-standard","has-post-thumbnail","hentry","category-destaques","category-politica","tag-clovis-correa","tag-ex-prefeito","tag-inelegiveis","tag-justica-eleitoral","tag-lavras-mg","tag-silas-pereira"],"better_featured_image":{"id":10197,"alt_text":"","caption":"","description":"","media_type":"image","media_details":{"width":2310,"height":1590,"file":"2017\/06\/silas-clovis-e1498752337513.jpg","sizes":{"thumbnail":{"file":"silas-clovis-e1498752337513-150x103.jpg","width":150,"height":103,"mime-type":"image\/jpeg","source_url":"https:\/\/lavras.tv\/site\/wp-content\/uploads\/2017\/06\/silas-clovis-e1498752337513-150x103.jpg"},"medium":{"file":"silas-clovis-e1498752337513-300x206.jpg","width":300,"height":206,"mime-type":"image\/jpeg","source_url":"https:\/\/lavras.tv\/site\/wp-content\/uploads\/2017\/06\/silas-clovis-e1498752337513-300x206.jpg"},"large":{"file":"silas-clovis-e1498752337513-1024x705.jpg","width":1024,"height":705,"mime-type":"image\/jpeg","source_url":"https:\/\/lavras.tv\/site\/wp-content\/uploads\/2017\/06\/silas-clovis-e1498752337513-1024x705.jpg"},"featured-slider-img":{"file":"silas-clovis-e1498752337513-640x480.jpg","width":640,"height":480,"mime-type":"image\/jpeg","source_url":"https:\/\/lavras.tv\/site\/wp-content\/uploads\/2017\/06\/silas-clovis-e1498752337513-640x480.jpg"},"featured-post-img":{"file":"silas-clovis-e1498752337513-480x320.jpg","width":480,"height":320,"mime-type":"image\/jpeg","source_url":"https:\/\/lavras.tv\/site\/wp-content\/uploads\/2017\/06\/silas-clovis-e1498752337513-480x320.jpg"},"sow-carousel-default":{"file":"silas-clovis-e1498752337513-272x182.jpg","width":272,"height":182,"mime-type":"image\/jpeg","source_url":"https:\/\/lavras.tv\/site\/wp-content\/uploads\/2017\/06\/silas-clovis-e1498752337513-272x182.jpg"}},"image_meta":{"aperture":"3.9","credit":"","camera":"DSC-W510","caption":"","created_timestamp":"1313315373","copyright":"Copyright 2009","focal_length":"9.5","iso":"200","shutter_speed":"0.02","title":"","orientation":"1","keywords":[]}},"post":10196,"source_url":"https:\/\/lavras.tv\/site\/wp-content\/uploads\/2017\/06\/silas-clovis-e1498752337513.jpg"},"author_meta":{"display_name":"Lavras TV","author_link":"https:\/\/lavras.tv\/site\/author\/lavrastv\/"},"featured_img":"https:\/\/lavras.tv\/site\/wp-content\/uploads\/2017\/06\/silas-clovis-e1498752337513-300x206.jpg","coauthors":[],"tax_additional":{"categories":{"linked":["<a href=\"https:\/\/lavras.tv\/site\/category\/destaques\/\" class=\"advgb-post-tax-term\">Destaques<\/a>","<a href=\"https:\/\/lavras.tv\/site\/category\/politica\/\" class=\"advgb-post-tax-term\">Pol\u00edtica<\/a>"],"unlinked":["<span class=\"advgb-post-tax-term\">Destaques<\/span>","<span class=\"advgb-post-tax-term\">Pol\u00edtica<\/span>"]},"tags":{"linked":["<a href=\"https:\/\/lavras.tv\/site\/category\/politica\/\" class=\"advgb-post-tax-term\">Cl\u00f3vis Corr\u00eaa<\/a>","<a href=\"https:\/\/lavras.tv\/site\/category\/politica\/\" class=\"advgb-post-tax-term\">ex-prefeito<\/a>","<a href=\"https:\/\/lavras.tv\/site\/category\/politica\/\" class=\"advgb-post-tax-term\">ineleg\u00edveis<\/a>","<a href=\"https:\/\/lavras.tv\/site\/category\/politica\/\" class=\"advgb-post-tax-term\">justi\u00e7a eleitoral<\/a>","<a href=\"https:\/\/lavras.tv\/site\/category\/politica\/\" class=\"advgb-post-tax-term\">lavras mg<\/a>","<a href=\"https:\/\/lavras.tv\/site\/category\/politica\/\" class=\"advgb-post-tax-term\">silas pereira<\/a>"],"unlinked":["<span class=\"advgb-post-tax-term\">Cl\u00f3vis Corr\u00eaa<\/span>","<span class=\"advgb-post-tax-term\">ex-prefeito<\/span>","<span class=\"advgb-post-tax-term\">ineleg\u00edveis<\/span>","<span class=\"advgb-post-tax-term\">justi\u00e7a eleitoral<\/span>","<span class=\"advgb-post-tax-term\">lavras mg<\/span>","<span class=\"advgb-post-tax-term\">silas pereira<\/span>"]}},"comment_count":"0","relative_dates":{"created":"Publicado 9 anos atr\u00e1s","modified":"Atualizado 9 anos atr\u00e1s"},"absolute_dates":{"created":"Publicado em 29 de junho de 2017","modified":"Atualizado em 29 de junho de 2017"},"absolute_dates_time":{"created":"Publicado em 29 de junho de 2017 13:08","modified":"Atualizado em 29 de junho de 2017 13:08"},"featured_img_caption":"","series_order":"","_links":{"self":[{"href":"https:\/\/lavras.tv\/site\/wp-json\/wp\/v2\/posts\/10196","targetHints":{"allow":["GET"]}}],"collection":[{"href":"https:\/\/lavras.tv\/site\/wp-json\/wp\/v2\/posts"}],"about":[{"href":"https:\/\/lavras.tv\/site\/wp-json\/wp\/v2\/types\/post"}],"author":[{"embeddable":true,"href":"https:\/\/lavras.tv\/site\/wp-json\/wp\/v2\/users\/2"}],"replies":[{"embeddable":true,"href":"https:\/\/lavras.tv\/site\/wp-json\/wp\/v2\/comments?post=10196"}],"version-history":[{"count":1,"href":"https:\/\/lavras.tv\/site\/wp-json\/wp\/v2\/posts\/10196\/revisions"}],"predecessor-version":[{"id":10199,"href":"https:\/\/lavras.tv\/site\/wp-json\/wp\/v2\/posts\/10196\/revisions\/10199"}],"wp:featuredmedia":[{"embeddable":true,"href":"https:\/\/lavras.tv\/site\/wp-json\/wp\/v2\/media\/10197"}],"wp:attachment":[{"href":"https:\/\/lavras.tv\/site\/wp-json\/wp\/v2\/media?parent=10196"}],"wp:term":[{"taxonomy":"category","embeddable":true,"href":"https:\/\/lavras.tv\/site\/wp-json\/wp\/v2\/categories?post=10196"},{"taxonomy":"post_tag","embeddable":true,"href":"https:\/\/lavras.tv\/site\/wp-json\/wp\/v2\/tags?post=10196"}],"curies":[{"name":"wp","href":"https:\/\/api.w.org\/{rel}","templated":true}]}}