{"id":102194,"date":"2024-06-12T18:01:10","date_gmt":"2024-06-12T21:01:10","guid":{"rendered":"https:\/\/lavras.tv\/site\/?p=102194"},"modified":"2024-06-12T18:01:12","modified_gmt":"2024-06-12T21:01:12","slug":"cpi-dos-planos-de-saude-em-minas-gerais-deputadas-maria-claramarra-e-nayara-rocha-exigem-investigacao-para-proteger-osdireitos-das-pessoas-com-tea","status":"publish","type":"post","link":"https:\/\/lavras.tv\/site\/2024\/06\/12\/cpi-dos-planos-de-saude-em-minas-gerais-deputadas-maria-claramarra-e-nayara-rocha-exigem-investigacao-para-proteger-osdireitos-das-pessoas-com-tea\/","title":{"rendered":"CPI dos planos de sa\u00fade em Minas Gerais: deputadas Maria ClaraMarra e Nayara Rocha exigem investiga\u00e7\u00e3o para proteger osdireitos das pessoas com TEA"},"content":{"rendered":"<div class=\"lavra-antes-do-conteudo_2\" id=\"lavra-1090683802\"><div id=\"lavra-slider-27\" class=\"custom-slider lavra-slider-2060516814 lavra-slider\"><ul><li><div style=\"margin-left: auto;margin-right: auto;text-align: center;\" id=\"lavra-2267846606\"><a href=\"https:\/\/sistemas.lavras.mg.gov.br\/portalcidadao\/#df1b1a7c7b2a290bcb31e32771e610784662739a88807c0dacac58ede5f391a7530e299dc302d611ee73cb143fc22eaf93592e53e7b5bdb01b00a0b8d28dae460c141dd2ff83412e4dc1c31b16b25f33144a9e5620ea73b13f5bc1c59411d98439ad226e8af03840603796067d87afe130812cf3de24982d0e306f9e61e764e5\" aria-label=\"Lavras-TV&#8211;720x104px (1) (1)\"><img src=\"https:\/\/lavras.tv\/site\/wp-content\/uploads\/2025\/01\/Lavras-TV-720x104px-1-1.png\" alt=\"\"  srcset=\"https:\/\/lavras.tv\/site\/wp-content\/uploads\/2025\/01\/Lavras-TV-720x104px-1-1.png 720w, https:\/\/lavras.tv\/site\/wp-content\/uploads\/2025\/01\/Lavras-TV-720x104px-1-1-470x68.png 470w, https:\/\/lavras.tv\/site\/wp-content\/uploads\/2025\/01\/Lavras-TV-720x104px-1-1-170x25.png 170w, https:\/\/lavras.tv\/site\/wp-content\/uploads\/2025\/01\/Lavras-TV-720x104px-1-1-200x29.png 200w\" sizes=\"(max-width: 720px) 100vw, 720px\" width=\"720\" height=\"104\"  style=\"display: inline-block;\" \/><\/a><\/div><\/li><li><a href=\"https:\/\/sistemas.lavras.mg.gov.br\/portalcidadao\/#df1b1a7c7b2a290bcb31e32771e610784662739a88807c0dacac58ede5f391a7530e299dc302d611ee73cb143fc22eaf93592e53e7b5bdb01b00a0b8d28dae460c141dd2ff83412e4dc1c31b16b25f33144a9e5620ea73b13f5bc1c59411d98439ad226e8af03840603796067d87afe130812cf3de24982d0e306f9e61e764e5\" aria-label=\"Banner_Emprego_PortallavrasTV\"><img src=\"https:\/\/lavras.tv\/site\/wp-content\/uploads\/2025\/03\/Banner_Emprego_PortallavrasTV.png\" alt=\"\"  srcset=\"https:\/\/lavras.tv\/site\/wp-content\/uploads\/2025\/03\/Banner_Emprego_PortallavrasTV.png 720w, https:\/\/lavras.tv\/site\/wp-content\/uploads\/2025\/03\/Banner_Emprego_PortallavrasTV-470x68.png 470w, https:\/\/lavras.tv\/site\/wp-content\/uploads\/2025\/03\/Banner_Emprego_PortallavrasTV-170x25.png 170w, https:\/\/lavras.tv\/site\/wp-content\/uploads\/2025\/03\/Banner_Emprego_PortallavrasTV-200x29.png 200w\" sizes=\"(max-width: 720px) 100vw, 720px\" width=\"720\" height=\"104\"   \/><\/a><\/li><li><a href=\"https:\/\/sistemas.lavras.mg.gov.br\/portalcidadao\/#df1b1a7c7b2a290bcb31e32771e610784662739a88807c0dacac58ede5f391a7530e299dc302d611ee73cb143fc22eaf93592e53e7b5bdb01b00a0b8d28dae460c141dd2ff83412e4dc1c31b16b25f33144a9e5620ea73b13f5bc1c59411d98439ad226e8af03840603796067d87afe130812cf3de24982d0e306f9e61e764e5\" aria-label=\"Banner_Obras_PortallavrasTV\"><img src=\"https:\/\/lavras.tv\/site\/wp-content\/uploads\/2025\/03\/Banner_Obras_PortallavrasTV.png\" alt=\"\"  srcset=\"https:\/\/lavras.tv\/site\/wp-content\/uploads\/2025\/03\/Banner_Obras_PortallavrasTV.png 720w, https:\/\/lavras.tv\/site\/wp-content\/uploads\/2025\/03\/Banner_Obras_PortallavrasTV-470x68.png 470w, https:\/\/lavras.tv\/site\/wp-content\/uploads\/2025\/03\/Banner_Obras_PortallavrasTV-170x25.png 170w, https:\/\/lavras.tv\/site\/wp-content\/uploads\/2025\/03\/Banner_Obras_PortallavrasTV-200x29.png 200w\" sizes=\"(max-width: 720px) 100vw, 720px\" width=\"720\" height=\"104\"   \/><\/a><\/li><li><div style=\"margin-left: auto;margin-right: auto;text-align: center;\" id=\"lavra-24289675\"><a href=\"https:\/\/sistemas.lavras.mg.gov.br\/portalcidadao\/#df1b1a7c7b2a290bcb31e32771e610784662739a88807c0dacac58ede5f391a7530e299dc302d611ee73cb143fc22eaf93592e53e7b5bdb01b00a0b8d28dae460c141dd2ff83412e4dc1c31b16b25f33144a9e5620ea73b13f5bc1c59411d98439ad226e8af03840603796067d87afe130812cf3de24982d0e306f9e61e764e5\" aria-label=\"Banner_Educa\u00e7\u00e3o_PortallavrasTV\"><img src=\"https:\/\/lavras.tv\/site\/wp-content\/uploads\/2025\/01\/Banner_Educacao_PortallavrasTV.png\" alt=\"\"  srcset=\"https:\/\/lavras.tv\/site\/wp-content\/uploads\/2025\/01\/Banner_Educacao_PortallavrasTV.png 720w, https:\/\/lavras.tv\/site\/wp-content\/uploads\/2025\/01\/Banner_Educacao_PortallavrasTV-470x68.png 470w, https:\/\/lavras.tv\/site\/wp-content\/uploads\/2025\/01\/Banner_Educacao_PortallavrasTV-170x25.png 170w, https:\/\/lavras.tv\/site\/wp-content\/uploads\/2025\/01\/Banner_Educacao_PortallavrasTV-200x29.png 200w\" sizes=\"(max-width: 720px) 100vw, 720px\" width=\"720\" height=\"104\"  style=\"display: inline-block;\" \/><\/a><\/div><\/li><li><a href=\"https:\/\/sistemas.lavras.mg.gov.br\/portalcidadao\/#df1b1a7c7b2a290bcb31e32771e610784662739a88807c0dacac58ede5f391a7530e299dc302d611ee73cb143fc22eaf93592e53e7b5bdb01b00a0b8d28dae460c141dd2ff83412e4dc1c31b16b25f33144a9e5620ea73b13f5bc1c59411d98439ad226e8af03840603796067d87afe130812cf3de24982d0e306f9e61e764e5\" aria-label=\"Banner_Sa\u00fade_PortallavrasTV\"><img src=\"https:\/\/lavras.tv\/site\/wp-content\/uploads\/2025\/03\/Banner_Saude_PortallavrasTV.png\" alt=\"\"  srcset=\"https:\/\/lavras.tv\/site\/wp-content\/uploads\/2025\/03\/Banner_Saude_PortallavrasTV.png 720w, https:\/\/lavras.tv\/site\/wp-content\/uploads\/2025\/03\/Banner_Saude_PortallavrasTV-470x68.png 470w, https:\/\/lavras.tv\/site\/wp-content\/uploads\/2025\/03\/Banner_Saude_PortallavrasTV-170x25.png 170w, https:\/\/lavras.tv\/site\/wp-content\/uploads\/2025\/03\/Banner_Saude_PortallavrasTV-200x29.png 200w\" sizes=\"(max-width: 720px) 100vw, 720px\" width=\"720\" height=\"104\"   \/><\/a><\/li><li><div id=\"lavra-3620098830\" style=\"width:720px;height:104px;background-color:#ddd;overflow:scroll;\">\n\t<strong>Sa\u00edda da depura\u00e7\u00e3o de an\u00fancios<\/strong>\n\t<br><br>\n\tO an\u00fancio n\u00e3o \u00e9 exibido na p\u00e1gina<br><br>post atual: CPI dos planos de sa\u00fade em Minas Gerais: deputadas Maria ClaraMarra e Nayara Rocha exigem investiga\u00e7\u00e3o para proteger osdireitos das pessoas com TEA, ID: 102194<br><br><span style=\"color: red;\">O post atual n\u00e3o \u00e9 id\u00eantico ao post principal.<\/span><br><br>An\u00fancios: ROXO - TOPO INTERNA - ROTATIVO 2 (197)<br \/>Grupo de an\u00fancios: Princ_Meio01_720x104 (27)<br><br>Condi\u00e7\u00f5es de exibi\u00e7\u00e3o<div style=\"margin-bottom: 20px; white-space: pre-wrap; font-family: monospace; width: 100%; background: #ffe9e9;\"><strong>condi\u00e7\u00f5es gerais<\/strong><table border=\"1\"><thead><tr><th><\/th><th>An\u00fancios<\/th><th>wp_the_query<\/th><\/tr><\/thead><tr><td>is_main_query<\/td><td>1<\/td><td>1<\/td><\/tr><tr><td>is_rest_api<\/td><td>0<\/td><td>1<\/td><\/tr><tr><td>page<\/td><td>0<\/td><td>1<\/td><\/tr><tr><td>numpages<\/td><td>0<\/td><td>1<\/td><\/tr><tr><td>is_archive<\/td><td>1<\/td><td><\/td><\/tr><tr><td>is_search<\/td><td>1<\/td><td><\/td><\/tr><tr><td>is_home<\/td><td>1<\/td><td><\/td><\/tr><tr><td>is_404<\/td><td>1<\/td><td><\/td><\/tr><tr><td>is_attachment<\/td><td>1<\/td><td><\/td><\/tr><tr><td>is_singular<\/td><td>1<\/td><td><\/td><\/tr><tr><td>is_front_page<\/td><td>1<\/td><td><\/td><\/tr><tr><td>is_feed<\/td><td>1<\/td><td><\/td><\/tr><\/table><\/div><br><br><span style=\"color: red;\">Seu site usa HTTPS, mas o c\u00f3digo do an\u00fancio cont\u00e9m HTTP e pode n\u00e3o funcionar.<\/span>\t<br><br>\n\t<a style=\"color: green;\" href=\"https:\/\/wpadvancedads.com\/manual\/ad-debug-mode\/?utm_source=advanced-ads&utm_medium=link&utm_campaign=ad-debug-mode\" target=\"_blank\" rel=\"nofollow\">Encontre solu\u00e7\u00f5es no manual<\/a>\n<\/div>\n<\/li><\/ul><\/div><script>( window.advanced_ads_ready || jQuery( document ).ready ).call( null, function() {var $lavraslider2060516814 = jQuery( \".lavra-slider-2060516814\" );$lavraslider2060516814.on( \"unslider.ready\", function() { jQuery( \"div.custom-slider ul li\" ).css( \"display\", \"block\" ); });$lavraslider2060516814.unslider({ delay:4000, autoplay:true, nav:false, arrows:false, infinite:true });$lavraslider2060516814.on(\"mouseover\", function() {$lavraslider2060516814.unslider(\"stop\");}).on(\"mouseout\", function() {$lavraslider2060516814.unslider(\"start\");});});<\/script><\/div>\n<figure class=\"wp-block-image size-large\"><img fetchpriority=\"high\" decoding=\"async\" width=\"970\" height=\"970\" src=\"https:\/\/lavras.tv\/site\/wp-content\/uploads\/2024\/06\/CPI-DOS-PLANOS-DE-SAUDE-12-06-970x970.png\" alt=\"\" class=\"wp-image-102195\" srcset=\"https:\/\/lavras.tv\/site\/wp-content\/uploads\/2024\/06\/CPI-DOS-PLANOS-DE-SAUDE-12-06-970x970.png 970w, https:\/\/lavras.tv\/site\/wp-content\/uploads\/2024\/06\/CPI-DOS-PLANOS-DE-SAUDE-12-06-300x300.png 300w, https:\/\/lavras.tv\/site\/wp-content\/uploads\/2024\/06\/CPI-DOS-PLANOS-DE-SAUDE-12-06-150x150.png 150w, https:\/\/lavras.tv\/site\/wp-content\/uploads\/2024\/06\/CPI-DOS-PLANOS-DE-SAUDE-12-06-200x200.png 200w, https:\/\/lavras.tv\/site\/wp-content\/uploads\/2024\/06\/CPI-DOS-PLANOS-DE-SAUDE-12-06.png 1080w\" sizes=\"(max-width: 970px) 100vw, 970px\" \/><\/figure>\n\n\n\n<p>A deputada estadual Maria Clara Marra, presidente da Frente Parlamentar em<br>Defesa da Pessoa com Transtorno do Espectro Autista (TEA), e a deputada estadual<br>Nayara Rocha, vice-presidente da mesma Frente, protocolaram nesta quarta-feira<br>(12\/06) um requerimento para a constitui\u00e7\u00e3o de uma Comiss\u00e3o Parlamentar de<br>Inqu\u00e9rito (CPI) para a investigar o cancelamento unilateral de contratos<br>coletivos de sa\u00fade e identificar as operadoras envolvidas nessa a\u00e7\u00e3o.<br>O objetivo \u00e9 apurar poss\u00edveis abusos de poder econ\u00f4mico, viola\u00e7\u00f5es dos direitos do<br>consumidor e descumprimento da legisla\u00e7\u00e3o vigente.<br>Na \u00faltima sexta-feira (07\/06), a Frente se reuniu com Eliane Medeiros, Diretora de<br>Fiscaliza\u00e7\u00e3o da Ag\u00eancia Nacional de Sa\u00fade Suplementar (ANS), e Rikardo Ferreira<br>da Costa, Chefe do N\u00facleo da ANS em Minas Gerais. A reuni\u00e3o tratou da gravidade<br>dos cancelamentos, especialmente para pacientes com Transtorno do Espectro<br>Autista (TEA) e outras condi\u00e7\u00f5es que exigem atendimento cont\u00ednuo.<br>&#8220;N\u00e3o podemos aceitar que operadoras de sa\u00fade cancelem unilateralmente os<br>contratos, deixando fam\u00edlias desamparadas e vulner\u00e1veis. Isso \u00e9 uma viola\u00e7\u00e3o dos<br>direitos dos consumidores e um abuso de poder econ\u00f4mico que precisa ser<br>investigado&#8221;, declarou Maria Clara Marra.<br>&#8220;As fam\u00edlias que dependem de cuidados m\u00e9dicos cont\u00ednuos e terapias espec\u00edficas<br>n\u00e3o podem ser tratadas com desd\u00e9m. A cria\u00e7\u00e3o desta CPI \u00e9 essencial para proteger<br>essas pessoas e garantir que seus direitos sejam respeitados&#8221;, afirmou Nayara<br>Rocha.<br>Desde abril, muitos benefici\u00e1rios foram surpreendidos pelo cancelamento unilateral<br>de seus planos de sa\u00fade, sendo orientados a buscar novas operadoras. A situa\u00e7\u00e3o<br>tem gerado ang\u00fastia e inseguran\u00e7a, principalmente para as fam\u00edlias at\u00edpicas que<br>dependem de cuidados m\u00e9dicos cont\u00ednuos e terapias espec\u00edficas.<br>Maria Clara Marra e Nayara Rocha t\u00eam sido vozes ativas nessa luta. &#8220;A sa\u00fade \u00e9 um<br>direito fundamental de todos os seres humanos e n\u00e3o podemos permitir que<br>interesses econ\u00f4micos sacrifiquem a vida dessas pessoas\u201d, afirmou Maria Clara.<br>O requerimento para a cria\u00e7\u00e3o da CPI conta com 36 assinaturas e ser\u00e1 analisado<br>pela Assembleia Legislativa de Minas Gerais.<\/p>\n","protected":false},"excerpt":{"rendered":"<p>A deputada estadual Maria Clara Marra, presidente da Frente Parlamentar emDefesa da Pessoa com Transtorno do Espectro Autista (TEA), e a deputada estadualNayara Rocha, vice-presidente da mesma Frente, protocolaram nesta quarta-feira(12\/06) um requerimento para a constitui\u00e7\u00e3o de uma Comiss\u00e3o Parlamentar deInqu\u00e9rito (CPI) para a investigar o cancelamento unilateral de contratoscoletivos de sa\u00fade e identificar as [&hellip;]<\/p>\n","protected":false},"author":5,"featured_media":102195,"comment_status":"closed","ping_status":"open","sticky":false,"template":"","format":"standard","meta":{"advgb_blocks_editor_width":"","advgb_blocks_columns_visual_guide":"","_exactmetrics_skip_tracking":false,"_exactmetrics_sitenote_active":false,"_exactmetrics_sitenote_note":"","_exactmetrics_sitenote_category":0,"footnotes":""},"categories":[7,2,12],"tags":[],"class_list":["post-102194","post","type-post","status-publish","format-standard","has-post-thumbnail","hentry","category-destaques","category-noticias","category-politica"],"better_featured_image":{"id":102195,"alt_text":"","caption":"","description":"","media_type":"image","media_details":{"width":1080,"height":1080,"file":"2024\/06\/CPI-DOS-PLANOS-DE-SAUDE-12-06.png","filesize":1121050,"sizes":{"medium":{"file":"CPI-DOS-PLANOS-DE-SAUDE-12-06-300x300.png","width":300,"height":300,"mime-type":"image\/png","filesize":123087,"source_url":"https:\/\/lavras.tv\/site\/wp-content\/uploads\/2024\/06\/CPI-DOS-PLANOS-DE-SAUDE-12-06-300x300.png"},"large":{"file":"CPI-DOS-PLANOS-DE-SAUDE-12-06-970x970.png","width":970,"height":970,"mime-type":"image\/png","filesize":950467,"source_url":"https:\/\/lavras.tv\/site\/wp-content\/uploads\/2024\/06\/CPI-DOS-PLANOS-DE-SAUDE-12-06-970x970.png"},"thumbnail":{"file":"CPI-DOS-PLANOS-DE-SAUDE-12-06-150x150.png","width":150,"height":150,"mime-type":"image\/png","filesize":37875,"source_url":"https:\/\/lavras.tv\/site\/wp-content\/uploads\/2024\/06\/CPI-DOS-PLANOS-DE-SAUDE-12-06-150x150.png"},"lshowcase-thumb":{"file":"CPI-DOS-PLANOS-DE-SAUDE-12-06-200x200.png","width":200,"height":200,"mime-type":"image\/png","filesize":62042,"source_url":"https:\/\/lavras.tv\/site\/wp-content\/uploads\/2024\/06\/CPI-DOS-PLANOS-DE-SAUDE-12-06-200x200.png"},"alm-thumbnail":{"file":"CPI-DOS-PLANOS-DE-SAUDE-12-06-150x150.png","width":150,"height":150,"mime-type":"image\/png","filesize":37875,"source_url":"https:\/\/lavras.tv\/site\/wp-content\/uploads\/2024\/06\/CPI-DOS-PLANOS-DE-SAUDE-12-06-150x150.png"}},"image_meta":{"aperture":"0","credit":"","camera":"","caption":"","created_timestamp":"0","copyright":"","focal_length":"0","iso":"0","shutter_speed":"0","title":"","orientation":"0","keywords":[]}},"post":102194,"source_url":"https:\/\/lavras.tv\/site\/wp-content\/uploads\/2024\/06\/CPI-DOS-PLANOS-DE-SAUDE-12-06.png"},"author_meta":{"display_name":"Vinicius Bustamante","author_link":"https:\/\/lavras.tv\/site\/author\/vinicius-bustamante\/"},"featured_img":"https:\/\/lavras.tv\/site\/wp-content\/uploads\/2024\/06\/CPI-DOS-PLANOS-DE-SAUDE-12-06-300x300.png","coauthors":[],"tax_additional":{"categories":{"linked":["<a href=\"https:\/\/lavras.tv\/site\/category\/destaques\/\" class=\"advgb-post-tax-term\">Destaques<\/a>","<a href=\"https:\/\/lavras.tv\/site\/category\/noticias\/\" class=\"advgb-post-tax-term\">Not\u00edcias<\/a>","<a href=\"https:\/\/lavras.tv\/site\/category\/politica\/\" class=\"advgb-post-tax-term\">Pol\u00edtica<\/a>"],"unlinked":["<span class=\"advgb-post-tax-term\">Destaques<\/span>","<span class=\"advgb-post-tax-term\">Not\u00edcias<\/span>","<span class=\"advgb-post-tax-term\">Pol\u00edtica<\/span>"]}},"comment_count":"0","relative_dates":{"created":"Publicado 2 anos atr\u00e1s","modified":"Atualizado 2 anos atr\u00e1s"},"absolute_dates":{"created":"Publicado em 12 de junho de 2024","modified":"Atualizado em 12 de junho de 2024"},"absolute_dates_time":{"created":"Publicado em 12 de junho de 2024 18:01","modified":"Atualizado em 12 de junho de 2024 18:01"},"featured_img_caption":"","series_order":"","_links":{"self":[{"href":"https:\/\/lavras.tv\/site\/wp-json\/wp\/v2\/posts\/102194","targetHints":{"allow":["GET"]}}],"collection":[{"href":"https:\/\/lavras.tv\/site\/wp-json\/wp\/v2\/posts"}],"about":[{"href":"https:\/\/lavras.tv\/site\/wp-json\/wp\/v2\/types\/post"}],"author":[{"embeddable":true,"href":"https:\/\/lavras.tv\/site\/wp-json\/wp\/v2\/users\/5"}],"replies":[{"embeddable":true,"href":"https:\/\/lavras.tv\/site\/wp-json\/wp\/v2\/comments?post=102194"}],"version-history":[{"count":1,"href":"https:\/\/lavras.tv\/site\/wp-json\/wp\/v2\/posts\/102194\/revisions"}],"predecessor-version":[{"id":102196,"href":"https:\/\/lavras.tv\/site\/wp-json\/wp\/v2\/posts\/102194\/revisions\/102196"}],"wp:featuredmedia":[{"embeddable":true,"href":"https:\/\/lavras.tv\/site\/wp-json\/wp\/v2\/media\/102195"}],"wp:attachment":[{"href":"https:\/\/lavras.tv\/site\/wp-json\/wp\/v2\/media?parent=102194"}],"wp:term":[{"taxonomy":"category","embeddable":true,"href":"https:\/\/lavras.tv\/site\/wp-json\/wp\/v2\/categories?post=102194"},{"taxonomy":"post_tag","embeddable":true,"href":"https:\/\/lavras.tv\/site\/wp-json\/wp\/v2\/tags?post=102194"}],"curies":[{"name":"wp","href":"https:\/\/api.w.org\/{rel}","templated":true}]}}