{"id":10232,"date":"2017-06-30T10:06:37","date_gmt":"2017-06-30T13:06:37","guid":{"rendered":"http:\/\/lavras.tv\/site\/?p=10232"},"modified":"2017-06-30T10:06:37","modified_gmt":"2017-06-30T13:06:37","slug":"torcedores-do-flamengo-em-lavras-fazem-campanha-para-ajudar-o-asilo","status":"publish","type":"post","link":"https:\/\/lavras.tv\/site\/2017\/06\/30\/torcedores-do-flamengo-em-lavras-fazem-campanha-para-ajudar-o-asilo\/","title":{"rendered":"Torcedores do Flamengo, em Lavras, fazem campanha para ajudar o asilo"},"content":{"rendered":"<div class=\"lavra-antes-do-conteudo_2\" id=\"lavra-3261856924\"><div id=\"lavra-slider-27\" class=\"custom-slider lavra-slider-359612752 lavra-slider\"><ul><li><div style=\"margin-left: auto;margin-right: auto;text-align: center;\" id=\"lavra-3414837196\"><a href=\"https:\/\/sistemas.lavras.mg.gov.br\/portalcidadao\/#df1b1a7c7b2a290bcb31e32771e610784662739a88807c0dacac58ede5f391a7530e299dc302d611ee73cb143fc22eaf93592e53e7b5bdb01b00a0b8d28dae460c141dd2ff83412e4dc1c31b16b25f33144a9e5620ea73b13f5bc1c59411d98439ad226e8af03840603796067d87afe130812cf3de24982d0e306f9e61e764e5\" aria-label=\"Lavras-TV&#8211;720x104px (1) (1)\"><img src=\"https:\/\/lavras.tv\/site\/wp-content\/uploads\/2025\/01\/Lavras-TV-720x104px-1-1.png\" alt=\"\"  srcset=\"https:\/\/lavras.tv\/site\/wp-content\/uploads\/2025\/01\/Lavras-TV-720x104px-1-1.png 720w, https:\/\/lavras.tv\/site\/wp-content\/uploads\/2025\/01\/Lavras-TV-720x104px-1-1-470x68.png 470w, https:\/\/lavras.tv\/site\/wp-content\/uploads\/2025\/01\/Lavras-TV-720x104px-1-1-170x25.png 170w, https:\/\/lavras.tv\/site\/wp-content\/uploads\/2025\/01\/Lavras-TV-720x104px-1-1-200x29.png 200w\" sizes=\"(max-width: 720px) 100vw, 720px\" width=\"720\" height=\"104\"  style=\"display: inline-block;\" \/><\/a><\/div><\/li><li><a href=\"https:\/\/sistemas.lavras.mg.gov.br\/portalcidadao\/#df1b1a7c7b2a290bcb31e32771e610784662739a88807c0dacac58ede5f391a7530e299dc302d611ee73cb143fc22eaf93592e53e7b5bdb01b00a0b8d28dae460c141dd2ff83412e4dc1c31b16b25f33144a9e5620ea73b13f5bc1c59411d98439ad226e8af03840603796067d87afe130812cf3de24982d0e306f9e61e764e5\" aria-label=\"Banner_Emprego_PortallavrasTV\"><img src=\"https:\/\/lavras.tv\/site\/wp-content\/uploads\/2025\/03\/Banner_Emprego_PortallavrasTV.png\" alt=\"\"  srcset=\"https:\/\/lavras.tv\/site\/wp-content\/uploads\/2025\/03\/Banner_Emprego_PortallavrasTV.png 720w, https:\/\/lavras.tv\/site\/wp-content\/uploads\/2025\/03\/Banner_Emprego_PortallavrasTV-470x68.png 470w, https:\/\/lavras.tv\/site\/wp-content\/uploads\/2025\/03\/Banner_Emprego_PortallavrasTV-170x25.png 170w, https:\/\/lavras.tv\/site\/wp-content\/uploads\/2025\/03\/Banner_Emprego_PortallavrasTV-200x29.png 200w\" sizes=\"(max-width: 720px) 100vw, 720px\" width=\"720\" height=\"104\"   \/><\/a><\/li><li><a href=\"https:\/\/sistemas.lavras.mg.gov.br\/portalcidadao\/#df1b1a7c7b2a290bcb31e32771e610784662739a88807c0dacac58ede5f391a7530e299dc302d611ee73cb143fc22eaf93592e53e7b5bdb01b00a0b8d28dae460c141dd2ff83412e4dc1c31b16b25f33144a9e5620ea73b13f5bc1c59411d98439ad226e8af03840603796067d87afe130812cf3de24982d0e306f9e61e764e5\" aria-label=\"Banner_Obras_PortallavrasTV\"><img src=\"https:\/\/lavras.tv\/site\/wp-content\/uploads\/2025\/03\/Banner_Obras_PortallavrasTV.png\" alt=\"\"  srcset=\"https:\/\/lavras.tv\/site\/wp-content\/uploads\/2025\/03\/Banner_Obras_PortallavrasTV.png 720w, https:\/\/lavras.tv\/site\/wp-content\/uploads\/2025\/03\/Banner_Obras_PortallavrasTV-470x68.png 470w, https:\/\/lavras.tv\/site\/wp-content\/uploads\/2025\/03\/Banner_Obras_PortallavrasTV-170x25.png 170w, https:\/\/lavras.tv\/site\/wp-content\/uploads\/2025\/03\/Banner_Obras_PortallavrasTV-200x29.png 200w\" sizes=\"(max-width: 720px) 100vw, 720px\" width=\"720\" height=\"104\"   \/><\/a><\/li><li><div style=\"margin-left: auto;margin-right: auto;text-align: center;\" id=\"lavra-1185938937\"><a href=\"https:\/\/sistemas.lavras.mg.gov.br\/portalcidadao\/#df1b1a7c7b2a290bcb31e32771e610784662739a88807c0dacac58ede5f391a7530e299dc302d611ee73cb143fc22eaf93592e53e7b5bdb01b00a0b8d28dae460c141dd2ff83412e4dc1c31b16b25f33144a9e5620ea73b13f5bc1c59411d98439ad226e8af03840603796067d87afe130812cf3de24982d0e306f9e61e764e5\" aria-label=\"Banner_Educa\u00e7\u00e3o_PortallavrasTV\"><img src=\"https:\/\/lavras.tv\/site\/wp-content\/uploads\/2025\/01\/Banner_Educacao_PortallavrasTV.png\" alt=\"\"  srcset=\"https:\/\/lavras.tv\/site\/wp-content\/uploads\/2025\/01\/Banner_Educacao_PortallavrasTV.png 720w, https:\/\/lavras.tv\/site\/wp-content\/uploads\/2025\/01\/Banner_Educacao_PortallavrasTV-470x68.png 470w, https:\/\/lavras.tv\/site\/wp-content\/uploads\/2025\/01\/Banner_Educacao_PortallavrasTV-170x25.png 170w, https:\/\/lavras.tv\/site\/wp-content\/uploads\/2025\/01\/Banner_Educacao_PortallavrasTV-200x29.png 200w\" sizes=\"(max-width: 720px) 100vw, 720px\" width=\"720\" height=\"104\"  style=\"display: inline-block;\" \/><\/a><\/div><\/li><li><a href=\"https:\/\/sistemas.lavras.mg.gov.br\/portalcidadao\/#df1b1a7c7b2a290bcb31e32771e610784662739a88807c0dacac58ede5f391a7530e299dc302d611ee73cb143fc22eaf93592e53e7b5bdb01b00a0b8d28dae460c141dd2ff83412e4dc1c31b16b25f33144a9e5620ea73b13f5bc1c59411d98439ad226e8af03840603796067d87afe130812cf3de24982d0e306f9e61e764e5\" aria-label=\"Banner_Sa\u00fade_PortallavrasTV\"><img src=\"https:\/\/lavras.tv\/site\/wp-content\/uploads\/2025\/03\/Banner_Saude_PortallavrasTV.png\" alt=\"\"  srcset=\"https:\/\/lavras.tv\/site\/wp-content\/uploads\/2025\/03\/Banner_Saude_PortallavrasTV.png 720w, https:\/\/lavras.tv\/site\/wp-content\/uploads\/2025\/03\/Banner_Saude_PortallavrasTV-470x68.png 470w, https:\/\/lavras.tv\/site\/wp-content\/uploads\/2025\/03\/Banner_Saude_PortallavrasTV-170x25.png 170w, https:\/\/lavras.tv\/site\/wp-content\/uploads\/2025\/03\/Banner_Saude_PortallavrasTV-200x29.png 200w\" sizes=\"(max-width: 720px) 100vw, 720px\" width=\"720\" height=\"104\"   \/><\/a><\/li><li><div id=\"lavra-2830247419\" style=\"width:720px;height:104px;background-color:#ddd;overflow:scroll;\">\n\t<strong>Sa\u00edda da depura\u00e7\u00e3o de an\u00fancios<\/strong>\n\t<br><br>\n\tO an\u00fancio n\u00e3o \u00e9 exibido na p\u00e1gina<br><br>post atual: Torcedores do Flamengo, em Lavras, fazem campanha para ajudar o asilo, ID: 10232<br><br><span style=\"color: red;\">O post atual n\u00e3o \u00e9 id\u00eantico ao post principal.<\/span><br><br>An\u00fancios: ROXO - TOPO INTERNA - ROTATIVO 2 (197)<br \/>Grupo de an\u00fancios: Princ_Meio01_720x104 (27)<br><br>Condi\u00e7\u00f5es de exibi\u00e7\u00e3o<div style=\"margin-bottom: 20px; white-space: pre-wrap; font-family: monospace; width: 100%; background: #ffe9e9;\"><strong>condi\u00e7\u00f5es gerais<\/strong><table border=\"1\"><thead><tr><th><\/th><th>An\u00fancios<\/th><th>wp_the_query<\/th><\/tr><\/thead><tr><td>is_main_query<\/td><td>1<\/td><td>1<\/td><\/tr><tr><td>is_rest_api<\/td><td>0<\/td><td>1<\/td><\/tr><tr><td>page<\/td><td>0<\/td><td>1<\/td><\/tr><tr><td>numpages<\/td><td>0<\/td><td>1<\/td><\/tr><tr><td>is_archive<\/td><td>1<\/td><td><\/td><\/tr><tr><td>is_search<\/td><td>1<\/td><td><\/td><\/tr><tr><td>is_home<\/td><td>1<\/td><td><\/td><\/tr><tr><td>is_404<\/td><td>1<\/td><td><\/td><\/tr><tr><td>is_attachment<\/td><td>1<\/td><td><\/td><\/tr><tr><td>is_singular<\/td><td>1<\/td><td><\/td><\/tr><tr><td>is_front_page<\/td><td>1<\/td><td><\/td><\/tr><tr><td>is_feed<\/td><td>1<\/td><td><\/td><\/tr><\/table><\/div><br><br><span style=\"color: red;\">Seu site usa HTTPS, mas o c\u00f3digo do an\u00fancio cont\u00e9m HTTP e pode n\u00e3o funcionar.<\/span>\t<br><br>\n\t<a style=\"color: green;\" href=\"https:\/\/wpadvancedads.com\/manual\/ad-debug-mode\/?utm_source=advanced-ads&utm_medium=link&utm_campaign=ad-debug-mode\" target=\"_blank\" rel=\"nofollow\">Encontre solu\u00e7\u00f5es no manual<\/a>\n<\/div>\n<\/li><\/ul><\/div><script>( window.advanced_ads_ready || jQuery( document ).ready ).call( null, function() {var $lavraslider359612752 = jQuery( \".lavra-slider-359612752\" );$lavraslider359612752.on( \"unslider.ready\", function() { jQuery( \"div.custom-slider ul li\" ).css( \"display\", \"block\" ); });$lavraslider359612752.unslider({ delay:4000, autoplay:true, nav:false, arrows:false, infinite:true });$lavraslider359612752.on(\"mouseover\", function() {$lavraslider359612752.unslider(\"stop\");}).on(\"mouseout\", function() {$lavraslider359612752.unslider(\"start\");});});<\/script><\/div><p>Os torcedores da FLALAVRAS, que \u00e9 a torcida organizada do Flamengo aqui na cidade, est\u00e3o organizando uma campanha para arrecadar alimentos n\u00e3o perec\u00edveis que ser\u00e3o doados para o Lar Augusto Silva, que \u00e9 o asilo de Lavras.\u00a0<!--more-->Esta semana a dire\u00e7\u00e3o informou que a casa passa por dificuldades financeiras e que a ajuda da comunidade \u00e9 muito importante para que os mais de 80 idosos que moram l\u00e1 continuem sendo bem atendidos.<\/p>\n<p><img fetchpriority=\"high\" decoding=\"async\" class=\"alignnone size-full wp-image-10234 aligncenter\" src=\"http:\/\/lavras.tv\/site\/wp-content\/uploads\/2017\/06\/asilo-e1498827917495.jpg\" alt=\"asilo\" width=\"1428\" height=\"972\" srcset=\"https:\/\/lavras.tv\/site\/wp-content\/uploads\/2017\/06\/asilo-e1498827917495.jpg 1428w, https:\/\/lavras.tv\/site\/wp-content\/uploads\/2017\/06\/asilo-e1498827917495-150x102.jpg 150w, https:\/\/lavras.tv\/site\/wp-content\/uploads\/2017\/06\/asilo-e1498827917495-300x204.jpg 300w, https:\/\/lavras.tv\/site\/wp-content\/uploads\/2017\/06\/asilo-e1498827917495-1024x697.jpg 1024w\" sizes=\"(max-width: 1428px) 100vw, 1428px\" \/><\/p>\n<p>A campanha de arrecada\u00e7\u00e3o segue at\u00e9 o\u00a0dia 14 de julho e os alimentos podem ser entregues nos seguintes pontos:<\/p>\n<p>&nbsp;<\/p>\n<p><strong>Centro de Fisioterapia de Lavras\u00a0 (CEFIL) \u2013\u00a0 R. Louren\u00e7o Menicucci, 360;<\/strong><\/p>\n<p><strong>Gustavo (Box\u00a0 3D) \u2013 Rua Francisco Sales, 166;<\/strong><\/p>\n<p><strong>Dr. Ranieri Spuri \u2013 Av. Vaz Monteiro, 82;<\/strong><\/p>\n<p><strong>Loja Bardot \u2013 rua Get\u00falio Vargas, 41;<\/strong><\/p>\n<p><strong>Sede da FlaLavras \u2013 Rua. Dr. Gammon, 571;<\/strong><\/p>\n<p><strong>Number One Ingl\u00eas Completo \u2013\u00a0\u00a0 Rua Francisco Andrade, 204;<\/strong><\/p>\n<p><strong>Secret\u00e1ria Departamento de Ci\u00eancia dos Alimentos (DCA) da Universidade Federal de Lavras.\u00a0\u00a0<\/strong><\/p>\n<p>&nbsp;<\/p>\n<p><img decoding=\"async\" class=\"alignnone size-full wp-image-10233 aligncenter\" src=\"http:\/\/lavras.tv\/site\/wp-content\/uploads\/2017\/06\/flalavras.jpg\" alt=\"flalavras\" width=\"678\" height=\"960\" srcset=\"https:\/\/lavras.tv\/site\/wp-content\/uploads\/2017\/06\/flalavras.jpg 678w, https:\/\/lavras.tv\/site\/wp-content\/uploads\/2017\/06\/flalavras-106x150.jpg 106w, https:\/\/lavras.tv\/site\/wp-content\/uploads\/2017\/06\/flalavras-212x300.jpg 212w\" sizes=\"(max-width: 678px) 100vw, 678px\" \/><\/p>\n","protected":false},"excerpt":{"rendered":"<p>Os torcedores da FLALAVRAS, que \u00e9 a torcida organizada do Flamengo aqui na cidade, est\u00e3o organizando uma campanha para arrecadar alimentos n\u00e3o perec\u00edveis que ser\u00e3o doados para o Lar Augusto Silva, que \u00e9 o asilo de Lavras.\u00a0<\/p>\n","protected":false},"author":2,"featured_media":10234,"comment_status":"closed","ping_status":"open","sticky":false,"template":"","format":"standard","meta":{"advgb_blocks_editor_width":"","advgb_blocks_columns_visual_guide":"","_exactmetrics_skip_tracking":false,"_exactmetrics_sitenote_active":false,"_exactmetrics_sitenote_note":"","_exactmetrics_sitenote_category":0,"footnotes":""},"categories":[7,3],"tags":[2256,1532,1652,3654,3655],"class_list":["post-10232","post","type-post","status-publish","format-standard","has-post-thumbnail","hentry","category-destaques","category-esportes","tag-asilo","tag-campanha","tag-doacoes","tag-flalavras","tag-flamengo"],"better_featured_image":{"id":10234,"alt_text":"","caption":"","description":"","media_type":"image","media_details":{"width":1428,"height":972,"file":"2017\/06\/asilo-e1498827917495.jpg","sizes":{"thumbnail":{"file":"asilo-e1498827917495-150x102.jpg","width":150,"height":102,"mime-type":"image\/jpeg","source_url":"https:\/\/lavras.tv\/site\/wp-content\/uploads\/2017\/06\/asilo-e1498827917495-150x102.jpg"},"medium":{"file":"asilo-e1498827917495-300x204.jpg","width":300,"height":204,"mime-type":"image\/jpeg","source_url":"https:\/\/lavras.tv\/site\/wp-content\/uploads\/2017\/06\/asilo-e1498827917495-300x204.jpg"},"large":{"file":"asilo-e1498827917495-1024x697.jpg","width":1024,"height":697,"mime-type":"image\/jpeg","source_url":"https:\/\/lavras.tv\/site\/wp-content\/uploads\/2017\/06\/asilo-e1498827917495-1024x697.jpg"},"featured-slider-img":{"file":"asilo-e1498827917495-640x480.jpg","width":640,"height":480,"mime-type":"image\/jpeg","source_url":"https:\/\/lavras.tv\/site\/wp-content\/uploads\/2017\/06\/asilo-e1498827917495-640x480.jpg"},"featured-post-img":{"file":"asilo-e1498827917495-480x320.jpg","width":480,"height":320,"mime-type":"image\/jpeg","source_url":"https:\/\/lavras.tv\/site\/wp-content\/uploads\/2017\/06\/asilo-e1498827917495-480x320.jpg"},"sow-carousel-default":{"file":"asilo-e1498827917495-272x182.jpg","width":272,"height":182,"mime-type":"image\/jpeg","source_url":"https:\/\/lavras.tv\/site\/wp-content\/uploads\/2017\/06\/asilo-e1498827917495-272x182.jpg"}},"image_meta":{"aperture":"0","credit":"","camera":"","caption":"","created_timestamp":"0","copyright":"","focal_length":"0","iso":"0","shutter_speed":"0","title":"","orientation":"0","keywords":[]}},"post":10232,"source_url":"https:\/\/lavras.tv\/site\/wp-content\/uploads\/2017\/06\/asilo-e1498827917495.jpg"},"author_meta":{"display_name":"Lavras TV","author_link":"https:\/\/lavras.tv\/site\/author\/lavrastv\/"},"featured_img":"https:\/\/lavras.tv\/site\/wp-content\/uploads\/2017\/06\/asilo-e1498827917495-300x204.jpg","coauthors":[],"tax_additional":{"categories":{"linked":["<a href=\"https:\/\/lavras.tv\/site\/category\/destaques\/\" class=\"advgb-post-tax-term\">Destaques<\/a>","<a href=\"https:\/\/lavras.tv\/site\/category\/esportes\/\" class=\"advgb-post-tax-term\">Esportes<\/a>"],"unlinked":["<span class=\"advgb-post-tax-term\">Destaques<\/span>","<span class=\"advgb-post-tax-term\">Esportes<\/span>"]},"tags":{"linked":["<a href=\"https:\/\/lavras.tv\/site\/category\/esportes\/\" class=\"advgb-post-tax-term\">asilo<\/a>","<a href=\"https:\/\/lavras.tv\/site\/category\/esportes\/\" class=\"advgb-post-tax-term\">campanha<\/a>","<a href=\"https:\/\/lavras.tv\/site\/category\/esportes\/\" class=\"advgb-post-tax-term\">doa\u00e7\u00f5es<\/a>","<a href=\"https:\/\/lavras.tv\/site\/category\/esportes\/\" class=\"advgb-post-tax-term\">flalavras<\/a>","<a href=\"https:\/\/lavras.tv\/site\/category\/esportes\/\" class=\"advgb-post-tax-term\">flamengo<\/a>"],"unlinked":["<span class=\"advgb-post-tax-term\">asilo<\/span>","<span class=\"advgb-post-tax-term\">campanha<\/span>","<span class=\"advgb-post-tax-term\">doa\u00e7\u00f5es<\/span>","<span class=\"advgb-post-tax-term\">flalavras<\/span>","<span class=\"advgb-post-tax-term\">flamengo<\/span>"]}},"comment_count":"0","relative_dates":{"created":"Publicado 9 anos atr\u00e1s","modified":"Atualizado 9 anos atr\u00e1s"},"absolute_dates":{"created":"Publicado em 30 de junho de 2017","modified":"Atualizado em 30 de junho de 2017"},"absolute_dates_time":{"created":"Publicado em 30 de junho de 2017 10:06","modified":"Atualizado em 30 de junho de 2017 10:06"},"featured_img_caption":"","series_order":"","_links":{"self":[{"href":"https:\/\/lavras.tv\/site\/wp-json\/wp\/v2\/posts\/10232","targetHints":{"allow":["GET"]}}],"collection":[{"href":"https:\/\/lavras.tv\/site\/wp-json\/wp\/v2\/posts"}],"about":[{"href":"https:\/\/lavras.tv\/site\/wp-json\/wp\/v2\/types\/post"}],"author":[{"embeddable":true,"href":"https:\/\/lavras.tv\/site\/wp-json\/wp\/v2\/users\/2"}],"replies":[{"embeddable":true,"href":"https:\/\/lavras.tv\/site\/wp-json\/wp\/v2\/comments?post=10232"}],"version-history":[{"count":1,"href":"https:\/\/lavras.tv\/site\/wp-json\/wp\/v2\/posts\/10232\/revisions"}],"predecessor-version":[{"id":10235,"href":"https:\/\/lavras.tv\/site\/wp-json\/wp\/v2\/posts\/10232\/revisions\/10235"}],"wp:featuredmedia":[{"embeddable":true,"href":"https:\/\/lavras.tv\/site\/wp-json\/wp\/v2\/media\/10234"}],"wp:attachment":[{"href":"https:\/\/lavras.tv\/site\/wp-json\/wp\/v2\/media?parent=10232"}],"wp:term":[{"taxonomy":"category","embeddable":true,"href":"https:\/\/lavras.tv\/site\/wp-json\/wp\/v2\/categories?post=10232"},{"taxonomy":"post_tag","embeddable":true,"href":"https:\/\/lavras.tv\/site\/wp-json\/wp\/v2\/tags?post=10232"}],"curies":[{"name":"wp","href":"https:\/\/api.w.org\/{rel}","templated":true}]}}