{"id":10287,"date":"2017-07-03T10:03:41","date_gmt":"2017-07-03T13:03:41","guid":{"rendered":"http:\/\/lavras.tv\/site\/?p=10287"},"modified":"2017-07-03T10:03:41","modified_gmt":"2017-07-03T13:03:41","slug":"informe-parlamentar-curso-de-magisterio-em-lavras-tera-mais-180-vagas-devido-ao-trabalho-do-deputado-fabio-cherem-junto-ao-governo-de-minas","status":"publish","type":"post","link":"https:\/\/lavras.tv\/site\/2017\/07\/03\/informe-parlamentar-curso-de-magisterio-em-lavras-tera-mais-180-vagas-devido-ao-trabalho-do-deputado-fabio-cherem-junto-ao-governo-de-minas\/","title":{"rendered":"[Informe Parlamentar] Curso de Magist\u00e9rio em Lavras ter\u00e1 mais 180 vagas devido ao trabalho do Deputado F\u00e1bio Cherem junto ao Governo de Minas"},"content":{"rendered":"<div class=\"lavra-antes-do-conteudo_2\" id=\"lavra-2546003427\"><div id=\"lavra-slider-27\" class=\"custom-slider lavra-slider-1935146305 lavra-slider\"><ul><li><div style=\"margin-left: auto;margin-right: auto;text-align: center;\" id=\"lavra-3616218221\"><a href=\"https:\/\/sistemas.lavras.mg.gov.br\/portalcidadao\/#df1b1a7c7b2a290bcb31e32771e610784662739a88807c0dacac58ede5f391a7530e299dc302d611ee73cb143fc22eaf93592e53e7b5bdb01b00a0b8d28dae460c141dd2ff83412e4dc1c31b16b25f33144a9e5620ea73b13f5bc1c59411d98439ad226e8af03840603796067d87afe130812cf3de24982d0e306f9e61e764e5\" aria-label=\"Lavras-TV&#8211;720x104px (1) (1)\"><img src=\"https:\/\/lavras.tv\/site\/wp-content\/uploads\/2025\/01\/Lavras-TV-720x104px-1-1.png\" alt=\"\"  srcset=\"https:\/\/lavras.tv\/site\/wp-content\/uploads\/2025\/01\/Lavras-TV-720x104px-1-1.png 720w, https:\/\/lavras.tv\/site\/wp-content\/uploads\/2025\/01\/Lavras-TV-720x104px-1-1-470x68.png 470w, https:\/\/lavras.tv\/site\/wp-content\/uploads\/2025\/01\/Lavras-TV-720x104px-1-1-170x25.png 170w, https:\/\/lavras.tv\/site\/wp-content\/uploads\/2025\/01\/Lavras-TV-720x104px-1-1-200x29.png 200w\" sizes=\"(max-width: 720px) 100vw, 720px\" width=\"720\" height=\"104\"  style=\"display: inline-block;\" \/><\/a><\/div><\/li><li><a href=\"https:\/\/sistemas.lavras.mg.gov.br\/portalcidadao\/#df1b1a7c7b2a290bcb31e32771e610784662739a88807c0dacac58ede5f391a7530e299dc302d611ee73cb143fc22eaf93592e53e7b5bdb01b00a0b8d28dae460c141dd2ff83412e4dc1c31b16b25f33144a9e5620ea73b13f5bc1c59411d98439ad226e8af03840603796067d87afe130812cf3de24982d0e306f9e61e764e5\" aria-label=\"Banner_Emprego_PortallavrasTV\"><img src=\"https:\/\/lavras.tv\/site\/wp-content\/uploads\/2025\/03\/Banner_Emprego_PortallavrasTV.png\" alt=\"\"  srcset=\"https:\/\/lavras.tv\/site\/wp-content\/uploads\/2025\/03\/Banner_Emprego_PortallavrasTV.png 720w, https:\/\/lavras.tv\/site\/wp-content\/uploads\/2025\/03\/Banner_Emprego_PortallavrasTV-470x68.png 470w, https:\/\/lavras.tv\/site\/wp-content\/uploads\/2025\/03\/Banner_Emprego_PortallavrasTV-170x25.png 170w, https:\/\/lavras.tv\/site\/wp-content\/uploads\/2025\/03\/Banner_Emprego_PortallavrasTV-200x29.png 200w\" sizes=\"(max-width: 720px) 100vw, 720px\" width=\"720\" height=\"104\"   \/><\/a><\/li><li><a href=\"https:\/\/sistemas.lavras.mg.gov.br\/portalcidadao\/#df1b1a7c7b2a290bcb31e32771e610784662739a88807c0dacac58ede5f391a7530e299dc302d611ee73cb143fc22eaf93592e53e7b5bdb01b00a0b8d28dae460c141dd2ff83412e4dc1c31b16b25f33144a9e5620ea73b13f5bc1c59411d98439ad226e8af03840603796067d87afe130812cf3de24982d0e306f9e61e764e5\" aria-label=\"Banner_Obras_PortallavrasTV\"><img src=\"https:\/\/lavras.tv\/site\/wp-content\/uploads\/2025\/03\/Banner_Obras_PortallavrasTV.png\" alt=\"\"  srcset=\"https:\/\/lavras.tv\/site\/wp-content\/uploads\/2025\/03\/Banner_Obras_PortallavrasTV.png 720w, https:\/\/lavras.tv\/site\/wp-content\/uploads\/2025\/03\/Banner_Obras_PortallavrasTV-470x68.png 470w, https:\/\/lavras.tv\/site\/wp-content\/uploads\/2025\/03\/Banner_Obras_PortallavrasTV-170x25.png 170w, https:\/\/lavras.tv\/site\/wp-content\/uploads\/2025\/03\/Banner_Obras_PortallavrasTV-200x29.png 200w\" sizes=\"(max-width: 720px) 100vw, 720px\" width=\"720\" height=\"104\"   \/><\/a><\/li><li><div style=\"margin-left: auto;margin-right: auto;text-align: center;\" id=\"lavra-1755466191\"><a href=\"https:\/\/sistemas.lavras.mg.gov.br\/portalcidadao\/#df1b1a7c7b2a290bcb31e32771e610784662739a88807c0dacac58ede5f391a7530e299dc302d611ee73cb143fc22eaf93592e53e7b5bdb01b00a0b8d28dae460c141dd2ff83412e4dc1c31b16b25f33144a9e5620ea73b13f5bc1c59411d98439ad226e8af03840603796067d87afe130812cf3de24982d0e306f9e61e764e5\" aria-label=\"Banner_Educa\u00e7\u00e3o_PortallavrasTV\"><img src=\"https:\/\/lavras.tv\/site\/wp-content\/uploads\/2025\/01\/Banner_Educacao_PortallavrasTV.png\" alt=\"\"  srcset=\"https:\/\/lavras.tv\/site\/wp-content\/uploads\/2025\/01\/Banner_Educacao_PortallavrasTV.png 720w, https:\/\/lavras.tv\/site\/wp-content\/uploads\/2025\/01\/Banner_Educacao_PortallavrasTV-470x68.png 470w, https:\/\/lavras.tv\/site\/wp-content\/uploads\/2025\/01\/Banner_Educacao_PortallavrasTV-170x25.png 170w, https:\/\/lavras.tv\/site\/wp-content\/uploads\/2025\/01\/Banner_Educacao_PortallavrasTV-200x29.png 200w\" sizes=\"(max-width: 720px) 100vw, 720px\" width=\"720\" height=\"104\"  style=\"display: inline-block;\" \/><\/a><\/div><\/li><li><a href=\"https:\/\/sistemas.lavras.mg.gov.br\/portalcidadao\/#df1b1a7c7b2a290bcb31e32771e610784662739a88807c0dacac58ede5f391a7530e299dc302d611ee73cb143fc22eaf93592e53e7b5bdb01b00a0b8d28dae460c141dd2ff83412e4dc1c31b16b25f33144a9e5620ea73b13f5bc1c59411d98439ad226e8af03840603796067d87afe130812cf3de24982d0e306f9e61e764e5\" aria-label=\"Banner_Sa\u00fade_PortallavrasTV\"><img src=\"https:\/\/lavras.tv\/site\/wp-content\/uploads\/2025\/03\/Banner_Saude_PortallavrasTV.png\" alt=\"\"  srcset=\"https:\/\/lavras.tv\/site\/wp-content\/uploads\/2025\/03\/Banner_Saude_PortallavrasTV.png 720w, https:\/\/lavras.tv\/site\/wp-content\/uploads\/2025\/03\/Banner_Saude_PortallavrasTV-470x68.png 470w, https:\/\/lavras.tv\/site\/wp-content\/uploads\/2025\/03\/Banner_Saude_PortallavrasTV-170x25.png 170w, https:\/\/lavras.tv\/site\/wp-content\/uploads\/2025\/03\/Banner_Saude_PortallavrasTV-200x29.png 200w\" sizes=\"(max-width: 720px) 100vw, 720px\" width=\"720\" height=\"104\"   \/><\/a><\/li><li><div id=\"lavra-1310210165\" style=\"width:720px;height:104px;background-color:#ddd;overflow:scroll;\">\n\t<strong>Sa\u00edda da depura\u00e7\u00e3o de an\u00fancios<\/strong>\n\t<br><br>\n\tO an\u00fancio n\u00e3o \u00e9 exibido na p\u00e1gina<br><br>post atual: [Informe Parlamentar] Curso de Magist\u00e9rio em Lavras ter\u00e1 mais 180 vagas devido ao trabalho do Deputado F\u00e1bio Cherem junto ao Governo de Minas, ID: 10287<br><br><span style=\"color: red;\">O post atual n\u00e3o \u00e9 id\u00eantico ao post principal.<\/span><br><br>An\u00fancios: ROXO - TOPO INTERNA - ROTATIVO 2 (197)<br \/>Grupo de an\u00fancios: Princ_Meio01_720x104 (27)<br><br>Condi\u00e7\u00f5es de exibi\u00e7\u00e3o<div style=\"margin-bottom: 20px; white-space: pre-wrap; font-family: monospace; width: 100%; background: #ffe9e9;\"><strong>condi\u00e7\u00f5es gerais<\/strong><table border=\"1\"><thead><tr><th><\/th><th>An\u00fancios<\/th><th>wp_the_query<\/th><\/tr><\/thead><tr><td>is_main_query<\/td><td>1<\/td><td>1<\/td><\/tr><tr><td>is_rest_api<\/td><td>0<\/td><td>1<\/td><\/tr><tr><td>page<\/td><td>0<\/td><td>1<\/td><\/tr><tr><td>numpages<\/td><td>0<\/td><td>1<\/td><\/tr><tr><td>is_archive<\/td><td>1<\/td><td><\/td><\/tr><tr><td>is_search<\/td><td>1<\/td><td><\/td><\/tr><tr><td>is_home<\/td><td>1<\/td><td><\/td><\/tr><tr><td>is_404<\/td><td>1<\/td><td><\/td><\/tr><tr><td>is_attachment<\/td><td>1<\/td><td><\/td><\/tr><tr><td>is_singular<\/td><td>1<\/td><td><\/td><\/tr><tr><td>is_front_page<\/td><td>1<\/td><td><\/td><\/tr><tr><td>is_feed<\/td><td>1<\/td><td><\/td><\/tr><\/table><\/div><br><br><span style=\"color: red;\">Seu site usa HTTPS, mas o c\u00f3digo do an\u00fancio cont\u00e9m HTTP e pode n\u00e3o funcionar.<\/span>\t<br><br>\n\t<a style=\"color: green;\" href=\"https:\/\/wpadvancedads.com\/manual\/ad-debug-mode\/?utm_source=advanced-ads&utm_medium=link&utm_campaign=ad-debug-mode\" target=\"_blank\" rel=\"nofollow\">Encontre solu\u00e7\u00f5es no manual<\/a>\n<\/div>\n<\/li><\/ul><\/div><script>( window.advanced_ads_ready || jQuery( document ).ready ).call( null, function() {var $lavraslider1935146305 = jQuery( \".lavra-slider-1935146305\" );$lavraslider1935146305.on( \"unslider.ready\", function() { jQuery( \"div.custom-slider ul li\" ).css( \"display\", \"block\" ); });$lavraslider1935146305.unslider({ delay:4000, autoplay:true, nav:false, arrows:false, infinite:true });$lavraslider1935146305.on(\"mouseover\", function() {$lavraslider1935146305.unslider(\"stop\");}).on(\"mouseout\", function() {$lavraslider1935146305.unslider(\"start\");});});<\/script><\/div><p>Na \u00faltima semana\u00a0uma comiss\u00e3o de professoras de Lavras esteve em Belo Horizonte com o objetivo de solicitar ao Governo de Minas a amplia\u00e7\u00e3o do n\u00famero de vagas para o Curso de Magist\u00e9rio na cidade.<!--more--> O resultado do pleito que foi intermediado pelo deputado F\u00e1bio Cherem foi positivo e quatro novas turmas ser\u00e3o criadas na cidade a partir de agosto deste ano.<\/p>\n<p><img fetchpriority=\"high\" decoding=\"async\" class=\"alignnone size-full wp-image-10288 aligncenter\" src=\"http:\/\/lavras.tv\/site\/wp-content\/uploads\/2017\/07\/magisterio.jpg\" alt=\"magisterio\" width=\"1280\" height=\"853\" srcset=\"https:\/\/lavras.tv\/site\/wp-content\/uploads\/2017\/07\/magisterio.jpg 1280w, https:\/\/lavras.tv\/site\/wp-content\/uploads\/2017\/07\/magisterio-150x100.jpg 150w, https:\/\/lavras.tv\/site\/wp-content\/uploads\/2017\/07\/magisterio-300x200.jpg 300w, https:\/\/lavras.tv\/site\/wp-content\/uploads\/2017\/07\/magisterio-1024x682.jpg 1024w, https:\/\/lavras.tv\/site\/wp-content\/uploads\/2017\/07\/magisterio-480x320.jpg 480w, https:\/\/lavras.tv\/site\/wp-content\/uploads\/2017\/07\/magisterio-272x182.jpg 272w\" sizes=\"(max-width: 1280px) 100vw, 1280px\" \/><\/p>\n<p>Seguindo os esfor\u00e7os que t\u00eam sido empreendidos por ampliar a capacidade de forma\u00e7\u00e3o e capacita\u00e7\u00e3o de pessoal em Lavras em parceria com o Governo do Estado de Minas Gerais, o deputado F\u00e1bio Cherem concluiu, em 29 de junho, as negocia\u00e7\u00f5es com a Secretaria de Educa\u00e7\u00e3o do estado para a cria\u00e7\u00e3o de 180 novas vagas para o Magist\u00e9rio que atender\u00e3o ao munic\u00edpio de Lavras e regi\u00e3o.<\/p>\n<p>Na reuni\u00e3o estiveram presentes o vereador e presidente da C\u00e2mara Municipal de Lavras, Jo\u00e3o Paulo Felizardo, que foi desde o princ\u00edpio um dos idealizadores do projeto, juntamente com a equipe de professores do curso e os diretores da Escola Estadual Dora Matarazzo, na qual ocorre a forma\u00e7\u00e3o, al\u00e9m das t\u00e9cnicas respons\u00e1veis pela a\u00e7\u00e3o no Governo de Minas.<\/p>\n<p>Segundo o vereador Jo\u00e3o Paulo Felizardo: \u201cN\u00f3s estamos nos esfor\u00e7ando muito pela melhoria da educa\u00e7\u00e3o em Lavras. O prefeito tem desempenhado um trabalho muito bom nas escolas do munic\u00edpio e n\u00f3s, com a ajuda do deputado F\u00e1bio Cherem, estamos buscando alinhar os interesses da comunidade lavrense com os recursos dispon\u00edveis no estado de Minas Gerais. O dia de hoje \u00e9 mais uma vit\u00f3ria, mas continuamos em a\u00e7\u00e3o para oferecer ao nosso povo condi\u00e7\u00f5es de realizar uma boa forma\u00e7\u00e3o e capacita\u00e7\u00e3o profissional no futuro.\u201d<\/p>\n<p><img decoding=\"async\" class=\"alignnone size-full wp-image-10289 aligncenter\" src=\"http:\/\/lavras.tv\/site\/wp-content\/uploads\/2017\/07\/magisterio-2.jpg\" alt=\"magisterio 2\" width=\"1280\" height=\"960\" srcset=\"https:\/\/lavras.tv\/site\/wp-content\/uploads\/2017\/07\/magisterio-2.jpg 1280w, https:\/\/lavras.tv\/site\/wp-content\/uploads\/2017\/07\/magisterio-2-150x113.jpg 150w, https:\/\/lavras.tv\/site\/wp-content\/uploads\/2017\/07\/magisterio-2-300x225.jpg 300w, https:\/\/lavras.tv\/site\/wp-content\/uploads\/2017\/07\/magisterio-2-1024x768.jpg 1024w, https:\/\/lavras.tv\/site\/wp-content\/uploads\/2017\/07\/magisterio-2-640x480.jpg 640w\" sizes=\"(max-width: 1280px) 100vw, 1280px\" \/><\/p>\n<p>Na opini\u00e3o do deputado F\u00e1bio Cherem: \u201cLavras tem todas as condi\u00e7\u00f5es de se tornar um p\u00f3lo ainda maior de atra\u00e7\u00e3o de investimentos e pessoal no Sul de Minas. A presen\u00e7a da UFLA e de outras faculdades, assim como o alto \u00edndice da qualidade de vida no munic\u00edpio s\u00e3o indicativos de positivas condi\u00e7\u00f5es para o desenvolvimento e tudo isso passa pela educa\u00e7\u00e3o. Nossa parceria com o Governo de Minas \u00e9 s\u00f3lida e certamente essas 180 novas vagas poder\u00e3o mudar a vida de centenas de fam\u00edlias lavrenses.\u201d.<\/p>\n<p>Fonte: Assessoria do deputado Fabio Cherem<\/p>\n","protected":false},"excerpt":{"rendered":"<p>Na \u00faltima semana\u00a0uma comiss\u00e3o de professoras de Lavras esteve em Belo Horizonte com o objetivo de solicitar ao Governo de Minas a amplia\u00e7\u00e3o do n\u00famero de vagas para o Curso de Magist\u00e9rio na cidade.<\/p>\n","protected":false},"author":2,"featured_media":10288,"comment_status":"closed","ping_status":"open","sticky":false,"template":"","format":"standard","meta":{"advgb_blocks_editor_width":"","advgb_blocks_columns_visual_guide":"","_exactmetrics_skip_tracking":false,"_exactmetrics_sitenote_active":false,"_exactmetrics_sitenote_note":"","_exactmetrics_sitenote_category":0,"footnotes":""},"categories":[7,12],"tags":[2173,2268,34,3664,1361],"class_list":["post-10287","post","type-post","status-publish","format-standard","has-post-thumbnail","hentry","category-destaques","category-politica","tag-deputado-fabio-cherem","tag-educacao","tag-lavras","tag-magisterio","tag-vagas"],"better_featured_image":{"id":10288,"alt_text":"","caption":"","description":"","media_type":"image","media_details":{"width":1280,"height":853,"file":"2017\/07\/magisterio.jpg","sizes":{"thumbnail":{"file":"magisterio-150x100.jpg","width":150,"height":100,"mime-type":"image\/jpeg","source_url":"https:\/\/lavras.tv\/site\/wp-content\/uploads\/2017\/07\/magisterio-150x100.jpg"},"medium":{"file":"magisterio-300x200.jpg","width":300,"height":200,"mime-type":"image\/jpeg","source_url":"https:\/\/lavras.tv\/site\/wp-content\/uploads\/2017\/07\/magisterio-300x200.jpg"},"large":{"file":"magisterio-1024x682.jpg","width":1024,"height":682,"mime-type":"image\/jpeg","source_url":"https:\/\/lavras.tv\/site\/wp-content\/uploads\/2017\/07\/magisterio-1024x682.jpg"},"featured-slider-img":{"file":"magisterio-640x480.jpg","width":640,"height":480,"mime-type":"image\/jpeg","source_url":"https:\/\/lavras.tv\/site\/wp-content\/uploads\/2017\/07\/magisterio-640x480.jpg"},"featured-post-img":{"file":"magisterio-480x320.jpg","width":480,"height":320,"mime-type":"image\/jpeg","source_url":"https:\/\/lavras.tv\/site\/wp-content\/uploads\/2017\/07\/magisterio-480x320.jpg"},"sow-carousel-default":{"file":"magisterio-272x182.jpg","width":272,"height":182,"mime-type":"image\/jpeg","source_url":"https:\/\/lavras.tv\/site\/wp-content\/uploads\/2017\/07\/magisterio-272x182.jpg"}},"image_meta":{"aperture":"0","credit":"","camera":"","caption":"","created_timestamp":"0","copyright":"","focal_length":"0","iso":"0","shutter_speed":"0","title":"","orientation":"0","keywords":[]}},"post":10287,"source_url":"https:\/\/lavras.tv\/site\/wp-content\/uploads\/2017\/07\/magisterio.jpg"},"author_meta":{"display_name":"Lavras TV","author_link":"https:\/\/lavras.tv\/site\/author\/lavrastv\/"},"featured_img":"https:\/\/lavras.tv\/site\/wp-content\/uploads\/2017\/07\/magisterio-300x200.jpg","coauthors":[],"tax_additional":{"categories":{"linked":["<a href=\"https:\/\/lavras.tv\/site\/category\/destaques\/\" class=\"advgb-post-tax-term\">Destaques<\/a>","<a href=\"https:\/\/lavras.tv\/site\/category\/politica\/\" class=\"advgb-post-tax-term\">Pol\u00edtica<\/a>"],"unlinked":["<span class=\"advgb-post-tax-term\">Destaques<\/span>","<span class=\"advgb-post-tax-term\">Pol\u00edtica<\/span>"]},"tags":{"linked":["<a href=\"https:\/\/lavras.tv\/site\/category\/politica\/\" class=\"advgb-post-tax-term\">deputado F\u00e1bio Cherem<\/a>","<a href=\"https:\/\/lavras.tv\/site\/category\/politica\/\" class=\"advgb-post-tax-term\">educa\u00e7\u00e3o<\/a>","<a href=\"https:\/\/lavras.tv\/site\/category\/politica\/\" class=\"advgb-post-tax-term\">lavras<\/a>","<a href=\"https:\/\/lavras.tv\/site\/category\/politica\/\" class=\"advgb-post-tax-term\">magist\u00e9rio<\/a>","<a href=\"https:\/\/lavras.tv\/site\/category\/politica\/\" class=\"advgb-post-tax-term\">vagas<\/a>"],"unlinked":["<span class=\"advgb-post-tax-term\">deputado F\u00e1bio Cherem<\/span>","<span class=\"advgb-post-tax-term\">educa\u00e7\u00e3o<\/span>","<span class=\"advgb-post-tax-term\">lavras<\/span>","<span class=\"advgb-post-tax-term\">magist\u00e9rio<\/span>","<span class=\"advgb-post-tax-term\">vagas<\/span>"]}},"comment_count":"0","relative_dates":{"created":"Publicado 9 anos atr\u00e1s","modified":"Atualizado 9 anos atr\u00e1s"},"absolute_dates":{"created":"Publicado em 3 de julho de 2017","modified":"Atualizado em 3 de julho de 2017"},"absolute_dates_time":{"created":"Publicado em 3 de julho de 2017 10:03","modified":"Atualizado em 3 de julho de 2017 10:03"},"featured_img_caption":"","series_order":"","_links":{"self":[{"href":"https:\/\/lavras.tv\/site\/wp-json\/wp\/v2\/posts\/10287","targetHints":{"allow":["GET"]}}],"collection":[{"href":"https:\/\/lavras.tv\/site\/wp-json\/wp\/v2\/posts"}],"about":[{"href":"https:\/\/lavras.tv\/site\/wp-json\/wp\/v2\/types\/post"}],"author":[{"embeddable":true,"href":"https:\/\/lavras.tv\/site\/wp-json\/wp\/v2\/users\/2"}],"replies":[{"embeddable":true,"href":"https:\/\/lavras.tv\/site\/wp-json\/wp\/v2\/comments?post=10287"}],"version-history":[{"count":1,"href":"https:\/\/lavras.tv\/site\/wp-json\/wp\/v2\/posts\/10287\/revisions"}],"predecessor-version":[{"id":10290,"href":"https:\/\/lavras.tv\/site\/wp-json\/wp\/v2\/posts\/10287\/revisions\/10290"}],"wp:featuredmedia":[{"embeddable":true,"href":"https:\/\/lavras.tv\/site\/wp-json\/wp\/v2\/media\/10288"}],"wp:attachment":[{"href":"https:\/\/lavras.tv\/site\/wp-json\/wp\/v2\/media?parent=10287"}],"wp:term":[{"taxonomy":"category","embeddable":true,"href":"https:\/\/lavras.tv\/site\/wp-json\/wp\/v2\/categories?post=10287"},{"taxonomy":"post_tag","embeddable":true,"href":"https:\/\/lavras.tv\/site\/wp-json\/wp\/v2\/tags?post=10287"}],"curies":[{"name":"wp","href":"https:\/\/api.w.org\/{rel}","templated":true}]}}