{"id":10357,"date":"2017-07-05T09:02:04","date_gmt":"2017-07-05T12:02:04","guid":{"rendered":"http:\/\/lavras.tv\/site\/?p=10357"},"modified":"2017-07-05T09:02:04","modified_gmt":"2017-07-05T12:02:04","slug":"oliveira-e-a-campea-do-torneio-de-futsal-dos-85-anos-da-pm-em-lavras","status":"publish","type":"post","link":"https:\/\/lavras.tv\/site\/2017\/07\/05\/oliveira-e-a-campea-do-torneio-de-futsal-dos-85-anos-da-pm-em-lavras\/","title":{"rendered":"Oliveira \u00e9 a campe\u00e3 do Torneio de Futsal dos 85 anos da PM em Lavras"},"content":{"rendered":"<div class=\"lavra-antes-do-conteudo_2\" id=\"lavra-3063149313\"><div id=\"lavra-slider-27\" class=\"custom-slider lavra-slider-1251601139 lavra-slider\"><ul><li><div style=\"margin-left: auto;margin-right: auto;text-align: center;\" id=\"lavra-2279189067\"><a href=\"https:\/\/sistemas.lavras.mg.gov.br\/portalcidadao\/#df1b1a7c7b2a290bcb31e32771e610784662739a88807c0dacac58ede5f391a7530e299dc302d611ee73cb143fc22eaf93592e53e7b5bdb01b00a0b8d28dae460c141dd2ff83412e4dc1c31b16b25f33144a9e5620ea73b13f5bc1c59411d98439ad226e8af03840603796067d87afe130812cf3de24982d0e306f9e61e764e5\" aria-label=\"Lavras-TV&#8211;720x104px (1) (1)\"><img src=\"https:\/\/lavras.tv\/site\/wp-content\/uploads\/2025\/01\/Lavras-TV-720x104px-1-1.png\" alt=\"\"  srcset=\"https:\/\/lavras.tv\/site\/wp-content\/uploads\/2025\/01\/Lavras-TV-720x104px-1-1.png 720w, https:\/\/lavras.tv\/site\/wp-content\/uploads\/2025\/01\/Lavras-TV-720x104px-1-1-470x68.png 470w, https:\/\/lavras.tv\/site\/wp-content\/uploads\/2025\/01\/Lavras-TV-720x104px-1-1-170x25.png 170w, https:\/\/lavras.tv\/site\/wp-content\/uploads\/2025\/01\/Lavras-TV-720x104px-1-1-200x29.png 200w\" sizes=\"(max-width: 720px) 100vw, 720px\" width=\"720\" height=\"104\"  style=\"display: inline-block;\" \/><\/a><\/div><\/li><li><a href=\"https:\/\/sistemas.lavras.mg.gov.br\/portalcidadao\/#df1b1a7c7b2a290bcb31e32771e610784662739a88807c0dacac58ede5f391a7530e299dc302d611ee73cb143fc22eaf93592e53e7b5bdb01b00a0b8d28dae460c141dd2ff83412e4dc1c31b16b25f33144a9e5620ea73b13f5bc1c59411d98439ad226e8af03840603796067d87afe130812cf3de24982d0e306f9e61e764e5\" aria-label=\"Banner_Emprego_PortallavrasTV\"><img src=\"https:\/\/lavras.tv\/site\/wp-content\/uploads\/2025\/03\/Banner_Emprego_PortallavrasTV.png\" alt=\"\"  srcset=\"https:\/\/lavras.tv\/site\/wp-content\/uploads\/2025\/03\/Banner_Emprego_PortallavrasTV.png 720w, https:\/\/lavras.tv\/site\/wp-content\/uploads\/2025\/03\/Banner_Emprego_PortallavrasTV-470x68.png 470w, https:\/\/lavras.tv\/site\/wp-content\/uploads\/2025\/03\/Banner_Emprego_PortallavrasTV-170x25.png 170w, https:\/\/lavras.tv\/site\/wp-content\/uploads\/2025\/03\/Banner_Emprego_PortallavrasTV-200x29.png 200w\" sizes=\"(max-width: 720px) 100vw, 720px\" width=\"720\" height=\"104\"   \/><\/a><\/li><li><a href=\"https:\/\/sistemas.lavras.mg.gov.br\/portalcidadao\/#df1b1a7c7b2a290bcb31e32771e610784662739a88807c0dacac58ede5f391a7530e299dc302d611ee73cb143fc22eaf93592e53e7b5bdb01b00a0b8d28dae460c141dd2ff83412e4dc1c31b16b25f33144a9e5620ea73b13f5bc1c59411d98439ad226e8af03840603796067d87afe130812cf3de24982d0e306f9e61e764e5\" aria-label=\"Banner_Obras_PortallavrasTV\"><img src=\"https:\/\/lavras.tv\/site\/wp-content\/uploads\/2025\/03\/Banner_Obras_PortallavrasTV.png\" alt=\"\"  srcset=\"https:\/\/lavras.tv\/site\/wp-content\/uploads\/2025\/03\/Banner_Obras_PortallavrasTV.png 720w, https:\/\/lavras.tv\/site\/wp-content\/uploads\/2025\/03\/Banner_Obras_PortallavrasTV-470x68.png 470w, https:\/\/lavras.tv\/site\/wp-content\/uploads\/2025\/03\/Banner_Obras_PortallavrasTV-170x25.png 170w, https:\/\/lavras.tv\/site\/wp-content\/uploads\/2025\/03\/Banner_Obras_PortallavrasTV-200x29.png 200w\" sizes=\"(max-width: 720px) 100vw, 720px\" width=\"720\" height=\"104\"   \/><\/a><\/li><li><div style=\"margin-left: auto;margin-right: auto;text-align: center;\" id=\"lavra-1977174624\"><a href=\"https:\/\/sistemas.lavras.mg.gov.br\/portalcidadao\/#df1b1a7c7b2a290bcb31e32771e610784662739a88807c0dacac58ede5f391a7530e299dc302d611ee73cb143fc22eaf93592e53e7b5bdb01b00a0b8d28dae460c141dd2ff83412e4dc1c31b16b25f33144a9e5620ea73b13f5bc1c59411d98439ad226e8af03840603796067d87afe130812cf3de24982d0e306f9e61e764e5\" aria-label=\"Banner_Educa\u00e7\u00e3o_PortallavrasTV\"><img src=\"https:\/\/lavras.tv\/site\/wp-content\/uploads\/2025\/01\/Banner_Educacao_PortallavrasTV.png\" alt=\"\"  srcset=\"https:\/\/lavras.tv\/site\/wp-content\/uploads\/2025\/01\/Banner_Educacao_PortallavrasTV.png 720w, https:\/\/lavras.tv\/site\/wp-content\/uploads\/2025\/01\/Banner_Educacao_PortallavrasTV-470x68.png 470w, https:\/\/lavras.tv\/site\/wp-content\/uploads\/2025\/01\/Banner_Educacao_PortallavrasTV-170x25.png 170w, https:\/\/lavras.tv\/site\/wp-content\/uploads\/2025\/01\/Banner_Educacao_PortallavrasTV-200x29.png 200w\" sizes=\"(max-width: 720px) 100vw, 720px\" width=\"720\" height=\"104\"  style=\"display: inline-block;\" \/><\/a><\/div><\/li><li><a href=\"https:\/\/sistemas.lavras.mg.gov.br\/portalcidadao\/#df1b1a7c7b2a290bcb31e32771e610784662739a88807c0dacac58ede5f391a7530e299dc302d611ee73cb143fc22eaf93592e53e7b5bdb01b00a0b8d28dae460c141dd2ff83412e4dc1c31b16b25f33144a9e5620ea73b13f5bc1c59411d98439ad226e8af03840603796067d87afe130812cf3de24982d0e306f9e61e764e5\" aria-label=\"Banner_Sa\u00fade_PortallavrasTV\"><img src=\"https:\/\/lavras.tv\/site\/wp-content\/uploads\/2025\/03\/Banner_Saude_PortallavrasTV.png\" alt=\"\"  srcset=\"https:\/\/lavras.tv\/site\/wp-content\/uploads\/2025\/03\/Banner_Saude_PortallavrasTV.png 720w, https:\/\/lavras.tv\/site\/wp-content\/uploads\/2025\/03\/Banner_Saude_PortallavrasTV-470x68.png 470w, https:\/\/lavras.tv\/site\/wp-content\/uploads\/2025\/03\/Banner_Saude_PortallavrasTV-170x25.png 170w, https:\/\/lavras.tv\/site\/wp-content\/uploads\/2025\/03\/Banner_Saude_PortallavrasTV-200x29.png 200w\" sizes=\"(max-width: 720px) 100vw, 720px\" width=\"720\" height=\"104\"   \/><\/a><\/li><li><div id=\"lavra-713161948\" style=\"width:720px;height:104px;background-color:#ddd;overflow:scroll;\">\n\t<strong>Sa\u00edda da depura\u00e7\u00e3o de an\u00fancios<\/strong>\n\t<br><br>\n\tO an\u00fancio n\u00e3o \u00e9 exibido na p\u00e1gina<br><br>post atual: Oliveira \u00e9 a campe\u00e3 do Torneio de Futsal dos 85 anos da PM em Lavras, ID: 10357<br><br><span style=\"color: red;\">O post atual n\u00e3o \u00e9 id\u00eantico ao post principal.<\/span><br><br>An\u00fancios: ROXO - TOPO INTERNA - ROTATIVO 2 (197)<br \/>Grupo de an\u00fancios: Princ_Meio01_720x104 (27)<br><br>Condi\u00e7\u00f5es de exibi\u00e7\u00e3o<div style=\"margin-bottom: 20px; white-space: pre-wrap; font-family: monospace; width: 100%; background: #ffe9e9;\"><strong>condi\u00e7\u00f5es gerais<\/strong><table border=\"1\"><thead><tr><th><\/th><th>An\u00fancios<\/th><th>wp_the_query<\/th><\/tr><\/thead><tr><td>is_main_query<\/td><td>1<\/td><td>1<\/td><\/tr><tr><td>is_rest_api<\/td><td>0<\/td><td>1<\/td><\/tr><tr><td>page<\/td><td>0<\/td><td>1<\/td><\/tr><tr><td>numpages<\/td><td>0<\/td><td>1<\/td><\/tr><tr><td>is_archive<\/td><td>1<\/td><td><\/td><\/tr><tr><td>is_search<\/td><td>1<\/td><td><\/td><\/tr><tr><td>is_home<\/td><td>1<\/td><td><\/td><\/tr><tr><td>is_404<\/td><td>1<\/td><td><\/td><\/tr><tr><td>is_attachment<\/td><td>1<\/td><td><\/td><\/tr><tr><td>is_singular<\/td><td>1<\/td><td><\/td><\/tr><tr><td>is_front_page<\/td><td>1<\/td><td><\/td><\/tr><tr><td>is_feed<\/td><td>1<\/td><td><\/td><\/tr><\/table><\/div><br><br><span style=\"color: red;\">Seu site usa HTTPS, mas o c\u00f3digo do an\u00fancio cont\u00e9m HTTP e pode n\u00e3o funcionar.<\/span>\t<br><br>\n\t<a style=\"color: green;\" href=\"https:\/\/wpadvancedads.com\/manual\/ad-debug-mode\/?utm_source=advanced-ads&utm_medium=link&utm_campaign=ad-debug-mode\" target=\"_blank\" rel=\"nofollow\">Encontre solu\u00e7\u00f5es no manual<\/a>\n<\/div>\n<\/li><\/ul><\/div><script>( window.advanced_ads_ready || jQuery( document ).ready ).call( null, function() {var $lavraslider1251601139 = jQuery( \".lavra-slider-1251601139\" );$lavraslider1251601139.on( \"unslider.ready\", function() { jQuery( \"div.custom-slider ul li\" ).css( \"display\", \"block\" ); });$lavraslider1251601139.unslider({ delay:4000, autoplay:true, nav:false, arrows:false, infinite:true });$lavraslider1251601139.on(\"mouseover\", function() {$lavraslider1251601139.unslider(\"stop\");}).on(\"mouseout\", function() {$lavraslider1251601139.unslider(\"start\");});});<\/script><\/div><p>O Oitavo Batalh\u00e3o da\u00a0Pol\u00edcia Militar, com sede em lavras, realizou um Torneio de Futsal para comemorar os 85 anos da unidade.\u00a0<!--more--><\/p>\n<p>Estiveram presentes para prestigiar a partida final, o Comandante do 8\u00ba Batalh\u00e3o, Ten Cel Renan Santos Chaves, acompanhado do Chefe de Recursos Humanos do Centro de Apoio Administrativo 6, Major Marcos Serpa de Oliveira, do Assessor de Comunica\u00e7\u00e3o Organizacional da 6\u00aa Regi\u00e3o da Pol\u00edcia Militar, Major Robson Marcos de Oliveira Gurita, al\u00e9m dos Oficiais Comandantes de Companhias da Unidade e demais policiais militares e familiares dos atletas.<\/p>\n<p><img fetchpriority=\"high\" decoding=\"async\" class=\"alignnone size-full wp-image-10358 aligncenter\" src=\"http:\/\/lavras.tv\/site\/wp-content\/uploads\/2017\/07\/futsal-pm.jpg\" alt=\"futsal pm\" width=\"344\" height=\"258\" srcset=\"https:\/\/lavras.tv\/site\/wp-content\/uploads\/2017\/07\/futsal-pm.jpg 344w, https:\/\/lavras.tv\/site\/wp-content\/uploads\/2017\/07\/futsal-pm-150x113.jpg 150w, https:\/\/lavras.tv\/site\/wp-content\/uploads\/2017\/07\/futsal-pm-300x225.jpg 300w\" sizes=\"(max-width: 344px) 100vw, 344px\" \/><\/p>\n<p>O torneio de futsal iniciou-se no dia 13 junho onde a equipe da 112\u00aa Cia de Perd\u00f5es enfrentou o time da 161\u00aa Cia de Campo Belo em uma partida amistosa e concorrida com vit\u00f3ria da 112\u00aa Cia por 8X4. No mesmo dia entraram na quadra as equipes da 251\u00aa Cia de Recobrimento e 59\u00aa Cia da cidade de Oliveira, sendo que com muita garra venceu o time da 59\u00aa Cia por 5X1.<\/p>\n<p><img decoding=\"async\" class=\"aligncenter\" src=\"https:\/\/www.policiamilitar.mg.gov.br\/conteudoportal\/uploadFCK\/8bpm\/04072017155618915.JPG\" \/><\/p>\n<p>Na segunda fase do torneio, ocorrida no \u00faltimo dia 20 de junho, a equipe da 112\u00aa Cia de Perd\u00f5es enfrentou o time da 6\u00aa Cia Ind MAT, com placar de 4X3 para a 112\u00aa Cia, al\u00e9m da disputa concorrida entre a 59\u00aa Cia e a 54\u00aa Cia com resultado de 7 a 6 para 59\u00aa Cia. cobrado nos p\u00eanaltis.<\/p>\n<p style=\"text-align: center;\">A rodada final desta ter\u00e7a-feira foi entre as semifinalistas 59\u00aa Cia PM de Oliveira, contra 112\u00aa CIA PM de Perd\u00f5es. Diante da disputa acirrada que se firmou, sagrou-se campe\u00e3 a equipe da 59\u00aa Cia de Oliveira, pelo placar de 5X4.<\/p>\n<p><img decoding=\"async\" class=\"aligncenter\" src=\"https:\/\/www.policiamilitar.mg.gov.br\/conteudoportal\/uploadFCK\/8bpm\/04072017155640558.JPG\" alt=\"\" \/><\/p>\n<p>Logo ap\u00f3s o encerramento da partida, houve uma r\u00e1pida solenidade onde foram premiadas as equipes campe\u00e3s e vice-campe\u00e3s, com medalhas e trof\u00e9us entregues pelo Tenente-Coronel Renan, Comandante do 8\u00ba Batalh\u00e3o.<\/p>\n<p>Por se destacar como goleiro menos vazado do torneio, o Soldado Siqueira, goleiro da equipe da 59\u00aa Cia de Oliveira, recebeu um trof\u00e9u. De igual forma, o Soldado Alexandre, da 112\u00aa Cia de Perd\u00f5es, foi considerado o artilheiro da competi\u00e7\u00e3o com 9 gols marcados durante o campeonato, e tamb\u00e9m recebeu um trof\u00e9u pelo seu feito.<\/p>\n<p><img decoding=\"async\" class=\"aligncenter\" src=\"https:\/\/www.policiamilitar.mg.gov.br\/conteudoportal\/uploadFCK\/8bpm\/04072017155700375.JPG\" alt=\"\" \/><\/p>\n<p>Para o Tenente-Coronel Renan, o Torneio de Futsal \u201cTa\u00e7a 85 Anos\u201d n\u00e3o foi planejado apenas como mais uma atividade que visa uma disputa saud\u00e1vel, mas principalmente como uma oportunidade de engajamento da nossa tropa em uma pr\u00e1tica desportiva e amig\u00e1vel.<\/p>\n<p><img decoding=\"async\" class=\"aligncenter\" src=\"https:\/\/www.policiamilitar.mg.gov.br\/conteudoportal\/uploadFCK\/8bpm\/04072017155715838.JPG\" alt=\"\" \/><\/p>\n<p>\u201cNossa inten\u00e7\u00e3o \u00e9 prover, por meio das atividades previstas nas comemora\u00e7\u00f5es dos 85 anos do 8\u00ba Batalh\u00e3o, formas de elevar a estima da tropa como um todo, buscando destacar a contribui\u00e7\u00e3o positiva presente na subjetividade de cada policial\u201d. Salientou.<\/p>\n<p><img decoding=\"async\" class=\"aligncenter\" src=\"https:\/\/www.policiamilitar.mg.gov.br\/conteudoportal\/uploadFCK\/8bpm\/04072017155852982.JPG\" alt=\"\" \/><\/p>\n<p>O Comandante encerrou a solenidade agradecendo a todas as equipes que contribu\u00edram para o sucesso do Torneio de Futsal.<\/p>\n<p>&nbsp;<\/p>\n<p>Fonte: PMMG<\/p>\n","protected":false},"excerpt":{"rendered":"<p>O Oitavo Batalh\u00e3o da\u00a0Pol\u00edcia Militar, com sede em lavras, realizou um Torneio de Futsal para comemorar os 85 anos da unidade.\u00a0<\/p>\n","protected":false},"author":2,"featured_media":10359,"comment_status":"closed","ping_status":"open","sticky":false,"template":"","format":"standard","meta":{"advgb_blocks_editor_width":"","advgb_blocks_columns_visual_guide":"","_exactmetrics_skip_tracking":false,"_exactmetrics_sitenote_active":false,"_exactmetrics_sitenote_note":"","_exactmetrics_sitenote_category":0,"footnotes":""},"categories":[7,3],"tags":[3683,1561,34,3684],"class_list":["post-10357","post","type-post","status-publish","format-standard","has-post-thumbnail","hentry","category-destaques","category-esportes","tag-85-anos","tag-8o-batalhao-da-pmmg","tag-lavras","tag-torneio-de-futsal"],"better_featured_image":{"id":10359,"alt_text":"","caption":"","description":"","media_type":"image","media_details":{"width":640,"height":480,"file":"2017\/07\/futsal-pmmg.jpg","sizes":{"thumbnail":{"file":"futsal-pmmg-150x113.jpg","width":150,"height":113,"mime-type":"image\/jpeg","source_url":"https:\/\/lavras.tv\/site\/wp-content\/uploads\/2017\/07\/futsal-pmmg-150x113.jpg"},"medium":{"file":"futsal-pmmg-300x225.jpg","width":300,"height":225,"mime-type":"image\/jpeg","source_url":"https:\/\/lavras.tv\/site\/wp-content\/uploads\/2017\/07\/futsal-pmmg-300x225.jpg"},"featured-post-img":{"file":"futsal-pmmg-480x320.jpg","width":480,"height":320,"mime-type":"image\/jpeg","source_url":"https:\/\/lavras.tv\/site\/wp-content\/uploads\/2017\/07\/futsal-pmmg-480x320.jpg"},"sow-carousel-default":{"file":"futsal-pmmg-272x182.jpg","width":272,"height":182,"mime-type":"image\/jpeg","source_url":"https:\/\/lavras.tv\/site\/wp-content\/uploads\/2017\/07\/futsal-pmmg-272x182.jpg"}},"image_meta":{"aperture":"0","credit":"","camera":"","caption":"","created_timestamp":"0","copyright":"","focal_length":"0","iso":"0","shutter_speed":"0","title":"","orientation":"0","keywords":[]}},"post":10357,"source_url":"https:\/\/lavras.tv\/site\/wp-content\/uploads\/2017\/07\/futsal-pmmg.jpg"},"author_meta":{"display_name":"Lavras TV","author_link":"https:\/\/lavras.tv\/site\/author\/lavrastv\/"},"featured_img":"https:\/\/lavras.tv\/site\/wp-content\/uploads\/2017\/07\/futsal-pmmg-300x225.jpg","coauthors":[],"tax_additional":{"categories":{"linked":["<a href=\"https:\/\/lavras.tv\/site\/category\/destaques\/\" class=\"advgb-post-tax-term\">Destaques<\/a>","<a href=\"https:\/\/lavras.tv\/site\/category\/esportes\/\" class=\"advgb-post-tax-term\">Esportes<\/a>"],"unlinked":["<span class=\"advgb-post-tax-term\">Destaques<\/span>","<span class=\"advgb-post-tax-term\">Esportes<\/span>"]},"tags":{"linked":["<a href=\"https:\/\/lavras.tv\/site\/category\/esportes\/\" class=\"advgb-post-tax-term\">85 anos<\/a>","<a href=\"https:\/\/lavras.tv\/site\/category\/esportes\/\" class=\"advgb-post-tax-term\">8\u00ba Batalh\u00e3o da PMMG<\/a>","<a href=\"https:\/\/lavras.tv\/site\/category\/esportes\/\" class=\"advgb-post-tax-term\">lavras<\/a>","<a href=\"https:\/\/lavras.tv\/site\/category\/esportes\/\" class=\"advgb-post-tax-term\">torneio de futsal<\/a>"],"unlinked":["<span class=\"advgb-post-tax-term\">85 anos<\/span>","<span class=\"advgb-post-tax-term\">8\u00ba Batalh\u00e3o da PMMG<\/span>","<span class=\"advgb-post-tax-term\">lavras<\/span>","<span class=\"advgb-post-tax-term\">torneio de futsal<\/span>"]}},"comment_count":"0","relative_dates":{"created":"Publicado 9 anos atr\u00e1s","modified":"Atualizado 9 anos atr\u00e1s"},"absolute_dates":{"created":"Publicado em 5 de julho de 2017","modified":"Atualizado em 5 de julho de 2017"},"absolute_dates_time":{"created":"Publicado em 5 de julho de 2017 09:02","modified":"Atualizado em 5 de julho de 2017 09:02"},"featured_img_caption":"","series_order":"","_links":{"self":[{"href":"https:\/\/lavras.tv\/site\/wp-json\/wp\/v2\/posts\/10357","targetHints":{"allow":["GET"]}}],"collection":[{"href":"https:\/\/lavras.tv\/site\/wp-json\/wp\/v2\/posts"}],"about":[{"href":"https:\/\/lavras.tv\/site\/wp-json\/wp\/v2\/types\/post"}],"author":[{"embeddable":true,"href":"https:\/\/lavras.tv\/site\/wp-json\/wp\/v2\/users\/2"}],"replies":[{"embeddable":true,"href":"https:\/\/lavras.tv\/site\/wp-json\/wp\/v2\/comments?post=10357"}],"version-history":[{"count":1,"href":"https:\/\/lavras.tv\/site\/wp-json\/wp\/v2\/posts\/10357\/revisions"}],"predecessor-version":[{"id":10360,"href":"https:\/\/lavras.tv\/site\/wp-json\/wp\/v2\/posts\/10357\/revisions\/10360"}],"wp:featuredmedia":[{"embeddable":true,"href":"https:\/\/lavras.tv\/site\/wp-json\/wp\/v2\/media\/10359"}],"wp:attachment":[{"href":"https:\/\/lavras.tv\/site\/wp-json\/wp\/v2\/media?parent=10357"}],"wp:term":[{"taxonomy":"category","embeddable":true,"href":"https:\/\/lavras.tv\/site\/wp-json\/wp\/v2\/categories?post=10357"},{"taxonomy":"post_tag","embeddable":true,"href":"https:\/\/lavras.tv\/site\/wp-json\/wp\/v2\/tags?post=10357"}],"curies":[{"name":"wp","href":"https:\/\/api.w.org\/{rel}","templated":true}]}}