{"id":10415,"date":"2017-07-07T08:57:35","date_gmt":"2017-07-07T11:57:35","guid":{"rendered":"http:\/\/lavras.tv\/site\/?p=10415"},"modified":"2017-07-07T09:29:54","modified_gmt":"2017-07-07T12:29:54","slug":"informe-parlamentar-em-brasilia-deputada-damina-consegue-ampliacao-do-servico-postal-para-lavras","status":"publish","type":"post","link":"https:\/\/lavras.tv\/site\/2017\/07\/07\/informe-parlamentar-em-brasilia-deputada-damina-consegue-ampliacao-do-servico-postal-para-lavras\/","title":{"rendered":"[Informe Parlamentar] Em Bras\u00edlia, deputada D\u00e2mina consegue amplia\u00e7\u00e3o do servi\u00e7o postal para Lavras"},"content":{"rendered":"<div class=\"lavra-antes-do-conteudo_2\" id=\"lavra-2264788539\"><div id=\"lavra-slider-27\" class=\"custom-slider lavra-slider-4211261902 lavra-slider\"><ul><li><div style=\"margin-left: auto;margin-right: auto;text-align: center;\" id=\"lavra-3657859703\"><a href=\"https:\/\/sistemas.lavras.mg.gov.br\/portalcidadao\/#df1b1a7c7b2a290bcb31e32771e610784662739a88807c0dacac58ede5f391a7530e299dc302d611ee73cb143fc22eaf93592e53e7b5bdb01b00a0b8d28dae460c141dd2ff83412e4dc1c31b16b25f33144a9e5620ea73b13f5bc1c59411d98439ad226e8af03840603796067d87afe130812cf3de24982d0e306f9e61e764e5\" aria-label=\"Lavras-TV&#8211;720x104px (1) (1)\"><img src=\"https:\/\/lavras.tv\/site\/wp-content\/uploads\/2025\/01\/Lavras-TV-720x104px-1-1.png\" alt=\"\"  srcset=\"https:\/\/lavras.tv\/site\/wp-content\/uploads\/2025\/01\/Lavras-TV-720x104px-1-1.png 720w, https:\/\/lavras.tv\/site\/wp-content\/uploads\/2025\/01\/Lavras-TV-720x104px-1-1-470x68.png 470w, https:\/\/lavras.tv\/site\/wp-content\/uploads\/2025\/01\/Lavras-TV-720x104px-1-1-170x25.png 170w, https:\/\/lavras.tv\/site\/wp-content\/uploads\/2025\/01\/Lavras-TV-720x104px-1-1-200x29.png 200w\" sizes=\"(max-width: 720px) 100vw, 720px\" width=\"720\" height=\"104\"  style=\"display: inline-block;\" \/><\/a><\/div><\/li><li><a href=\"https:\/\/sistemas.lavras.mg.gov.br\/portalcidadao\/#df1b1a7c7b2a290bcb31e32771e610784662739a88807c0dacac58ede5f391a7530e299dc302d611ee73cb143fc22eaf93592e53e7b5bdb01b00a0b8d28dae460c141dd2ff83412e4dc1c31b16b25f33144a9e5620ea73b13f5bc1c59411d98439ad226e8af03840603796067d87afe130812cf3de24982d0e306f9e61e764e5\" aria-label=\"Banner_Emprego_PortallavrasTV\"><img src=\"https:\/\/lavras.tv\/site\/wp-content\/uploads\/2025\/03\/Banner_Emprego_PortallavrasTV.png\" alt=\"\"  srcset=\"https:\/\/lavras.tv\/site\/wp-content\/uploads\/2025\/03\/Banner_Emprego_PortallavrasTV.png 720w, https:\/\/lavras.tv\/site\/wp-content\/uploads\/2025\/03\/Banner_Emprego_PortallavrasTV-470x68.png 470w, https:\/\/lavras.tv\/site\/wp-content\/uploads\/2025\/03\/Banner_Emprego_PortallavrasTV-170x25.png 170w, https:\/\/lavras.tv\/site\/wp-content\/uploads\/2025\/03\/Banner_Emprego_PortallavrasTV-200x29.png 200w\" sizes=\"(max-width: 720px) 100vw, 720px\" width=\"720\" height=\"104\"   \/><\/a><\/li><li><a href=\"https:\/\/sistemas.lavras.mg.gov.br\/portalcidadao\/#df1b1a7c7b2a290bcb31e32771e610784662739a88807c0dacac58ede5f391a7530e299dc302d611ee73cb143fc22eaf93592e53e7b5bdb01b00a0b8d28dae460c141dd2ff83412e4dc1c31b16b25f33144a9e5620ea73b13f5bc1c59411d98439ad226e8af03840603796067d87afe130812cf3de24982d0e306f9e61e764e5\" aria-label=\"Banner_Obras_PortallavrasTV\"><img src=\"https:\/\/lavras.tv\/site\/wp-content\/uploads\/2025\/03\/Banner_Obras_PortallavrasTV.png\" alt=\"\"  srcset=\"https:\/\/lavras.tv\/site\/wp-content\/uploads\/2025\/03\/Banner_Obras_PortallavrasTV.png 720w, https:\/\/lavras.tv\/site\/wp-content\/uploads\/2025\/03\/Banner_Obras_PortallavrasTV-470x68.png 470w, https:\/\/lavras.tv\/site\/wp-content\/uploads\/2025\/03\/Banner_Obras_PortallavrasTV-170x25.png 170w, https:\/\/lavras.tv\/site\/wp-content\/uploads\/2025\/03\/Banner_Obras_PortallavrasTV-200x29.png 200w\" sizes=\"(max-width: 720px) 100vw, 720px\" width=\"720\" height=\"104\"   \/><\/a><\/li><li><div style=\"margin-left: auto;margin-right: auto;text-align: center;\" id=\"lavra-709679253\"><a href=\"https:\/\/sistemas.lavras.mg.gov.br\/portalcidadao\/#df1b1a7c7b2a290bcb31e32771e610784662739a88807c0dacac58ede5f391a7530e299dc302d611ee73cb143fc22eaf93592e53e7b5bdb01b00a0b8d28dae460c141dd2ff83412e4dc1c31b16b25f33144a9e5620ea73b13f5bc1c59411d98439ad226e8af03840603796067d87afe130812cf3de24982d0e306f9e61e764e5\" aria-label=\"Banner_Educa\u00e7\u00e3o_PortallavrasTV\"><img src=\"https:\/\/lavras.tv\/site\/wp-content\/uploads\/2025\/01\/Banner_Educacao_PortallavrasTV.png\" alt=\"\"  srcset=\"https:\/\/lavras.tv\/site\/wp-content\/uploads\/2025\/01\/Banner_Educacao_PortallavrasTV.png 720w, https:\/\/lavras.tv\/site\/wp-content\/uploads\/2025\/01\/Banner_Educacao_PortallavrasTV-470x68.png 470w, https:\/\/lavras.tv\/site\/wp-content\/uploads\/2025\/01\/Banner_Educacao_PortallavrasTV-170x25.png 170w, https:\/\/lavras.tv\/site\/wp-content\/uploads\/2025\/01\/Banner_Educacao_PortallavrasTV-200x29.png 200w\" sizes=\"(max-width: 720px) 100vw, 720px\" width=\"720\" height=\"104\"  style=\"display: inline-block;\" \/><\/a><\/div><\/li><li><a href=\"https:\/\/sistemas.lavras.mg.gov.br\/portalcidadao\/#df1b1a7c7b2a290bcb31e32771e610784662739a88807c0dacac58ede5f391a7530e299dc302d611ee73cb143fc22eaf93592e53e7b5bdb01b00a0b8d28dae460c141dd2ff83412e4dc1c31b16b25f33144a9e5620ea73b13f5bc1c59411d98439ad226e8af03840603796067d87afe130812cf3de24982d0e306f9e61e764e5\" aria-label=\"Banner_Sa\u00fade_PortallavrasTV\"><img src=\"https:\/\/lavras.tv\/site\/wp-content\/uploads\/2025\/03\/Banner_Saude_PortallavrasTV.png\" alt=\"\"  srcset=\"https:\/\/lavras.tv\/site\/wp-content\/uploads\/2025\/03\/Banner_Saude_PortallavrasTV.png 720w, https:\/\/lavras.tv\/site\/wp-content\/uploads\/2025\/03\/Banner_Saude_PortallavrasTV-470x68.png 470w, https:\/\/lavras.tv\/site\/wp-content\/uploads\/2025\/03\/Banner_Saude_PortallavrasTV-170x25.png 170w, https:\/\/lavras.tv\/site\/wp-content\/uploads\/2025\/03\/Banner_Saude_PortallavrasTV-200x29.png 200w\" sizes=\"(max-width: 720px) 100vw, 720px\" width=\"720\" height=\"104\"   \/><\/a><\/li><li><div id=\"lavra-2691551751\" style=\"width:720px;height:104px;background-color:#ddd;overflow:scroll;\">\n\t<strong>Sa\u00edda da depura\u00e7\u00e3o de an\u00fancios<\/strong>\n\t<br><br>\n\tO an\u00fancio n\u00e3o \u00e9 exibido na p\u00e1gina<br><br>post atual: [Informe Parlamentar] Em Bras\u00edlia, deputada D\u00e2mina consegue amplia\u00e7\u00e3o do servi\u00e7o postal para Lavras, ID: 10415<br><br><span style=\"color: red;\">O post atual n\u00e3o \u00e9 id\u00eantico ao post principal.<\/span><br><br>An\u00fancios: ROXO - TOPO INTERNA - ROTATIVO 2 (197)<br \/>Grupo de an\u00fancios: Princ_Meio01_720x104 (27)<br><br>Condi\u00e7\u00f5es de exibi\u00e7\u00e3o<div style=\"margin-bottom: 20px; white-space: pre-wrap; font-family: monospace; width: 100%; background: #ffe9e9;\"><strong>condi\u00e7\u00f5es gerais<\/strong><table border=\"1\"><thead><tr><th><\/th><th>An\u00fancios<\/th><th>wp_the_query<\/th><\/tr><\/thead><tr><td>is_main_query<\/td><td>1<\/td><td>1<\/td><\/tr><tr><td>is_rest_api<\/td><td>0<\/td><td>1<\/td><\/tr><tr><td>page<\/td><td>0<\/td><td>1<\/td><\/tr><tr><td>numpages<\/td><td>0<\/td><td>1<\/td><\/tr><tr><td>is_archive<\/td><td>1<\/td><td><\/td><\/tr><tr><td>is_search<\/td><td>1<\/td><td><\/td><\/tr><tr><td>is_home<\/td><td>1<\/td><td><\/td><\/tr><tr><td>is_404<\/td><td>1<\/td><td><\/td><\/tr><tr><td>is_attachment<\/td><td>1<\/td><td><\/td><\/tr><tr><td>is_singular<\/td><td>1<\/td><td><\/td><\/tr><tr><td>is_front_page<\/td><td>1<\/td><td><\/td><\/tr><tr><td>is_feed<\/td><td>1<\/td><td><\/td><\/tr><\/table><\/div><br><br><span style=\"color: red;\">Seu site usa HTTPS, mas o c\u00f3digo do an\u00fancio cont\u00e9m HTTP e pode n\u00e3o funcionar.<\/span>\t<br><br>\n\t<a style=\"color: green;\" href=\"https:\/\/wpadvancedads.com\/manual\/ad-debug-mode\/?utm_source=advanced-ads&utm_medium=link&utm_campaign=ad-debug-mode\" target=\"_blank\" rel=\"nofollow\">Encontre solu\u00e7\u00f5es no manual<\/a>\n<\/div>\n<\/li><\/ul><\/div><script>( window.advanced_ads_ready || jQuery( document ).ready ).call( null, function() {var $lavraslider4211261902 = jQuery( \".lavra-slider-4211261902\" );$lavraslider4211261902.on( \"unslider.ready\", function() { jQuery( \"div.custom-slider ul li\" ).css( \"display\", \"block\" ); });$lavraslider4211261902.unslider({ delay:4000, autoplay:true, nav:false, arrows:false, infinite:true });$lavraslider4211261902.on(\"mouseover\", function() {$lavraslider4211261902.unslider(\"stop\");}).on(\"mouseout\", function() {$lavraslider4211261902.unslider(\"start\");});});<\/script><\/div><p><span style=\"font-weight: 400;\">Durante reuni\u00e3o com o presidente da Empresa Brasileira de Correios e Tel\u00e9grafos Guilherme Campos, em Bras\u00edlia, a deputada federal D\u00e2mina Pereira (PSL\/MG) conseguiu a amplia\u00e7\u00e3o do atendimento dos Correios para Lavras. <\/span><!--more--><\/p>\n<p><span style=\"font-weight: 400;\">O pedido de entrega postal foi feito pelo vereador lavrense Carlos Lindomar de Sousa. Atualmente, 15 bairros do munic\u00edpio est\u00e3o sem os servi\u00e7os<\/span><span style=\"font-weight: 400;\">, o que gera s\u00e9rios transtornos para a popula\u00e7\u00e3o, como o pagamento de contas em atraso<\/span><span style=\"font-weight: 400;\">. <\/span><\/p>\n<p><span style=\"font-weight: 400;\">\u201cO presidente informou que os Correios est\u00e3o passando por uma restrutura\u00e7\u00e3o, por isso, a cria\u00e7\u00e3o dessas novas unidades ent\u00e3o inviabilizadas, mas j\u00e1 ficou acertado que a superintend\u00eancia da Empresa em Minas Gerais vai ampliar a distribui\u00e7\u00e3o de correspond\u00eancia na cidade\u201d, explicou D\u00e2mina.<\/span><\/p>\n<p><b>Bairros que n\u00e3o possuem entrega de correspond\u00eancia:<\/b><span style=\"font-weight: 400;\"> Residencial Novo Mundo, Jardim Rio Bonito, Santa Cruz, Portal da Serra, Boca\u00edna II, Colinas da Serra, Nova Era, Outro Branco, Distrito Industrial, Residencial Santana, Parque Imperial, Morada do Sol III, Baunilha, Vista do Lago e Comunidade do Funil. <\/span><\/p>\n<figure id=\"attachment_10417\" aria-describedby=\"caption-attachment-10417\" style=\"width: 1280px\" class=\"wp-caption aligncenter\"><img fetchpriority=\"high\" decoding=\"async\" class=\"size-full wp-image-10417\" src=\"http:\/\/lavras.tv\/site\/wp-content\/uploads\/2017\/07\/2017-07-05-PHOTO-00001180.jpg\" alt=\"Vereador Carlos Lindomar, presidente estadual do PSL Carlos Alberto Pereira, presidente dos Correios, Guilherme Campos e a deputada federal D\u00e2mina Perreira. \" width=\"1280\" height=\"960\" srcset=\"https:\/\/lavras.tv\/site\/wp-content\/uploads\/2017\/07\/2017-07-05-PHOTO-00001180.jpg 1280w, https:\/\/lavras.tv\/site\/wp-content\/uploads\/2017\/07\/2017-07-05-PHOTO-00001180-150x113.jpg 150w, https:\/\/lavras.tv\/site\/wp-content\/uploads\/2017\/07\/2017-07-05-PHOTO-00001180-300x225.jpg 300w, https:\/\/lavras.tv\/site\/wp-content\/uploads\/2017\/07\/2017-07-05-PHOTO-00001180-1024x768.jpg 1024w, https:\/\/lavras.tv\/site\/wp-content\/uploads\/2017\/07\/2017-07-05-PHOTO-00001180-640x480.jpg 640w\" sizes=\"(max-width: 1280px) 100vw, 1280px\" \/><figcaption id=\"caption-attachment-10417\" class=\"wp-caption-text\">Vereador Carlos Lindomar, presidente estadual do PSL Carlos Alberto Pereira, presidente dos Correios, Guilherme Campos e a deputada federal D\u00e2mina Perreira.<\/figcaption><\/figure>\n<p><b>Constru\u00e7\u00e3o de Creche em Santo Ant\u00f4nio do Amparo<\/b><\/p>\n<p><span style=\"font-weight: 400;\">A deputada D\u00e2mina tamb\u00e9m esteve com o assessor de projetos educacionais do Fundo Nacional de Desenvolvimento da Educa\u00e7\u00e3o (FNDE), Rodrigo Pimenta, pra pedir a conclus\u00e3o das obras de uma creche no munic\u00edpio de Santo Ant\u00f4nio do Amparo. De acordo com o prefeito da cidade Evandro Carrara, a constru\u00e7\u00e3o j\u00e1 est\u00e1 com a estrutura completa e foi interrompida por conta de tr\u00e2mites burocr\u00e1ticos.<\/span><\/p>\n<p><span style=\"font-weight: 400;\">\u201cSa\u00edmos da reuni\u00e3o com uma boa not\u00edcia. A situa\u00e7\u00e3o foi resolvida e as obras ser\u00e3o retomadas. Foi um prazer contribuir para que as crian\u00e7as e m\u00e3es daquele munic\u00edpio tenha mais tranquilidade. Sei o quanto as mulheres lutam para continuar no mercado de trabalho e cuidar dos filhos, por isso essa era uma quest\u00e3o muito importante pra mim\u201d, enfatizou D\u00e2mina.<\/span><\/p>\n<p><span style=\"font-weight: 400;\">O presidente estadual do PSL Carlos Alberto Pereira e o assessor de planejamento da prefeitura de Santo Ant\u00f4nio do Amparo, Alencar Guimar\u00e3es tamb\u00e9m participaram da reuni\u00e3o. <\/span><\/p>\n<p>&nbsp;<\/p>\n<figure id=\"attachment_10416\" aria-describedby=\"caption-attachment-10416\" style=\"width: 1280px\" class=\"wp-caption aligncenter\"><img decoding=\"async\" class=\"size-full wp-image-10416\" src=\"http:\/\/lavras.tv\/site\/wp-content\/uploads\/2017\/07\/2017-07-05-PHOTO-00001183.jpg\" alt=\"Prefeito de Santo Antonio do Amparo, Evandro Carrara, deputada federal D\u00e2mina Pereira, presidente estadual do PSL Carlos Alberto Pereira, assessor de projetos educacionais do FNDE, Rodrigo Pimenta e o assessor de planejamento da prefeitura, Alencar Guimar\u00e3es. \" width=\"1280\" height=\"960\" srcset=\"https:\/\/lavras.tv\/site\/wp-content\/uploads\/2017\/07\/2017-07-05-PHOTO-00001183.jpg 1280w, https:\/\/lavras.tv\/site\/wp-content\/uploads\/2017\/07\/2017-07-05-PHOTO-00001183-150x113.jpg 150w, https:\/\/lavras.tv\/site\/wp-content\/uploads\/2017\/07\/2017-07-05-PHOTO-00001183-300x225.jpg 300w, https:\/\/lavras.tv\/site\/wp-content\/uploads\/2017\/07\/2017-07-05-PHOTO-00001183-1024x768.jpg 1024w, https:\/\/lavras.tv\/site\/wp-content\/uploads\/2017\/07\/2017-07-05-PHOTO-00001183-640x480.jpg 640w\" sizes=\"(max-width: 1280px) 100vw, 1280px\" \/><figcaption id=\"caption-attachment-10416\" class=\"wp-caption-text\">Prefeito de Santo Antonio do Amparo, Evandro Carrara, deputada federal D\u00e2mina Pereira, presidente estadual do PSL Carlos Alberto Pereira, assessor de projetos educacionais do FNDE, Rodrigo Pimenta e o assessor de planejamento da prefeitura, Alencar Guimar\u00e3es.<\/figcaption><\/figure>\n<p>Fonte: gabinete da deputada federal D\u00e2mina Pereira<\/p>\n","protected":false},"excerpt":{"rendered":"<p>Durante reuni\u00e3o com o presidente da Empresa Brasileira de Correios e Tel\u00e9grafos Guilherme Campos, em Bras\u00edlia, a deputada federal D\u00e2mina Pereira (PSL\/MG) conseguiu a amplia\u00e7\u00e3o do atendimento dos Correios para Lavras.<\/p>\n","protected":false},"author":2,"featured_media":10417,"comment_status":"closed","ping_status":"open","sticky":false,"template":"","format":"standard","meta":{"advgb_blocks_editor_width":"","advgb_blocks_columns_visual_guide":"","_exactmetrics_skip_tracking":false,"_exactmetrics_sitenote_active":false,"_exactmetrics_sitenote_note":"","_exactmetrics_sitenote_category":0,"footnotes":""},"categories":[7,12],"tags":[1186,671,1962,34,993],"class_list":["post-10415","post","type-post","status-publish","format-standard","has-post-thumbnail","hentry","category-destaques","category-politica","tag-correios","tag-damina-pereira","tag-informe-parlamentar","tag-lavras","tag-santo-antonio-do-amparo"],"better_featured_image":{"id":10417,"alt_text":"","caption":"Vereador Carlos Lindomar, presidente estadual do PSL Carlos Alberto Pereira, presidente dos Correios, Guilherme Campos e a deputada federal D\u00e2mina Perreira. ","description":"","media_type":"image","media_details":{"width":1280,"height":960,"file":"2017\/07\/2017-07-05-PHOTO-00001180.jpg","sizes":{"thumbnail":{"file":"2017-07-05-PHOTO-00001180-150x113.jpg","width":150,"height":113,"mime-type":"image\/jpeg","source_url":"https:\/\/lavras.tv\/site\/wp-content\/uploads\/2017\/07\/2017-07-05-PHOTO-00001180-150x113.jpg"},"medium":{"file":"2017-07-05-PHOTO-00001180-300x225.jpg","width":300,"height":225,"mime-type":"image\/jpeg","source_url":"https:\/\/lavras.tv\/site\/wp-content\/uploads\/2017\/07\/2017-07-05-PHOTO-00001180-300x225.jpg"},"large":{"file":"2017-07-05-PHOTO-00001180-1024x768.jpg","width":1024,"height":768,"mime-type":"image\/jpeg","source_url":"https:\/\/lavras.tv\/site\/wp-content\/uploads\/2017\/07\/2017-07-05-PHOTO-00001180-1024x768.jpg"},"featured-slider-img":{"file":"2017-07-05-PHOTO-00001180-640x480.jpg","width":640,"height":480,"mime-type":"image\/jpeg","source_url":"https:\/\/lavras.tv\/site\/wp-content\/uploads\/2017\/07\/2017-07-05-PHOTO-00001180-640x480.jpg"},"featured-post-img":{"file":"2017-07-05-PHOTO-00001180-480x320.jpg","width":480,"height":320,"mime-type":"image\/jpeg","source_url":"https:\/\/lavras.tv\/site\/wp-content\/uploads\/2017\/07\/2017-07-05-PHOTO-00001180-480x320.jpg"},"sow-carousel-default":{"file":"2017-07-05-PHOTO-00001180-272x182.jpg","width":272,"height":182,"mime-type":"image\/jpeg","source_url":"https:\/\/lavras.tv\/site\/wp-content\/uploads\/2017\/07\/2017-07-05-PHOTO-00001180-272x182.jpg"}},"image_meta":{"aperture":"0","credit":"","camera":"","caption":"","created_timestamp":"0","copyright":"","focal_length":"0","iso":"0","shutter_speed":"0","title":"","orientation":"0","keywords":[]}},"post":10415,"source_url":"https:\/\/lavras.tv\/site\/wp-content\/uploads\/2017\/07\/2017-07-05-PHOTO-00001180.jpg"},"author_meta":{"display_name":"Lavras TV","author_link":"https:\/\/lavras.tv\/site\/author\/lavrastv\/"},"featured_img":"https:\/\/lavras.tv\/site\/wp-content\/uploads\/2017\/07\/2017-07-05-PHOTO-00001180-300x225.jpg","coauthors":[],"tax_additional":{"categories":{"linked":["<a href=\"https:\/\/lavras.tv\/site\/category\/destaques\/\" class=\"advgb-post-tax-term\">Destaques<\/a>","<a href=\"https:\/\/lavras.tv\/site\/category\/politica\/\" class=\"advgb-post-tax-term\">Pol\u00edtica<\/a>"],"unlinked":["<span class=\"advgb-post-tax-term\">Destaques<\/span>","<span class=\"advgb-post-tax-term\">Pol\u00edtica<\/span>"]},"tags":{"linked":["<a href=\"https:\/\/lavras.tv\/site\/category\/politica\/\" class=\"advgb-post-tax-term\">correios<\/a>","<a href=\"https:\/\/lavras.tv\/site\/category\/politica\/\" class=\"advgb-post-tax-term\">D\u00e2mina Pereira<\/a>","<a href=\"https:\/\/lavras.tv\/site\/category\/politica\/\" class=\"advgb-post-tax-term\">informe parlamentar<\/a>","<a href=\"https:\/\/lavras.tv\/site\/category\/politica\/\" class=\"advgb-post-tax-term\">lavras<\/a>","<a href=\"https:\/\/lavras.tv\/site\/category\/politica\/\" class=\"advgb-post-tax-term\">santo ant\u00f4nio do amparo<\/a>"],"unlinked":["<span class=\"advgb-post-tax-term\">correios<\/span>","<span class=\"advgb-post-tax-term\">D\u00e2mina Pereira<\/span>","<span class=\"advgb-post-tax-term\">informe parlamentar<\/span>","<span class=\"advgb-post-tax-term\">lavras<\/span>","<span class=\"advgb-post-tax-term\">santo ant\u00f4nio do amparo<\/span>"]}},"comment_count":"0","relative_dates":{"created":"Publicado 9 anos atr\u00e1s","modified":"Atualizado 9 anos atr\u00e1s"},"absolute_dates":{"created":"Publicado em 7 de julho de 2017","modified":"Atualizado em 7 de julho de 2017"},"absolute_dates_time":{"created":"Publicado em 7 de julho de 2017 08:57","modified":"Atualizado em 7 de julho de 2017 09:29"},"featured_img_caption":"Vereador Carlos Lindomar, presidente estadual do PSL Carlos Alberto Pereira, presidente dos Correios, Guilherme Campos e a deputada federal D\u00e2mina Perreira. ","series_order":"","_links":{"self":[{"href":"https:\/\/lavras.tv\/site\/wp-json\/wp\/v2\/posts\/10415","targetHints":{"allow":["GET"]}}],"collection":[{"href":"https:\/\/lavras.tv\/site\/wp-json\/wp\/v2\/posts"}],"about":[{"href":"https:\/\/lavras.tv\/site\/wp-json\/wp\/v2\/types\/post"}],"author":[{"embeddable":true,"href":"https:\/\/lavras.tv\/site\/wp-json\/wp\/v2\/users\/2"}],"replies":[{"embeddable":true,"href":"https:\/\/lavras.tv\/site\/wp-json\/wp\/v2\/comments?post=10415"}],"version-history":[{"count":1,"href":"https:\/\/lavras.tv\/site\/wp-json\/wp\/v2\/posts\/10415\/revisions"}],"predecessor-version":[{"id":10418,"href":"https:\/\/lavras.tv\/site\/wp-json\/wp\/v2\/posts\/10415\/revisions\/10418"}],"wp:featuredmedia":[{"embeddable":true,"href":"https:\/\/lavras.tv\/site\/wp-json\/wp\/v2\/media\/10417"}],"wp:attachment":[{"href":"https:\/\/lavras.tv\/site\/wp-json\/wp\/v2\/media?parent=10415"}],"wp:term":[{"taxonomy":"category","embeddable":true,"href":"https:\/\/lavras.tv\/site\/wp-json\/wp\/v2\/categories?post=10415"},{"taxonomy":"post_tag","embeddable":true,"href":"https:\/\/lavras.tv\/site\/wp-json\/wp\/v2\/tags?post=10415"}],"curies":[{"name":"wp","href":"https:\/\/api.w.org\/{rel}","templated":true}]}}