{"id":10470,"date":"2017-07-10T09:10:36","date_gmt":"2017-07-10T12:10:36","guid":{"rendered":"http:\/\/lavras.tv\/site\/?p=10470"},"modified":"2017-07-10T09:10:36","modified_gmt":"2017-07-10T12:10:36","slug":"etapa-regional-do-jemg-comeca-com-a-expectativa-de-mais-de-mil-escolas-participantes","status":"publish","type":"post","link":"https:\/\/lavras.tv\/site\/2017\/07\/10\/etapa-regional-do-jemg-comeca-com-a-expectativa-de-mais-de-mil-escolas-participantes\/","title":{"rendered":"Etapa Regional do Jemg come\u00e7a com a expectativa de mais de mil escolas participantes"},"content":{"rendered":"<div class=\"lavra-antes-do-conteudo_2\" id=\"lavra-21711536\"><div id=\"lavra-slider-27\" class=\"custom-slider lavra-slider-1989504134 lavra-slider\"><ul><li><div style=\"margin-left: auto;margin-right: auto;text-align: center;\" id=\"lavra-1040526020\"><a href=\"https:\/\/sistemas.lavras.mg.gov.br\/portalcidadao\/#df1b1a7c7b2a290bcb31e32771e610784662739a88807c0dacac58ede5f391a7530e299dc302d611ee73cb143fc22eaf93592e53e7b5bdb01b00a0b8d28dae460c141dd2ff83412e4dc1c31b16b25f33144a9e5620ea73b13f5bc1c59411d98439ad226e8af03840603796067d87afe130812cf3de24982d0e306f9e61e764e5\" aria-label=\"Lavras-TV&#8211;720x104px (1) (1)\"><img src=\"https:\/\/lavras.tv\/site\/wp-content\/uploads\/2025\/01\/Lavras-TV-720x104px-1-1.png\" alt=\"\"  srcset=\"https:\/\/lavras.tv\/site\/wp-content\/uploads\/2025\/01\/Lavras-TV-720x104px-1-1.png 720w, https:\/\/lavras.tv\/site\/wp-content\/uploads\/2025\/01\/Lavras-TV-720x104px-1-1-470x68.png 470w, https:\/\/lavras.tv\/site\/wp-content\/uploads\/2025\/01\/Lavras-TV-720x104px-1-1-170x25.png 170w, https:\/\/lavras.tv\/site\/wp-content\/uploads\/2025\/01\/Lavras-TV-720x104px-1-1-200x29.png 200w\" sizes=\"(max-width: 720px) 100vw, 720px\" width=\"720\" height=\"104\"  style=\"display: inline-block;\" \/><\/a><\/div><\/li><li><a href=\"https:\/\/sistemas.lavras.mg.gov.br\/portalcidadao\/#df1b1a7c7b2a290bcb31e32771e610784662739a88807c0dacac58ede5f391a7530e299dc302d611ee73cb143fc22eaf93592e53e7b5bdb01b00a0b8d28dae460c141dd2ff83412e4dc1c31b16b25f33144a9e5620ea73b13f5bc1c59411d98439ad226e8af03840603796067d87afe130812cf3de24982d0e306f9e61e764e5\" aria-label=\"Banner_Emprego_PortallavrasTV\"><img src=\"https:\/\/lavras.tv\/site\/wp-content\/uploads\/2025\/03\/Banner_Emprego_PortallavrasTV.png\" alt=\"\"  srcset=\"https:\/\/lavras.tv\/site\/wp-content\/uploads\/2025\/03\/Banner_Emprego_PortallavrasTV.png 720w, https:\/\/lavras.tv\/site\/wp-content\/uploads\/2025\/03\/Banner_Emprego_PortallavrasTV-470x68.png 470w, https:\/\/lavras.tv\/site\/wp-content\/uploads\/2025\/03\/Banner_Emprego_PortallavrasTV-170x25.png 170w, https:\/\/lavras.tv\/site\/wp-content\/uploads\/2025\/03\/Banner_Emprego_PortallavrasTV-200x29.png 200w\" sizes=\"(max-width: 720px) 100vw, 720px\" width=\"720\" height=\"104\"   \/><\/a><\/li><li><a href=\"https:\/\/sistemas.lavras.mg.gov.br\/portalcidadao\/#df1b1a7c7b2a290bcb31e32771e610784662739a88807c0dacac58ede5f391a7530e299dc302d611ee73cb143fc22eaf93592e53e7b5bdb01b00a0b8d28dae460c141dd2ff83412e4dc1c31b16b25f33144a9e5620ea73b13f5bc1c59411d98439ad226e8af03840603796067d87afe130812cf3de24982d0e306f9e61e764e5\" aria-label=\"Banner_Obras_PortallavrasTV\"><img src=\"https:\/\/lavras.tv\/site\/wp-content\/uploads\/2025\/03\/Banner_Obras_PortallavrasTV.png\" alt=\"\"  srcset=\"https:\/\/lavras.tv\/site\/wp-content\/uploads\/2025\/03\/Banner_Obras_PortallavrasTV.png 720w, https:\/\/lavras.tv\/site\/wp-content\/uploads\/2025\/03\/Banner_Obras_PortallavrasTV-470x68.png 470w, https:\/\/lavras.tv\/site\/wp-content\/uploads\/2025\/03\/Banner_Obras_PortallavrasTV-170x25.png 170w, https:\/\/lavras.tv\/site\/wp-content\/uploads\/2025\/03\/Banner_Obras_PortallavrasTV-200x29.png 200w\" sizes=\"(max-width: 720px) 100vw, 720px\" width=\"720\" height=\"104\"   \/><\/a><\/li><li><div style=\"margin-left: auto;margin-right: auto;text-align: center;\" id=\"lavra-1559377701\"><a href=\"https:\/\/sistemas.lavras.mg.gov.br\/portalcidadao\/#df1b1a7c7b2a290bcb31e32771e610784662739a88807c0dacac58ede5f391a7530e299dc302d611ee73cb143fc22eaf93592e53e7b5bdb01b00a0b8d28dae460c141dd2ff83412e4dc1c31b16b25f33144a9e5620ea73b13f5bc1c59411d98439ad226e8af03840603796067d87afe130812cf3de24982d0e306f9e61e764e5\" aria-label=\"Banner_Educa\u00e7\u00e3o_PortallavrasTV\"><img src=\"https:\/\/lavras.tv\/site\/wp-content\/uploads\/2025\/01\/Banner_Educacao_PortallavrasTV.png\" alt=\"\"  srcset=\"https:\/\/lavras.tv\/site\/wp-content\/uploads\/2025\/01\/Banner_Educacao_PortallavrasTV.png 720w, https:\/\/lavras.tv\/site\/wp-content\/uploads\/2025\/01\/Banner_Educacao_PortallavrasTV-470x68.png 470w, https:\/\/lavras.tv\/site\/wp-content\/uploads\/2025\/01\/Banner_Educacao_PortallavrasTV-170x25.png 170w, https:\/\/lavras.tv\/site\/wp-content\/uploads\/2025\/01\/Banner_Educacao_PortallavrasTV-200x29.png 200w\" sizes=\"(max-width: 720px) 100vw, 720px\" width=\"720\" height=\"104\"  style=\"display: inline-block;\" \/><\/a><\/div><\/li><li><a href=\"https:\/\/sistemas.lavras.mg.gov.br\/portalcidadao\/#df1b1a7c7b2a290bcb31e32771e610784662739a88807c0dacac58ede5f391a7530e299dc302d611ee73cb143fc22eaf93592e53e7b5bdb01b00a0b8d28dae460c141dd2ff83412e4dc1c31b16b25f33144a9e5620ea73b13f5bc1c59411d98439ad226e8af03840603796067d87afe130812cf3de24982d0e306f9e61e764e5\" aria-label=\"Banner_Sa\u00fade_PortallavrasTV\"><img src=\"https:\/\/lavras.tv\/site\/wp-content\/uploads\/2025\/03\/Banner_Saude_PortallavrasTV.png\" alt=\"\"  srcset=\"https:\/\/lavras.tv\/site\/wp-content\/uploads\/2025\/03\/Banner_Saude_PortallavrasTV.png 720w, https:\/\/lavras.tv\/site\/wp-content\/uploads\/2025\/03\/Banner_Saude_PortallavrasTV-470x68.png 470w, https:\/\/lavras.tv\/site\/wp-content\/uploads\/2025\/03\/Banner_Saude_PortallavrasTV-170x25.png 170w, https:\/\/lavras.tv\/site\/wp-content\/uploads\/2025\/03\/Banner_Saude_PortallavrasTV-200x29.png 200w\" sizes=\"(max-width: 720px) 100vw, 720px\" width=\"720\" height=\"104\"   \/><\/a><\/li><li><div id=\"lavra-3511253372\" style=\"width:720px;height:104px;background-color:#ddd;overflow:scroll;\">\n\t<strong>Sa\u00edda da depura\u00e7\u00e3o de an\u00fancios<\/strong>\n\t<br><br>\n\tO an\u00fancio n\u00e3o \u00e9 exibido na p\u00e1gina<br><br>post atual: Etapa Regional do Jemg come\u00e7a com a expectativa de mais de mil escolas participantes, ID: 10470<br><br><span style=\"color: red;\">O post atual n\u00e3o \u00e9 id\u00eantico ao post principal.<\/span><br><br>An\u00fancios: ROXO - TOPO INTERNA - ROTATIVO 2 (197)<br \/>Grupo de an\u00fancios: Princ_Meio01_720x104 (27)<br><br>Condi\u00e7\u00f5es de exibi\u00e7\u00e3o<div style=\"margin-bottom: 20px; white-space: pre-wrap; font-family: monospace; width: 100%; background: #ffe9e9;\"><strong>condi\u00e7\u00f5es gerais<\/strong><table border=\"1\"><thead><tr><th><\/th><th>An\u00fancios<\/th><th>wp_the_query<\/th><\/tr><\/thead><tr><td>is_main_query<\/td><td>1<\/td><td>1<\/td><\/tr><tr><td>is_rest_api<\/td><td>0<\/td><td>1<\/td><\/tr><tr><td>page<\/td><td>0<\/td><td>1<\/td><\/tr><tr><td>numpages<\/td><td>0<\/td><td>1<\/td><\/tr><tr><td>is_archive<\/td><td>1<\/td><td><\/td><\/tr><tr><td>is_search<\/td><td>1<\/td><td><\/td><\/tr><tr><td>is_home<\/td><td>1<\/td><td><\/td><\/tr><tr><td>is_404<\/td><td>1<\/td><td><\/td><\/tr><tr><td>is_attachment<\/td><td>1<\/td><td><\/td><\/tr><tr><td>is_singular<\/td><td>1<\/td><td><\/td><\/tr><tr><td>is_front_page<\/td><td>1<\/td><td><\/td><\/tr><tr><td>is_feed<\/td><td>1<\/td><td><\/td><\/tr><\/table><\/div><br><br><span style=\"color: red;\">Seu site usa HTTPS, mas o c\u00f3digo do an\u00fancio cont\u00e9m HTTP e pode n\u00e3o funcionar.<\/span>\t<br><br>\n\t<a style=\"color: green;\" href=\"https:\/\/wpadvancedads.com\/manual\/ad-debug-mode\/?utm_source=advanced-ads&utm_medium=link&utm_campaign=ad-debug-mode\" target=\"_blank\" rel=\"nofollow\">Encontre solu\u00e7\u00f5es no manual<\/a>\n<\/div>\n<\/li><\/ul><\/div><script>( window.advanced_ads_ready || jQuery( document ).ready ).call( null, function() {var $lavraslider1989504134 = jQuery( \".lavra-slider-1989504134\" );$lavraslider1989504134.on( \"unslider.ready\", function() { jQuery( \"div.custom-slider ul li\" ).css( \"display\", \"block\" ); });$lavraslider1989504134.unslider({ delay:4000, autoplay:true, nav:false, arrows:false, infinite:true });$lavraslider1989504134.on(\"mouseover\", function() {$lavraslider1989504134.unslider(\"stop\");}).on(\"mouseout\", function() {$lavraslider1989504134.unslider(\"start\");});});<\/script><\/div><p>Esta\u00a0semana ser\u00e1 de muito esporte e emo\u00e7\u00e3o para cerca de 11 mil estudantes mineiros.<!--more--> De 10 a 15 de julho ser\u00e1 realizada a etapa Regional dos Jogos Escolares de Minas Gerais (Jemg) em cinco cidades-sede: Al\u00e9m Para\u00edba, Arcos, Caratinga, Ituiutaba e Montes Claros.<\/p>\n<p>De 17 a 22, Lavras tamb\u00e9m ir\u00e1 receber a disputa organizada pelas Secretarias de Estado de\u00a0Esportes (Seesp)\u00a0e de\u00a0Educa\u00e7\u00e3o (SEE). Est\u00e3o previstas 2.207 partidas nas modalidades de basquete, futsal, handebol, voleibol e xadrez entre 1.078 escolas. As cerim\u00f4nias de abertura acontecem a partir da noite do dia 10 (veja mais informa\u00e7\u00f5es abaixo).<\/p>\n<p>Para o secret\u00e1rio de Estado de Esportes, Arnaldo Gontijo, \u00e0 medida que os Jogos avan\u00e7am os competidores se envolvem mais com uma rotina pr\u00f3pria de um atleta.<\/p>\n<p>\u201cAgora, com a chegada da Regional, os alunos buscaram estar mais preparados para a competi\u00e7\u00e3o, intensificando os treinos, sendo mais disciplinados e preocupados com a alimenta\u00e7\u00e3o. \u00c9 uma oportunidade de estarem envolvidos com uma disputa que d\u00e1 um grande suporte para outras, at\u00e9 a n\u00edveis internacionais, como \u00e9 o caso do atleta V\u00edttor Matheus, ouro no Mundial Escolar de Atletismo, disputado na Fran\u00e7a em junho\u201d, destaca Gontijo.<\/p>\n<figure class=\"image\"><img decoding=\"async\" src=\"http:\/\/www.agenciaminas.mg.gov.br\/ckeditor_assets\/pictures\/3148\/content_escola_prefeito_jose.jpg\" alt=\"\" \/><figcaption>O\u00a0Jemg \u00e9 o maior e mais importante programa esportivo-educacional do estado &#8211; Divulga\u00e7\u00e3o\/E. E. Prefeito Jos\u00e9 Franco Gouveia<\/figcaption><\/figure>\n<p>Caratinga, no Territ\u00f3rio Vale do A\u00e7o, ser\u00e1 a sede que mais receber\u00e1 jogos e munic\u00edpios nesta etapa \u2013 499 partidas entre 92 cidades. Segundo o superintendente de Cultura e Esporte da prefeitura caratinguense, Clayton Gon\u00e7alves, receber a Regional ap\u00f3s tamb\u00e9m sediar a Microrregional catalisa a integra\u00e7\u00e3o da popula\u00e7\u00e3o com a pr\u00e1tica esportiva.<\/p>\n<p>\u201cSediar o Jemg possibilita o incentivo ao esporte dentro da cidade junto aos alunos-atletas. Muitas pessoas, at\u00e9 mesmo os adultos, que n\u00e3o conheciam determinada modalidade, a partir do momento que presencia as disputas pode criar o h\u00e1bito e come\u00e7ar a pratic\u00e1-la\u201d, explica Gon\u00e7alves.<\/p>\n<p>O superintendente ainda comenta que os hot\u00e9is de Caratinga j\u00e1 est\u00e3o recebendo reservas e que as expectativas para a atividade tur\u00edstica s\u00e3o altas. \u201cEsperamos um grande movimento na cidade, o com\u00e9rcio j\u00e1 aguarda os alunos. Para isso preparamos nossos espa\u00e7os, reformamos o gin\u00e1sio e trabalhamos todos os dias. Na nossa Regional, priorizando a integra\u00e7\u00e3o, teremos um espa\u00e7o de conviv\u00eancia, onde ter\u00e1 refei\u00e7\u00f5es e atividades como m\u00fasica todos os dias \u00e0 noite\u201d, conta.<\/p>\n<p><strong>\u2018Treinos intensos\u2019<\/strong><\/p>\n<p>Cerca de mil quil\u00f4metros separam Caratinga de Ituiutaba, no Tri\u00e2ngulo Norte, e \u00e9 l\u00e1 que Jo\u00e3o Pedro Lemes competir\u00e1 na Regional. De Santa Vit\u00f3ria, na divisa com Goi\u00e1s, o aluno-atleta de 16 anos teve de se preparar bem para a disputa.<\/p>\n<p>\u201cTivemos treinos intensos, de segunda a sexta-feira, e todos tiveram que se empenhar. J\u00e1 ter participado da Microrregional foi algo muito bom, deu uma oportunidade para praticar o esporte, al\u00e9m do incentivo para a sala de aula, j\u00e1 que todos precisam ser disciplinados\u201d, relata.<\/p>\n<p>Com o sonho de se tornar um jogador profissional, ele tamb\u00e9m participa de outras competi\u00e7\u00f5es e foi, em 2017, vice-campe\u00e3o do Campeonato Mineiro da modalidade na categoria cadete, em S\u00e3o Sebasti\u00e3o do Para\u00edso. \u201cComecei a jogar handebol em 2014 e esta \u00e9 quarta vez que participo do Jemg. Tenho a expectativa de chegar \u00e0 Regional e alcan\u00e7ar, pela primeira vez, a Estadual\u201d, declara.<\/p>\n<p>Jo\u00e3o Pedro estuda na Escola Estadual Prefeito Jos\u00e9 Franco de Gouveia e, al\u00e9m de sua equipe, a institui\u00e7\u00e3o estar\u00e1 representada no basquete masculino m\u00f3dulos I e II, handebol feminino II e no xadrez masculino m\u00f3dulo I.<\/p>\n<p>Os m\u00f3dulos s\u00e3o as classifica\u00e7\u00f5es dos times por faixas et\u00e1rias dos alunos-atletas. O m\u00f3dulo I abrange participantes de 12 a 14 anos e o II, de 15 a 17 anos.<\/p>\n<p>\u201cTemos uma expectativa muito boa pelo treinamento forte que foi realizado. Esperamos bons resultados e conquistar a classifica\u00e7\u00e3o para a \u00faltima etapa\u201d, declara um dos professores de Educa\u00e7\u00e3o F\u00edsica da escola, Ramon Isidoro.<\/p>\n<p>O profissional v\u00ea na competi\u00e7\u00e3o uma oportunidade que muitos alunos t\u00eam para evoluir como atletas. \u201cCom o treinamento eles puderam melhorar muito do ponto de vista t\u00e9cnico. Mesmo depois do final dos Jogos, vamos mant\u00ea-los motivados a participar de outras disputas\u201d, finaliza.<\/p>\n<p><strong>Definida a sede da Estadual<\/strong><\/p>\n<p>A cidade de Uberaba, no Tri\u00e2ngulo Sul, ser\u00e1 a sede da etapa Estadual do Jemg, entre 31 de julho e 5 de agosto. J\u00e1 com grande tradi\u00e7\u00e3o em receber os Jogos, os uberabenses esperam milhares de alunos-atletas n\u00e3o apenas para as disputas nas modalidades coletivas, mas tamb\u00e9m nas individuais e paral\u00edmpicas: atletismo, bocha, futebol de 5, futebol de 7, goalball, jud\u00f4, nata\u00e7\u00e3o, t\u00eanis de mesa, t\u00eanis em cadeira de rodas e v\u00f4lei sentado. Estar\u00e3o em car\u00e1ter de demonstra\u00e7\u00e3o flag football, parabadminton, r\u00fagbi e skate.<\/p>\n<p>A etapa Estadual classifica os mineiros para competi\u00e7\u00f5es nacionais: os Jogos Escolares da Juventude (JEJ) e Paralimp\u00edadas Escolares, promovidos, respectivamente, pelos Comit\u00eas Ol\u00edmpico do Brasil (COB) e Paral\u00edmpico Brasileiro (CPB).<\/p>\n<p>Neste ano, o JEJ acontecer\u00e1 em Curitiba, de 12 a 21 de setembro, para alunos-atletas de 12 a 14 anos, e em Bras\u00edlia, de 16 a 25 de novembro, para aqueles de 15 a 17 anos. J\u00e1 as Paralimp\u00edadas Escolares ser\u00e3o realizadas em S\u00e3o Paulo, de 20 a 25 de novembro.<\/p>\n<p><strong>Jemg<\/strong><\/p>\n<p>O Jemg, o maior e mais importante programa esportivo-educacional do estado, \u00e9 uma ferramenta pedag\u00f3gica que valoriza a pr\u00e1tica do desporto e a constru\u00e7\u00e3o da cidadania de alunos-atletas entre 12 e 17 anos.<\/p>\n<p>Realizado pelo Governo de Minas Gerais por meio da Secretaria de Estado de Esportes (Seesp), em parceria com a Secretaria de Estado de Educa\u00e7\u00e3o (SEE), o evento teve, neste ano, n\u00famero recorde de cidades inscritas: foram 830, ou 97% dos munic\u00edpios mineiros.<\/p>\n<p><strong>Cerim\u00f4nia de abertura da Regional:<\/strong><\/p>\n<p>&nbsp;<\/p>\n<p><strong>Lavras<\/strong><\/p>\n<p>Data: 18\/7, \u00e0s 19h.<\/p>\n<p>Local: Lavras T\u00eanis Clube \u2013 LTC<\/p>\n<p>Endere\u00e7o: Rua Proc\u00f3pio Alvarenga, s\/ n\u00ba, S\u00e3o Vicente.<\/p>\n<p>&nbsp;<\/p>\n<p>Fonte: Ag\u00eancia Minas<\/p>\n","protected":false},"excerpt":{"rendered":"<p>Esta\u00a0semana ser\u00e1 de muito esporte e emo\u00e7\u00e3o para cerca de 11 mil estudantes mineiros.<\/p>\n","protected":false},"author":2,"featured_media":10471,"comment_status":"closed","ping_status":"open","sticky":false,"template":"","format":"standard","meta":{"advgb_blocks_editor_width":"","advgb_blocks_columns_visual_guide":"","_exactmetrics_skip_tracking":false,"_exactmetrics_sitenote_active":false,"_exactmetrics_sitenote_note":"","_exactmetrics_sitenote_category":0,"footnotes":""},"categories":[7,3],"tags":[193,3010,34,530],"class_list":["post-10470","post","type-post","status-publish","format-standard","has-post-thumbnail","hentry","category-destaques","category-esportes","tag-jemg","tag-jogos-escolares","tag-lavras","tag-minas-gerais"],"better_featured_image":{"id":10471,"alt_text":"","caption":"","description":"","media_type":"image","media_details":{"width":800,"height":600,"file":"2017\/07\/JEMG.jpg","sizes":{"thumbnail":{"file":"JEMG-150x113.jpg","width":150,"height":113,"mime-type":"image\/jpeg","source_url":"https:\/\/lavras.tv\/site\/wp-content\/uploads\/2017\/07\/JEMG-150x113.jpg"},"medium":{"file":"JEMG-300x225.jpg","width":300,"height":225,"mime-type":"image\/jpeg","source_url":"https:\/\/lavras.tv\/site\/wp-content\/uploads\/2017\/07\/JEMG-300x225.jpg"},"featured-slider-img":{"file":"JEMG-640x480.jpg","width":640,"height":480,"mime-type":"image\/jpeg","source_url":"https:\/\/lavras.tv\/site\/wp-content\/uploads\/2017\/07\/JEMG-640x480.jpg"},"featured-post-img":{"file":"JEMG-480x320.jpg","width":480,"height":320,"mime-type":"image\/jpeg","source_url":"https:\/\/lavras.tv\/site\/wp-content\/uploads\/2017\/07\/JEMG-480x320.jpg"},"sow-carousel-default":{"file":"JEMG-272x182.jpg","width":272,"height":182,"mime-type":"image\/jpeg","source_url":"https:\/\/lavras.tv\/site\/wp-content\/uploads\/2017\/07\/JEMG-272x182.jpg"}},"image_meta":{"aperture":"0","credit":"","camera":"","caption":"","created_timestamp":"0","copyright":"","focal_length":"0","iso":"0","shutter_speed":"0","title":"","orientation":"0","keywords":[]}},"post":10470,"source_url":"https:\/\/lavras.tv\/site\/wp-content\/uploads\/2017\/07\/JEMG.jpg"},"author_meta":{"display_name":"Lavras TV","author_link":"https:\/\/lavras.tv\/site\/author\/lavrastv\/"},"featured_img":"https:\/\/lavras.tv\/site\/wp-content\/uploads\/2017\/07\/JEMG-300x225.jpg","coauthors":[],"tax_additional":{"categories":{"linked":["<a href=\"https:\/\/lavras.tv\/site\/category\/destaques\/\" class=\"advgb-post-tax-term\">Destaques<\/a>","<a href=\"https:\/\/lavras.tv\/site\/category\/esportes\/\" class=\"advgb-post-tax-term\">Esportes<\/a>"],"unlinked":["<span class=\"advgb-post-tax-term\">Destaques<\/span>","<span class=\"advgb-post-tax-term\">Esportes<\/span>"]},"tags":{"linked":["<a href=\"https:\/\/lavras.tv\/site\/category\/esportes\/\" class=\"advgb-post-tax-term\">jemg<\/a>","<a href=\"https:\/\/lavras.tv\/site\/category\/esportes\/\" class=\"advgb-post-tax-term\">Jogos Escolares<\/a>","<a href=\"https:\/\/lavras.tv\/site\/category\/esportes\/\" class=\"advgb-post-tax-term\">lavras<\/a>","<a href=\"https:\/\/lavras.tv\/site\/category\/esportes\/\" class=\"advgb-post-tax-term\">minas gerais<\/a>"],"unlinked":["<span class=\"advgb-post-tax-term\">jemg<\/span>","<span class=\"advgb-post-tax-term\">Jogos Escolares<\/span>","<span class=\"advgb-post-tax-term\">lavras<\/span>","<span class=\"advgb-post-tax-term\">minas gerais<\/span>"]}},"comment_count":"0","relative_dates":{"created":"Publicado 9 anos atr\u00e1s","modified":"Atualizado 9 anos atr\u00e1s"},"absolute_dates":{"created":"Publicado em 10 de julho de 2017","modified":"Atualizado em 10 de julho de 2017"},"absolute_dates_time":{"created":"Publicado em 10 de julho de 2017 09:10","modified":"Atualizado em 10 de julho de 2017 09:10"},"featured_img_caption":"","series_order":"","_links":{"self":[{"href":"https:\/\/lavras.tv\/site\/wp-json\/wp\/v2\/posts\/10470","targetHints":{"allow":["GET"]}}],"collection":[{"href":"https:\/\/lavras.tv\/site\/wp-json\/wp\/v2\/posts"}],"about":[{"href":"https:\/\/lavras.tv\/site\/wp-json\/wp\/v2\/types\/post"}],"author":[{"embeddable":true,"href":"https:\/\/lavras.tv\/site\/wp-json\/wp\/v2\/users\/2"}],"replies":[{"embeddable":true,"href":"https:\/\/lavras.tv\/site\/wp-json\/wp\/v2\/comments?post=10470"}],"version-history":[{"count":1,"href":"https:\/\/lavras.tv\/site\/wp-json\/wp\/v2\/posts\/10470\/revisions"}],"predecessor-version":[{"id":10472,"href":"https:\/\/lavras.tv\/site\/wp-json\/wp\/v2\/posts\/10470\/revisions\/10472"}],"wp:featuredmedia":[{"embeddable":true,"href":"https:\/\/lavras.tv\/site\/wp-json\/wp\/v2\/media\/10471"}],"wp:attachment":[{"href":"https:\/\/lavras.tv\/site\/wp-json\/wp\/v2\/media?parent=10470"}],"wp:term":[{"taxonomy":"category","embeddable":true,"href":"https:\/\/lavras.tv\/site\/wp-json\/wp\/v2\/categories?post=10470"},{"taxonomy":"post_tag","embeddable":true,"href":"https:\/\/lavras.tv\/site\/wp-json\/wp\/v2\/tags?post=10470"}],"curies":[{"name":"wp","href":"https:\/\/api.w.org\/{rel}","templated":true}]}}