{"id":10590,"date":"2017-07-12T10:43:34","date_gmt":"2017-07-12T13:43:34","guid":{"rendered":"http:\/\/lavras.tv\/site\/?p=10590"},"modified":"2017-07-12T10:43:34","modified_gmt":"2017-07-12T13:43:34","slug":"corrida-gammon-ufla-sera-em-27-de-agosto-inscricoes-estao-abertas","status":"publish","type":"post","link":"https:\/\/lavras.tv\/site\/2017\/07\/12\/corrida-gammon-ufla-sera-em-27-de-agosto-inscricoes-estao-abertas\/","title":{"rendered":"Corrida Gammon-UFLA ser\u00e1 em 27 de agosto \u2013 inscri\u00e7\u00f5es est\u00e3o abertas"},"content":{"rendered":"<div class=\"lavra-antes-do-conteudo_2\" id=\"lavra-110484468\"><div id=\"lavra-slider-27\" class=\"custom-slider lavra-slider-3697310563 lavra-slider\"><ul><li><div style=\"margin-left: auto;margin-right: auto;text-align: center;\" id=\"lavra-2534336867\"><a href=\"https:\/\/sistemas.lavras.mg.gov.br\/portalcidadao\/#df1b1a7c7b2a290bcb31e32771e610784662739a88807c0dacac58ede5f391a7530e299dc302d611ee73cb143fc22eaf93592e53e7b5bdb01b00a0b8d28dae460c141dd2ff83412e4dc1c31b16b25f33144a9e5620ea73b13f5bc1c59411d98439ad226e8af03840603796067d87afe130812cf3de24982d0e306f9e61e764e5\" aria-label=\"Lavras-TV&#8211;720x104px (1) (1)\"><img src=\"https:\/\/lavras.tv\/site\/wp-content\/uploads\/2025\/01\/Lavras-TV-720x104px-1-1.png\" alt=\"\"  srcset=\"https:\/\/lavras.tv\/site\/wp-content\/uploads\/2025\/01\/Lavras-TV-720x104px-1-1.png 720w, https:\/\/lavras.tv\/site\/wp-content\/uploads\/2025\/01\/Lavras-TV-720x104px-1-1-470x68.png 470w, https:\/\/lavras.tv\/site\/wp-content\/uploads\/2025\/01\/Lavras-TV-720x104px-1-1-170x25.png 170w, https:\/\/lavras.tv\/site\/wp-content\/uploads\/2025\/01\/Lavras-TV-720x104px-1-1-200x29.png 200w\" sizes=\"(max-width: 720px) 100vw, 720px\" width=\"720\" height=\"104\"  style=\"display: inline-block;\" \/><\/a><\/div><\/li><li><a href=\"https:\/\/sistemas.lavras.mg.gov.br\/portalcidadao\/#df1b1a7c7b2a290bcb31e32771e610784662739a88807c0dacac58ede5f391a7530e299dc302d611ee73cb143fc22eaf93592e53e7b5bdb01b00a0b8d28dae460c141dd2ff83412e4dc1c31b16b25f33144a9e5620ea73b13f5bc1c59411d98439ad226e8af03840603796067d87afe130812cf3de24982d0e306f9e61e764e5\" aria-label=\"Banner_Emprego_PortallavrasTV\"><img src=\"https:\/\/lavras.tv\/site\/wp-content\/uploads\/2025\/03\/Banner_Emprego_PortallavrasTV.png\" alt=\"\"  srcset=\"https:\/\/lavras.tv\/site\/wp-content\/uploads\/2025\/03\/Banner_Emprego_PortallavrasTV.png 720w, https:\/\/lavras.tv\/site\/wp-content\/uploads\/2025\/03\/Banner_Emprego_PortallavrasTV-470x68.png 470w, https:\/\/lavras.tv\/site\/wp-content\/uploads\/2025\/03\/Banner_Emprego_PortallavrasTV-170x25.png 170w, https:\/\/lavras.tv\/site\/wp-content\/uploads\/2025\/03\/Banner_Emprego_PortallavrasTV-200x29.png 200w\" sizes=\"(max-width: 720px) 100vw, 720px\" width=\"720\" height=\"104\"   \/><\/a><\/li><li><a href=\"https:\/\/sistemas.lavras.mg.gov.br\/portalcidadao\/#df1b1a7c7b2a290bcb31e32771e610784662739a88807c0dacac58ede5f391a7530e299dc302d611ee73cb143fc22eaf93592e53e7b5bdb01b00a0b8d28dae460c141dd2ff83412e4dc1c31b16b25f33144a9e5620ea73b13f5bc1c59411d98439ad226e8af03840603796067d87afe130812cf3de24982d0e306f9e61e764e5\" aria-label=\"Banner_Obras_PortallavrasTV\"><img src=\"https:\/\/lavras.tv\/site\/wp-content\/uploads\/2025\/03\/Banner_Obras_PortallavrasTV.png\" alt=\"\"  srcset=\"https:\/\/lavras.tv\/site\/wp-content\/uploads\/2025\/03\/Banner_Obras_PortallavrasTV.png 720w, https:\/\/lavras.tv\/site\/wp-content\/uploads\/2025\/03\/Banner_Obras_PortallavrasTV-470x68.png 470w, https:\/\/lavras.tv\/site\/wp-content\/uploads\/2025\/03\/Banner_Obras_PortallavrasTV-170x25.png 170w, https:\/\/lavras.tv\/site\/wp-content\/uploads\/2025\/03\/Banner_Obras_PortallavrasTV-200x29.png 200w\" sizes=\"(max-width: 720px) 100vw, 720px\" width=\"720\" height=\"104\"   \/><\/a><\/li><li><div style=\"margin-left: auto;margin-right: auto;text-align: center;\" id=\"lavra-3210947108\"><a href=\"https:\/\/sistemas.lavras.mg.gov.br\/portalcidadao\/#df1b1a7c7b2a290bcb31e32771e610784662739a88807c0dacac58ede5f391a7530e299dc302d611ee73cb143fc22eaf93592e53e7b5bdb01b00a0b8d28dae460c141dd2ff83412e4dc1c31b16b25f33144a9e5620ea73b13f5bc1c59411d98439ad226e8af03840603796067d87afe130812cf3de24982d0e306f9e61e764e5\" aria-label=\"Banner_Educa\u00e7\u00e3o_PortallavrasTV\"><img src=\"https:\/\/lavras.tv\/site\/wp-content\/uploads\/2025\/01\/Banner_Educacao_PortallavrasTV.png\" alt=\"\"  srcset=\"https:\/\/lavras.tv\/site\/wp-content\/uploads\/2025\/01\/Banner_Educacao_PortallavrasTV.png 720w, https:\/\/lavras.tv\/site\/wp-content\/uploads\/2025\/01\/Banner_Educacao_PortallavrasTV-470x68.png 470w, https:\/\/lavras.tv\/site\/wp-content\/uploads\/2025\/01\/Banner_Educacao_PortallavrasTV-170x25.png 170w, https:\/\/lavras.tv\/site\/wp-content\/uploads\/2025\/01\/Banner_Educacao_PortallavrasTV-200x29.png 200w\" sizes=\"(max-width: 720px) 100vw, 720px\" width=\"720\" height=\"104\"  style=\"display: inline-block;\" \/><\/a><\/div><\/li><li><a href=\"https:\/\/sistemas.lavras.mg.gov.br\/portalcidadao\/#df1b1a7c7b2a290bcb31e32771e610784662739a88807c0dacac58ede5f391a7530e299dc302d611ee73cb143fc22eaf93592e53e7b5bdb01b00a0b8d28dae460c141dd2ff83412e4dc1c31b16b25f33144a9e5620ea73b13f5bc1c59411d98439ad226e8af03840603796067d87afe130812cf3de24982d0e306f9e61e764e5\" aria-label=\"Banner_Sa\u00fade_PortallavrasTV\"><img src=\"https:\/\/lavras.tv\/site\/wp-content\/uploads\/2025\/03\/Banner_Saude_PortallavrasTV.png\" alt=\"\"  srcset=\"https:\/\/lavras.tv\/site\/wp-content\/uploads\/2025\/03\/Banner_Saude_PortallavrasTV.png 720w, https:\/\/lavras.tv\/site\/wp-content\/uploads\/2025\/03\/Banner_Saude_PortallavrasTV-470x68.png 470w, https:\/\/lavras.tv\/site\/wp-content\/uploads\/2025\/03\/Banner_Saude_PortallavrasTV-170x25.png 170w, https:\/\/lavras.tv\/site\/wp-content\/uploads\/2025\/03\/Banner_Saude_PortallavrasTV-200x29.png 200w\" sizes=\"(max-width: 720px) 100vw, 720px\" width=\"720\" height=\"104\"   \/><\/a><\/li><li><div id=\"lavra-51932959\" style=\"width:720px;height:104px;background-color:#ddd;overflow:scroll;\">\n\t<strong>Sa\u00edda da depura\u00e7\u00e3o de an\u00fancios<\/strong>\n\t<br><br>\n\tO an\u00fancio n\u00e3o \u00e9 exibido na p\u00e1gina<br><br>post atual: Corrida Gammon-UFLA ser\u00e1 em 27 de agosto \u2013 inscri\u00e7\u00f5es est\u00e3o abertas, ID: 10590<br><br><span style=\"color: red;\">O post atual n\u00e3o \u00e9 id\u00eantico ao post principal.<\/span><br><br>An\u00fancios: ROXO - TOPO INTERNA - ROTATIVO 2 (197)<br \/>Grupo de an\u00fancios: Princ_Meio01_720x104 (27)<br><br>Condi\u00e7\u00f5es de exibi\u00e7\u00e3o<div style=\"margin-bottom: 20px; white-space: pre-wrap; font-family: monospace; width: 100%; background: #ffe9e9;\"><strong>condi\u00e7\u00f5es gerais<\/strong><table border=\"1\"><thead><tr><th><\/th><th>An\u00fancios<\/th><th>wp_the_query<\/th><\/tr><\/thead><tr><td>is_main_query<\/td><td>1<\/td><td>1<\/td><\/tr><tr><td>is_rest_api<\/td><td>0<\/td><td>1<\/td><\/tr><tr><td>page<\/td><td>0<\/td><td>1<\/td><\/tr><tr><td>numpages<\/td><td>0<\/td><td>1<\/td><\/tr><tr><td>is_archive<\/td><td>1<\/td><td><\/td><\/tr><tr><td>is_search<\/td><td>1<\/td><td><\/td><\/tr><tr><td>is_home<\/td><td>1<\/td><td><\/td><\/tr><tr><td>is_404<\/td><td>1<\/td><td><\/td><\/tr><tr><td>is_attachment<\/td><td>1<\/td><td><\/td><\/tr><tr><td>is_singular<\/td><td>1<\/td><td><\/td><\/tr><tr><td>is_front_page<\/td><td>1<\/td><td><\/td><\/tr><tr><td>is_feed<\/td><td>1<\/td><td><\/td><\/tr><\/table><\/div><br><br><span style=\"color: red;\">Seu site usa HTTPS, mas o c\u00f3digo do an\u00fancio cont\u00e9m HTTP e pode n\u00e3o funcionar.<\/span>\t<br><br>\n\t<a style=\"color: green;\" href=\"https:\/\/wpadvancedads.com\/manual\/ad-debug-mode\/?utm_source=advanced-ads&utm_medium=link&utm_campaign=ad-debug-mode\" target=\"_blank\" rel=\"nofollow\">Encontre solu\u00e7\u00f5es no manual<\/a>\n<\/div>\n<\/li><\/ul><\/div><script>( window.advanced_ads_ready || jQuery( document ).ready ).call( null, function() {var $lavraslider3697310563 = jQuery( \".lavra-slider-3697310563\" );$lavraslider3697310563.on( \"unslider.ready\", function() { jQuery( \"div.custom-slider ul li\" ).css( \"display\", \"block\" ); });$lavraslider3697310563.unslider({ delay:4000, autoplay:true, nav:false, arrows:false, infinite:true });$lavraslider3697310563.on(\"mouseover\", function() {$lavraslider3697310563.unslider(\"stop\");}).on(\"mouseout\", function() {$lavraslider3697310563.unslider(\"start\");});});<\/script><\/div><p>J\u00e1 est\u00e3o abertas as inscri\u00e7\u00f5es para a Corrida Integra\u00e7\u00e3o \u2013 Gammon\/UFLA. <!--more-->O evento integra as comemora\u00e7\u00f5es de anivers\u00e1rio das duas institui\u00e7\u00f5es e, neste ano, ocorrer\u00e1 em 27\/8. O n\u00famero de vagas \u00e9 limitado e valores menores de inscri\u00e7\u00e3o podem ser pagos at\u00e9 20\/7. A data limite para inscri\u00e7\u00f5es \u00e9 14\/8, n\u00e3o havendo possibilidade de inscri\u00e7\u00e3o no dia do evento.<\/p>\n<p><img fetchpriority=\"high\" decoding=\"async\" class=\"alignnone size-full wp-image-10591 aligncenter\" src=\"http:\/\/lavras.tv\/site\/wp-content\/uploads\/2017\/07\/corrida-gammon-ufla.jpg\" alt=\"corrida-gammon-ufla\" width=\"750\" height=\"563\" srcset=\"https:\/\/lavras.tv\/site\/wp-content\/uploads\/2017\/07\/corrida-gammon-ufla.jpg 750w, https:\/\/lavras.tv\/site\/wp-content\/uploads\/2017\/07\/corrida-gammon-ufla-150x113.jpg 150w, https:\/\/lavras.tv\/site\/wp-content\/uploads\/2017\/07\/corrida-gammon-ufla-300x225.jpg 300w, https:\/\/lavras.tv\/site\/wp-content\/uploads\/2017\/07\/corrida-gammon-ufla-640x480.jpg 640w\" sizes=\"(max-width: 750px) 100vw, 750px\" \/><\/p>\n<p>Est\u00e3o previstas as modalidades de corrida (10 Km), caminhada\/corrida (5 Km) e corrida kids (800 metros, com percurso no interior do c\u00e2mpus do Gammon). Haver\u00e1 premia\u00e7\u00f5es gerais e por categorias, medalhas, cronometragem com chip e camisa, pontos de arrecada\u00e7\u00e3o e kit p\u00f3s-prova. A concentra\u00e7\u00e3o da corrida kids ser\u00e1 \u00e0s 7h15, com largada \u00e0s 7h30. J\u00e1 a modalidade adulta ter\u00e1 concentra\u00e7\u00e3o \u00e0s 7h30 e largada \u00e0s 8h. Nos dois casos, os percursos partem do c\u00e2mpus Ch\u00e1cara do Gammon. O local de chegada e premia\u00e7\u00e3o ser\u00e1 o Centro de Conviv\u00eancia da UFLA .<\/p>\n<p>Al\u00e9m da corrida kids, h\u00e1 outras dez categorias de faixa et\u00e1ria previstas. Os menores de 18 anos devem, necessariamente, ser inscritos mediante autoriza\u00e7\u00e3o dos pais ou de um respons\u00e1vel legal. (Confira detalhes no\u00a0<a href=\"http:\/\/www.ufla.br\/ascom\/wp-content\/uploads\/2017\/07\/REGULAMENTO-Corrida-Integra%C3%A7%C3%A3o-Gammon-Ufla-TG.pdf\">Regulamento<\/a>).<\/p>\n<p>Al\u00e9m da Universidade Federal de Lavras (UFA) e do Instituto Presbiteriano Gammon, a prova tamb\u00e9m tem a parceria do Tiro de Guerra (TG 04-031) de Lavras. Na UFLA, \u00e9 a Pr\u00f3-Reitoria de Assuntos Estudantis e Comunit\u00e1rios (Praec) que est\u00e1 \u00e0 frente da organiza\u00e7\u00e3o.\u00a0 Para inscri\u00e7\u00f5es e informa\u00e7\u00f5es, est\u00e1 dispon\u00edvel o n\u00famero (35) 39979-3037 (WhatsApp) e o endere\u00e7o\u00a0<a href=\"http:\/\/www.gammon.br\/portal\/148anos\/corridaintegracao\/\">http:\/\/www.gammon.br\/portal\/148anos\/corridaintegracao\/<\/a>.<\/p>\n<p>Em 2017, a UFLA celebra seu 109\u00ba anivers\u00e1rio, e o Gammon 148 anos.<\/p>\n<p><img decoding=\"async\" class=\"aligncenter\" src=\"http:\/\/www.ufla.br\/ascom\/wp-content\/uploads\/2017\/07\/corrida-aniversario.jpg\" \/><\/p>\n<p>Fonte: UFLA<\/p>\n","protected":false},"excerpt":{"rendered":"<p>J\u00e1 est\u00e3o abertas as inscri\u00e7\u00f5es para a Corrida Integra\u00e7\u00e3o \u2013 Gammon\/UFLA.<\/p>\n","protected":false},"author":2,"featured_media":10591,"comment_status":"closed","ping_status":"open","sticky":false,"template":"","format":"standard","meta":{"advgb_blocks_editor_width":"","advgb_blocks_columns_visual_guide":"","_exactmetrics_skip_tracking":false,"_exactmetrics_sitenote_active":false,"_exactmetrics_sitenote_note":"","_exactmetrics_sitenote_category":0,"footnotes":""},"categories":[7,3],"tags":[3726,3411,1131,56],"class_list":["post-10590","post","type-post","status-publish","format-standard","has-post-thumbnail","hentry","category-destaques","category-esportes","tag-corrida-integracao","tag-gammon","tag-tiro-de-guerra","tag-ufla"],"better_featured_image":{"id":10591,"alt_text":"","caption":"","description":"","media_type":"image","media_details":{"width":750,"height":563,"file":"2017\/07\/corrida-gammon-ufla.jpg","sizes":{"thumbnail":{"file":"corrida-gammon-ufla-150x113.jpg","width":150,"height":113,"mime-type":"image\/jpeg","source_url":"https:\/\/lavras.tv\/site\/wp-content\/uploads\/2017\/07\/corrida-gammon-ufla-150x113.jpg"},"medium":{"file":"corrida-gammon-ufla-300x225.jpg","width":300,"height":225,"mime-type":"image\/jpeg","source_url":"https:\/\/lavras.tv\/site\/wp-content\/uploads\/2017\/07\/corrida-gammon-ufla-300x225.jpg"},"featured-slider-img":{"file":"corrida-gammon-ufla-640x480.jpg","width":640,"height":480,"mime-type":"image\/jpeg","source_url":"https:\/\/lavras.tv\/site\/wp-content\/uploads\/2017\/07\/corrida-gammon-ufla-640x480.jpg"},"featured-post-img":{"file":"corrida-gammon-ufla-480x320.jpg","width":480,"height":320,"mime-type":"image\/jpeg","source_url":"https:\/\/lavras.tv\/site\/wp-content\/uploads\/2017\/07\/corrida-gammon-ufla-480x320.jpg"},"sow-carousel-default":{"file":"corrida-gammon-ufla-272x182.jpg","width":272,"height":182,"mime-type":"image\/jpeg","source_url":"https:\/\/lavras.tv\/site\/wp-content\/uploads\/2017\/07\/corrida-gammon-ufla-272x182.jpg"}},"image_meta":{"aperture":"4","credit":"","camera":"DSC-HX1","caption":"","created_timestamp":"1305291938","copyright":"","focal_length":"5","iso":"125","shutter_speed":"0.0025","title":"","orientation":"1","keywords":[]}},"post":10590,"source_url":"https:\/\/lavras.tv\/site\/wp-content\/uploads\/2017\/07\/corrida-gammon-ufla.jpg"},"author_meta":{"display_name":"Lavras TV","author_link":"https:\/\/lavras.tv\/site\/author\/lavrastv\/"},"featured_img":"https:\/\/lavras.tv\/site\/wp-content\/uploads\/2017\/07\/corrida-gammon-ufla-300x225.jpg","coauthors":[],"tax_additional":{"categories":{"linked":["<a href=\"https:\/\/lavras.tv\/site\/category\/destaques\/\" class=\"advgb-post-tax-term\">Destaques<\/a>","<a href=\"https:\/\/lavras.tv\/site\/category\/esportes\/\" class=\"advgb-post-tax-term\">Esportes<\/a>"],"unlinked":["<span class=\"advgb-post-tax-term\">Destaques<\/span>","<span class=\"advgb-post-tax-term\">Esportes<\/span>"]},"tags":{"linked":["<a href=\"https:\/\/lavras.tv\/site\/category\/esportes\/\" class=\"advgb-post-tax-term\">corrida integra\u00e7\u00e3o<\/a>","<a href=\"https:\/\/lavras.tv\/site\/category\/esportes\/\" class=\"advgb-post-tax-term\">Gammon<\/a>","<a href=\"https:\/\/lavras.tv\/site\/category\/esportes\/\" class=\"advgb-post-tax-term\">tiro de guerra<\/a>","<a href=\"https:\/\/lavras.tv\/site\/category\/esportes\/\" class=\"advgb-post-tax-term\">ufla<\/a>"],"unlinked":["<span class=\"advgb-post-tax-term\">corrida integra\u00e7\u00e3o<\/span>","<span class=\"advgb-post-tax-term\">Gammon<\/span>","<span class=\"advgb-post-tax-term\">tiro de guerra<\/span>","<span class=\"advgb-post-tax-term\">ufla<\/span>"]}},"comment_count":"0","relative_dates":{"created":"Publicado 9 anos atr\u00e1s","modified":"Atualizado 9 anos atr\u00e1s"},"absolute_dates":{"created":"Publicado em 12 de julho de 2017","modified":"Atualizado em 12 de julho de 2017"},"absolute_dates_time":{"created":"Publicado em 12 de julho de 2017 10:43","modified":"Atualizado em 12 de julho de 2017 10:43"},"featured_img_caption":"","series_order":"","_links":{"self":[{"href":"https:\/\/lavras.tv\/site\/wp-json\/wp\/v2\/posts\/10590","targetHints":{"allow":["GET"]}}],"collection":[{"href":"https:\/\/lavras.tv\/site\/wp-json\/wp\/v2\/posts"}],"about":[{"href":"https:\/\/lavras.tv\/site\/wp-json\/wp\/v2\/types\/post"}],"author":[{"embeddable":true,"href":"https:\/\/lavras.tv\/site\/wp-json\/wp\/v2\/users\/2"}],"replies":[{"embeddable":true,"href":"https:\/\/lavras.tv\/site\/wp-json\/wp\/v2\/comments?post=10590"}],"version-history":[{"count":1,"href":"https:\/\/lavras.tv\/site\/wp-json\/wp\/v2\/posts\/10590\/revisions"}],"predecessor-version":[{"id":10592,"href":"https:\/\/lavras.tv\/site\/wp-json\/wp\/v2\/posts\/10590\/revisions\/10592"}],"wp:featuredmedia":[{"embeddable":true,"href":"https:\/\/lavras.tv\/site\/wp-json\/wp\/v2\/media\/10591"}],"wp:attachment":[{"href":"https:\/\/lavras.tv\/site\/wp-json\/wp\/v2\/media?parent=10590"}],"wp:term":[{"taxonomy":"category","embeddable":true,"href":"https:\/\/lavras.tv\/site\/wp-json\/wp\/v2\/categories?post=10590"},{"taxonomy":"post_tag","embeddable":true,"href":"https:\/\/lavras.tv\/site\/wp-json\/wp\/v2\/tags?post=10590"}],"curies":[{"name":"wp","href":"https:\/\/api.w.org\/{rel}","templated":true}]}}