{"id":10638,"date":"2017-07-14T09:08:10","date_gmt":"2017-07-14T12:08:10","guid":{"rendered":"http:\/\/lavras.tv\/site\/?p=10638"},"modified":"2017-07-14T09:08:10","modified_gmt":"2017-07-14T12:08:10","slug":"informe-parlamentar-deputada-damina-prioriza-saude-em-seu-mandato","status":"publish","type":"post","link":"https:\/\/lavras.tv\/site\/2017\/07\/14\/informe-parlamentar-deputada-damina-prioriza-saude-em-seu-mandato\/","title":{"rendered":"[Informe Parlamentar] Deputada D\u00e2mina prioriza sa\u00fade em seu mandato"},"content":{"rendered":"<div class=\"lavra-antes-do-conteudo_2\" id=\"lavra-3022265884\"><div id=\"lavra-slider-27\" class=\"custom-slider lavra-slider-3873733780 lavra-slider\"><ul><li><div style=\"margin-left: auto;margin-right: auto;text-align: center;\" id=\"lavra-2375648259\"><a href=\"https:\/\/sistemas.lavras.mg.gov.br\/portalcidadao\/#df1b1a7c7b2a290bcb31e32771e610784662739a88807c0dacac58ede5f391a7530e299dc302d611ee73cb143fc22eaf93592e53e7b5bdb01b00a0b8d28dae460c141dd2ff83412e4dc1c31b16b25f33144a9e5620ea73b13f5bc1c59411d98439ad226e8af03840603796067d87afe130812cf3de24982d0e306f9e61e764e5\" aria-label=\"Lavras-TV&#8211;720x104px (1) (1)\"><img src=\"https:\/\/lavras.tv\/site\/wp-content\/uploads\/2025\/01\/Lavras-TV-720x104px-1-1.png\" alt=\"\"  srcset=\"https:\/\/lavras.tv\/site\/wp-content\/uploads\/2025\/01\/Lavras-TV-720x104px-1-1.png 720w, https:\/\/lavras.tv\/site\/wp-content\/uploads\/2025\/01\/Lavras-TV-720x104px-1-1-470x68.png 470w, https:\/\/lavras.tv\/site\/wp-content\/uploads\/2025\/01\/Lavras-TV-720x104px-1-1-170x25.png 170w, https:\/\/lavras.tv\/site\/wp-content\/uploads\/2025\/01\/Lavras-TV-720x104px-1-1-200x29.png 200w\" sizes=\"(max-width: 720px) 100vw, 720px\" width=\"720\" height=\"104\"  style=\"display: inline-block;\" \/><\/a><\/div><\/li><li><a href=\"https:\/\/sistemas.lavras.mg.gov.br\/portalcidadao\/#df1b1a7c7b2a290bcb31e32771e610784662739a88807c0dacac58ede5f391a7530e299dc302d611ee73cb143fc22eaf93592e53e7b5bdb01b00a0b8d28dae460c141dd2ff83412e4dc1c31b16b25f33144a9e5620ea73b13f5bc1c59411d98439ad226e8af03840603796067d87afe130812cf3de24982d0e306f9e61e764e5\" aria-label=\"Banner_Emprego_PortallavrasTV\"><img src=\"https:\/\/lavras.tv\/site\/wp-content\/uploads\/2025\/03\/Banner_Emprego_PortallavrasTV.png\" alt=\"\"  srcset=\"https:\/\/lavras.tv\/site\/wp-content\/uploads\/2025\/03\/Banner_Emprego_PortallavrasTV.png 720w, https:\/\/lavras.tv\/site\/wp-content\/uploads\/2025\/03\/Banner_Emprego_PortallavrasTV-470x68.png 470w, https:\/\/lavras.tv\/site\/wp-content\/uploads\/2025\/03\/Banner_Emprego_PortallavrasTV-170x25.png 170w, https:\/\/lavras.tv\/site\/wp-content\/uploads\/2025\/03\/Banner_Emprego_PortallavrasTV-200x29.png 200w\" sizes=\"(max-width: 720px) 100vw, 720px\" width=\"720\" height=\"104\"   \/><\/a><\/li><li><a href=\"https:\/\/sistemas.lavras.mg.gov.br\/portalcidadao\/#df1b1a7c7b2a290bcb31e32771e610784662739a88807c0dacac58ede5f391a7530e299dc302d611ee73cb143fc22eaf93592e53e7b5bdb01b00a0b8d28dae460c141dd2ff83412e4dc1c31b16b25f33144a9e5620ea73b13f5bc1c59411d98439ad226e8af03840603796067d87afe130812cf3de24982d0e306f9e61e764e5\" aria-label=\"Banner_Obras_PortallavrasTV\"><img src=\"https:\/\/lavras.tv\/site\/wp-content\/uploads\/2025\/03\/Banner_Obras_PortallavrasTV.png\" alt=\"\"  srcset=\"https:\/\/lavras.tv\/site\/wp-content\/uploads\/2025\/03\/Banner_Obras_PortallavrasTV.png 720w, https:\/\/lavras.tv\/site\/wp-content\/uploads\/2025\/03\/Banner_Obras_PortallavrasTV-470x68.png 470w, https:\/\/lavras.tv\/site\/wp-content\/uploads\/2025\/03\/Banner_Obras_PortallavrasTV-170x25.png 170w, https:\/\/lavras.tv\/site\/wp-content\/uploads\/2025\/03\/Banner_Obras_PortallavrasTV-200x29.png 200w\" sizes=\"(max-width: 720px) 100vw, 720px\" width=\"720\" height=\"104\"   \/><\/a><\/li><li><div style=\"margin-left: auto;margin-right: auto;text-align: center;\" id=\"lavra-3059437146\"><a href=\"https:\/\/sistemas.lavras.mg.gov.br\/portalcidadao\/#df1b1a7c7b2a290bcb31e32771e610784662739a88807c0dacac58ede5f391a7530e299dc302d611ee73cb143fc22eaf93592e53e7b5bdb01b00a0b8d28dae460c141dd2ff83412e4dc1c31b16b25f33144a9e5620ea73b13f5bc1c59411d98439ad226e8af03840603796067d87afe130812cf3de24982d0e306f9e61e764e5\" aria-label=\"Banner_Educa\u00e7\u00e3o_PortallavrasTV\"><img src=\"https:\/\/lavras.tv\/site\/wp-content\/uploads\/2025\/01\/Banner_Educacao_PortallavrasTV.png\" alt=\"\"  srcset=\"https:\/\/lavras.tv\/site\/wp-content\/uploads\/2025\/01\/Banner_Educacao_PortallavrasTV.png 720w, https:\/\/lavras.tv\/site\/wp-content\/uploads\/2025\/01\/Banner_Educacao_PortallavrasTV-470x68.png 470w, https:\/\/lavras.tv\/site\/wp-content\/uploads\/2025\/01\/Banner_Educacao_PortallavrasTV-170x25.png 170w, https:\/\/lavras.tv\/site\/wp-content\/uploads\/2025\/01\/Banner_Educacao_PortallavrasTV-200x29.png 200w\" sizes=\"(max-width: 720px) 100vw, 720px\" width=\"720\" height=\"104\"  style=\"display: inline-block;\" \/><\/a><\/div><\/li><li><a href=\"https:\/\/sistemas.lavras.mg.gov.br\/portalcidadao\/#df1b1a7c7b2a290bcb31e32771e610784662739a88807c0dacac58ede5f391a7530e299dc302d611ee73cb143fc22eaf93592e53e7b5bdb01b00a0b8d28dae460c141dd2ff83412e4dc1c31b16b25f33144a9e5620ea73b13f5bc1c59411d98439ad226e8af03840603796067d87afe130812cf3de24982d0e306f9e61e764e5\" aria-label=\"Banner_Sa\u00fade_PortallavrasTV\"><img src=\"https:\/\/lavras.tv\/site\/wp-content\/uploads\/2025\/03\/Banner_Saude_PortallavrasTV.png\" alt=\"\"  srcset=\"https:\/\/lavras.tv\/site\/wp-content\/uploads\/2025\/03\/Banner_Saude_PortallavrasTV.png 720w, https:\/\/lavras.tv\/site\/wp-content\/uploads\/2025\/03\/Banner_Saude_PortallavrasTV-470x68.png 470w, https:\/\/lavras.tv\/site\/wp-content\/uploads\/2025\/03\/Banner_Saude_PortallavrasTV-170x25.png 170w, https:\/\/lavras.tv\/site\/wp-content\/uploads\/2025\/03\/Banner_Saude_PortallavrasTV-200x29.png 200w\" sizes=\"(max-width: 720px) 100vw, 720px\" width=\"720\" height=\"104\"   \/><\/a><\/li><li><div id=\"lavra-1658618630\" style=\"width:720px;height:104px;background-color:#ddd;overflow:scroll;\">\n\t<strong>Sa\u00edda da depura\u00e7\u00e3o de an\u00fancios<\/strong>\n\t<br><br>\n\tO an\u00fancio n\u00e3o \u00e9 exibido na p\u00e1gina<br><br>post atual: [Informe Parlamentar] Deputada D\u00e2mina prioriza sa\u00fade em seu mandato, ID: 10638<br><br><span style=\"color: red;\">O post atual n\u00e3o \u00e9 id\u00eantico ao post principal.<\/span><br><br>An\u00fancios: ROXO - TOPO INTERNA - ROTATIVO 2 (197)<br \/>Grupo de an\u00fancios: Princ_Meio01_720x104 (27)<br><br>Condi\u00e7\u00f5es de exibi\u00e7\u00e3o<div style=\"margin-bottom: 20px; white-space: pre-wrap; font-family: monospace; width: 100%; background: #ffe9e9;\"><strong>condi\u00e7\u00f5es gerais<\/strong><table border=\"1\"><thead><tr><th><\/th><th>An\u00fancios<\/th><th>wp_the_query<\/th><\/tr><\/thead><tr><td>is_main_query<\/td><td>1<\/td><td>1<\/td><\/tr><tr><td>is_rest_api<\/td><td>0<\/td><td>1<\/td><\/tr><tr><td>page<\/td><td>0<\/td><td>1<\/td><\/tr><tr><td>numpages<\/td><td>0<\/td><td>1<\/td><\/tr><tr><td>is_archive<\/td><td>1<\/td><td><\/td><\/tr><tr><td>is_search<\/td><td>1<\/td><td><\/td><\/tr><tr><td>is_home<\/td><td>1<\/td><td><\/td><\/tr><tr><td>is_404<\/td><td>1<\/td><td><\/td><\/tr><tr><td>is_attachment<\/td><td>1<\/td><td><\/td><\/tr><tr><td>is_singular<\/td><td>1<\/td><td><\/td><\/tr><tr><td>is_front_page<\/td><td>1<\/td><td><\/td><\/tr><tr><td>is_feed<\/td><td>1<\/td><td><\/td><\/tr><\/table><\/div><br><br><span style=\"color: red;\">Seu site usa HTTPS, mas o c\u00f3digo do an\u00fancio cont\u00e9m HTTP e pode n\u00e3o funcionar.<\/span>\t<br><br>\n\t<a style=\"color: green;\" href=\"https:\/\/wpadvancedads.com\/manual\/ad-debug-mode\/?utm_source=advanced-ads&utm_medium=link&utm_campaign=ad-debug-mode\" target=\"_blank\" rel=\"nofollow\">Encontre solu\u00e7\u00f5es no manual<\/a>\n<\/div>\n<\/li><\/ul><\/div><script>( window.advanced_ads_ready || jQuery( document ).ready ).call( null, function() {var $lavraslider3873733780 = jQuery( \".lavra-slider-3873733780\" );$lavraslider3873733780.on( \"unslider.ready\", function() { jQuery( \"div.custom-slider ul li\" ).css( \"display\", \"block\" ); });$lavraslider3873733780.unslider({ delay:4000, autoplay:true, nav:false, arrows:false, infinite:true });$lavraslider3873733780.on(\"mouseover\", function() {$lavraslider3873733780.unslider(\"stop\");}).on(\"mouseout\", function() {$lavraslider3873733780.unslider(\"start\");});});<\/script><\/div><p>Um dos principais compromissos de campanha da deputada federal D\u00e2mina Pereira (PSL) por Minas Gerais \u00e9 priorizar a sa\u00fade no Estado, e desde o in\u00edcio do seu mandato, ela vem cumprindo suas metas.<!--more--><\/p>\n<p><img fetchpriority=\"high\" decoding=\"async\" class=\"alignnone size-full wp-image-10639 aligncenter\" src=\"http:\/\/lavras.tv\/site\/wp-content\/uploads\/2017\/07\/DSC0003.jpg\" alt=\"_DSC0003\" width=\"3872\" height=\"2592\" srcset=\"https:\/\/lavras.tv\/site\/wp-content\/uploads\/2017\/07\/DSC0003.jpg 3872w, https:\/\/lavras.tv\/site\/wp-content\/uploads\/2017\/07\/DSC0003-150x100.jpg 150w, https:\/\/lavras.tv\/site\/wp-content\/uploads\/2017\/07\/DSC0003-300x201.jpg 300w, https:\/\/lavras.tv\/site\/wp-content\/uploads\/2017\/07\/DSC0003-1024x685.jpg 1024w, https:\/\/lavras.tv\/site\/wp-content\/uploads\/2017\/07\/DSC0003-480x320.jpg 480w, https:\/\/lavras.tv\/site\/wp-content\/uploads\/2017\/07\/DSC0003-272x182.jpg 272w\" sizes=\"(max-width: 3872px) 100vw, 3872px\" \/><\/p>\n<p>No total, 17 munic\u00edpios mineiros j\u00e1 receberam a confirma\u00e7\u00e3o dos empenhos de emendas individuais da parlamentar. Mais de R$5 milh\u00f5es v\u00e3o contribuir para ampliar o atendimento da popula\u00e7\u00e3o. Os recursos or\u00e7ament\u00e1rios s\u00e3o do Minist\u00e9rio da Sa\u00fade e ser\u00e3o usados no \u2018Apoio \u00e0 Manuten\u00e7\u00e3o de Unidade de Sa\u00fade\u2019.<\/p>\n<p>&#8211;\u00a0Bom Sucesso &#8211; R$250.000,00<\/p>\n<p>&#8211;\u00a0Botelhos &#8211; R$100.000,00<\/p>\n<p>&#8211;\u00a0Cambuquira &#8211; R$200.000,00<\/p>\n<p>&#8211;\u00a0Capetinga &#8211; R$100.000,00<\/p>\n<p>&#8211;\u00a0Carmo da Cachoeira &#8211; R$100.000,00<\/p>\n<p>&#8211;\u00a0C\u00e1ssia &#8211; R$150.000,00<\/p>\n<p>&#8211;\u00a0Caxambu &#8211; R$100.000,00<\/p>\n<p>&#8211;\u00a0Hospital Nossa Senhora das Merc\u00eas de S\u00e3o Jo\u00e3o Del Rei &#8211; R$100.000,00<\/p>\n<p>&#8211;\u00a0Lavras &#8211; Santa Casa de Miseric\u00f3rdia &#8211; R$2.692.953,00<\/p>\n<p>&#8211;\u00a0Manhumirim &#8211; R$200.000,00<\/p>\n<p>&#8211;\u00a0Santa Casa de Miseric\u00f3rdia de S\u00e3o Jo\u00e3o Del Rei &#8211; R$150.000,00<\/p>\n<p>&#8211;\u00a0Santana do Jacar\u00e9 &#8211; R$100.000,00<\/p>\n<p>&#8211;\u00a0Santo Ant\u00f4nio do Amparo &#8211; R$300.000,00<\/p>\n<p>&#8211;\u00a0Santos Dumont &#8211; R$200.000,00<\/p>\n<p>&#8211;\u00a0S\u00e3o Jo\u00e3o Batista do Gl\u00f3ria &#8211; R$200.000,00<\/p>\n<p>&#8211;\u00a0S\u00e3o Jos\u00e9 da Barra &#8211; R$30.000,00<\/p>\n<p>&#8211;\u00a0Tr\u00eas Cora\u00e7\u00f5es &#8211; R$200.000,00<\/p>\n<p>&#8211;\u00a0Tr\u00eas Pontas &#8211; R$200.000,00<\/p>\n<p>&nbsp;<\/p>\n<p>Fonte: gabinete da deputada federal D\u00e2mina Pereira<\/p>\n","protected":false},"excerpt":{"rendered":"<p>Um dos principais compromissos de campanha da deputada federal D\u00e2mina Pereira (PSL) por Minas Gerais \u00e9 priorizar a sa\u00fade no Estado, e desde o in\u00edcio do seu mandato, ela vem cumprindo suas metas.<\/p>\n","protected":false},"author":2,"featured_media":10639,"comment_status":"closed","ping_status":"open","sticky":false,"template":"","format":"standard","meta":{"advgb_blocks_editor_width":"","advgb_blocks_columns_visual_guide":"","_exactmetrics_skip_tracking":false,"_exactmetrics_sitenote_active":false,"_exactmetrics_sitenote_note":"","_exactmetrics_sitenote_category":0,"footnotes":""},"categories":[7,12],"tags":[671,1164,1962],"class_list":["post-10638","post","type-post","status-publish","format-standard","has-post-thumbnail","hentry","category-destaques","category-politica","tag-damina-pereira","tag-deputada-federal","tag-informe-parlamentar"],"better_featured_image":{"id":10639,"alt_text":"","caption":"","description":"","media_type":"image","media_details":{"width":3872,"height":2592,"file":"2017\/07\/DSC0003.jpg","sizes":{"thumbnail":{"file":"DSC0003-150x100.jpg","width":150,"height":100,"mime-type":"image\/jpeg","source_url":"https:\/\/lavras.tv\/site\/wp-content\/uploads\/2017\/07\/DSC0003-150x100.jpg"},"medium":{"file":"DSC0003-300x201.jpg","width":300,"height":201,"mime-type":"image\/jpeg","source_url":"https:\/\/lavras.tv\/site\/wp-content\/uploads\/2017\/07\/DSC0003-300x201.jpg"},"large":{"file":"DSC0003-1024x685.jpg","width":1024,"height":685,"mime-type":"image\/jpeg","source_url":"https:\/\/lavras.tv\/site\/wp-content\/uploads\/2017\/07\/DSC0003-1024x685.jpg"},"featured-slider-img":{"file":"DSC0003-640x480.jpg","width":640,"height":480,"mime-type":"image\/jpeg","source_url":"https:\/\/lavras.tv\/site\/wp-content\/uploads\/2017\/07\/DSC0003-640x480.jpg"},"featured-post-img":{"file":"DSC0003-480x320.jpg","width":480,"height":320,"mime-type":"image\/jpeg","source_url":"https:\/\/lavras.tv\/site\/wp-content\/uploads\/2017\/07\/DSC0003-480x320.jpg"},"sow-carousel-default":{"file":"DSC0003-272x182.jpg","width":272,"height":182,"mime-type":"image\/jpeg","source_url":"https:\/\/lavras.tv\/site\/wp-content\/uploads\/2017\/07\/DSC0003-272x182.jpg"}},"image_meta":{"aperture":"4","credit":"","camera":"NIKON D3000","caption":"","created_timestamp":"1499967114","copyright":"","focal_length":"24","iso":"200","shutter_speed":"0.0166666666667","title":"","orientation":"1","keywords":[]}},"post":10638,"source_url":"https:\/\/lavras.tv\/site\/wp-content\/uploads\/2017\/07\/DSC0003.jpg"},"author_meta":{"display_name":"Lavras TV","author_link":"https:\/\/lavras.tv\/site\/author\/lavrastv\/"},"featured_img":"https:\/\/lavras.tv\/site\/wp-content\/uploads\/2017\/07\/DSC0003-300x201.jpg","coauthors":[],"tax_additional":{"categories":{"linked":["<a href=\"https:\/\/lavras.tv\/site\/category\/destaques\/\" class=\"advgb-post-tax-term\">Destaques<\/a>","<a href=\"https:\/\/lavras.tv\/site\/category\/politica\/\" class=\"advgb-post-tax-term\">Pol\u00edtica<\/a>"],"unlinked":["<span class=\"advgb-post-tax-term\">Destaques<\/span>","<span class=\"advgb-post-tax-term\">Pol\u00edtica<\/span>"]},"tags":{"linked":["<a href=\"https:\/\/lavras.tv\/site\/category\/politica\/\" class=\"advgb-post-tax-term\">D\u00e2mina Pereira<\/a>","<a href=\"https:\/\/lavras.tv\/site\/category\/politica\/\" class=\"advgb-post-tax-term\">deputada federal<\/a>","<a href=\"https:\/\/lavras.tv\/site\/category\/politica\/\" class=\"advgb-post-tax-term\">informe parlamentar<\/a>"],"unlinked":["<span class=\"advgb-post-tax-term\">D\u00e2mina Pereira<\/span>","<span class=\"advgb-post-tax-term\">deputada federal<\/span>","<span class=\"advgb-post-tax-term\">informe parlamentar<\/span>"]}},"comment_count":"0","relative_dates":{"created":"Publicado 9 anos atr\u00e1s","modified":"Atualizado 9 anos atr\u00e1s"},"absolute_dates":{"created":"Publicado em 14 de julho de 2017","modified":"Atualizado em 14 de julho de 2017"},"absolute_dates_time":{"created":"Publicado em 14 de julho de 2017 09:08","modified":"Atualizado em 14 de julho de 2017 09:08"},"featured_img_caption":"","series_order":"","_links":{"self":[{"href":"https:\/\/lavras.tv\/site\/wp-json\/wp\/v2\/posts\/10638","targetHints":{"allow":["GET"]}}],"collection":[{"href":"https:\/\/lavras.tv\/site\/wp-json\/wp\/v2\/posts"}],"about":[{"href":"https:\/\/lavras.tv\/site\/wp-json\/wp\/v2\/types\/post"}],"author":[{"embeddable":true,"href":"https:\/\/lavras.tv\/site\/wp-json\/wp\/v2\/users\/2"}],"replies":[{"embeddable":true,"href":"https:\/\/lavras.tv\/site\/wp-json\/wp\/v2\/comments?post=10638"}],"version-history":[{"count":1,"href":"https:\/\/lavras.tv\/site\/wp-json\/wp\/v2\/posts\/10638\/revisions"}],"predecessor-version":[{"id":10640,"href":"https:\/\/lavras.tv\/site\/wp-json\/wp\/v2\/posts\/10638\/revisions\/10640"}],"wp:featuredmedia":[{"embeddable":true,"href":"https:\/\/lavras.tv\/site\/wp-json\/wp\/v2\/media\/10639"}],"wp:attachment":[{"href":"https:\/\/lavras.tv\/site\/wp-json\/wp\/v2\/media?parent=10638"}],"wp:term":[{"taxonomy":"category","embeddable":true,"href":"https:\/\/lavras.tv\/site\/wp-json\/wp\/v2\/categories?post=10638"},{"taxonomy":"post_tag","embeddable":true,"href":"https:\/\/lavras.tv\/site\/wp-json\/wp\/v2\/tags?post=10638"}],"curies":[{"name":"wp","href":"https:\/\/api.w.org\/{rel}","templated":true}]}}