{"id":1066,"date":"2016-07-25T11:52:51","date_gmt":"2016-07-25T11:52:51","guid":{"rendered":"http:\/\/lavras.tv\/site\/?p=1066"},"modified":"2016-07-25T11:52:51","modified_gmt":"2016-07-25T11:52:51","slug":"tre-lanca-servico-on-line-para-denuncia-de-propaganda-irregular-para-as-eleicoes-2016","status":"publish","type":"post","link":"https:\/\/lavras.tv\/site\/2016\/07\/25\/tre-lanca-servico-on-line-para-denuncia-de-propaganda-irregular-para-as-eleicoes-2016\/","title":{"rendered":"TRE lan\u00e7a servi\u00e7o on line para den\u00fancia de propaganda irregular para as Elei\u00e7\u00f5es 2016"},"content":{"rendered":"<div class=\"lavra-antes-do-conteudo_2\" id=\"lavra-3961448376\"><div id=\"lavra-slider-27\" class=\"custom-slider lavra-slider-435416692 lavra-slider\"><ul><li><div style=\"margin-left: auto;margin-right: auto;text-align: center;\" id=\"lavra-3288646865\"><a href=\"https:\/\/sistemas.lavras.mg.gov.br\/portalcidadao\/#df1b1a7c7b2a290bcb31e32771e610784662739a88807c0dacac58ede5f391a7530e299dc302d611ee73cb143fc22eaf93592e53e7b5bdb01b00a0b8d28dae460c141dd2ff83412e4dc1c31b16b25f33144a9e5620ea73b13f5bc1c59411d98439ad226e8af03840603796067d87afe130812cf3de24982d0e306f9e61e764e5\" aria-label=\"Lavras-TV&#8211;720x104px (1) (1)\"><img src=\"https:\/\/lavras.tv\/site\/wp-content\/uploads\/2025\/01\/Lavras-TV-720x104px-1-1.png\" alt=\"\"  srcset=\"https:\/\/lavras.tv\/site\/wp-content\/uploads\/2025\/01\/Lavras-TV-720x104px-1-1.png 720w, https:\/\/lavras.tv\/site\/wp-content\/uploads\/2025\/01\/Lavras-TV-720x104px-1-1-470x68.png 470w, https:\/\/lavras.tv\/site\/wp-content\/uploads\/2025\/01\/Lavras-TV-720x104px-1-1-170x25.png 170w, https:\/\/lavras.tv\/site\/wp-content\/uploads\/2025\/01\/Lavras-TV-720x104px-1-1-200x29.png 200w\" sizes=\"(max-width: 720px) 100vw, 720px\" width=\"720\" height=\"104\"  style=\"display: inline-block;\" \/><\/a><\/div><\/li><li><a href=\"https:\/\/sistemas.lavras.mg.gov.br\/portalcidadao\/#df1b1a7c7b2a290bcb31e32771e610784662739a88807c0dacac58ede5f391a7530e299dc302d611ee73cb143fc22eaf93592e53e7b5bdb01b00a0b8d28dae460c141dd2ff83412e4dc1c31b16b25f33144a9e5620ea73b13f5bc1c59411d98439ad226e8af03840603796067d87afe130812cf3de24982d0e306f9e61e764e5\" aria-label=\"Banner_Emprego_PortallavrasTV\"><img src=\"https:\/\/lavras.tv\/site\/wp-content\/uploads\/2025\/03\/Banner_Emprego_PortallavrasTV.png\" alt=\"\"  srcset=\"https:\/\/lavras.tv\/site\/wp-content\/uploads\/2025\/03\/Banner_Emprego_PortallavrasTV.png 720w, https:\/\/lavras.tv\/site\/wp-content\/uploads\/2025\/03\/Banner_Emprego_PortallavrasTV-470x68.png 470w, https:\/\/lavras.tv\/site\/wp-content\/uploads\/2025\/03\/Banner_Emprego_PortallavrasTV-170x25.png 170w, https:\/\/lavras.tv\/site\/wp-content\/uploads\/2025\/03\/Banner_Emprego_PortallavrasTV-200x29.png 200w\" sizes=\"(max-width: 720px) 100vw, 720px\" width=\"720\" height=\"104\"   \/><\/a><\/li><li><a href=\"https:\/\/sistemas.lavras.mg.gov.br\/portalcidadao\/#df1b1a7c7b2a290bcb31e32771e610784662739a88807c0dacac58ede5f391a7530e299dc302d611ee73cb143fc22eaf93592e53e7b5bdb01b00a0b8d28dae460c141dd2ff83412e4dc1c31b16b25f33144a9e5620ea73b13f5bc1c59411d98439ad226e8af03840603796067d87afe130812cf3de24982d0e306f9e61e764e5\" aria-label=\"Banner_Obras_PortallavrasTV\"><img src=\"https:\/\/lavras.tv\/site\/wp-content\/uploads\/2025\/03\/Banner_Obras_PortallavrasTV.png\" alt=\"\"  srcset=\"https:\/\/lavras.tv\/site\/wp-content\/uploads\/2025\/03\/Banner_Obras_PortallavrasTV.png 720w, https:\/\/lavras.tv\/site\/wp-content\/uploads\/2025\/03\/Banner_Obras_PortallavrasTV-470x68.png 470w, https:\/\/lavras.tv\/site\/wp-content\/uploads\/2025\/03\/Banner_Obras_PortallavrasTV-170x25.png 170w, https:\/\/lavras.tv\/site\/wp-content\/uploads\/2025\/03\/Banner_Obras_PortallavrasTV-200x29.png 200w\" sizes=\"(max-width: 720px) 100vw, 720px\" width=\"720\" height=\"104\"   \/><\/a><\/li><li><div style=\"margin-left: auto;margin-right: auto;text-align: center;\" id=\"lavra-3996956503\"><a href=\"https:\/\/sistemas.lavras.mg.gov.br\/portalcidadao\/#df1b1a7c7b2a290bcb31e32771e610784662739a88807c0dacac58ede5f391a7530e299dc302d611ee73cb143fc22eaf93592e53e7b5bdb01b00a0b8d28dae460c141dd2ff83412e4dc1c31b16b25f33144a9e5620ea73b13f5bc1c59411d98439ad226e8af03840603796067d87afe130812cf3de24982d0e306f9e61e764e5\" aria-label=\"Banner_Educa\u00e7\u00e3o_PortallavrasTV\"><img src=\"https:\/\/lavras.tv\/site\/wp-content\/uploads\/2025\/01\/Banner_Educacao_PortallavrasTV.png\" alt=\"\"  srcset=\"https:\/\/lavras.tv\/site\/wp-content\/uploads\/2025\/01\/Banner_Educacao_PortallavrasTV.png 720w, https:\/\/lavras.tv\/site\/wp-content\/uploads\/2025\/01\/Banner_Educacao_PortallavrasTV-470x68.png 470w, https:\/\/lavras.tv\/site\/wp-content\/uploads\/2025\/01\/Banner_Educacao_PortallavrasTV-170x25.png 170w, https:\/\/lavras.tv\/site\/wp-content\/uploads\/2025\/01\/Banner_Educacao_PortallavrasTV-200x29.png 200w\" sizes=\"(max-width: 720px) 100vw, 720px\" width=\"720\" height=\"104\"  style=\"display: inline-block;\" \/><\/a><\/div><\/li><li><a href=\"https:\/\/sistemas.lavras.mg.gov.br\/portalcidadao\/#df1b1a7c7b2a290bcb31e32771e610784662739a88807c0dacac58ede5f391a7530e299dc302d611ee73cb143fc22eaf93592e53e7b5bdb01b00a0b8d28dae460c141dd2ff83412e4dc1c31b16b25f33144a9e5620ea73b13f5bc1c59411d98439ad226e8af03840603796067d87afe130812cf3de24982d0e306f9e61e764e5\" aria-label=\"Banner_Sa\u00fade_PortallavrasTV\"><img src=\"https:\/\/lavras.tv\/site\/wp-content\/uploads\/2025\/03\/Banner_Saude_PortallavrasTV.png\" alt=\"\"  srcset=\"https:\/\/lavras.tv\/site\/wp-content\/uploads\/2025\/03\/Banner_Saude_PortallavrasTV.png 720w, https:\/\/lavras.tv\/site\/wp-content\/uploads\/2025\/03\/Banner_Saude_PortallavrasTV-470x68.png 470w, https:\/\/lavras.tv\/site\/wp-content\/uploads\/2025\/03\/Banner_Saude_PortallavrasTV-170x25.png 170w, https:\/\/lavras.tv\/site\/wp-content\/uploads\/2025\/03\/Banner_Saude_PortallavrasTV-200x29.png 200w\" sizes=\"(max-width: 720px) 100vw, 720px\" width=\"720\" height=\"104\"   \/><\/a><\/li><li><div id=\"lavra-4257524216\" style=\"width:720px;height:104px;background-color:#ddd;overflow:scroll;\">\n\t<strong>Sa\u00edda da depura\u00e7\u00e3o de an\u00fancios<\/strong>\n\t<br><br>\n\tO an\u00fancio n\u00e3o \u00e9 exibido na p\u00e1gina<br><br>post atual: TRE lan\u00e7a servi\u00e7o on line para den\u00fancia de propaganda irregular para as Elei\u00e7\u00f5es 2016, ID: 1066<br><br><span style=\"color: red;\">O post atual n\u00e3o \u00e9 id\u00eantico ao post principal.<\/span><br><br>An\u00fancios: ROXO - TOPO INTERNA - ROTATIVO 2 (197)<br \/>Grupo de an\u00fancios: Princ_Meio01_720x104 (27)<br><br>Condi\u00e7\u00f5es de exibi\u00e7\u00e3o<div style=\"margin-bottom: 20px; white-space: pre-wrap; font-family: monospace; width: 100%; background: #ffe9e9;\"><strong>condi\u00e7\u00f5es gerais<\/strong><table border=\"1\"><thead><tr><th><\/th><th>An\u00fancios<\/th><th>wp_the_query<\/th><\/tr><\/thead><tr><td>is_main_query<\/td><td>1<\/td><td>1<\/td><\/tr><tr><td>is_rest_api<\/td><td>0<\/td><td>1<\/td><\/tr><tr><td>page<\/td><td>0<\/td><td>1<\/td><\/tr><tr><td>numpages<\/td><td>0<\/td><td>1<\/td><\/tr><tr><td>is_archive<\/td><td>1<\/td><td><\/td><\/tr><tr><td>is_search<\/td><td>1<\/td><td><\/td><\/tr><tr><td>is_home<\/td><td>1<\/td><td><\/td><\/tr><tr><td>is_404<\/td><td>1<\/td><td><\/td><\/tr><tr><td>is_attachment<\/td><td>1<\/td><td><\/td><\/tr><tr><td>is_singular<\/td><td>1<\/td><td><\/td><\/tr><tr><td>is_front_page<\/td><td>1<\/td><td><\/td><\/tr><tr><td>is_feed<\/td><td>1<\/td><td><\/td><\/tr><\/table><\/div><br><br><span style=\"color: red;\">Seu site usa HTTPS, mas o c\u00f3digo do an\u00fancio cont\u00e9m HTTP e pode n\u00e3o funcionar.<\/span>\t<br><br>\n\t<a style=\"color: green;\" href=\"https:\/\/wpadvancedads.com\/manual\/ad-debug-mode\/?utm_source=advanced-ads&utm_medium=link&utm_campaign=ad-debug-mode\" target=\"_blank\" rel=\"nofollow\">Encontre solu\u00e7\u00f5es no manual<\/a>\n<\/div>\n<\/li><\/ul><\/div><script>( window.advanced_ads_ready || jQuery( document ).ready ).call( null, function() {var $lavraslider435416692 = jQuery( \".lavra-slider-435416692\" );$lavraslider435416692.on( \"unslider.ready\", function() { jQuery( \"div.custom-slider ul li\" ).css( \"display\", \"block\" ); });$lavraslider435416692.unslider({ delay:4000, autoplay:true, nav:false, arrows:false, infinite:true });$lavraslider435416692.on(\"mouseover\", function() {$lavraslider435416692.unslider(\"stop\");}).on(\"mouseout\", function() {$lavraslider435416692.unslider(\"start\");});});<\/script><\/div><p>Est\u00e1 dispon\u00edvel na p\u00e1gina do Tribunal Regional Eleitoral o sistema \u201c<a class=\"internal-link\" title=\"\" href=\"http:\/\/www.tre-mg.jus.br\/eleicoes\/eleicoes-2016-1\/propaganda-eleitoral-pode-x-nao-pode\" target=\"_blank\"><span class=\"internal-link\">Den\u00fancia On line<\/span><\/a>\u201d para den\u00fancia de propaganda eleitoral irregular feita nas ruas ou na internet. <!--more-->Tamb\u00e9m poder\u00e3o ser denunciados os casos de propaganda extempor\u00e2nea, ou seja, as que ocorrerem antes do dia 16 de agosto &#8211; data marcada pela legisla\u00e7\u00e3o para o in\u00edcio da propaganda eleitoral em geral.<img fetchpriority=\"high\" decoding=\"async\" class=\"wp-image-1067 alignleft\" src=\"http:\/\/lavras.tv\/site\/wp-content\/uploads\/2016\/07\/denuncia.jpeg\" alt=\"denuncia\" width=\"506\" height=\"244\" srcset=\"https:\/\/lavras.tv\/site\/wp-content\/uploads\/2016\/07\/denuncia.jpeg 545w, https:\/\/lavras.tv\/site\/wp-content\/uploads\/2016\/07\/denuncia-150x72.jpeg 150w, https:\/\/lavras.tv\/site\/wp-content\/uploads\/2016\/07\/denuncia-300x145.jpeg 300w\" sizes=\"(max-width: 506px) 100vw, 506px\" \/><\/p>\n<p>Nas \u00faltimas elei\u00e7\u00f5es municipais, em 2012, o n\u00famero de den\u00fancias recebidas por meio do sistema chegou a 11.661. No \u201cDen\u00fancia On line\u201d o cidad\u00e3o preenche um formul\u00e1rio, a ser direcionado \u00e0 zona eleitoral onde ocorreu a irregularidade e que ser\u00e1 encarregada da fiscaliza\u00e7\u00e3o da propaganda eleitoral. O denunciante receber\u00e1 um n\u00famero de registro com o qual pode consultar o andamento do processo. Constatada a irregularidade, o juiz da zona eleitoral poder\u00e1 determinar a retirada da propaganda.<\/p>\n<p>O sistema n\u00e3o aceita den\u00fancias an\u00f4nimas, sendo obrigat\u00f3ria a identifica\u00e7\u00e3o do denunciante, mas os dados pessoais ficar\u00e3o restritos \u00e0 Justi\u00e7a Eleitoral e n\u00e3o constar\u00e3o do expediente instaurado para constata\u00e7\u00e3o da irregularidade.<\/p>\n<p>O cidad\u00e3o tamb\u00e9m pode denunciar pessoalmente, no cart\u00f3rio ou no Minist\u00e9rio P\u00fablico. Al\u00e9m disso, os pr\u00f3prios servidores dos cart\u00f3rios eleitorais, se constatarem irregularidades, podem notific\u00e1-las ao juiz. Eles tamb\u00e9m estar\u00e3o incumbidos das dilig\u00eancias para confirma\u00e7\u00e3o dos casos.<\/p>\n<p>O Den\u00fancia On line n\u00e3o responder\u00e1 a consultas e n\u00e3o receber\u00e1 den\u00fancias de propagandas eleitorais relativas a r\u00e1dio, TV e jornais \u2013 que t\u00eam um tipo de tramita\u00e7\u00e3o espec\u00edfica. Vale lembrar tamb\u00e9m que esse \u00e9 um sistema espec\u00edfico para den\u00fancias de propaganda e n\u00e3o poder\u00e1 ser utilizado para den\u00fancias de outros assuntos ligados \u00e0s elei\u00e7\u00f5es.<br \/>\nFonte: TRE-MG<\/p>\n","protected":false},"excerpt":{"rendered":"<p>Est\u00e1 dispon\u00edvel na p\u00e1gina do Tribunal Regional Eleitoral o sistema \u201cDen\u00fancia On line\u201d para den\u00fancia de propaganda eleitoral irregular feita nas ruas ou na internet.<\/p>\n","protected":false},"author":2,"featured_media":1067,"comment_status":"closed","ping_status":"open","sticky":false,"template":"","format":"standard","meta":{"advgb_blocks_editor_width":"","advgb_blocks_columns_visual_guide":"","_exactmetrics_skip_tracking":false,"_exactmetrics_sitenote_active":false,"_exactmetrics_sitenote_note":"","_exactmetrics_sitenote_category":0,"footnotes":""},"categories":[7,12],"tags":[315,312,313,50,314,316],"class_list":["post-1066","post","type-post","status-publish","format-standard","has-post-thumbnail","hentry","category-destaques","category-politica","tag-eleicao-prefeito-lavras-mg","tag-eleicoes-2016-lavras-mg","tag-eleicoes-lavras-mg","tag-lavras-tv","tag-politica-lavras-mg","tag-tv-lavras"],"better_featured_image":{"id":1067,"alt_text":"","caption":"","description":"","media_type":"image","media_details":{"width":545,"height":263,"file":"2016\/07\/denuncia.jpeg","sizes":{"thumbnail":{"file":"denuncia-150x72.jpeg","width":150,"height":72,"mime-type":"image\/jpeg","source_url":"https:\/\/lavras.tv\/site\/wp-content\/uploads\/2016\/07\/denuncia-150x72.jpeg"},"medium":{"file":"denuncia-300x145.jpeg","width":300,"height":145,"mime-type":"image\/jpeg","source_url":"https:\/\/lavras.tv\/site\/wp-content\/uploads\/2016\/07\/denuncia-300x145.jpeg"},"featured-post-img":{"file":"denuncia-480x263.jpeg","width":480,"height":263,"mime-type":"image\/jpeg","source_url":"https:\/\/lavras.tv\/site\/wp-content\/uploads\/2016\/07\/denuncia-480x263.jpeg"},"sow-carousel-default":{"file":"denuncia-272x182.jpeg","width":272,"height":182,"mime-type":"image\/jpeg","source_url":"https:\/\/lavras.tv\/site\/wp-content\/uploads\/2016\/07\/denuncia-272x182.jpeg"}},"image_meta":{"aperture":"0","credit":"","camera":"","caption":"","created_timestamp":"0","copyright":"","focal_length":"0","iso":"0","shutter_speed":"0","title":"","orientation":"0","keywords":[]}},"post":1066,"source_url":"https:\/\/lavras.tv\/site\/wp-content\/uploads\/2016\/07\/denuncia.jpeg"},"author_meta":{"display_name":"Lavras TV","author_link":"https:\/\/lavras.tv\/site\/author\/lavrastv\/"},"featured_img":"https:\/\/lavras.tv\/site\/wp-content\/uploads\/2016\/07\/denuncia-300x145.jpeg","coauthors":[],"tax_additional":{"categories":{"linked":["<a href=\"https:\/\/lavras.tv\/site\/category\/destaques\/\" class=\"advgb-post-tax-term\">Destaques<\/a>","<a href=\"https:\/\/lavras.tv\/site\/category\/politica\/\" class=\"advgb-post-tax-term\">Pol\u00edtica<\/a>"],"unlinked":["<span class=\"advgb-post-tax-term\">Destaques<\/span>","<span class=\"advgb-post-tax-term\">Pol\u00edtica<\/span>"]},"tags":{"linked":["<a href=\"https:\/\/lavras.tv\/site\/category\/politica\/\" class=\"advgb-post-tax-term\">elei\u00e7\u00e3o prefeito lavras mg<\/a>","<a href=\"https:\/\/lavras.tv\/site\/category\/politica\/\" class=\"advgb-post-tax-term\">elei\u00e7\u00f5es 2016 lavras mg<\/a>","<a href=\"https:\/\/lavras.tv\/site\/category\/politica\/\" class=\"advgb-post-tax-term\">elei\u00e7\u00f5es lavras mg<\/a>","<a href=\"https:\/\/lavras.tv\/site\/category\/politica\/\" class=\"advgb-post-tax-term\">lavras.tv<\/a>","<a href=\"https:\/\/lavras.tv\/site\/category\/politica\/\" class=\"advgb-post-tax-term\">pol\u00edtica lavras mg<\/a>","<a href=\"https:\/\/lavras.tv\/site\/category\/politica\/\" class=\"advgb-post-tax-term\">tv lavras<\/a>"],"unlinked":["<span class=\"advgb-post-tax-term\">elei\u00e7\u00e3o prefeito lavras mg<\/span>","<span class=\"advgb-post-tax-term\">elei\u00e7\u00f5es 2016 lavras mg<\/span>","<span class=\"advgb-post-tax-term\">elei\u00e7\u00f5es lavras mg<\/span>","<span class=\"advgb-post-tax-term\">lavras.tv<\/span>","<span class=\"advgb-post-tax-term\">pol\u00edtica lavras mg<\/span>","<span class=\"advgb-post-tax-term\">tv lavras<\/span>"]}},"comment_count":"0","relative_dates":{"created":"Publicado 10 anos atr\u00e1s","modified":"Atualizado 10 anos atr\u00e1s"},"absolute_dates":{"created":"Publicado em 25 de julho de 2016","modified":"Atualizado em 25 de julho de 2016"},"absolute_dates_time":{"created":"Publicado em 25 de julho de 2016 11:52","modified":"Atualizado em 25 de julho de 2016 11:52"},"featured_img_caption":"","series_order":"","_links":{"self":[{"href":"https:\/\/lavras.tv\/site\/wp-json\/wp\/v2\/posts\/1066","targetHints":{"allow":["GET"]}}],"collection":[{"href":"https:\/\/lavras.tv\/site\/wp-json\/wp\/v2\/posts"}],"about":[{"href":"https:\/\/lavras.tv\/site\/wp-json\/wp\/v2\/types\/post"}],"author":[{"embeddable":true,"href":"https:\/\/lavras.tv\/site\/wp-json\/wp\/v2\/users\/2"}],"replies":[{"embeddable":true,"href":"https:\/\/lavras.tv\/site\/wp-json\/wp\/v2\/comments?post=1066"}],"version-history":[{"count":1,"href":"https:\/\/lavras.tv\/site\/wp-json\/wp\/v2\/posts\/1066\/revisions"}],"predecessor-version":[{"id":1068,"href":"https:\/\/lavras.tv\/site\/wp-json\/wp\/v2\/posts\/1066\/revisions\/1068"}],"wp:featuredmedia":[{"embeddable":true,"href":"https:\/\/lavras.tv\/site\/wp-json\/wp\/v2\/media\/1067"}],"wp:attachment":[{"href":"https:\/\/lavras.tv\/site\/wp-json\/wp\/v2\/media?parent=1066"}],"wp:term":[{"taxonomy":"category","embeddable":true,"href":"https:\/\/lavras.tv\/site\/wp-json\/wp\/v2\/categories?post=1066"},{"taxonomy":"post_tag","embeddable":true,"href":"https:\/\/lavras.tv\/site\/wp-json\/wp\/v2\/tags?post=1066"}],"curies":[{"name":"wp","href":"https:\/\/api.w.org\/{rel}","templated":true}]}}