{"id":10676,"date":"2017-07-17T09:17:23","date_gmt":"2017-07-17T12:17:23","guid":{"rendered":"http:\/\/lavras.tv\/site\/?p=10676"},"modified":"2017-07-17T09:17:23","modified_gmt":"2017-07-17T12:17:23","slug":"etapa-de-lavras-dos-jogos-escolares-acontece-esta-semana-e-reune-mais-de-2-mil-estudantes","status":"publish","type":"post","link":"https:\/\/lavras.tv\/site\/2017\/07\/17\/etapa-de-lavras-dos-jogos-escolares-acontece-esta-semana-e-reune-mais-de-2-mil-estudantes\/","title":{"rendered":"Etapa de Lavras dos Jogos Escolares acontece esta semana e re\u00fane mais de 2 mil estudantes"},"content":{"rendered":"<div class=\"lavra-antes-do-conteudo_2\" id=\"lavra-1606963552\"><div id=\"lavra-slider-27\" class=\"custom-slider lavra-slider-1368900201 lavra-slider\"><ul><li><div style=\"margin-left: auto;margin-right: auto;text-align: center;\" id=\"lavra-1894590538\"><a href=\"https:\/\/sistemas.lavras.mg.gov.br\/portalcidadao\/#df1b1a7c7b2a290bcb31e32771e610784662739a88807c0dacac58ede5f391a7530e299dc302d611ee73cb143fc22eaf93592e53e7b5bdb01b00a0b8d28dae460c141dd2ff83412e4dc1c31b16b25f33144a9e5620ea73b13f5bc1c59411d98439ad226e8af03840603796067d87afe130812cf3de24982d0e306f9e61e764e5\" aria-label=\"Lavras-TV&#8211;720x104px (1) (1)\"><img src=\"https:\/\/lavras.tv\/site\/wp-content\/uploads\/2025\/01\/Lavras-TV-720x104px-1-1.png\" alt=\"\"  srcset=\"https:\/\/lavras.tv\/site\/wp-content\/uploads\/2025\/01\/Lavras-TV-720x104px-1-1.png 720w, https:\/\/lavras.tv\/site\/wp-content\/uploads\/2025\/01\/Lavras-TV-720x104px-1-1-470x68.png 470w, https:\/\/lavras.tv\/site\/wp-content\/uploads\/2025\/01\/Lavras-TV-720x104px-1-1-170x25.png 170w, https:\/\/lavras.tv\/site\/wp-content\/uploads\/2025\/01\/Lavras-TV-720x104px-1-1-200x29.png 200w\" sizes=\"(max-width: 720px) 100vw, 720px\" width=\"720\" height=\"104\"  style=\"display: inline-block;\" \/><\/a><\/div><\/li><li><a href=\"https:\/\/sistemas.lavras.mg.gov.br\/portalcidadao\/#df1b1a7c7b2a290bcb31e32771e610784662739a88807c0dacac58ede5f391a7530e299dc302d611ee73cb143fc22eaf93592e53e7b5bdb01b00a0b8d28dae460c141dd2ff83412e4dc1c31b16b25f33144a9e5620ea73b13f5bc1c59411d98439ad226e8af03840603796067d87afe130812cf3de24982d0e306f9e61e764e5\" aria-label=\"Banner_Emprego_PortallavrasTV\"><img src=\"https:\/\/lavras.tv\/site\/wp-content\/uploads\/2025\/03\/Banner_Emprego_PortallavrasTV.png\" alt=\"\"  srcset=\"https:\/\/lavras.tv\/site\/wp-content\/uploads\/2025\/03\/Banner_Emprego_PortallavrasTV.png 720w, https:\/\/lavras.tv\/site\/wp-content\/uploads\/2025\/03\/Banner_Emprego_PortallavrasTV-470x68.png 470w, https:\/\/lavras.tv\/site\/wp-content\/uploads\/2025\/03\/Banner_Emprego_PortallavrasTV-170x25.png 170w, https:\/\/lavras.tv\/site\/wp-content\/uploads\/2025\/03\/Banner_Emprego_PortallavrasTV-200x29.png 200w\" sizes=\"(max-width: 720px) 100vw, 720px\" width=\"720\" height=\"104\"   \/><\/a><\/li><li><a href=\"https:\/\/sistemas.lavras.mg.gov.br\/portalcidadao\/#df1b1a7c7b2a290bcb31e32771e610784662739a88807c0dacac58ede5f391a7530e299dc302d611ee73cb143fc22eaf93592e53e7b5bdb01b00a0b8d28dae460c141dd2ff83412e4dc1c31b16b25f33144a9e5620ea73b13f5bc1c59411d98439ad226e8af03840603796067d87afe130812cf3de24982d0e306f9e61e764e5\" aria-label=\"Banner_Obras_PortallavrasTV\"><img src=\"https:\/\/lavras.tv\/site\/wp-content\/uploads\/2025\/03\/Banner_Obras_PortallavrasTV.png\" alt=\"\"  srcset=\"https:\/\/lavras.tv\/site\/wp-content\/uploads\/2025\/03\/Banner_Obras_PortallavrasTV.png 720w, https:\/\/lavras.tv\/site\/wp-content\/uploads\/2025\/03\/Banner_Obras_PortallavrasTV-470x68.png 470w, https:\/\/lavras.tv\/site\/wp-content\/uploads\/2025\/03\/Banner_Obras_PortallavrasTV-170x25.png 170w, https:\/\/lavras.tv\/site\/wp-content\/uploads\/2025\/03\/Banner_Obras_PortallavrasTV-200x29.png 200w\" sizes=\"(max-width: 720px) 100vw, 720px\" width=\"720\" height=\"104\"   \/><\/a><\/li><li><div style=\"margin-left: auto;margin-right: auto;text-align: center;\" id=\"lavra-3446794965\"><a href=\"https:\/\/sistemas.lavras.mg.gov.br\/portalcidadao\/#df1b1a7c7b2a290bcb31e32771e610784662739a88807c0dacac58ede5f391a7530e299dc302d611ee73cb143fc22eaf93592e53e7b5bdb01b00a0b8d28dae460c141dd2ff83412e4dc1c31b16b25f33144a9e5620ea73b13f5bc1c59411d98439ad226e8af03840603796067d87afe130812cf3de24982d0e306f9e61e764e5\" aria-label=\"Banner_Educa\u00e7\u00e3o_PortallavrasTV\"><img src=\"https:\/\/lavras.tv\/site\/wp-content\/uploads\/2025\/01\/Banner_Educacao_PortallavrasTV.png\" alt=\"\"  srcset=\"https:\/\/lavras.tv\/site\/wp-content\/uploads\/2025\/01\/Banner_Educacao_PortallavrasTV.png 720w, https:\/\/lavras.tv\/site\/wp-content\/uploads\/2025\/01\/Banner_Educacao_PortallavrasTV-470x68.png 470w, https:\/\/lavras.tv\/site\/wp-content\/uploads\/2025\/01\/Banner_Educacao_PortallavrasTV-170x25.png 170w, https:\/\/lavras.tv\/site\/wp-content\/uploads\/2025\/01\/Banner_Educacao_PortallavrasTV-200x29.png 200w\" sizes=\"(max-width: 720px) 100vw, 720px\" width=\"720\" height=\"104\"  style=\"display: inline-block;\" \/><\/a><\/div><\/li><li><a href=\"https:\/\/sistemas.lavras.mg.gov.br\/portalcidadao\/#df1b1a7c7b2a290bcb31e32771e610784662739a88807c0dacac58ede5f391a7530e299dc302d611ee73cb143fc22eaf93592e53e7b5bdb01b00a0b8d28dae460c141dd2ff83412e4dc1c31b16b25f33144a9e5620ea73b13f5bc1c59411d98439ad226e8af03840603796067d87afe130812cf3de24982d0e306f9e61e764e5\" aria-label=\"Banner_Sa\u00fade_PortallavrasTV\"><img src=\"https:\/\/lavras.tv\/site\/wp-content\/uploads\/2025\/03\/Banner_Saude_PortallavrasTV.png\" alt=\"\"  srcset=\"https:\/\/lavras.tv\/site\/wp-content\/uploads\/2025\/03\/Banner_Saude_PortallavrasTV.png 720w, https:\/\/lavras.tv\/site\/wp-content\/uploads\/2025\/03\/Banner_Saude_PortallavrasTV-470x68.png 470w, https:\/\/lavras.tv\/site\/wp-content\/uploads\/2025\/03\/Banner_Saude_PortallavrasTV-170x25.png 170w, https:\/\/lavras.tv\/site\/wp-content\/uploads\/2025\/03\/Banner_Saude_PortallavrasTV-200x29.png 200w\" sizes=\"(max-width: 720px) 100vw, 720px\" width=\"720\" height=\"104\"   \/><\/a><\/li><li><div id=\"lavra-3088610127\" style=\"width:720px;height:104px;background-color:#ddd;overflow:scroll;\">\n\t<strong>Sa\u00edda da depura\u00e7\u00e3o de an\u00fancios<\/strong>\n\t<br><br>\n\tO an\u00fancio n\u00e3o \u00e9 exibido na p\u00e1gina<br><br>post atual: Etapa de Lavras dos Jogos Escolares acontece esta semana e re\u00fane mais de 2 mil estudantes, ID: 10676<br><br><span style=\"color: red;\">O post atual n\u00e3o \u00e9 id\u00eantico ao post principal.<\/span><br><br>An\u00fancios: ROXO - TOPO INTERNA - ROTATIVO 2 (197)<br \/>Grupo de an\u00fancios: Princ_Meio01_720x104 (27)<br><br>Condi\u00e7\u00f5es de exibi\u00e7\u00e3o<div style=\"margin-bottom: 20px; white-space: pre-wrap; font-family: monospace; width: 100%; background: #ffe9e9;\"><strong>condi\u00e7\u00f5es gerais<\/strong><table border=\"1\"><thead><tr><th><\/th><th>An\u00fancios<\/th><th>wp_the_query<\/th><\/tr><\/thead><tr><td>is_main_query<\/td><td>1<\/td><td>1<\/td><\/tr><tr><td>is_rest_api<\/td><td>0<\/td><td>1<\/td><\/tr><tr><td>page<\/td><td>0<\/td><td>1<\/td><\/tr><tr><td>numpages<\/td><td>0<\/td><td>1<\/td><\/tr><tr><td>is_archive<\/td><td>1<\/td><td><\/td><\/tr><tr><td>is_search<\/td><td>1<\/td><td><\/td><\/tr><tr><td>is_home<\/td><td>1<\/td><td><\/td><\/tr><tr><td>is_404<\/td><td>1<\/td><td><\/td><\/tr><tr><td>is_attachment<\/td><td>1<\/td><td><\/td><\/tr><tr><td>is_singular<\/td><td>1<\/td><td><\/td><\/tr><tr><td>is_front_page<\/td><td>1<\/td><td><\/td><\/tr><tr><td>is_feed<\/td><td>1<\/td><td><\/td><\/tr><\/table><\/div><br><br><span style=\"color: red;\">Seu site usa HTTPS, mas o c\u00f3digo do an\u00fancio cont\u00e9m HTTP e pode n\u00e3o funcionar.<\/span>\t<br><br>\n\t<a style=\"color: green;\" href=\"https:\/\/wpadvancedads.com\/manual\/ad-debug-mode\/?utm_source=advanced-ads&utm_medium=link&utm_campaign=ad-debug-mode\" target=\"_blank\" rel=\"nofollow\">Encontre solu\u00e7\u00f5es no manual<\/a>\n<\/div>\n<\/li><\/ul><\/div><script>( window.advanced_ads_ready || jQuery( document ).ready ).call( null, function() {var $lavraslider1368900201 = jQuery( \".lavra-slider-1368900201\" );$lavraslider1368900201.on( \"unslider.ready\", function() { jQuery( \"div.custom-slider ul li\" ).css( \"display\", \"block\" ); });$lavraslider1368900201.unslider({ delay:4000, autoplay:true, nav:false, arrows:false, infinite:true });$lavraslider1368900201.on(\"mouseover\", function() {$lavraslider1368900201.unslider(\"stop\");}).on(\"mouseout\", function() {$lavraslider1368900201.unslider(\"start\");});});<\/script><\/div><p>O Minas Esportiva\/JEMG \u00e9 uma a\u00e7\u00e3o do Governo de Minas Gerais, realizado por meio das Secretarias de Estado de Esportes e de Educa\u00e7\u00e3o.<!--more-->De 17 a 22 de julho acontece a etapa regional dos Jogos Escolares de Minas Gerais na cidades de Lavras. Mais de 2000 alunos-atletas participam do JEMG nas modalidades de basquete, futsal, handebol, peteca, v\u00f4lei, v\u00f4lei de praia e xadrez.<\/p>\n<p><img fetchpriority=\"high\" decoding=\"async\" class=\"alignnone size-full wp-image-5640 aligncenter\" src=\"http:\/\/lavras.tv\/site\/wp-content\/uploads\/2017\/01\/jemg.jpg\" alt=\"jemg\" width=\"620\" height=\"413\" srcset=\"https:\/\/lavras.tv\/site\/wp-content\/uploads\/2017\/01\/jemg.jpg 620w, https:\/\/lavras.tv\/site\/wp-content\/uploads\/2017\/01\/jemg-150x100.jpg 150w, https:\/\/lavras.tv\/site\/wp-content\/uploads\/2017\/01\/jemg-300x200.jpg 300w, https:\/\/lavras.tv\/site\/wp-content\/uploads\/2017\/01\/jemg-480x320.jpg 480w, https:\/\/lavras.tv\/site\/wp-content\/uploads\/2017\/01\/jemg-272x182.jpg 272w\" sizes=\"(max-width: 620px) 100vw, 620px\" \/><\/p>\n<p>Ser\u00e3o 339 jogos em cinco dias de competi\u00e7\u00e3o, envolvendo 156 escolas de 81 munic\u00edpios. Os munic\u00edpios participantes s\u00e3o: Alagoa, Alfenas, Andradas, Arceburgo, Areado, Baependi, Braz\u00f3polis, Bom Jesus da Penha, Botelhos, Cabo Verde, Cachoeira de Minas, Camanducaia, Cambu\u00ed, Cambuquira, Campo Belo, Campos Gerais, Cana Verde, Candeias, Capit\u00f3lio, Carmo de Minas, Carmo do Rio Claro, C\u00e1ssia, Caxambu, Concei\u00e7\u00e3o da Aparecida, Concei\u00e7\u00e3o do Rio Verde, Concei\u00e7\u00e3o dos Ouros, Cristina, Cruz\u00edlia, Divisa Nova, Extrema, Formiga, Gon\u00e7alves, Guaran\u00e9sia, Guaxup\u00e9, Ibiti\u00fara de Minas, Inconfidentes, Itajub\u00e1, Itamoji, Itanhandu, Itapeva, Ita\u00fa de Minas, Jacu\u00ed, Jesu\u00e2nia, Juruaia, Lavras, Machado, Monsenhor Paulo, Monte Santo de Minas, Munhoz, Muzambinho, Nat\u00e9rcia, Nova Rezende, Paragua\u00e7u, Parais\u00f3polis, Passos, Perd\u00f5es, Pimenta, Piranguinho, Piumhi, Po\u00e7os de Caldas, Pouso Alegre, Pouso Alto, Prat\u00e1polis, Santa Rita de Caldas, Santa Rita do Sapuca\u00ed, Santana da Vargem, Santana do Jacar\u00e9, Santo Ant\u00f4nio do Amparo, S\u00e3o Jo\u00e3o Batista do Gl\u00f3ria, S\u00e3o Louren\u00e7o, S\u00e3o Pedro da Uni\u00e3o, S\u00e3o Sebasti\u00e3o do Para\u00edso, S\u00e3o Thom\u00e9 das Letras, S\u00e3o Tom\u00e1s de Aquino, Sapuca\u00ed Mirim, Serrania, Silvian\u00f3polis, Toledo, Tr\u00eas Cora\u00e7\u00f5es, Tr\u00eas Pontas e Varginha.<\/p>\n<p>A abertura oficial ser\u00e1 no dia 18 de julho, ter\u00e7a-feira, \u00e0s 19 horas, no Lavras T\u00eanis Clube &#8211; LTC\u00a0(rua Proc\u00f3pio Alvarenga, s\/n\u00ba, bairro S\u00e3o Vicente).<\/p>\n<p>As modalidades dispon\u00edveis no JEMG\/2017 s\u00e3o: atletismo, atletismo PCD, badminton, basquete, bocha, ciclismo, flag football, futsal, futebol de 5 (masculino), futebol de 7 (masculino), gin\u00e1stica art\u00edstica, gin\u00e1stica r\u00edtmica (feminino), gin\u00e1stica de trampolim, goalball, handebol, jud\u00f4, jud\u00f4 PCD, luta ol\u00edmpica, nata\u00e7\u00e3o, nata\u00e7\u00e3o PCD, parabadminton, peteca, rugby, skate, t\u00eanis de mesa, t\u00eanis de mesa PCD, t\u00eanis em cadeira de rodas, voleibol, v\u00f4lei de praia, voleibol sentado e xadrez, nos naipes masculino e feminino.<\/p>\n<p>As modalidades de flag football, parabadminton, rugby e skate acontecem em car\u00e1ter de demonstra\u00e7\u00e3o.<\/p>\n<p>&nbsp;<\/p>\n<p>Fonte: Organiza\u00e7\u00e3o do JEMG<\/p>\n","protected":false},"excerpt":{"rendered":"<p>O Minas Esportiva\/JEMG \u00e9 uma a\u00e7\u00e3o do Governo de Minas Gerais, realizado por meio das Secretarias de Estado de Esportes e de Educa\u00e7\u00e3o.<\/p>\n","protected":false},"author":2,"featured_media":10677,"comment_status":"closed","ping_status":"open","sticky":false,"template":"","format":"standard","meta":{"advgb_blocks_editor_width":"","advgb_blocks_columns_visual_guide":"","_exactmetrics_skip_tracking":false,"_exactmetrics_sitenote_active":false,"_exactmetrics_sitenote_note":"","_exactmetrics_sitenote_category":0,"footnotes":""},"categories":[7,3],"tags":[895,3500,193,34],"class_list":["post-10676","post","type-post","status-publish","format-standard","has-post-thumbnail","hentry","category-destaques","category-esportes","tag-895","tag-etapa-regional","tag-jemg","tag-lavras"],"better_featured_image":{"id":10677,"alt_text":"","caption":"","description":"","media_type":"image","media_details":{"width":620,"height":413,"file":"2017\/07\/jemg-1.jpg","sizes":{"thumbnail":{"file":"jemg-1-150x100.jpg","width":150,"height":100,"mime-type":"image\/jpeg","source_url":"https:\/\/lavras.tv\/site\/wp-content\/uploads\/2017\/07\/jemg-1-150x100.jpg"},"medium":{"file":"jemg-1-300x200.jpg","width":300,"height":200,"mime-type":"image\/jpeg","source_url":"https:\/\/lavras.tv\/site\/wp-content\/uploads\/2017\/07\/jemg-1-300x200.jpg"},"featured-post-img":{"file":"jemg-1-480x320.jpg","width":480,"height":320,"mime-type":"image\/jpeg","source_url":"https:\/\/lavras.tv\/site\/wp-content\/uploads\/2017\/07\/jemg-1-480x320.jpg"},"sow-carousel-default":{"file":"jemg-1-272x182.jpg","width":272,"height":182,"mime-type":"image\/jpeg","source_url":"https:\/\/lavras.tv\/site\/wp-content\/uploads\/2017\/07\/jemg-1-272x182.jpg"}},"image_meta":{"aperture":"0","credit":"","camera":"","caption":"","created_timestamp":"0","copyright":"","focal_length":"0","iso":"0","shutter_speed":"0","title":"","orientation":"0","keywords":[]}},"post":10676,"source_url":"https:\/\/lavras.tv\/site\/wp-content\/uploads\/2017\/07\/jemg-1.jpg"},"author_meta":{"display_name":"Lavras TV","author_link":"https:\/\/lavras.tv\/site\/author\/lavrastv\/"},"featured_img":"https:\/\/lavras.tv\/site\/wp-content\/uploads\/2017\/07\/jemg-1-300x200.jpg","coauthors":[],"tax_additional":{"categories":{"linked":["<a href=\"https:\/\/lavras.tv\/site\/category\/destaques\/\" class=\"advgb-post-tax-term\">Destaques<\/a>","<a href=\"https:\/\/lavras.tv\/site\/category\/esportes\/\" class=\"advgb-post-tax-term\">Esportes<\/a>"],"unlinked":["<span class=\"advgb-post-tax-term\">Destaques<\/span>","<span class=\"advgb-post-tax-term\">Esportes<\/span>"]},"tags":{"linked":["<a href=\"https:\/\/lavras.tv\/site\/category\/esportes\/\" class=\"advgb-post-tax-term\">2017<\/a>","<a href=\"https:\/\/lavras.tv\/site\/category\/esportes\/\" class=\"advgb-post-tax-term\">etapa regional<\/a>","<a href=\"https:\/\/lavras.tv\/site\/category\/esportes\/\" class=\"advgb-post-tax-term\">jemg<\/a>","<a href=\"https:\/\/lavras.tv\/site\/category\/esportes\/\" class=\"advgb-post-tax-term\">lavras<\/a>"],"unlinked":["<span class=\"advgb-post-tax-term\">2017<\/span>","<span class=\"advgb-post-tax-term\">etapa regional<\/span>","<span class=\"advgb-post-tax-term\">jemg<\/span>","<span class=\"advgb-post-tax-term\">lavras<\/span>"]}},"comment_count":"0","relative_dates":{"created":"Publicado 9 anos atr\u00e1s","modified":"Atualizado 9 anos atr\u00e1s"},"absolute_dates":{"created":"Publicado em 17 de julho de 2017","modified":"Atualizado em 17 de julho de 2017"},"absolute_dates_time":{"created":"Publicado em 17 de julho de 2017 09:17","modified":"Atualizado em 17 de julho de 2017 09:17"},"featured_img_caption":"","series_order":"","_links":{"self":[{"href":"https:\/\/lavras.tv\/site\/wp-json\/wp\/v2\/posts\/10676","targetHints":{"allow":["GET"]}}],"collection":[{"href":"https:\/\/lavras.tv\/site\/wp-json\/wp\/v2\/posts"}],"about":[{"href":"https:\/\/lavras.tv\/site\/wp-json\/wp\/v2\/types\/post"}],"author":[{"embeddable":true,"href":"https:\/\/lavras.tv\/site\/wp-json\/wp\/v2\/users\/2"}],"replies":[{"embeddable":true,"href":"https:\/\/lavras.tv\/site\/wp-json\/wp\/v2\/comments?post=10676"}],"version-history":[{"count":1,"href":"https:\/\/lavras.tv\/site\/wp-json\/wp\/v2\/posts\/10676\/revisions"}],"predecessor-version":[{"id":10678,"href":"https:\/\/lavras.tv\/site\/wp-json\/wp\/v2\/posts\/10676\/revisions\/10678"}],"wp:featuredmedia":[{"embeddable":true,"href":"https:\/\/lavras.tv\/site\/wp-json\/wp\/v2\/media\/10677"}],"wp:attachment":[{"href":"https:\/\/lavras.tv\/site\/wp-json\/wp\/v2\/media?parent=10676"}],"wp:term":[{"taxonomy":"category","embeddable":true,"href":"https:\/\/lavras.tv\/site\/wp-json\/wp\/v2\/categories?post=10676"},{"taxonomy":"post_tag","embeddable":true,"href":"https:\/\/lavras.tv\/site\/wp-json\/wp\/v2\/tags?post=10676"}],"curies":[{"name":"wp","href":"https:\/\/api.w.org\/{rel}","templated":true}]}}