{"id":10822,"date":"2017-07-25T08:31:59","date_gmt":"2017-07-25T11:31:59","guid":{"rendered":"http:\/\/lavras.tv\/site\/?p=10822"},"modified":"2017-07-25T08:31:59","modified_gmt":"2017-07-25T11:31:59","slug":"atletas-de-lavras-sao-destaques-na-segunda-edicao-do-trail-run-bem-saudavel","status":"publish","type":"post","link":"https:\/\/lavras.tv\/site\/2017\/07\/25\/atletas-de-lavras-sao-destaques-na-segunda-edicao-do-trail-run-bem-saudavel\/","title":{"rendered":"Atletas de Lavras s\u00e3o destaques na segunda edi\u00e7\u00e3o do Trail Run &#8211; Bem Saud\u00e1vel"},"content":{"rendered":"<div class=\"lavra-antes-do-conteudo_2\" id=\"lavra-3010148659\"><div id=\"lavra-slider-27\" class=\"custom-slider lavra-slider-2308897852 lavra-slider\"><ul><li><div style=\"margin-left: auto;margin-right: auto;text-align: center;\" id=\"lavra-1510282281\"><a href=\"https:\/\/sistemas.lavras.mg.gov.br\/portalcidadao\/#df1b1a7c7b2a290bcb31e32771e610784662739a88807c0dacac58ede5f391a7530e299dc302d611ee73cb143fc22eaf93592e53e7b5bdb01b00a0b8d28dae460c141dd2ff83412e4dc1c31b16b25f33144a9e5620ea73b13f5bc1c59411d98439ad226e8af03840603796067d87afe130812cf3de24982d0e306f9e61e764e5\" aria-label=\"Lavras-TV&#8211;720x104px (1) (1)\"><img src=\"https:\/\/lavras.tv\/site\/wp-content\/uploads\/2025\/01\/Lavras-TV-720x104px-1-1.png\" alt=\"\"  srcset=\"https:\/\/lavras.tv\/site\/wp-content\/uploads\/2025\/01\/Lavras-TV-720x104px-1-1.png 720w, https:\/\/lavras.tv\/site\/wp-content\/uploads\/2025\/01\/Lavras-TV-720x104px-1-1-470x68.png 470w, https:\/\/lavras.tv\/site\/wp-content\/uploads\/2025\/01\/Lavras-TV-720x104px-1-1-170x25.png 170w, https:\/\/lavras.tv\/site\/wp-content\/uploads\/2025\/01\/Lavras-TV-720x104px-1-1-200x29.png 200w\" sizes=\"(max-width: 720px) 100vw, 720px\" width=\"720\" height=\"104\"  style=\"display: inline-block;\" \/><\/a><\/div><\/li><li><a href=\"https:\/\/sistemas.lavras.mg.gov.br\/portalcidadao\/#df1b1a7c7b2a290bcb31e32771e610784662739a88807c0dacac58ede5f391a7530e299dc302d611ee73cb143fc22eaf93592e53e7b5bdb01b00a0b8d28dae460c141dd2ff83412e4dc1c31b16b25f33144a9e5620ea73b13f5bc1c59411d98439ad226e8af03840603796067d87afe130812cf3de24982d0e306f9e61e764e5\" aria-label=\"Banner_Emprego_PortallavrasTV\"><img src=\"https:\/\/lavras.tv\/site\/wp-content\/uploads\/2025\/03\/Banner_Emprego_PortallavrasTV.png\" alt=\"\"  srcset=\"https:\/\/lavras.tv\/site\/wp-content\/uploads\/2025\/03\/Banner_Emprego_PortallavrasTV.png 720w, https:\/\/lavras.tv\/site\/wp-content\/uploads\/2025\/03\/Banner_Emprego_PortallavrasTV-470x68.png 470w, https:\/\/lavras.tv\/site\/wp-content\/uploads\/2025\/03\/Banner_Emprego_PortallavrasTV-170x25.png 170w, https:\/\/lavras.tv\/site\/wp-content\/uploads\/2025\/03\/Banner_Emprego_PortallavrasTV-200x29.png 200w\" sizes=\"(max-width: 720px) 100vw, 720px\" width=\"720\" height=\"104\"   \/><\/a><\/li><li><a href=\"https:\/\/sistemas.lavras.mg.gov.br\/portalcidadao\/#df1b1a7c7b2a290bcb31e32771e610784662739a88807c0dacac58ede5f391a7530e299dc302d611ee73cb143fc22eaf93592e53e7b5bdb01b00a0b8d28dae460c141dd2ff83412e4dc1c31b16b25f33144a9e5620ea73b13f5bc1c59411d98439ad226e8af03840603796067d87afe130812cf3de24982d0e306f9e61e764e5\" aria-label=\"Banner_Obras_PortallavrasTV\"><img src=\"https:\/\/lavras.tv\/site\/wp-content\/uploads\/2025\/03\/Banner_Obras_PortallavrasTV.png\" alt=\"\"  srcset=\"https:\/\/lavras.tv\/site\/wp-content\/uploads\/2025\/03\/Banner_Obras_PortallavrasTV.png 720w, https:\/\/lavras.tv\/site\/wp-content\/uploads\/2025\/03\/Banner_Obras_PortallavrasTV-470x68.png 470w, https:\/\/lavras.tv\/site\/wp-content\/uploads\/2025\/03\/Banner_Obras_PortallavrasTV-170x25.png 170w, https:\/\/lavras.tv\/site\/wp-content\/uploads\/2025\/03\/Banner_Obras_PortallavrasTV-200x29.png 200w\" sizes=\"(max-width: 720px) 100vw, 720px\" width=\"720\" height=\"104\"   \/><\/a><\/li><li><div style=\"margin-left: auto;margin-right: auto;text-align: center;\" id=\"lavra-3691511780\"><a href=\"https:\/\/sistemas.lavras.mg.gov.br\/portalcidadao\/#df1b1a7c7b2a290bcb31e32771e610784662739a88807c0dacac58ede5f391a7530e299dc302d611ee73cb143fc22eaf93592e53e7b5bdb01b00a0b8d28dae460c141dd2ff83412e4dc1c31b16b25f33144a9e5620ea73b13f5bc1c59411d98439ad226e8af03840603796067d87afe130812cf3de24982d0e306f9e61e764e5\" aria-label=\"Banner_Educa\u00e7\u00e3o_PortallavrasTV\"><img src=\"https:\/\/lavras.tv\/site\/wp-content\/uploads\/2025\/01\/Banner_Educacao_PortallavrasTV.png\" alt=\"\"  srcset=\"https:\/\/lavras.tv\/site\/wp-content\/uploads\/2025\/01\/Banner_Educacao_PortallavrasTV.png 720w, https:\/\/lavras.tv\/site\/wp-content\/uploads\/2025\/01\/Banner_Educacao_PortallavrasTV-470x68.png 470w, https:\/\/lavras.tv\/site\/wp-content\/uploads\/2025\/01\/Banner_Educacao_PortallavrasTV-170x25.png 170w, https:\/\/lavras.tv\/site\/wp-content\/uploads\/2025\/01\/Banner_Educacao_PortallavrasTV-200x29.png 200w\" sizes=\"(max-width: 720px) 100vw, 720px\" width=\"720\" height=\"104\"  style=\"display: inline-block;\" \/><\/a><\/div><\/li><li><a href=\"https:\/\/sistemas.lavras.mg.gov.br\/portalcidadao\/#df1b1a7c7b2a290bcb31e32771e610784662739a88807c0dacac58ede5f391a7530e299dc302d611ee73cb143fc22eaf93592e53e7b5bdb01b00a0b8d28dae460c141dd2ff83412e4dc1c31b16b25f33144a9e5620ea73b13f5bc1c59411d98439ad226e8af03840603796067d87afe130812cf3de24982d0e306f9e61e764e5\" aria-label=\"Banner_Sa\u00fade_PortallavrasTV\"><img src=\"https:\/\/lavras.tv\/site\/wp-content\/uploads\/2025\/03\/Banner_Saude_PortallavrasTV.png\" alt=\"\"  srcset=\"https:\/\/lavras.tv\/site\/wp-content\/uploads\/2025\/03\/Banner_Saude_PortallavrasTV.png 720w, https:\/\/lavras.tv\/site\/wp-content\/uploads\/2025\/03\/Banner_Saude_PortallavrasTV-470x68.png 470w, https:\/\/lavras.tv\/site\/wp-content\/uploads\/2025\/03\/Banner_Saude_PortallavrasTV-170x25.png 170w, https:\/\/lavras.tv\/site\/wp-content\/uploads\/2025\/03\/Banner_Saude_PortallavrasTV-200x29.png 200w\" sizes=\"(max-width: 720px) 100vw, 720px\" width=\"720\" height=\"104\"   \/><\/a><\/li><li><div id=\"lavra-1652408024\" style=\"width:720px;height:104px;background-color:#ddd;overflow:scroll;\">\n\t<strong>Sa\u00edda da depura\u00e7\u00e3o de an\u00fancios<\/strong>\n\t<br><br>\n\tO an\u00fancio n\u00e3o \u00e9 exibido na p\u00e1gina<br><br>post atual: Atletas de Lavras s\u00e3o destaques na segunda edi\u00e7\u00e3o do Trail Run - Bem Saud\u00e1vel, ID: 10822<br><br><span style=\"color: red;\">O post atual n\u00e3o \u00e9 id\u00eantico ao post principal.<\/span><br><br>An\u00fancios: ROXO - TOPO INTERNA - ROTATIVO 2 (197)<br \/>Grupo de an\u00fancios: Princ_Meio01_720x104 (27)<br><br>Condi\u00e7\u00f5es de exibi\u00e7\u00e3o<div style=\"margin-bottom: 20px; white-space: pre-wrap; font-family: monospace; width: 100%; background: #ffe9e9;\"><strong>condi\u00e7\u00f5es gerais<\/strong><table border=\"1\"><thead><tr><th><\/th><th>An\u00fancios<\/th><th>wp_the_query<\/th><\/tr><\/thead><tr><td>is_main_query<\/td><td>1<\/td><td>1<\/td><\/tr><tr><td>is_rest_api<\/td><td>0<\/td><td>1<\/td><\/tr><tr><td>page<\/td><td>0<\/td><td>1<\/td><\/tr><tr><td>numpages<\/td><td>0<\/td><td>1<\/td><\/tr><tr><td>is_archive<\/td><td>1<\/td><td><\/td><\/tr><tr><td>is_search<\/td><td>1<\/td><td><\/td><\/tr><tr><td>is_home<\/td><td>1<\/td><td><\/td><\/tr><tr><td>is_404<\/td><td>1<\/td><td><\/td><\/tr><tr><td>is_attachment<\/td><td>1<\/td><td><\/td><\/tr><tr><td>is_singular<\/td><td>1<\/td><td><\/td><\/tr><tr><td>is_front_page<\/td><td>1<\/td><td><\/td><\/tr><tr><td>is_feed<\/td><td>1<\/td><td><\/td><\/tr><\/table><\/div><br><br><span style=\"color: red;\">Seu site usa HTTPS, mas o c\u00f3digo do an\u00fancio cont\u00e9m HTTP e pode n\u00e3o funcionar.<\/span>\t<br><br>\n\t<a style=\"color: green;\" href=\"https:\/\/wpadvancedads.com\/manual\/ad-debug-mode\/?utm_source=advanced-ads&utm_medium=link&utm_campaign=ad-debug-mode\" target=\"_blank\" rel=\"nofollow\">Encontre solu\u00e7\u00f5es no manual<\/a>\n<\/div>\n<\/li><\/ul><\/div><script>( window.advanced_ads_ready || jQuery( document ).ready ).call( null, function() {var $lavraslider2308897852 = jQuery( \".lavra-slider-2308897852\" );$lavraslider2308897852.on( \"unslider.ready\", function() { jQuery( \"div.custom-slider ul li\" ).css( \"display\", \"block\" ); });$lavraslider2308897852.unslider({ delay:4000, autoplay:true, nav:false, arrows:false, infinite:true });$lavraslider2308897852.on(\"mouseover\", function() {$lavraslider2308897852.unslider(\"stop\");}).on(\"mouseout\", function() {$lavraslider2308897852.unslider(\"start\");});});<\/script><\/div><p><span style=\"font-weight: 400;\">Um grupo formado por 10 atletas de Lavras se reuniu para participar da segunda edi\u00e7\u00e3o do Trail Run &#8211; Bem Saud\u00e1vel, em Varginha, no \u00faltimo s\u00e1bado (22\/07). \u00c9 uma corrida noturna marcada por trilhas t\u00e9cnicas desafiadoras, o que exige bastante preparo por parte dos corredores. O fato curioso \u00e9 que <\/span>todos<span style=\"font-weight: 400;\"> os atletas da cidade que<\/span> <span style=\"font-weight: 400;\">participaram da corrida subiram ao p\u00f3dio no evento<\/span><i><span style=\"font-weight: 400;\">.<\/span><\/i><!--more--><\/p>\n<p><img fetchpriority=\"high\" decoding=\"async\" class=\"alignnone size-full wp-image-10823 aligncenter\" src=\"http:\/\/lavras.tv\/site\/wp-content\/uploads\/2017\/07\/1.jpg\" alt=\"1\" width=\"585\" height=\"1040\" srcset=\"https:\/\/lavras.tv\/site\/wp-content\/uploads\/2017\/07\/1.jpg 585w, https:\/\/lavras.tv\/site\/wp-content\/uploads\/2017\/07\/1-84x150.jpg 84w, https:\/\/lavras.tv\/site\/wp-content\/uploads\/2017\/07\/1-169x300.jpg 169w, https:\/\/lavras.tv\/site\/wp-content\/uploads\/2017\/07\/1-576x1024.jpg 576w\" sizes=\"(max-width: 585px) 100vw, 585px\" \/><\/p>\n<p><span style=\"font-weight: 400;\">Assim como em 2016, a largada rolou por volta das 18h, no local conhecido como alto da Copasa. Organizada pela RXC Sports, a corrida atraiu participantes de todo o Estado. Os percursos foram divididos em tr\u00eas categorias &#8211; 22.4 km para os mais experientes,10.7 km para os\u00a0intermedi\u00e1rios e 4.4 km para os iniciantes.<\/span><\/p>\n<p><img decoding=\"async\" class=\"alignnone size-full wp-image-10824 aligncenter\" src=\"http:\/\/lavras.tv\/site\/wp-content\/uploads\/2017\/07\/2.jpg\" alt=\"2\" width=\"1024\" height=\"768\" srcset=\"https:\/\/lavras.tv\/site\/wp-content\/uploads\/2017\/07\/2.jpg 1024w, https:\/\/lavras.tv\/site\/wp-content\/uploads\/2017\/07\/2-150x113.jpg 150w, https:\/\/lavras.tv\/site\/wp-content\/uploads\/2017\/07\/2-300x225.jpg 300w, https:\/\/lavras.tv\/site\/wp-content\/uploads\/2017\/07\/2-640x480.jpg 640w\" sizes=\"(max-width: 1024px) 100vw, 1024px\" \/><\/p>\n<p><span style=\"font-weight: 400;\">O destaque foi a atleta Allyne Souza Rodrigues, de 35 anos, que conquistou o 1\u00ba lugar geral na categoria feminina nos 22.4 Km. \u00a0<\/span><i><span style=\"font-weight: 400;\">\u201c Foi uma sensa\u00e7\u00e3o maravilhosa. \u00a0H\u00e1 6 anos corro e pela primeira vez consegui a primeira coloca\u00e7\u00e3o geral. \u00a0Foi uma prova dura mas valeu a pena todo o sacrif\u00edcio\u201d<\/span><\/i><span style=\"font-weight: 400;\">\u2013 disse Allyne. <\/span><\/p>\n<p><span style=\"font-weight: 400;\">A atleta contou ainda que n\u00e3o ter\u00e1 tempo para descanso. No momento a meta \u00e9 manter o ritmo acelerado de treinamentos, para garantir uma boa classifica\u00e7\u00e3o no seu pr\u00f3ximo desafio: a ultra-maratona de 50 Km de trail run no evento X Terra Estrada \u00a0Real, que ser\u00e1 realizado em setembro, em Tiradentes<\/span><i><span style=\"font-weight: 400;\">. \u201cTenho treinado corrida de 4 a 5 dias por semana, al\u00e9m de fazer muscula\u00e7\u00e3o. Quando penso na prova a \u00a0adrenalina aumenta, o cora\u00e7\u00e3o acelera e fico euf\u00f3rica, sentimentos que tenho buscado controlar durante os treinos\u201d<\/span><\/i><span style=\"font-weight: 400;\">.<\/span><\/p>\n<p><img decoding=\"async\" class=\"alignnone size-full wp-image-10825 aligncenter\" src=\"http:\/\/lavras.tv\/site\/wp-content\/uploads\/2017\/07\/3.jpg\" alt=\"3\" width=\"1040\" height=\"585\" srcset=\"https:\/\/lavras.tv\/site\/wp-content\/uploads\/2017\/07\/3.jpg 1040w, https:\/\/lavras.tv\/site\/wp-content\/uploads\/2017\/07\/3-150x84.jpg 150w, https:\/\/lavras.tv\/site\/wp-content\/uploads\/2017\/07\/3-300x169.jpg 300w, https:\/\/lavras.tv\/site\/wp-content\/uploads\/2017\/07\/3-1024x576.jpg 1024w\" sizes=\"(max-width: 1040px) 100vw, 1040px\" \/><\/p>\n<p><span style=\"font-weight: 400;\">O atleta Willian Dami\u00e3o Zeferino Paiva, 40 anos, tamb\u00e9m foi destaque de Lavras na categoria masculina, garantindo o 2\u00ba lugar geral nos 22.4Km<\/span><i><span style=\"font-weight: 400;\">. \u201cFoi um grande desafio, devido ao n\u00edvel elevad\u00edssimo dos participantes. A prova foi dif\u00edcil, muito t\u00e9cnica e tamb\u00e9m muito bem organizada.\u201d <\/span><\/i><span style=\"font-weight: 400;\">\u2013 contou Willian.<\/span><\/p>\n<p><img loading=\"lazy\" decoding=\"async\" class=\"alignnone size-full wp-image-10826 aligncenter\" src=\"http:\/\/lavras.tv\/site\/wp-content\/uploads\/2017\/07\/4.jpg\" alt=\"4\" width=\"1080\" height=\"1080\" srcset=\"https:\/\/lavras.tv\/site\/wp-content\/uploads\/2017\/07\/4.jpg 1080w, https:\/\/lavras.tv\/site\/wp-content\/uploads\/2017\/07\/4-150x150.jpg 150w, https:\/\/lavras.tv\/site\/wp-content\/uploads\/2017\/07\/4-300x300.jpg 300w, https:\/\/lavras.tv\/site\/wp-content\/uploads\/2017\/07\/4-1024x1024.jpg 1024w\" sizes=\"(max-width: 1080px) 100vw, 1080px\" \/><\/p>\n<p><span style=\"font-weight: 400;\">Ainda no percurso de 22.4 Km subiram ao p\u00f3dio: <\/span><\/p>\n<p><span style=\"font-weight: 400;\">Thatiana Stacanelli Teixeira &#8211; 1\u00ba lugar na categoria feminina (16-24) anos.<\/span><\/p>\n<p><span style=\"font-weight: 400;\">Ricardo Marciano da Silva &#8211; 1\u00ba lugar na categoria masculina (16-24anos).<\/span><\/p>\n<p><span style=\"font-weight: 400;\">Leane P\u00e1dua &#8211; 2\u00ba lugar na categoria masculina (25-34) anos.<\/span><\/p>\n<p><span style=\"font-weight: 400;\">Jean Guilherme dos Anjos &#8211; 3\u00ba lugar na categoria masculina (25-34) anos.<\/span><\/p>\n<p><span style=\"font-weight: 400;\">Cristiane Ferreira de Oliveira &#8211; 1\u00ba lugar na categoria feminina (35-44) anos<\/span><\/p>\n<p><span style=\"font-weight: 400;\">Ana Paula Rodrigues &#8211; 2\u00ba lugar na categoria feminina (35-44) anos. <\/span><\/p>\n<p><span style=\"font-weight: 400;\">A atleta Andr\u00e9ia Melo Lagatta ficou em 2\u00ba lugar na categoria (35-44) anos, no percurso de 10.7 Km. \u00a0J\u00falia Carolina, que tamb\u00e9m disputou os 10.7 Km, garantiu o 3\u00ba lugar na categoria feminina (25-34) anos.<\/span><\/p>\n<p>Reportagem: Anna Carolina Brasil<br \/>\nFotos:\u00a0Allyne Rodrigues<\/p>\n","protected":false},"excerpt":{"rendered":"<p>Um grupo formado por 10 atletas de Lavras se reuniu para participar da segunda edi\u00e7\u00e3o do Trail Run &#8211; Bem Saud\u00e1vel, em Varginha, no \u00faltimo s\u00e1bado (22\/07). \u00c9 uma corrida noturna marcada por trilhas t\u00e9cnicas desafiadoras, o que exige bastante preparo por parte dos corredores. O fato curioso \u00e9 que todos os atletas da cidade [&hellip;]<\/p>\n","protected":false},"author":2,"featured_media":10824,"comment_status":"closed","ping_status":"open","sticky":false,"template":"","format":"standard","meta":{"advgb_blocks_editor_width":"","advgb_blocks_columns_visual_guide":"","_exactmetrics_skip_tracking":false,"_exactmetrics_sitenote_active":false,"_exactmetrics_sitenote_note":"","_exactmetrics_sitenote_category":0,"footnotes":""},"categories":[7,3],"tags":[1691,34,3775,1241],"class_list":["post-10822","post","type-post","status-publish","format-standard","has-post-thumbnail","hentry","category-destaques","category-esportes","tag-corrida","tag-lavras","tag-trail-run-bem-saudavel","tag-varginha"],"better_featured_image":{"id":10824,"alt_text":"","caption":"","description":"","media_type":"image","media_details":{"width":1024,"height":768,"file":"2017\/07\/2.jpg","sizes":{"thumbnail":{"file":"2-150x113.jpg","width":150,"height":113,"mime-type":"image\/jpeg","source_url":"https:\/\/lavras.tv\/site\/wp-content\/uploads\/2017\/07\/2-150x113.jpg"},"medium":{"file":"2-300x225.jpg","width":300,"height":225,"mime-type":"image\/jpeg","source_url":"https:\/\/lavras.tv\/site\/wp-content\/uploads\/2017\/07\/2-300x225.jpg"},"large":{"file":"2-1024x768.jpg","width":1024,"height":768,"mime-type":"image\/jpeg","source_url":"https:\/\/lavras.tv\/site\/wp-content\/uploads\/2017\/07\/2-1024x768.jpg"},"featured-slider-img":{"file":"2-640x480.jpg","width":640,"height":480,"mime-type":"image\/jpeg","source_url":"https:\/\/lavras.tv\/site\/wp-content\/uploads\/2017\/07\/2-640x480.jpg"},"featured-post-img":{"file":"2-480x320.jpg","width":480,"height":320,"mime-type":"image\/jpeg","source_url":"https:\/\/lavras.tv\/site\/wp-content\/uploads\/2017\/07\/2-480x320.jpg"},"sow-carousel-default":{"file":"2-272x182.jpg","width":272,"height":182,"mime-type":"image\/jpeg","source_url":"https:\/\/lavras.tv\/site\/wp-content\/uploads\/2017\/07\/2-272x182.jpg"}},"image_meta":{"aperture":"0","credit":"","camera":"","caption":"","created_timestamp":"0","copyright":"","focal_length":"0","iso":"0","shutter_speed":"0","title":"","orientation":"0","keywords":[]}},"post":10822,"source_url":"https:\/\/lavras.tv\/site\/wp-content\/uploads\/2017\/07\/2.jpg"},"author_meta":{"display_name":"Lavras TV","author_link":"https:\/\/lavras.tv\/site\/author\/lavrastv\/"},"featured_img":"https:\/\/lavras.tv\/site\/wp-content\/uploads\/2017\/07\/2-300x225.jpg","coauthors":[],"tax_additional":{"categories":{"linked":["<a href=\"https:\/\/lavras.tv\/site\/category\/destaques\/\" class=\"advgb-post-tax-term\">Destaques<\/a>","<a href=\"https:\/\/lavras.tv\/site\/category\/esportes\/\" class=\"advgb-post-tax-term\">Esportes<\/a>"],"unlinked":["<span class=\"advgb-post-tax-term\">Destaques<\/span>","<span class=\"advgb-post-tax-term\">Esportes<\/span>"]},"tags":{"linked":["<a href=\"https:\/\/lavras.tv\/site\/category\/esportes\/\" class=\"advgb-post-tax-term\">corrida<\/a>","<a href=\"https:\/\/lavras.tv\/site\/category\/esportes\/\" class=\"advgb-post-tax-term\">lavras<\/a>","<a href=\"https:\/\/lavras.tv\/site\/category\/esportes\/\" class=\"advgb-post-tax-term\">Trail Run - Bem Saud\u00e1vel<\/a>","<a href=\"https:\/\/lavras.tv\/site\/category\/esportes\/\" class=\"advgb-post-tax-term\">varginha<\/a>"],"unlinked":["<span class=\"advgb-post-tax-term\">corrida<\/span>","<span class=\"advgb-post-tax-term\">lavras<\/span>","<span class=\"advgb-post-tax-term\">Trail Run - Bem Saud\u00e1vel<\/span>","<span class=\"advgb-post-tax-term\">varginha<\/span>"]}},"comment_count":"0","relative_dates":{"created":"Publicado 9 anos atr\u00e1s","modified":"Atualizado 9 anos atr\u00e1s"},"absolute_dates":{"created":"Publicado em 25 de julho de 2017","modified":"Atualizado em 25 de julho de 2017"},"absolute_dates_time":{"created":"Publicado em 25 de julho de 2017 08:31","modified":"Atualizado em 25 de julho de 2017 08:31"},"featured_img_caption":"","series_order":"","_links":{"self":[{"href":"https:\/\/lavras.tv\/site\/wp-json\/wp\/v2\/posts\/10822","targetHints":{"allow":["GET"]}}],"collection":[{"href":"https:\/\/lavras.tv\/site\/wp-json\/wp\/v2\/posts"}],"about":[{"href":"https:\/\/lavras.tv\/site\/wp-json\/wp\/v2\/types\/post"}],"author":[{"embeddable":true,"href":"https:\/\/lavras.tv\/site\/wp-json\/wp\/v2\/users\/2"}],"replies":[{"embeddable":true,"href":"https:\/\/lavras.tv\/site\/wp-json\/wp\/v2\/comments?post=10822"}],"version-history":[{"count":1,"href":"https:\/\/lavras.tv\/site\/wp-json\/wp\/v2\/posts\/10822\/revisions"}],"predecessor-version":[{"id":10827,"href":"https:\/\/lavras.tv\/site\/wp-json\/wp\/v2\/posts\/10822\/revisions\/10827"}],"wp:featuredmedia":[{"embeddable":true,"href":"https:\/\/lavras.tv\/site\/wp-json\/wp\/v2\/media\/10824"}],"wp:attachment":[{"href":"https:\/\/lavras.tv\/site\/wp-json\/wp\/v2\/media?parent=10822"}],"wp:term":[{"taxonomy":"category","embeddable":true,"href":"https:\/\/lavras.tv\/site\/wp-json\/wp\/v2\/categories?post=10822"},{"taxonomy":"post_tag","embeddable":true,"href":"https:\/\/lavras.tv\/site\/wp-json\/wp\/v2\/tags?post=10822"}],"curies":[{"name":"wp","href":"https:\/\/api.w.org\/{rel}","templated":true}]}}