{"id":11204,"date":"2017-08-11T08:54:42","date_gmt":"2017-08-11T11:54:42","guid":{"rendered":"http:\/\/lavras.tv\/site\/?p=11204"},"modified":"2017-08-11T08:54:42","modified_gmt":"2017-08-11T11:54:42","slug":"camara-municipal-de-lavras-completa-185-anos-e-divulga-programacao-comemorativa","status":"publish","type":"post","link":"https:\/\/lavras.tv\/site\/2017\/08\/11\/camara-municipal-de-lavras-completa-185-anos-e-divulga-programacao-comemorativa\/","title":{"rendered":"C\u00e2mara Municipal de Lavras completa 185 anos e divulga programa\u00e7\u00e3o comemorativa"},"content":{"rendered":"<div class=\"lavra-antes-do-conteudo_2\" id=\"lavra-1865051769\"><div id=\"lavra-slider-27\" class=\"custom-slider lavra-slider-2903445863 lavra-slider\"><ul><li><div style=\"margin-left: auto;margin-right: auto;text-align: center;\" id=\"lavra-1287554465\"><a href=\"https:\/\/sistemas.lavras.mg.gov.br\/portalcidadao\/#df1b1a7c7b2a290bcb31e32771e610784662739a88807c0dacac58ede5f391a7530e299dc302d611ee73cb143fc22eaf93592e53e7b5bdb01b00a0b8d28dae460c141dd2ff83412e4dc1c31b16b25f33144a9e5620ea73b13f5bc1c59411d98439ad226e8af03840603796067d87afe130812cf3de24982d0e306f9e61e764e5\" aria-label=\"Lavras-TV&#8211;720x104px (1) (1)\"><img src=\"https:\/\/lavras.tv\/site\/wp-content\/uploads\/2025\/01\/Lavras-TV-720x104px-1-1.png\" alt=\"\"  srcset=\"https:\/\/lavras.tv\/site\/wp-content\/uploads\/2025\/01\/Lavras-TV-720x104px-1-1.png 720w, https:\/\/lavras.tv\/site\/wp-content\/uploads\/2025\/01\/Lavras-TV-720x104px-1-1-470x68.png 470w, https:\/\/lavras.tv\/site\/wp-content\/uploads\/2025\/01\/Lavras-TV-720x104px-1-1-170x25.png 170w, https:\/\/lavras.tv\/site\/wp-content\/uploads\/2025\/01\/Lavras-TV-720x104px-1-1-200x29.png 200w\" sizes=\"(max-width: 720px) 100vw, 720px\" width=\"720\" height=\"104\"  style=\"display: inline-block;\" \/><\/a><\/div><\/li><li><a href=\"https:\/\/sistemas.lavras.mg.gov.br\/portalcidadao\/#df1b1a7c7b2a290bcb31e32771e610784662739a88807c0dacac58ede5f391a7530e299dc302d611ee73cb143fc22eaf93592e53e7b5bdb01b00a0b8d28dae460c141dd2ff83412e4dc1c31b16b25f33144a9e5620ea73b13f5bc1c59411d98439ad226e8af03840603796067d87afe130812cf3de24982d0e306f9e61e764e5\" aria-label=\"Banner_Emprego_PortallavrasTV\"><img src=\"https:\/\/lavras.tv\/site\/wp-content\/uploads\/2025\/03\/Banner_Emprego_PortallavrasTV.png\" alt=\"\"  srcset=\"https:\/\/lavras.tv\/site\/wp-content\/uploads\/2025\/03\/Banner_Emprego_PortallavrasTV.png 720w, https:\/\/lavras.tv\/site\/wp-content\/uploads\/2025\/03\/Banner_Emprego_PortallavrasTV-470x68.png 470w, https:\/\/lavras.tv\/site\/wp-content\/uploads\/2025\/03\/Banner_Emprego_PortallavrasTV-170x25.png 170w, https:\/\/lavras.tv\/site\/wp-content\/uploads\/2025\/03\/Banner_Emprego_PortallavrasTV-200x29.png 200w\" sizes=\"(max-width: 720px) 100vw, 720px\" width=\"720\" height=\"104\"   \/><\/a><\/li><li><a href=\"https:\/\/sistemas.lavras.mg.gov.br\/portalcidadao\/#df1b1a7c7b2a290bcb31e32771e610784662739a88807c0dacac58ede5f391a7530e299dc302d611ee73cb143fc22eaf93592e53e7b5bdb01b00a0b8d28dae460c141dd2ff83412e4dc1c31b16b25f33144a9e5620ea73b13f5bc1c59411d98439ad226e8af03840603796067d87afe130812cf3de24982d0e306f9e61e764e5\" aria-label=\"Banner_Obras_PortallavrasTV\"><img src=\"https:\/\/lavras.tv\/site\/wp-content\/uploads\/2025\/03\/Banner_Obras_PortallavrasTV.png\" alt=\"\"  srcset=\"https:\/\/lavras.tv\/site\/wp-content\/uploads\/2025\/03\/Banner_Obras_PortallavrasTV.png 720w, https:\/\/lavras.tv\/site\/wp-content\/uploads\/2025\/03\/Banner_Obras_PortallavrasTV-470x68.png 470w, https:\/\/lavras.tv\/site\/wp-content\/uploads\/2025\/03\/Banner_Obras_PortallavrasTV-170x25.png 170w, https:\/\/lavras.tv\/site\/wp-content\/uploads\/2025\/03\/Banner_Obras_PortallavrasTV-200x29.png 200w\" sizes=\"(max-width: 720px) 100vw, 720px\" width=\"720\" height=\"104\"   \/><\/a><\/li><li><div style=\"margin-left: auto;margin-right: auto;text-align: center;\" id=\"lavra-3797353517\"><a href=\"https:\/\/sistemas.lavras.mg.gov.br\/portalcidadao\/#df1b1a7c7b2a290bcb31e32771e610784662739a88807c0dacac58ede5f391a7530e299dc302d611ee73cb143fc22eaf93592e53e7b5bdb01b00a0b8d28dae460c141dd2ff83412e4dc1c31b16b25f33144a9e5620ea73b13f5bc1c59411d98439ad226e8af03840603796067d87afe130812cf3de24982d0e306f9e61e764e5\" aria-label=\"Banner_Educa\u00e7\u00e3o_PortallavrasTV\"><img src=\"https:\/\/lavras.tv\/site\/wp-content\/uploads\/2025\/01\/Banner_Educacao_PortallavrasTV.png\" alt=\"\"  srcset=\"https:\/\/lavras.tv\/site\/wp-content\/uploads\/2025\/01\/Banner_Educacao_PortallavrasTV.png 720w, https:\/\/lavras.tv\/site\/wp-content\/uploads\/2025\/01\/Banner_Educacao_PortallavrasTV-470x68.png 470w, https:\/\/lavras.tv\/site\/wp-content\/uploads\/2025\/01\/Banner_Educacao_PortallavrasTV-170x25.png 170w, https:\/\/lavras.tv\/site\/wp-content\/uploads\/2025\/01\/Banner_Educacao_PortallavrasTV-200x29.png 200w\" sizes=\"(max-width: 720px) 100vw, 720px\" width=\"720\" height=\"104\"  style=\"display: inline-block;\" \/><\/a><\/div><\/li><li><a href=\"https:\/\/sistemas.lavras.mg.gov.br\/portalcidadao\/#df1b1a7c7b2a290bcb31e32771e610784662739a88807c0dacac58ede5f391a7530e299dc302d611ee73cb143fc22eaf93592e53e7b5bdb01b00a0b8d28dae460c141dd2ff83412e4dc1c31b16b25f33144a9e5620ea73b13f5bc1c59411d98439ad226e8af03840603796067d87afe130812cf3de24982d0e306f9e61e764e5\" aria-label=\"Banner_Sa\u00fade_PortallavrasTV\"><img src=\"https:\/\/lavras.tv\/site\/wp-content\/uploads\/2025\/03\/Banner_Saude_PortallavrasTV.png\" alt=\"\"  srcset=\"https:\/\/lavras.tv\/site\/wp-content\/uploads\/2025\/03\/Banner_Saude_PortallavrasTV.png 720w, https:\/\/lavras.tv\/site\/wp-content\/uploads\/2025\/03\/Banner_Saude_PortallavrasTV-470x68.png 470w, https:\/\/lavras.tv\/site\/wp-content\/uploads\/2025\/03\/Banner_Saude_PortallavrasTV-170x25.png 170w, https:\/\/lavras.tv\/site\/wp-content\/uploads\/2025\/03\/Banner_Saude_PortallavrasTV-200x29.png 200w\" sizes=\"(max-width: 720px) 100vw, 720px\" width=\"720\" height=\"104\"   \/><\/a><\/li><li><div id=\"lavra-3868554446\" style=\"width:720px;height:104px;background-color:#ddd;overflow:scroll;\">\n\t<strong>Sa\u00edda da depura\u00e7\u00e3o de an\u00fancios<\/strong>\n\t<br><br>\n\tO an\u00fancio n\u00e3o \u00e9 exibido na p\u00e1gina<br><br>post atual: C\u00e2mara Municipal de Lavras completa 185 anos e divulga programa\u00e7\u00e3o comemorativa, ID: 11204<br><br><span style=\"color: red;\">O post atual n\u00e3o \u00e9 id\u00eantico ao post principal.<\/span><br><br>An\u00fancios: ROXO - TOPO INTERNA - ROTATIVO 2 (197)<br \/>Grupo de an\u00fancios: Princ_Meio01_720x104 (27)<br><br>Condi\u00e7\u00f5es de exibi\u00e7\u00e3o<div style=\"margin-bottom: 20px; white-space: pre-wrap; font-family: monospace; width: 100%; background: #ffe9e9;\"><strong>condi\u00e7\u00f5es gerais<\/strong><table border=\"1\"><thead><tr><th><\/th><th>An\u00fancios<\/th><th>wp_the_query<\/th><\/tr><\/thead><tr><td>is_main_query<\/td><td>1<\/td><td>1<\/td><\/tr><tr><td>is_rest_api<\/td><td>0<\/td><td>1<\/td><\/tr><tr><td>page<\/td><td>0<\/td><td>1<\/td><\/tr><tr><td>numpages<\/td><td>0<\/td><td>1<\/td><\/tr><tr><td>is_archive<\/td><td>1<\/td><td><\/td><\/tr><tr><td>is_search<\/td><td>1<\/td><td><\/td><\/tr><tr><td>is_home<\/td><td>1<\/td><td><\/td><\/tr><tr><td>is_404<\/td><td>1<\/td><td><\/td><\/tr><tr><td>is_attachment<\/td><td>1<\/td><td><\/td><\/tr><tr><td>is_singular<\/td><td>1<\/td><td><\/td><\/tr><tr><td>is_front_page<\/td><td>1<\/td><td><\/td><\/tr><tr><td>is_feed<\/td><td>1<\/td><td><\/td><\/tr><\/table><\/div><br><br><span style=\"color: red;\">Seu site usa HTTPS, mas o c\u00f3digo do an\u00fancio cont\u00e9m HTTP e pode n\u00e3o funcionar.<\/span>\t<br><br>\n\t<a style=\"color: green;\" href=\"https:\/\/wpadvancedads.com\/manual\/ad-debug-mode\/?utm_source=advanced-ads&utm_medium=link&utm_campaign=ad-debug-mode\" target=\"_blank\" rel=\"nofollow\">Encontre solu\u00e7\u00f5es no manual<\/a>\n<\/div>\n<\/li><\/ul><\/div><script>( window.advanced_ads_ready || jQuery( document ).ready ).call( null, function() {var $lavraslider2903445863 = jQuery( \".lavra-slider-2903445863\" );$lavraslider2903445863.on( \"unslider.ready\", function() { jQuery( \"div.custom-slider ul li\" ).css( \"display\", \"block\" ); });$lavraslider2903445863.unslider({ delay:4000, autoplay:true, nav:false, arrows:false, infinite:true });$lavraslider2903445863.on(\"mouseover\", function() {$lavraslider2903445863.unslider(\"stop\");}).on(\"mouseout\", function() {$lavraslider2903445863.unslider(\"start\");});});<\/script><\/div><p>Confira a programa\u00e7\u00e3o comemorativa aos 185 anos da instala\u00e7\u00e3o da C\u00e2mara Municipal de Lavras.<!--more--><\/p>\n<p><img fetchpriority=\"high\" decoding=\"async\" class=\"alignnone size-full wp-image-6616 aligncenter\" src=\"http:\/\/lavras.tv\/site\/wp-content\/uploads\/2017\/02\/camara-e1487328528682.jpg\" alt=\"camara\" width=\"365\" height=\"276\" srcset=\"https:\/\/lavras.tv\/site\/wp-content\/uploads\/2017\/02\/camara-e1487328528682.jpg 365w, https:\/\/lavras.tv\/site\/wp-content\/uploads\/2017\/02\/camara-e1487328528682-150x113.jpg 150w, https:\/\/lavras.tv\/site\/wp-content\/uploads\/2017\/02\/camara-e1487328528682-300x227.jpg 300w\" sizes=\"(max-width: 365px) 100vw, 365px\" \/><\/p>\n<p><strong>Data: 21\/08\/2017 (Segunda-feira)<\/strong><\/p>\n<p>Reuni\u00e3o Ordin\u00e1ria Solene \u2013 Entrega de Placas de Homenagens<\/p>\n<p>Hor\u00e1rio:\u00a019h<\/p>\n<p>Local: Sede da C\u00e2mara \u2013 Plen\u00e1rio Doutor Orlando Haddad<\/p>\n<p>&nbsp;<\/p>\n<p><strong>Data: 22\/08\/2017 (Ter\u00e7a-feira)<\/strong><\/p>\n<p>Inaugura\u00e7\u00e3o do \u201cMemorial Hist\u00f3rico\u201d com apresenta\u00e7\u00e3o de v\u00eddeos, fotografias e palestra, com participa\u00e7\u00e3o de alunos das Escolas Municipais<\/p>\n<p>Hor\u00e1rio: 8h \u00e0s 7h<\/p>\n<p>Palestrante: Vereador Jo\u00e3o Paulo Felizardo \u2013 Presidente<\/p>\n<p>Local: Sede da C\u00e2mara<\/p>\n<p>&nbsp;<\/p>\n<p><strong>Data: 23\/08\/2017 (Quarta-feira)<\/strong><\/p>\n<p>Visita dos Alunos das Escolas Municipais<\/p>\n<p>Hor\u00e1rio: 8 \u00e0s 15h<\/p>\n<p>Palestrante: Vereadora Cristiane Costa<\/p>\n<p>Local: Sede da C\u00e2mara<\/p>\n<p>&nbsp;<\/p>\n<p><strong>Data: 23\/08\/2017 (Quarta-feira)<\/strong><\/p>\n<p>2\u00aa Gincana do Mais Saber \u2013 participa\u00e7\u00e3o da C\u00e2mara Mirim com o Coordenador Rodrigo Iorio<\/p>\n<p>Hor\u00e1rio: 18h<\/p>\n<p>Local: Sede da C\u00e2mara<\/p>\n<p>&nbsp;<\/p>\n<p><strong>Data: 24\/08\/2017 (Quinta-feira)<\/strong><\/p>\n<p>Visita dos Alunos das Escolas Municipais<\/p>\n<p>Hor\u00e1rio: 8h \u00e0s 12h<\/p>\n<p>Palestrante: Vereador Mestre Grilo \u2013 apresenta\u00e7\u00e3o cultural<\/p>\n<p>Local: Sede da C\u00e2mara<\/p>\n<p>&nbsp;<\/p>\n<p><strong>Data: 24\/08\/2017 (Quinta-feira)<\/strong><\/p>\n<p>Ch\u00e1 Beneficente<\/p>\n<p>Hor\u00e1rio: 17h<\/p>\n<p>*Informa\u00e7\u00f5es pelo telefone (35)3821-6140<\/p>\n<p>&nbsp;<\/p>\n<p><strong>Dia 25\/08\/2017 (Sexta-feira)<\/strong><\/p>\n<p>Visita dos alunos das Escolas Municipais<\/p>\n<p>Palestrante: Vereador Marcos Possato<\/p>\n<p>Local: Sede da C\u00e2mara<\/p>\n<p>&nbsp;<\/p>\n<p><strong>Dia 26\/08\/2017<\/strong><\/p>\n<p>Entrega de T\u00edtulos de Cidadania Honor\u00e1rio e Honra ao M\u00e9rito<\/p>\n<p>Local: Unilavras \u2013 Rua Padre Jos\u00e9 Poggei, n\u00ba 506, Centen\u00e1rio<\/p>\n<p>&nbsp;<\/p>\n<p><b>Homenageados<\/b><\/p>\n<p><b>Diploma de Honra ao M\u00e9rito<\/b><\/p>\n<p>Academia Sa\u00fade Fitness<\/p>\n<p>Academia Thor Fight Club<\/p>\n<p>Ant\u00f4nio M\u00e1rcio Correa<\/p>\n<p>Armaz\u00e9m da Ra\u00e7\u00e3o<\/p>\n<p>Carlos Aberto Silva<\/p>\n<p>Casa de Transforma\u00e7\u00e3o Bet\u00e2nia<\/p>\n<p>Douglas Henrique Fernandes de Almeida<\/p>\n<p>Empresa Copyuai<\/p>\n<p>Evaldo Bastos<\/p>\n<p>Gerson Elieser Cotta<\/p>\n<p>Grupo Escoteiro Acau\u00e3<\/p>\n<p>Grupo Gente do Bem<\/p>\n<p>Jo\u00e3o Carlos Gouv\u00eaa<\/p>\n<p>Jos\u00e9 Carlos Rodrigues<\/p>\n<p>Loja Ma\u00e7\u00f4nica Vinte de Julho n\u00ba 236<\/p>\n<p>Maria Concei\u00e7\u00e3o de Souza<\/p>\n<p>M\u00e1rio da Costa Lima Filho<\/p>\n<p>Mateus Domingos Maria Soares<\/p>\n<p>Nadir Naide Ferreira<\/p>\n<p>Nelson Rog\u00e9rio Barbosa<\/p>\n<p>Rodrigo Lucas Pacheco<\/p>\n<p>Rodrigo Vicente Gualberto<\/p>\n<p>Suyene Carvalho dos Santos<\/p>\n<p>&nbsp;<\/p>\n<p><b>T\u00edtulo de Cidadania Honor\u00e1ria<\/b><\/p>\n<p>Accacio Jos\u00e9 Carvalho Alves<\/p>\n<p>Adilson Ramos<\/p>\n<p>Adriane Coutinho Barbosa Bandeira<\/p>\n<p>Alo\u00edsio Soares de Lima J\u00fanior<\/p>\n<p>\u00c2ngela Faria de Lima J\u00fanior<\/p>\n<p>Ant\u00f4nio Firmino Neto<\/p>\n<p>Carlos Andr\u00e9 Mesquita<\/p>\n<p>Carlos Eduardo Silva Volpato<\/p>\n<p>Cintia Cristina Fernandes<\/p>\n<p>Daniel Eduardo Catanzaro Lacreta<\/p>\n<p>Edna Maria de Almeida Cotta<\/p>\n<p>Espedito Ramiro da Silva<\/p>\n<p>F\u00e1bio Domingues de Jesus<\/p>\n<p>Fl\u00e1vio Brum Lug\u00e3o<\/p>\n<p>Florian Augusto Coutinho Madruga<\/p>\n<p>Galeno Antunes Garcia<\/p>\n<p>Islei Lane Fonseca<\/p>\n<p>Jaqueline Aparecida Fr\u00e1guas<\/p>\n<p>Jeferson Otaviano da Silva \u2013 1\u00ba Sargento<\/p>\n<p>Joana Darc Vieiros Cardoso Brito<\/p>\n<p>Jos\u00e9 Maria de Souza<\/p>\n<p>Jos\u00e9 Roberto Moreira Franco<\/p>\n<p>L\u00e1zaro Emanuel Franco Salles<\/p>\n<p>Leosmar Raimundo Amaral<\/p>\n<p>Luiz Gonzaga Gomes Rodrigues<\/p>\n<p>Marcelo Vilela Guerra<\/p>\n<p>Maria \u00c2ngela Fargnoli Goulart<\/p>\n<p>Maria de F\u00e1tima Vicente Silva<\/p>\n<p>Marlene Maria de Resende Costa<\/p>\n<p>Renato Pereira Nunes<\/p>\n<p>Romara Altino Machado Dias Barbosa<\/p>\n<p>Romero Faria Barcelos<\/p>\n<p>S\u00e9rgio Silva Castanheira<\/p>\n<p>Talles Silva Monteiro<\/p>\n<p>Valdeci Fernandes Rios<\/p>\n<p>Valdeci Zampieri<\/p>\n<p>V\u00e2nia L\u00facia Cordeiro Mendes<\/p>\n<p>Vitor da Silva<\/p>\n<p>&nbsp;<\/p>\n<p><strong>P<\/strong><b>laca de Homenagens<\/b><\/p>\n<p>Alberto Moretti de Souza<\/p>\n<p>\u00c2ngela Aparecida de Paula Emerenciano<\/p>\n<p>Bar do Zez\u00e9<\/p>\n<p>Campanha do Kilo \u2013 Alian\u00e7a Municipal Esp\u00edrita<\/p>\n<p>Dupla Musical Leoni e Rai<\/p>\n<p>Fot\u00f3grafos Amadores de Lavras (FAL)<\/p>\n<p>Giuseppe Di Domenico<\/p>\n<p>Gustavo Oliveira Chalfun<\/p>\n<p>Jamilson de Rezende<\/p>\n<p>Jos\u00e9 Eduardo Carvalho Gomide<\/p>\n<p>Malvina Aparecida Rita<\/p>\n<p>Marcos Cherem<\/p>\n<p>Mariano Teixeira Campos<\/p>\n<p>M\u00fcller Carvalho Ferreira<\/p>\n<p>Nirley Francisco<\/p>\n<p>R\u00e1dio Cultura de Lavras<\/p>\n<p>Restaurante Rancho do Dida<\/p>\n<p>Ricardo Prado<\/p>\n<p>Ricardo Rog\u00e9rio de Brito<\/p>\n<p>Rotary Club de Lavras Sul<\/p>\n<p>Ubiracy Ferreira da Silva<\/p>\n<p>Zilda Murad Venturelli<\/p>\n","protected":false},"excerpt":{"rendered":"<p>Confira a programa\u00e7\u00e3o comemorativa aos 185 anos da instala\u00e7\u00e3o da C\u00e2mara Municipal de Lavras.<\/p>\n","protected":false},"author":2,"featured_media":6616,"comment_status":"closed","ping_status":"open","sticky":false,"template":"","format":"standard","meta":{"advgb_blocks_editor_width":"","advgb_blocks_columns_visual_guide":"","_exactmetrics_skip_tracking":false,"_exactmetrics_sitenote_active":false,"_exactmetrics_sitenote_note":"","_exactmetrics_sitenote_category":0,"footnotes":""},"categories":[7,12],"tags":[3852,2438,1398,34,201],"class_list":["post-11204","post","type-post","status-publish","format-standard","has-post-thumbnail","hentry","category-destaques","category-politica","tag-185-anos","tag-aniversario","tag-camara-municipal","tag-lavras","tag-programacao"],"better_featured_image":{"id":6616,"alt_text":"","caption":"","description":"","media_type":"image","media_details":{"width":365,"height":276,"file":"2017\/02\/camara-e1487328528682.jpg","sizes":{"thumbnail":{"file":"camara-e1487328528682-150x113.jpg","width":150,"height":113,"mime-type":"image\/jpeg","source_url":"https:\/\/lavras.tv\/site\/wp-content\/uploads\/2017\/02\/camara-e1487328528682-150x113.jpg"},"medium":{"file":"camara-e1487328528682-300x227.jpg","width":300,"height":227,"mime-type":"image\/jpeg","source_url":"https:\/\/lavras.tv\/site\/wp-content\/uploads\/2017\/02\/camara-e1487328528682-300x227.jpg"},"featured-post-img":{"file":"camara-480x276.jpg","width":480,"height":276,"mime-type":"image\/jpeg","source_url":"https:\/\/lavras.tv\/site\/wp-content\/uploads\/2017\/02\/camara-480x276.jpg"},"sow-carousel-default":{"file":"camara-e1487328528682-272x182.jpg","width":272,"height":182,"mime-type":"image\/jpeg","source_url":"https:\/\/lavras.tv\/site\/wp-content\/uploads\/2017\/02\/camara-e1487328528682-272x182.jpg"}},"image_meta":{"aperture":"0","credit":"","camera":"","caption":"","created_timestamp":"0","copyright":"","focal_length":"0","iso":"0","shutter_speed":"0","title":"","orientation":"0","keywords":[]}},"post":6615,"source_url":"https:\/\/lavras.tv\/site\/wp-content\/uploads\/2017\/02\/camara-e1487328528682.jpg"},"author_meta":{"display_name":"Lavras TV","author_link":"https:\/\/lavras.tv\/site\/author\/lavrastv\/"},"featured_img":"https:\/\/lavras.tv\/site\/wp-content\/uploads\/2017\/02\/camara-e1487328528682-300x227.jpg","coauthors":[],"tax_additional":{"categories":{"linked":["<a href=\"https:\/\/lavras.tv\/site\/category\/destaques\/\" class=\"advgb-post-tax-term\">Destaques<\/a>","<a href=\"https:\/\/lavras.tv\/site\/category\/politica\/\" class=\"advgb-post-tax-term\">Pol\u00edtica<\/a>"],"unlinked":["<span class=\"advgb-post-tax-term\">Destaques<\/span>","<span class=\"advgb-post-tax-term\">Pol\u00edtica<\/span>"]},"tags":{"linked":["<a href=\"https:\/\/lavras.tv\/site\/category\/politica\/\" class=\"advgb-post-tax-term\">185 anos<\/a>","<a href=\"https:\/\/lavras.tv\/site\/category\/politica\/\" class=\"advgb-post-tax-term\">anivers\u00e1rio<\/a>","<a href=\"https:\/\/lavras.tv\/site\/category\/politica\/\" class=\"advgb-post-tax-term\">C\u00e2mara municipal<\/a>","<a href=\"https:\/\/lavras.tv\/site\/category\/politica\/\" class=\"advgb-post-tax-term\">lavras<\/a>","<a href=\"https:\/\/lavras.tv\/site\/category\/politica\/\" class=\"advgb-post-tax-term\">programa\u00e7\u00e3o<\/a>"],"unlinked":["<span class=\"advgb-post-tax-term\">185 anos<\/span>","<span class=\"advgb-post-tax-term\">anivers\u00e1rio<\/span>","<span class=\"advgb-post-tax-term\">C\u00e2mara municipal<\/span>","<span class=\"advgb-post-tax-term\">lavras<\/span>","<span class=\"advgb-post-tax-term\">programa\u00e7\u00e3o<\/span>"]}},"comment_count":"0","relative_dates":{"created":"Publicado 9 anos atr\u00e1s","modified":"Atualizado 9 anos atr\u00e1s"},"absolute_dates":{"created":"Publicado em 11 de agosto de 2017","modified":"Atualizado em 11 de agosto de 2017"},"absolute_dates_time":{"created":"Publicado em 11 de agosto de 2017 08:54","modified":"Atualizado em 11 de agosto de 2017 08:54"},"featured_img_caption":"","series_order":"","_links":{"self":[{"href":"https:\/\/lavras.tv\/site\/wp-json\/wp\/v2\/posts\/11204","targetHints":{"allow":["GET"]}}],"collection":[{"href":"https:\/\/lavras.tv\/site\/wp-json\/wp\/v2\/posts"}],"about":[{"href":"https:\/\/lavras.tv\/site\/wp-json\/wp\/v2\/types\/post"}],"author":[{"embeddable":true,"href":"https:\/\/lavras.tv\/site\/wp-json\/wp\/v2\/users\/2"}],"replies":[{"embeddable":true,"href":"https:\/\/lavras.tv\/site\/wp-json\/wp\/v2\/comments?post=11204"}],"version-history":[{"count":1,"href":"https:\/\/lavras.tv\/site\/wp-json\/wp\/v2\/posts\/11204\/revisions"}],"predecessor-version":[{"id":11205,"href":"https:\/\/lavras.tv\/site\/wp-json\/wp\/v2\/posts\/11204\/revisions\/11205"}],"wp:featuredmedia":[{"embeddable":true,"href":"https:\/\/lavras.tv\/site\/wp-json\/wp\/v2\/media\/6616"}],"wp:attachment":[{"href":"https:\/\/lavras.tv\/site\/wp-json\/wp\/v2\/media?parent=11204"}],"wp:term":[{"taxonomy":"category","embeddable":true,"href":"https:\/\/lavras.tv\/site\/wp-json\/wp\/v2\/categories?post=11204"},{"taxonomy":"post_tag","embeddable":true,"href":"https:\/\/lavras.tv\/site\/wp-json\/wp\/v2\/tags?post=11204"}],"curies":[{"name":"wp","href":"https:\/\/api.w.org\/{rel}","templated":true}]}}