{"id":1134,"date":"2016-07-27T18:34:50","date_gmt":"2016-07-27T18:34:50","guid":{"rendered":"http:\/\/lavras.tv\/site\/?p=1134"},"modified":"2016-07-27T18:35:36","modified_gmt":"2016-07-27T18:35:36","slug":"ufla-anuncia-concurso-com-16-vagas-para-professor","status":"publish","type":"post","link":"https:\/\/lavras.tv\/site\/2016\/07\/27\/ufla-anuncia-concurso-com-16-vagas-para-professor\/","title":{"rendered":"UFLA anuncia concurso com 16 vagas para professor"},"content":{"rendered":"<div class=\"lavra-antes-do-conteudo_2\" id=\"lavra-1649090171\"><div id=\"lavra-slider-27\" class=\"custom-slider lavra-slider-129729190 lavra-slider\"><ul><li><div style=\"margin-left: auto;margin-right: auto;text-align: center;\" id=\"lavra-615725384\"><a href=\"https:\/\/sistemas.lavras.mg.gov.br\/portalcidadao\/#df1b1a7c7b2a290bcb31e32771e610784662739a88807c0dacac58ede5f391a7530e299dc302d611ee73cb143fc22eaf93592e53e7b5bdb01b00a0b8d28dae460c141dd2ff83412e4dc1c31b16b25f33144a9e5620ea73b13f5bc1c59411d98439ad226e8af03840603796067d87afe130812cf3de24982d0e306f9e61e764e5\" aria-label=\"Lavras-TV&#8211;720x104px (1) (1)\"><img src=\"https:\/\/lavras.tv\/site\/wp-content\/uploads\/2025\/01\/Lavras-TV-720x104px-1-1.png\" alt=\"\"  srcset=\"https:\/\/lavras.tv\/site\/wp-content\/uploads\/2025\/01\/Lavras-TV-720x104px-1-1.png 720w, https:\/\/lavras.tv\/site\/wp-content\/uploads\/2025\/01\/Lavras-TV-720x104px-1-1-470x68.png 470w, https:\/\/lavras.tv\/site\/wp-content\/uploads\/2025\/01\/Lavras-TV-720x104px-1-1-170x25.png 170w, https:\/\/lavras.tv\/site\/wp-content\/uploads\/2025\/01\/Lavras-TV-720x104px-1-1-200x29.png 200w\" sizes=\"(max-width: 720px) 100vw, 720px\" width=\"720\" height=\"104\"  style=\"display: inline-block;\" \/><\/a><\/div><\/li><li><a href=\"https:\/\/sistemas.lavras.mg.gov.br\/portalcidadao\/#df1b1a7c7b2a290bcb31e32771e610784662739a88807c0dacac58ede5f391a7530e299dc302d611ee73cb143fc22eaf93592e53e7b5bdb01b00a0b8d28dae460c141dd2ff83412e4dc1c31b16b25f33144a9e5620ea73b13f5bc1c59411d98439ad226e8af03840603796067d87afe130812cf3de24982d0e306f9e61e764e5\" aria-label=\"Banner_Emprego_PortallavrasTV\"><img src=\"https:\/\/lavras.tv\/site\/wp-content\/uploads\/2025\/03\/Banner_Emprego_PortallavrasTV.png\" alt=\"\"  srcset=\"https:\/\/lavras.tv\/site\/wp-content\/uploads\/2025\/03\/Banner_Emprego_PortallavrasTV.png 720w, https:\/\/lavras.tv\/site\/wp-content\/uploads\/2025\/03\/Banner_Emprego_PortallavrasTV-470x68.png 470w, https:\/\/lavras.tv\/site\/wp-content\/uploads\/2025\/03\/Banner_Emprego_PortallavrasTV-170x25.png 170w, https:\/\/lavras.tv\/site\/wp-content\/uploads\/2025\/03\/Banner_Emprego_PortallavrasTV-200x29.png 200w\" sizes=\"(max-width: 720px) 100vw, 720px\" width=\"720\" height=\"104\"   \/><\/a><\/li><li><a href=\"https:\/\/sistemas.lavras.mg.gov.br\/portalcidadao\/#df1b1a7c7b2a290bcb31e32771e610784662739a88807c0dacac58ede5f391a7530e299dc302d611ee73cb143fc22eaf93592e53e7b5bdb01b00a0b8d28dae460c141dd2ff83412e4dc1c31b16b25f33144a9e5620ea73b13f5bc1c59411d98439ad226e8af03840603796067d87afe130812cf3de24982d0e306f9e61e764e5\" aria-label=\"Banner_Obras_PortallavrasTV\"><img src=\"https:\/\/lavras.tv\/site\/wp-content\/uploads\/2025\/03\/Banner_Obras_PortallavrasTV.png\" alt=\"\"  srcset=\"https:\/\/lavras.tv\/site\/wp-content\/uploads\/2025\/03\/Banner_Obras_PortallavrasTV.png 720w, https:\/\/lavras.tv\/site\/wp-content\/uploads\/2025\/03\/Banner_Obras_PortallavrasTV-470x68.png 470w, https:\/\/lavras.tv\/site\/wp-content\/uploads\/2025\/03\/Banner_Obras_PortallavrasTV-170x25.png 170w, https:\/\/lavras.tv\/site\/wp-content\/uploads\/2025\/03\/Banner_Obras_PortallavrasTV-200x29.png 200w\" sizes=\"(max-width: 720px) 100vw, 720px\" width=\"720\" height=\"104\"   \/><\/a><\/li><li><div style=\"margin-left: auto;margin-right: auto;text-align: center;\" id=\"lavra-4288447730\"><a href=\"https:\/\/sistemas.lavras.mg.gov.br\/portalcidadao\/#df1b1a7c7b2a290bcb31e32771e610784662739a88807c0dacac58ede5f391a7530e299dc302d611ee73cb143fc22eaf93592e53e7b5bdb01b00a0b8d28dae460c141dd2ff83412e4dc1c31b16b25f33144a9e5620ea73b13f5bc1c59411d98439ad226e8af03840603796067d87afe130812cf3de24982d0e306f9e61e764e5\" aria-label=\"Banner_Educa\u00e7\u00e3o_PortallavrasTV\"><img src=\"https:\/\/lavras.tv\/site\/wp-content\/uploads\/2025\/01\/Banner_Educacao_PortallavrasTV.png\" alt=\"\"  srcset=\"https:\/\/lavras.tv\/site\/wp-content\/uploads\/2025\/01\/Banner_Educacao_PortallavrasTV.png 720w, https:\/\/lavras.tv\/site\/wp-content\/uploads\/2025\/01\/Banner_Educacao_PortallavrasTV-470x68.png 470w, https:\/\/lavras.tv\/site\/wp-content\/uploads\/2025\/01\/Banner_Educacao_PortallavrasTV-170x25.png 170w, https:\/\/lavras.tv\/site\/wp-content\/uploads\/2025\/01\/Banner_Educacao_PortallavrasTV-200x29.png 200w\" sizes=\"(max-width: 720px) 100vw, 720px\" width=\"720\" height=\"104\"  style=\"display: inline-block;\" \/><\/a><\/div><\/li><li><a href=\"https:\/\/sistemas.lavras.mg.gov.br\/portalcidadao\/#df1b1a7c7b2a290bcb31e32771e610784662739a88807c0dacac58ede5f391a7530e299dc302d611ee73cb143fc22eaf93592e53e7b5bdb01b00a0b8d28dae460c141dd2ff83412e4dc1c31b16b25f33144a9e5620ea73b13f5bc1c59411d98439ad226e8af03840603796067d87afe130812cf3de24982d0e306f9e61e764e5\" aria-label=\"Banner_Sa\u00fade_PortallavrasTV\"><img src=\"https:\/\/lavras.tv\/site\/wp-content\/uploads\/2025\/03\/Banner_Saude_PortallavrasTV.png\" alt=\"\"  srcset=\"https:\/\/lavras.tv\/site\/wp-content\/uploads\/2025\/03\/Banner_Saude_PortallavrasTV.png 720w, https:\/\/lavras.tv\/site\/wp-content\/uploads\/2025\/03\/Banner_Saude_PortallavrasTV-470x68.png 470w, https:\/\/lavras.tv\/site\/wp-content\/uploads\/2025\/03\/Banner_Saude_PortallavrasTV-170x25.png 170w, https:\/\/lavras.tv\/site\/wp-content\/uploads\/2025\/03\/Banner_Saude_PortallavrasTV-200x29.png 200w\" sizes=\"(max-width: 720px) 100vw, 720px\" width=\"720\" height=\"104\"   \/><\/a><\/li><li><div id=\"lavra-3645082983\" style=\"width:720px;height:104px;background-color:#ddd;overflow:scroll;\">\n\t<strong>Sa\u00edda da depura\u00e7\u00e3o de an\u00fancios<\/strong>\n\t<br><br>\n\tO an\u00fancio n\u00e3o \u00e9 exibido na p\u00e1gina<br><br>post atual: UFLA anuncia concurso com 16 vagas para professor, ID: 1134<br><br><span style=\"color: red;\">O post atual n\u00e3o \u00e9 id\u00eantico ao post principal.<\/span><br><br>An\u00fancios: ROXO - TOPO INTERNA - ROTATIVO 2 (197)<br \/>Grupo de an\u00fancios: Princ_Meio01_720x104 (27)<br><br>Condi\u00e7\u00f5es de exibi\u00e7\u00e3o<div style=\"margin-bottom: 20px; white-space: pre-wrap; font-family: monospace; width: 100%; background: #ffe9e9;\"><strong>condi\u00e7\u00f5es gerais<\/strong><table border=\"1\"><thead><tr><th><\/th><th>An\u00fancios<\/th><th>wp_the_query<\/th><\/tr><\/thead><tr><td>is_main_query<\/td><td>1<\/td><td>1<\/td><\/tr><tr><td>is_rest_api<\/td><td>0<\/td><td>1<\/td><\/tr><tr><td>page<\/td><td>0<\/td><td>1<\/td><\/tr><tr><td>numpages<\/td><td>0<\/td><td>1<\/td><\/tr><tr><td>is_archive<\/td><td>1<\/td><td><\/td><\/tr><tr><td>is_search<\/td><td>1<\/td><td><\/td><\/tr><tr><td>is_home<\/td><td>1<\/td><td><\/td><\/tr><tr><td>is_404<\/td><td>1<\/td><td><\/td><\/tr><tr><td>is_attachment<\/td><td>1<\/td><td><\/td><\/tr><tr><td>is_singular<\/td><td>1<\/td><td><\/td><\/tr><tr><td>is_front_page<\/td><td>1<\/td><td><\/td><\/tr><tr><td>is_feed<\/td><td>1<\/td><td><\/td><\/tr><\/table><\/div><br><br><span style=\"color: red;\">Seu site usa HTTPS, mas o c\u00f3digo do an\u00fancio cont\u00e9m HTTP e pode n\u00e3o funcionar.<\/span>\t<br><br>\n\t<a style=\"color: green;\" href=\"https:\/\/wpadvancedads.com\/manual\/ad-debug-mode\/?utm_source=advanced-ads&utm_medium=link&utm_campaign=ad-debug-mode\" target=\"_blank\" rel=\"nofollow\">Encontre solu\u00e7\u00f5es no manual<\/a>\n<\/div>\n<\/li><\/ul><\/div><script>( window.advanced_ads_ready || jQuery( document ).ready ).call( null, function() {var $lavraslider129729190 = jQuery( \".lavra-slider-129729190\" );$lavraslider129729190.on( \"unslider.ready\", function() { jQuery( \"div.custom-slider ul li\" ).css( \"display\", \"block\" ); });$lavraslider129729190.unslider({ delay:4000, autoplay:true, nav:false, arrows:false, infinite:true });$lavraslider129729190.on(\"mouseover\", function() {$lavraslider129729190.unslider(\"stop\");}).on(\"mouseout\", function() {$lavraslider129729190.unslider(\"start\");});});<\/script><\/div><p>A Universidade Federal de Lavras vai abrir na pr\u00f3xima segunda-feira, 1\u00ba de agosto, as inscri\u00e7\u00f5es de um processo seletivo com 16 vagas para professor substituto. <!--more-->As oportunidades s\u00e3o em 13 departamentos da UFLA. As inscri\u00e7\u00f5es v\u00e3o at\u00e9 o dia 10 de agosto e ser\u00e3o feitas apenas pela internet no site <a href=\"http:\/\/www.prgdp.ufla.br\/selecao\"><strong>www.prgdp.ufla.br\/selecao<\/strong><\/a> e a taxa \u00e9 de 100 reais.\u00a0<img decoding=\"async\" class=\"wp-image-841 alignleft\" src=\"http:\/\/lavras.tv\/site\/wp-content\/uploads\/2016\/07\/concursoufla.jpg\" alt=\"concursoufla\" width=\"241\" height=\"164\" srcset=\"https:\/\/lavras.tv\/site\/wp-content\/uploads\/2016\/07\/concursoufla.jpg 765w, https:\/\/lavras.tv\/site\/wp-content\/uploads\/2016\/07\/concursoufla-150x102.jpg 150w, https:\/\/lavras.tv\/site\/wp-content\/uploads\/2016\/07\/concursoufla-300x204.jpg 300w\" sizes=\"(max-width: 241px) 100vw, 241px\" \/><\/p>\n<p>A sele\u00e7\u00e3o ser\u00e1 por meio\u00a0de prova did\u00e1tica e prova de t\u00edtulos (que constar\u00e1 da aprecia\u00e7\u00e3o do curr\u00edculo comprovado (c\u00f3pias simples) do candidato, entregue \u00e0 Banca Examinadora na data e hora marcada para o sorteio do tema da prova did\u00e1tica).<\/p>\n<p>Mais informa\u00e7\u00f5es o candidato consegue na Coordenadoria de Sele\u00e7\u00e3o da Pr\u00f3-Reitoria de Gest\u00e3o e Desenvolvimento de Pessoas (PRGDP), pelo telefone (35) 3829-1146, ou na \u00edntegra do Edital.<\/p>\n<p><a href=\"http:\/\/www.prgdp.ufla.br\/site\/wp-content\/uploads\/2016\/07\/edital_79-2016.pdf\"><strong>Acesse aqui o edital do processo seletivo \u2013 Edital PRGDP 79\/2016<\/strong><\/a><\/p>\n<p>&nbsp;<\/p>\n","protected":false},"excerpt":{"rendered":"<p>A Universidade Federal de Lavras vai abrir na pr\u00f3xima segunda-feira, 1\u00ba de agosto, as inscri\u00e7\u00f5es de um processo seletivo com 16 vagas para professor substituto.<\/p>\n","protected":false},"author":2,"featured_media":841,"comment_status":"closed","ping_status":"open","sticky":false,"template":"","format":"standard","meta":{"advgb_blocks_editor_width":"","advgb_blocks_columns_visual_guide":"","_exactmetrics_skip_tracking":false,"_exactmetrics_sitenote_active":false,"_exactmetrics_sitenote_note":"","_exactmetrics_sitenote_category":0,"footnotes":""},"categories":[7,2],"tags":[],"class_list":["post-1134","post","type-post","status-publish","format-standard","has-post-thumbnail","hentry","category-destaques","category-noticias"],"better_featured_image":{"id":841,"alt_text":"","caption":"","description":"","media_type":"image","media_details":{"width":765,"height":521,"file":"2016\/07\/concursoufla.jpg","sizes":{"thumbnail":{"file":"concursoufla-150x102.jpg","width":150,"height":102,"mime-type":"image\/jpeg","source_url":"https:\/\/lavras.tv\/site\/wp-content\/uploads\/2016\/07\/concursoufla-150x102.jpg"},"medium":{"file":"concursoufla-300x204.jpg","width":300,"height":204,"mime-type":"image\/jpeg","source_url":"https:\/\/lavras.tv\/site\/wp-content\/uploads\/2016\/07\/concursoufla-300x204.jpg"},"featured-slider-img":{"file":"concursoufla-640x480.jpg","width":640,"height":480,"mime-type":"image\/jpeg","source_url":"https:\/\/lavras.tv\/site\/wp-content\/uploads\/2016\/07\/concursoufla-640x480.jpg"},"featured-post-img":{"file":"concursoufla-480x320.jpg","width":480,"height":320,"mime-type":"image\/jpeg","source_url":"https:\/\/lavras.tv\/site\/wp-content\/uploads\/2016\/07\/concursoufla-480x320.jpg"},"sow-carousel-default":{"file":"concursoufla-272x182.jpg","width":272,"height":182,"mime-type":"image\/jpeg","source_url":"https:\/\/lavras.tv\/site\/wp-content\/uploads\/2016\/07\/concursoufla-272x182.jpg"}},"image_meta":{"aperture":"0","credit":"Tobias","camera":"","caption":"","created_timestamp":"1404208831","copyright":"","focal_length":"0","iso":"0","shutter_speed":"0","title":"","orientation":"0","keywords":[]}},"post":840,"source_url":"https:\/\/lavras.tv\/site\/wp-content\/uploads\/2016\/07\/concursoufla.jpg"},"author_meta":{"display_name":"Lavras TV","author_link":"https:\/\/lavras.tv\/site\/author\/lavrastv\/"},"featured_img":"https:\/\/lavras.tv\/site\/wp-content\/uploads\/2016\/07\/concursoufla-300x204.jpg","coauthors":[],"tax_additional":{"categories":{"linked":["<a href=\"https:\/\/lavras.tv\/site\/category\/destaques\/\" class=\"advgb-post-tax-term\">Destaques<\/a>","<a href=\"https:\/\/lavras.tv\/site\/category\/noticias\/\" class=\"advgb-post-tax-term\">Not\u00edcias<\/a>"],"unlinked":["<span class=\"advgb-post-tax-term\">Destaques<\/span>","<span class=\"advgb-post-tax-term\">Not\u00edcias<\/span>"]}},"comment_count":"0","relative_dates":{"created":"Publicado 10 anos atr\u00e1s","modified":"Atualizado 10 anos atr\u00e1s"},"absolute_dates":{"created":"Publicado em 27 de julho de 2016","modified":"Atualizado em 27 de julho de 2016"},"absolute_dates_time":{"created":"Publicado em 27 de julho de 2016 18:34","modified":"Atualizado em 27 de julho de 2016 18:35"},"featured_img_caption":"","series_order":"","_links":{"self":[{"href":"https:\/\/lavras.tv\/site\/wp-json\/wp\/v2\/posts\/1134","targetHints":{"allow":["GET"]}}],"collection":[{"href":"https:\/\/lavras.tv\/site\/wp-json\/wp\/v2\/posts"}],"about":[{"href":"https:\/\/lavras.tv\/site\/wp-json\/wp\/v2\/types\/post"}],"author":[{"embeddable":true,"href":"https:\/\/lavras.tv\/site\/wp-json\/wp\/v2\/users\/2"}],"replies":[{"embeddable":true,"href":"https:\/\/lavras.tv\/site\/wp-json\/wp\/v2\/comments?post=1134"}],"version-history":[{"count":2,"href":"https:\/\/lavras.tv\/site\/wp-json\/wp\/v2\/posts\/1134\/revisions"}],"predecessor-version":[{"id":1136,"href":"https:\/\/lavras.tv\/site\/wp-json\/wp\/v2\/posts\/1134\/revisions\/1136"}],"wp:featuredmedia":[{"embeddable":true,"href":"https:\/\/lavras.tv\/site\/wp-json\/wp\/v2\/media\/841"}],"wp:attachment":[{"href":"https:\/\/lavras.tv\/site\/wp-json\/wp\/v2\/media?parent=1134"}],"wp:term":[{"taxonomy":"category","embeddable":true,"href":"https:\/\/lavras.tv\/site\/wp-json\/wp\/v2\/categories?post=1134"},{"taxonomy":"post_tag","embeddable":true,"href":"https:\/\/lavras.tv\/site\/wp-json\/wp\/v2\/tags?post=1134"}],"curies":[{"name":"wp","href":"https:\/\/api.w.org\/{rel}","templated":true}]}}