{"id":11349,"date":"2017-08-21T08:45:35","date_gmt":"2017-08-21T11:45:35","guid":{"rendered":"http:\/\/lavras.tv\/site\/?p=11349"},"modified":"2017-08-21T08:45:35","modified_gmt":"2017-08-21T11:45:35","slug":"depois-de-temer-aecio-tambem-nega-que-governo-interfira-em-assuntos-do-psdb","status":"publish","type":"post","link":"https:\/\/lavras.tv\/site\/2017\/08\/21\/depois-de-temer-aecio-tambem-nega-que-governo-interfira-em-assuntos-do-psdb\/","title":{"rendered":"Depois de Temer, A\u00e9cio tamb\u00e9m nega que governo interfira em assuntos do PSDB"},"content":{"rendered":"<div class=\"lavra-antes-do-conteudo_2\" id=\"lavra-3821586642\"><div id=\"lavra-slider-27\" class=\"custom-slider lavra-slider-852774957 lavra-slider\"><ul><li><div style=\"margin-left: auto;margin-right: auto;text-align: center;\" id=\"lavra-1972593658\"><a href=\"https:\/\/sistemas.lavras.mg.gov.br\/portalcidadao\/#df1b1a7c7b2a290bcb31e32771e610784662739a88807c0dacac58ede5f391a7530e299dc302d611ee73cb143fc22eaf93592e53e7b5bdb01b00a0b8d28dae460c141dd2ff83412e4dc1c31b16b25f33144a9e5620ea73b13f5bc1c59411d98439ad226e8af03840603796067d87afe130812cf3de24982d0e306f9e61e764e5\" aria-label=\"Lavras-TV&#8211;720x104px (1) (1)\"><img src=\"https:\/\/lavras.tv\/site\/wp-content\/uploads\/2025\/01\/Lavras-TV-720x104px-1-1.png\" alt=\"\"  srcset=\"https:\/\/lavras.tv\/site\/wp-content\/uploads\/2025\/01\/Lavras-TV-720x104px-1-1.png 720w, https:\/\/lavras.tv\/site\/wp-content\/uploads\/2025\/01\/Lavras-TV-720x104px-1-1-470x68.png 470w, https:\/\/lavras.tv\/site\/wp-content\/uploads\/2025\/01\/Lavras-TV-720x104px-1-1-170x25.png 170w, https:\/\/lavras.tv\/site\/wp-content\/uploads\/2025\/01\/Lavras-TV-720x104px-1-1-200x29.png 200w\" sizes=\"(max-width: 720px) 100vw, 720px\" width=\"720\" height=\"104\"  style=\"display: inline-block;\" \/><\/a><\/div><\/li><li><a href=\"https:\/\/sistemas.lavras.mg.gov.br\/portalcidadao\/#df1b1a7c7b2a290bcb31e32771e610784662739a88807c0dacac58ede5f391a7530e299dc302d611ee73cb143fc22eaf93592e53e7b5bdb01b00a0b8d28dae460c141dd2ff83412e4dc1c31b16b25f33144a9e5620ea73b13f5bc1c59411d98439ad226e8af03840603796067d87afe130812cf3de24982d0e306f9e61e764e5\" aria-label=\"Banner_Emprego_PortallavrasTV\"><img src=\"https:\/\/lavras.tv\/site\/wp-content\/uploads\/2025\/03\/Banner_Emprego_PortallavrasTV.png\" alt=\"\"  srcset=\"https:\/\/lavras.tv\/site\/wp-content\/uploads\/2025\/03\/Banner_Emprego_PortallavrasTV.png 720w, https:\/\/lavras.tv\/site\/wp-content\/uploads\/2025\/03\/Banner_Emprego_PortallavrasTV-470x68.png 470w, https:\/\/lavras.tv\/site\/wp-content\/uploads\/2025\/03\/Banner_Emprego_PortallavrasTV-170x25.png 170w, https:\/\/lavras.tv\/site\/wp-content\/uploads\/2025\/03\/Banner_Emprego_PortallavrasTV-200x29.png 200w\" sizes=\"(max-width: 720px) 100vw, 720px\" width=\"720\" height=\"104\"   \/><\/a><\/li><li><a href=\"https:\/\/sistemas.lavras.mg.gov.br\/portalcidadao\/#df1b1a7c7b2a290bcb31e32771e610784662739a88807c0dacac58ede5f391a7530e299dc302d611ee73cb143fc22eaf93592e53e7b5bdb01b00a0b8d28dae460c141dd2ff83412e4dc1c31b16b25f33144a9e5620ea73b13f5bc1c59411d98439ad226e8af03840603796067d87afe130812cf3de24982d0e306f9e61e764e5\" aria-label=\"Banner_Obras_PortallavrasTV\"><img src=\"https:\/\/lavras.tv\/site\/wp-content\/uploads\/2025\/03\/Banner_Obras_PortallavrasTV.png\" alt=\"\"  srcset=\"https:\/\/lavras.tv\/site\/wp-content\/uploads\/2025\/03\/Banner_Obras_PortallavrasTV.png 720w, https:\/\/lavras.tv\/site\/wp-content\/uploads\/2025\/03\/Banner_Obras_PortallavrasTV-470x68.png 470w, https:\/\/lavras.tv\/site\/wp-content\/uploads\/2025\/03\/Banner_Obras_PortallavrasTV-170x25.png 170w, https:\/\/lavras.tv\/site\/wp-content\/uploads\/2025\/03\/Banner_Obras_PortallavrasTV-200x29.png 200w\" sizes=\"(max-width: 720px) 100vw, 720px\" width=\"720\" height=\"104\"   \/><\/a><\/li><li><div style=\"margin-left: auto;margin-right: auto;text-align: center;\" id=\"lavra-3949072047\"><a href=\"https:\/\/sistemas.lavras.mg.gov.br\/portalcidadao\/#df1b1a7c7b2a290bcb31e32771e610784662739a88807c0dacac58ede5f391a7530e299dc302d611ee73cb143fc22eaf93592e53e7b5bdb01b00a0b8d28dae460c141dd2ff83412e4dc1c31b16b25f33144a9e5620ea73b13f5bc1c59411d98439ad226e8af03840603796067d87afe130812cf3de24982d0e306f9e61e764e5\" aria-label=\"Banner_Educa\u00e7\u00e3o_PortallavrasTV\"><img src=\"https:\/\/lavras.tv\/site\/wp-content\/uploads\/2025\/01\/Banner_Educacao_PortallavrasTV.png\" alt=\"\"  srcset=\"https:\/\/lavras.tv\/site\/wp-content\/uploads\/2025\/01\/Banner_Educacao_PortallavrasTV.png 720w, https:\/\/lavras.tv\/site\/wp-content\/uploads\/2025\/01\/Banner_Educacao_PortallavrasTV-470x68.png 470w, https:\/\/lavras.tv\/site\/wp-content\/uploads\/2025\/01\/Banner_Educacao_PortallavrasTV-170x25.png 170w, https:\/\/lavras.tv\/site\/wp-content\/uploads\/2025\/01\/Banner_Educacao_PortallavrasTV-200x29.png 200w\" sizes=\"(max-width: 720px) 100vw, 720px\" width=\"720\" height=\"104\"  style=\"display: inline-block;\" \/><\/a><\/div><\/li><li><a href=\"https:\/\/sistemas.lavras.mg.gov.br\/portalcidadao\/#df1b1a7c7b2a290bcb31e32771e610784662739a88807c0dacac58ede5f391a7530e299dc302d611ee73cb143fc22eaf93592e53e7b5bdb01b00a0b8d28dae460c141dd2ff83412e4dc1c31b16b25f33144a9e5620ea73b13f5bc1c59411d98439ad226e8af03840603796067d87afe130812cf3de24982d0e306f9e61e764e5\" aria-label=\"Banner_Sa\u00fade_PortallavrasTV\"><img src=\"https:\/\/lavras.tv\/site\/wp-content\/uploads\/2025\/03\/Banner_Saude_PortallavrasTV.png\" alt=\"\"  srcset=\"https:\/\/lavras.tv\/site\/wp-content\/uploads\/2025\/03\/Banner_Saude_PortallavrasTV.png 720w, https:\/\/lavras.tv\/site\/wp-content\/uploads\/2025\/03\/Banner_Saude_PortallavrasTV-470x68.png 470w, https:\/\/lavras.tv\/site\/wp-content\/uploads\/2025\/03\/Banner_Saude_PortallavrasTV-170x25.png 170w, https:\/\/lavras.tv\/site\/wp-content\/uploads\/2025\/03\/Banner_Saude_PortallavrasTV-200x29.png 200w\" sizes=\"(max-width: 720px) 100vw, 720px\" width=\"720\" height=\"104\"   \/><\/a><\/li><li><div id=\"lavra-4091992360\" style=\"width:720px;height:104px;background-color:#ddd;overflow:scroll;\">\n\t<strong>Sa\u00edda da depura\u00e7\u00e3o de an\u00fancios<\/strong>\n\t<br><br>\n\tO an\u00fancio n\u00e3o \u00e9 exibido na p\u00e1gina<br><br>post atual: Depois de Temer, A\u00e9cio tamb\u00e9m nega que governo interfira em assuntos do PSDB, ID: 11349<br><br><span style=\"color: red;\">O post atual n\u00e3o \u00e9 id\u00eantico ao post principal.<\/span><br><br>An\u00fancios: ROXO - TOPO INTERNA - ROTATIVO 2 (197)<br \/>Grupo de an\u00fancios: Princ_Meio01_720x104 (27)<br><br>Condi\u00e7\u00f5es de exibi\u00e7\u00e3o<div style=\"margin-bottom: 20px; white-space: pre-wrap; font-family: monospace; width: 100%; background: #ffe9e9;\"><strong>condi\u00e7\u00f5es gerais<\/strong><table border=\"1\"><thead><tr><th><\/th><th>An\u00fancios<\/th><th>wp_the_query<\/th><\/tr><\/thead><tr><td>is_main_query<\/td><td>1<\/td><td>1<\/td><\/tr><tr><td>is_rest_api<\/td><td>0<\/td><td>1<\/td><\/tr><tr><td>page<\/td><td>0<\/td><td>1<\/td><\/tr><tr><td>numpages<\/td><td>0<\/td><td>1<\/td><\/tr><tr><td>is_archive<\/td><td>1<\/td><td><\/td><\/tr><tr><td>is_search<\/td><td>1<\/td><td><\/td><\/tr><tr><td>is_home<\/td><td>1<\/td><td><\/td><\/tr><tr><td>is_404<\/td><td>1<\/td><td><\/td><\/tr><tr><td>is_attachment<\/td><td>1<\/td><td><\/td><\/tr><tr><td>is_singular<\/td><td>1<\/td><td><\/td><\/tr><tr><td>is_front_page<\/td><td>1<\/td><td><\/td><\/tr><tr><td>is_feed<\/td><td>1<\/td><td><\/td><\/tr><\/table><\/div><br><br><span style=\"color: red;\">Seu site usa HTTPS, mas o c\u00f3digo do an\u00fancio cont\u00e9m HTTP e pode n\u00e3o funcionar.<\/span>\t<br><br>\n\t<a style=\"color: green;\" href=\"https:\/\/wpadvancedads.com\/manual\/ad-debug-mode\/?utm_source=advanced-ads&utm_medium=link&utm_campaign=ad-debug-mode\" target=\"_blank\" rel=\"nofollow\">Encontre solu\u00e7\u00f5es no manual<\/a>\n<\/div>\n<\/li><\/ul><\/div><script>( window.advanced_ads_ready || jQuery( document ).ready ).call( null, function() {var $lavraslider852774957 = jQuery( \".lavra-slider-852774957\" );$lavraslider852774957.on( \"unslider.ready\", function() { jQuery( \"div.custom-slider ul li\" ).css( \"display\", \"block\" ); });$lavraslider852774957.unslider({ delay:4000, autoplay:true, nav:false, arrows:false, infinite:true });$lavraslider852774957.on(\"mouseover\", function() {$lavraslider852774957.unslider(\"stop\");}).on(\"mouseout\", function() {$lavraslider852774957.unslider(\"start\");});});<\/script><\/div><div class=\"mc-column content-text active-extra-styles active-capital-letter\" data-block-type=\"unstyled\" data-block-weight=\"44\">\n<p class=\"content-text__container theme-color-primary-first-letter\" data-track-category=\"Link no Texto\" data-track-links=\"\">Ap\u00f3s o presidente Michel Temer afirmar que\u00a0n\u00e3o interfere em assuntos internos de outros partidos, o senador A\u00e9cio Neves (PSDB-MG) divulgou nota na noite deste domingo (20) na qual nega qualquer tipo de interfer\u00eancia do governo ou do presidente nas quest\u00f5es internas do PSDB.<\/p>\n<\/div>\n<p><!--more--><\/p>\n<div class=\"mc-column content-text active-extra-styles \" data-block-type=\"unstyled\" data-block-weight=\"25\">\n<p class=\"content-text__container \" data-track-category=\"Link no Texto\" data-track-links=\"\">De acordo com a colunista do G1 Andr\u00e9ia Sadi, Temer chamou A\u00e9cio na noite da \u00faltima sexta-feira (18) para uma reuni\u00e3o no Pal\u00e1cio do Jaburu.<\/p>\n<p class=\"content-text__container \" data-track-category=\"Link no Texto\" data-track-links=\"\"><img fetchpriority=\"high\" decoding=\"async\" class=\"alignnone size-full wp-image-11350 aligncenter\" src=\"http:\/\/lavras.tv\/site\/wp-content\/uploads\/2017\/08\/aecio-temer.jpg\" alt=\"aecio temer\" width=\"645\" height=\"388\" srcset=\"https:\/\/lavras.tv\/site\/wp-content\/uploads\/2017\/08\/aecio-temer.jpg 645w, https:\/\/lavras.tv\/site\/wp-content\/uploads\/2017\/08\/aecio-temer-150x90.jpg 150w, https:\/\/lavras.tv\/site\/wp-content\/uploads\/2017\/08\/aecio-temer-300x180.jpg 300w\" sizes=\"(max-width: 645px) 100vw, 645px\" \/><\/p>\n<\/div>\n<div class=\"mc-column content-text active-extra-styles \" data-block-type=\"unstyled\" data-block-weight=\"34\">\n<p class=\"content-text__container \" data-track-category=\"Link no Texto\" data-track-links=\"\">Segundo o Blog da Andr\u00e9ia Sadi, preocupado com as cr\u00edticas ao governo lideradas pelo presidente interino da sigla, senador Tasso Jereissati (CE), Temer articula com A\u00e9cio uma opera\u00e7\u00e3o para\u00a0esvaziar o grupo de Tasso.<\/p>\n<\/div>\n<div class=\"mc-column content-text active-extra-styles \" data-block-type=\"unstyled\" data-block-weight=\"28\">\n<p class=\"content-text__container \" data-track-category=\"Link no Texto\" data-track-links=\"\">A estrat\u00e9gia de Temer, segundo a colunista, \u00e9 incentivar A\u00e9cio Neves a retomar o comando do partido. Assim, ele indicaria um novo interino para a presid\u00eancia, isolando Tasso.<\/p>\n<\/div>\n<div class=\"mc-column content-text active-extra-styles \" data-block-type=\"unstyled\" data-block-weight=\"64\">\n<p class=\"content-text__container \" data-track-category=\"Link no Texto\" data-track-links=\"\">&#8220;O senador A\u00e9cio Neves tratou de assuntos de interesse da Cemig no \u00faltimo encontro com o presidente da Rep\u00fablica. O senador afirma que o PSDB tem responsabilidade para com a estabilidade pol\u00edtica e a recupera\u00e7\u00e3o econ\u00f4mica do pa\u00eds, o que torna natural que lideran\u00e7as do partido tenham conversas com o presidente e membros do governo&#8221;, disse A\u00e9cio por meio de sua assessoria de imprensa.<\/p>\n<\/div>\n<div class=\"mc-column content-text active-extra-styles \" data-block-type=\"unstyled\" data-block-weight=\"27\">\n<p class=\"content-text__container \" data-track-category=\"Link no Texto\" data-track-links=\"\">&#8220;Estranho seria se isso n\u00e3o ocorresse. Quanto \u00e0s quest\u00f5es internas do PSDB, essas s\u00e3o discutidas internamente, sem qualquer participa\u00e7\u00e3o do governo ou do presidente&#8221;, concluiu o tucano.<\/p>\n<\/div>\n<div class=\"mc-column content-text active-extra-styles\" data-block-type=\"raw\" data-block-weight=\"3\">\n<div class=\"content-intertitle\">\n<h2>Crise no PSDB<\/h2>\n<\/div>\n<\/div>\n<div class=\"mc-column content-text active-extra-styles \" data-block-type=\"unstyled\" data-block-weight=\"21\">\n<p class=\"content-text__container \" data-track-category=\"Link no Texto\" data-track-links=\"\">A crise interna no PSDB se agravou ap\u00f3s a\u00a0propaganda exibida em cadeia nacional de TV pelo partido\u00a0na quinta (17).<\/p>\n<\/div>\n<div class=\"mc-column content-text active-extra-styles \" data-block-type=\"unstyled\" data-block-weight=\"42\">\n<p class=\"content-text__container \" data-track-category=\"Link no Texto\" data-track-links=\"\">No v\u00eddeo, de dez minutos, a legenda diz que errou ao aceitar como &#8220;natural&#8221; a troca de favores individuais em preju\u00edzo da &#8220;verdadeira necessidade do cidad\u00e3o brasileiro&#8221;. A propaganda tamb\u00e9m criticou o &#8220;presidencialismo de coopta\u00e7\u00e3o&#8221; e defendeu a ado\u00e7\u00e3o do sistema parlamentarista.<\/p>\n<\/div>\n<div class=\"mc-column content-text active-extra-styles \" data-block-type=\"unstyled\" data-block-weight=\"40\">\n<p class=\"content-text__container \" data-track-category=\"Link no Texto\" data-track-links=\"\">O conte\u00fado da propaganda gerou cr\u00edticas entre tucanos. Os ministros peessedebistas Aloysio Nunes (Rela\u00e7\u00f5es Exteriores) e Antonio Imbassahy (Secretaria de Governo), por exemplo, afirmaram que a pe\u00e7a publicit\u00e1ria foi um &#8220;tiro no p\u00e9&#8221; do PSDB e &#8220;ofendeu fortemente&#8221; o partido.<\/p>\n<\/div>\n<div class=\"content-ads content-ads--reveal\"><\/div>\n<div class=\"mc-column content-text active-extra-styles \" data-block-type=\"unstyled\" data-block-weight=\"14\">\n<p class=\"content-text__container \" data-track-category=\"Link no Texto\" data-track-links=\"\">J\u00e1 Tasso afirmou que\u00a0n\u00e3o se arrepende &#8220;de nada&#8221;\u00a0sobre o tom da propaganda.<\/p>\n<\/div>\n<div class=\"mc-column content-text active-extra-styles \" data-block-type=\"unstyled\" data-block-weight=\"54\">\n<p class=\"content-text__container \" data-track-category=\"Link no Texto\" data-track-links=\"\">&#8220;Eu sou o presidente interino. Enquanto eu for o presidente interino, eu dou a orienta\u00e7\u00e3o. [&#8230;] O partido n\u00e3o est\u00e1 rachado, todos os partidos hoje s\u00e3o rachados no sentido de que t\u00eam posi\u00e7\u00f5es divergentes. N\u00e3o existe pensamento \u00fanico. Pensamento \u00fanico, s\u00f3 no partido comunista&#8221;, afirmou Tasso na sexta, ap\u00f3s ser questionado sobre o assunto.<\/p>\n<\/div>\n<div class=\"mc-column content-text active-extra-styles\" data-block-type=\"raw\" data-block-weight=\"3\">\n<div class=\"content-intertitle\">\n<h2>Troca de farpas<\/h2>\n<\/div>\n<\/div>\n<div class=\"mc-column content-media content-media--normal content-photo\" data-block-type=\"backstage-photo\">\n<div class=\"content-media__container\">\n<div class=\"content-media__image-centered\">\n<div class=\"progressive-img can-open-lightbox\" data-min-size=\"1008x530\" data-min-size-url=\"https:\/\/s2.glbimg.com\/bq16S9r9qO7ReJ3E250-ZiliQg8=\/0x0:473x249\/1008x0\/smart\/filters:strip_icc()\/i.s3.glbimg.com\/v1\/AUTH_59edd422c0c84a879bd37670ae4f538a\/internal_photos\/bs\/2017\/f\/w\/WeITC6RWSep10tuA5TOg\/covas.jpg\" data-max-size=\"1600x842\" data-max-size-url=\"https:\/\/s2.glbimg.com\/13Ig-lpuJP17dOlbgoBcC4CtnHg=\/0x0:473x249\/1600x0\/smart\/filters:strip_icc()\/i.s3.glbimg.com\/v1\/AUTH_59edd422c0c84a879bd37670ae4f538a\/internal_photos\/bs\/2017\/f\/w\/WeITC6RWSep10tuA5TOg\/covas.jpg\" data-media-index=\"0\">\n<div class=\"placeholder-container\" style=\"text-align: center;\"><\/div>\n<p><img decoding=\"async\" class=\"progressive-draft aligncenter\" title=\"Vereador e presidente do diret\u00f3rio municipal do PSDB em SP, Mario Covas Neto critica encontro de A\u00e9cio com Temer (Foto: Reprodu\u00e7\u00e3o\/Facebook)\" src=\"data:image\/jpeg;base64,\/9j\/4AAQSkZJRgABAQAAAQABAAD\/2wBDAAMCAgMCAgMDAwMEAwMEBQgFBQQEBQoHBwYIDAoMDAsKCwsNDhIQDQ4RDgsLEBYQERMUFRUVDA8XGBYUGBIUFRT\/2wBDAQMEBAUEBQkFBQkUDQsNFBQUFBQUFBQUFBQUFBQUFBQUFBQUFBQUFBQUFBQUFBQUFBQUFBQUFBQUFBQUFBQUFBT\/wgARCAANABkDASIAAhEBAxEB\/8QAFwABAQEBAAAAAAAAAAAAAAAABAUDCP\/EABQBAQAAAAAAAAAAAAAAAAAAAAD\/2gAMAwEAAhADEAAAAeiVD0HOj1z\/xAAbEAACAwADAAAAAAAAAAAAAAABAwACERIhMf\/aAAgBAQABBQLtdqPZga3dEZ7oAXl2cRP\/xAAUEQEAAAAAAAAAAAAAAAAAAAAQ\/9oACAEDAQE\/AT\/\/xAAUEQEAAAAAAAAAAAAAAAAAAAAQ\/9oACAECAQE\/AT\/\/xAAfEAACAQMFAQAAAAAAAAAAAAABAgARIZEQEiIxMkH\/2gAIAQEABj8CexarE8jKKggqq50a32eFxAuxMToT\/8QAHhAAAgICAgMAAAAAAAAAAAAAAAERITHxQWFx4fD\/2gAIAQEAAT8hUhk4xx14KCElzsdiSm\/jOxDpOg7HNuFfsLCCbnc1h\/\/aAAwDAQACAAMAAAAQts\/\/xAAVEQEBAAAAAAAAAAAAAAAAAAAQYf\/aAAgBAwEBPxCn\/8QAFREBAQAAAAAAAAAAAAAAAAAAEGH\/2gAIAQIBAT8Qh\/\/EAB0QAQACAgIDAAAAAAAAAAAAAAERIQAxQVEQYfH\/2gAIAQEAAT8QI6+REugRFCDjvCCTYEgXduDVOBRo55Xn1TF6yDb2+8EHbmRWZt7ViAgm4wj4U\/\/Z\" alt=\"Vereador e presidente do diret\u00f3rio municipal do PSDB em SP, Mario Covas Neto critica encontro de A\u00e9cio com Temer (Foto: Reprodu\u00e7\u00e3o\/Facebook)\" \/><picture><source srcset=\"https:\/\/s2.glbimg.com\/z5_uZfed0Ie4w42OC_m6B0ng-4Q=\/0x0:473x249\/600x0\/smart\/filters:strip_icc()\/i.s3.glbimg.com\/v1\/AUTH_59edd422c0c84a879bd37670ae4f538a\/internal_photos\/bs\/2017\/f\/w\/WeITC6RWSep10tuA5TOg\/covas.jpg 1x, https:\/\/s2.glbimg.com\/RwG4FyEFN5ZcqEpg7JsQs2ZrQIY=\/0x0:473x249\/1200x0\/smart\/filters:strip_icc()\/i.s3.glbimg.com\/v1\/AUTH_59edd422c0c84a879bd37670ae4f538a\/internal_photos\/bs\/2017\/f\/w\/WeITC6RWSep10tuA5TOg\/covas.jpg 2x\" media=\"(max-width: 1024px)\" data-src=\"https:\/\/s2.glbimg.com\/z5_uZfed0Ie4w42OC_m6B0ng-4Q=\/0x0:473x249\/600x0\/smart\/filters:strip_icc()\/i.s3.glbimg.com\/v1\/AUTH_59edd422c0c84a879bd37670ae4f538a\/internal_photos\/bs\/2017\/f\/w\/WeITC6RWSep10tuA5TOg\/covas.jpg 1x, https:\/\/s2.glbimg.com\/RwG4FyEFN5ZcqEpg7JsQs2ZrQIY=\/0x0:473x249\/1200x0\/smart\/filters:strip_icc()\/i.s3.glbimg.com\/v1\/AUTH_59edd422c0c84a879bd37670ae4f538a\/internal_photos\/bs\/2017\/f\/w\/WeITC6RWSep10tuA5TOg\/covas.jpg 2x\" \/><source srcset=\"https:\/\/s2.glbimg.com\/UCC8AbvNL4087GtYywTovc5yLKk=\/0x0:473x249\/640x0\/smart\/filters:strip_icc()\/i.s3.glbimg.com\/v1\/AUTH_59edd422c0c84a879bd37670ae4f538a\/internal_photos\/bs\/2017\/f\/w\/WeITC6RWSep10tuA5TOg\/covas.jpg 1x, https:\/\/s2.glbimg.com\/zuDilNfW_-rSiBL7PUNIZxrXieI=\/0x0:473x249\/1280x0\/smart\/filters:strip_icc()\/i.s3.glbimg.com\/v1\/AUTH_59edd422c0c84a879bd37670ae4f538a\/internal_photos\/bs\/2017\/f\/w\/WeITC6RWSep10tuA5TOg\/covas.jpg 2x\" media=\"(max-width: 1280px)\" data-src=\"https:\/\/s2.glbimg.com\/UCC8AbvNL4087GtYywTovc5yLKk=\/0x0:473x249\/640x0\/smart\/filters:strip_icc()\/i.s3.glbimg.com\/v1\/AUTH_59edd422c0c84a879bd37670ae4f538a\/internal_photos\/bs\/2017\/f\/w\/WeITC6RWSep10tuA5TOg\/covas.jpg 1x, https:\/\/s2.glbimg.com\/zuDilNfW_-rSiBL7PUNIZxrXieI=\/0x0:473x249\/1280x0\/smart\/filters:strip_icc()\/i.s3.glbimg.com\/v1\/AUTH_59edd422c0c84a879bd37670ae4f538a\/internal_photos\/bs\/2017\/f\/w\/WeITC6RWSep10tuA5TOg\/covas.jpg 2x\" \/><source srcset=\"https:\/\/s2.glbimg.com\/QD2zjYNa9xZSAoDASJ0wlXsvSdY=\/0x0:473x249\/984x0\/smart\/filters:strip_icc()\/i.s3.glbimg.com\/v1\/AUTH_59edd422c0c84a879bd37670ae4f538a\/internal_photos\/bs\/2017\/f\/w\/WeITC6RWSep10tuA5TOg\/covas.jpg 1x, https:\/\/s2.glbimg.com\/CS3hi34xd2QKzIg8By-lShqr7dI=\/0x0:473x249\/1968x0\/smart\/filters:strip_icc()\/i.s3.glbimg.com\/v1\/AUTH_59edd422c0c84a879bd37670ae4f538a\/internal_photos\/bs\/2017\/f\/w\/WeITC6RWSep10tuA5TOg\/covas.jpg 2x\" media=\"(max-width: 1360px)\" data-src=\"https:\/\/s2.glbimg.com\/QD2zjYNa9xZSAoDASJ0wlXsvSdY=\/0x0:473x249\/984x0\/smart\/filters:strip_icc()\/i.s3.glbimg.com\/v1\/AUTH_59edd422c0c84a879bd37670ae4f538a\/internal_photos\/bs\/2017\/f\/w\/WeITC6RWSep10tuA5TOg\/covas.jpg 1x, https:\/\/s2.glbimg.com\/CS3hi34xd2QKzIg8By-lShqr7dI=\/0x0:473x249\/1968x0\/smart\/filters:strip_icc()\/i.s3.glbimg.com\/v1\/AUTH_59edd422c0c84a879bd37670ae4f538a\/internal_photos\/bs\/2017\/f\/w\/WeITC6RWSep10tuA5TOg\/covas.jpg 2x\" \/><source srcset=\"https:\/\/s2.glbimg.com\/C8EMfLb76hN_ENPrCW4ZnybxrQM=\/0x0:473x249\/1000x0\/smart\/filters:strip_icc()\/i.s3.glbimg.com\/v1\/AUTH_59edd422c0c84a879bd37670ae4f538a\/internal_photos\/bs\/2017\/f\/w\/WeITC6RWSep10tuA5TOg\/covas.jpg 1x, https:\/\/s2.glbimg.com\/-4nleSZShqDdndKe7HEE8pTk8AQ=\/0x0:473x249\/2000x0\/smart\/filters:strip_icc()\/i.s3.glbimg.com\/v1\/AUTH_59edd422c0c84a879bd37670ae4f538a\/internal_photos\/bs\/2017\/f\/w\/WeITC6RWSep10tuA5TOg\/covas.jpg 2x\" media=\"(min-width: 1361px)\" data-src=\"https:\/\/s2.glbimg.com\/C8EMfLb76hN_ENPrCW4ZnybxrQM=\/0x0:473x249\/1000x0\/smart\/filters:strip_icc()\/i.s3.glbimg.com\/v1\/AUTH_59edd422c0c84a879bd37670ae4f538a\/internal_photos\/bs\/2017\/f\/w\/WeITC6RWSep10tuA5TOg\/covas.jpg 1x, https:\/\/s2.glbimg.com\/-4nleSZShqDdndKe7HEE8pTk8AQ=\/0x0:473x249\/2000x0\/smart\/filters:strip_icc()\/i.s3.glbimg.com\/v1\/AUTH_59edd422c0c84a879bd37670ae4f538a\/internal_photos\/bs\/2017\/f\/w\/WeITC6RWSep10tuA5TOg\/covas.jpg 2x\" \/><source srcset=\"https:\/\/s2.glbimg.com\/QD2zjYNa9xZSAoDASJ0wlXsvSdY=\/0x0:473x249\/984x0\/smart\/filters:strip_icc()\/i.s3.glbimg.com\/v1\/AUTH_59edd422c0c84a879bd37670ae4f538a\/internal_photos\/bs\/2017\/f\/w\/WeITC6RWSep10tuA5TOg\/covas.jpg\" data-src=\"https:\/\/s2.glbimg.com\/QD2zjYNa9xZSAoDASJ0wlXsvSdY=\/0x0:473x249\/984x0\/smart\/filters:strip_icc()\/i.s3.glbimg.com\/v1\/AUTH_59edd422c0c84a879bd37670ae4f538a\/internal_photos\/bs\/2017\/f\/w\/WeITC6RWSep10tuA5TOg\/covas.jpg\" \/><img decoding=\"async\" class=\"image content-media__image progressive-loaded\" title=\"Vereador e presidente do diret\u00f3rio municipal do PSDB em SP, Mario Covas Neto critica encontro de A\u00e9cio com Temer (Foto: Reprodu\u00e7\u00e3o\/Facebook)\" src=\"https:\/\/s2.glbimg.com\/QD2zjYNa9xZSAoDASJ0wlXsvSdY=\/0x0:473x249\/984x0\/smart\/filters:strip_icc()\/i.s3.glbimg.com\/v1\/AUTH_59edd422c0c84a879bd37670ae4f538a\/internal_photos\/bs\/2017\/f\/w\/WeITC6RWSep10tuA5TOg\/covas.jpg\" alt=\"Vereador e presidente do diret\u00f3rio municipal do PSDB em SP, Mario Covas Neto critica encontro de A\u00e9cio com Temer (Foto: Reprodu\u00e7\u00e3o\/Facebook)\" data-src=\"https:\/\/s2.glbimg.com\/QD2zjYNa9xZSAoDASJ0wlXsvSdY=\/0x0:473x249\/984x0\/smart\/filters:strip_icc()\/i.s3.glbimg.com\/v1\/AUTH_59edd422c0c84a879bd37670ae4f538a\/internal_photos\/bs\/2017\/f\/w\/WeITC6RWSep10tuA5TOg\/covas.jpg\" \/><\/picture><\/div>\n<\/div>\n<div class=\"content-media__description-centered \">\n<p class=\"content-media__description\">Ap\u00f3s o encontro de A\u00e9cio com Temer vir a p\u00fablico, o vereador Mario Covas Neto (PSDB-SP), que preside o diret\u00f3rio municipal do partido, divulgou nota para criticar a reuni\u00e3o entre os dois.<\/p>\n<\/div>\n<\/div>\n<\/div>\n<div class=\"mc-column content-text active-extra-styles \" data-block-type=\"unstyled\" data-block-weight=\"31\">\n<p class=\"content-text__container \" data-track-category=\"Link no Texto\" data-track-links=\"\">Segundo Covas Neto, a presen\u00e7a de A\u00e9cio em reuni\u00f5es internas ou p\u00fablicas causa &#8220;desconforto e embara\u00e7os&#8221; ao partido. &#8220;Prove sua inoc\u00eancia, senador, e a\u00ed sim retorne ao partido&#8221;, afirmou o vereador.<\/p>\n<\/div>\n<div class=\"mc-column content-text active-extra-styles \" data-block-type=\"unstyled\" data-block-weight=\"21\">\n<p class=\"content-text__container \" data-track-category=\"Link no Texto\" data-track-links=\"\">Ele disse ainda que, atualmente, s\u00f3 quem pode falar em nome do PSDB \u00e9 o presidente interino da legenda, Tasso Jereissati.<\/p>\n<\/div>\n<div class=\"mc-column content-text active-extra-styles \" data-block-type=\"unstyled\" data-block-weight=\"32\">\n<p class=\"content-text__container \" data-track-category=\"Link no Texto\" data-track-links=\"\">A manifesta\u00e7\u00e3o de Mario Covas Neto causou desconforto na ala do partido mais pr\u00f3xima a A\u00e9cio. O PSDB mineiro, inclusive, divulgou nota em defesa do senador e criticou o &#8220;oportunismo&#8221; do vereador.<\/p>\n<\/div>\n<div class=\"mc-column content-text active-extra-styles \" data-block-type=\"unstyled\" data-block-weight=\"28\">\n<p class=\"content-text__container \" data-track-category=\"Link no Texto\" data-track-links=\"\">Na nota, assinada pelo presidente estadual do PSDB, deputado Domingos S\u00e1vio, o diret\u00f3rio mineiro da sigla afirma que A\u00e9cio tem o direito de se encontrar com quem quiser.<\/p>\n<\/div>\n<div class=\"content-ads content-ads--reveal\"><\/div>\n<div class=\"mc-column content-text active-extra-styles \" data-block-type=\"unstyled\" data-block-weight=\"54\">\n<p class=\"content-text__container \" data-track-category=\"Link no Texto\" data-track-links=\"\">&#8220;Assim como o senador Tasso teve o direito de se encontrar semana passada com o mesmo presidente com uma agenda n\u00e3o conhecida, ou o governador [de S\u00e3o Paulo] Geraldo Alckmin ou o prefeito [da cidade de S\u00e3o Paulo] Jo\u00e3o Doria, que tamb\u00e9m t\u00eam se encontrado regularmente com o presidente Michel Temer&#8221;, diz a nota.<\/p>\n<\/div>\n<div class=\"mc-column content-text active-extra-styles \" data-block-type=\"unstyled\" data-block-weight=\"61\">\n<p class=\"content-text__container \" data-track-category=\"Link no Texto\" data-track-links=\"\">&#8220;Declara\u00e7\u00f5es intempestivas como essa prestam enorme desservi\u00e7o ao partido e ao pa\u00eds. Menos mal que venha de uma figura pouco expressiva como o vereador. Por fim, ele que j\u00e1 foi alvo de acusa\u00e7\u00f5es extremamente graves, que espero sejam injustas, devia ter aprendido que cabe a quem acusa \u00f4nus da prova e n\u00e3o o contr\u00e1rio&#8221;, afirma a nota do PSDB de Minas.<\/p>\n<p class=\"content-text__container \" data-track-category=\"Link no Texto\" data-track-links=\"\">Fonte: G1<\/p>\n<\/div>\n","protected":false},"excerpt":{"rendered":"<p>Ap\u00f3s o presidente Michel Temer afirmar que\u00a0n\u00e3o interfere em assuntos internos de outros partidos, o senador A\u00e9cio Neves (PSDB-MG) divulgou nota na noite deste domingo (20) na qual nega qualquer tipo de interfer\u00eancia do governo ou do presidente nas quest\u00f5es internas do PSDB.<\/p>\n","protected":false},"author":2,"featured_media":11350,"comment_status":"closed","ping_status":"open","sticky":false,"template":"","format":"standard","meta":{"advgb_blocks_editor_width":"","advgb_blocks_columns_visual_guide":"","_exactmetrics_skip_tracking":false,"_exactmetrics_sitenote_active":false,"_exactmetrics_sitenote_note":"","_exactmetrics_sitenote_category":0,"footnotes":""},"categories":[12],"tags":[2023,697,396,3871],"class_list":["post-11349","post","type-post","status-publish","format-standard","has-post-thumbnail","hentry","category-politica","tag-aecio-neves","tag-michel-temer","tag-politica","tag-psdb"],"better_featured_image":{"id":11350,"alt_text":"","caption":"","description":"","media_type":"image","media_details":{"width":645,"height":388,"file":"2017\/08\/aecio-temer.jpg","sizes":{"thumbnail":{"file":"aecio-temer-150x90.jpg","width":150,"height":90,"mime-type":"image\/jpeg","source_url":"https:\/\/lavras.tv\/site\/wp-content\/uploads\/2017\/08\/aecio-temer-150x90.jpg"},"medium":{"file":"aecio-temer-300x180.jpg","width":300,"height":180,"mime-type":"image\/jpeg","source_url":"https:\/\/lavras.tv\/site\/wp-content\/uploads\/2017\/08\/aecio-temer-300x180.jpg"},"featured-slider-img":{"file":"aecio-temer-640x388.jpg","width":640,"height":388,"mime-type":"image\/jpeg","source_url":"https:\/\/lavras.tv\/site\/wp-content\/uploads\/2017\/08\/aecio-temer-640x388.jpg"},"featured-post-img":{"file":"aecio-temer-480x320.jpg","width":480,"height":320,"mime-type":"image\/jpeg","source_url":"https:\/\/lavras.tv\/site\/wp-content\/uploads\/2017\/08\/aecio-temer-480x320.jpg"},"sow-carousel-default":{"file":"aecio-temer-272x182.jpg","width":272,"height":182,"mime-type":"image\/jpeg","source_url":"https:\/\/lavras.tv\/site\/wp-content\/uploads\/2017\/08\/aecio-temer-272x182.jpg"}},"image_meta":{"aperture":"0","credit":"","camera":"","caption":"","created_timestamp":"0","copyright":"","focal_length":"0","iso":"0","shutter_speed":"0","title":"","orientation":"0","keywords":[]}},"post":11349,"source_url":"https:\/\/lavras.tv\/site\/wp-content\/uploads\/2017\/08\/aecio-temer.jpg"},"author_meta":{"display_name":"Lavras TV","author_link":"https:\/\/lavras.tv\/site\/author\/lavrastv\/"},"featured_img":"https:\/\/lavras.tv\/site\/wp-content\/uploads\/2017\/08\/aecio-temer-300x180.jpg","coauthors":[],"tax_additional":{"categories":{"linked":["<a href=\"https:\/\/lavras.tv\/site\/category\/politica\/\" class=\"advgb-post-tax-term\">Pol\u00edtica<\/a>"],"unlinked":["<span class=\"advgb-post-tax-term\">Pol\u00edtica<\/span>"]},"tags":{"linked":["<a href=\"https:\/\/lavras.tv\/site\/category\/politica\/\" class=\"advgb-post-tax-term\">a\u00e9cio neves<\/a>","<a href=\"https:\/\/lavras.tv\/site\/category\/politica\/\" class=\"advgb-post-tax-term\">michel temer<\/a>","<a href=\"https:\/\/lavras.tv\/site\/category\/politica\/\" class=\"advgb-post-tax-term\">pol\u00edtica<\/a>","<a href=\"https:\/\/lavras.tv\/site\/category\/politica\/\" class=\"advgb-post-tax-term\">psdb<\/a>"],"unlinked":["<span class=\"advgb-post-tax-term\">a\u00e9cio neves<\/span>","<span class=\"advgb-post-tax-term\">michel temer<\/span>","<span class=\"advgb-post-tax-term\">pol\u00edtica<\/span>","<span class=\"advgb-post-tax-term\">psdb<\/span>"]}},"comment_count":"0","relative_dates":{"created":"Publicado 9 anos atr\u00e1s","modified":"Atualizado 9 anos atr\u00e1s"},"absolute_dates":{"created":"Publicado em 21 de agosto de 2017","modified":"Atualizado em 21 de agosto de 2017"},"absolute_dates_time":{"created":"Publicado em 21 de agosto de 2017 08:45","modified":"Atualizado em 21 de agosto de 2017 08:45"},"featured_img_caption":"","series_order":"","_links":{"self":[{"href":"https:\/\/lavras.tv\/site\/wp-json\/wp\/v2\/posts\/11349","targetHints":{"allow":["GET"]}}],"collection":[{"href":"https:\/\/lavras.tv\/site\/wp-json\/wp\/v2\/posts"}],"about":[{"href":"https:\/\/lavras.tv\/site\/wp-json\/wp\/v2\/types\/post"}],"author":[{"embeddable":true,"href":"https:\/\/lavras.tv\/site\/wp-json\/wp\/v2\/users\/2"}],"replies":[{"embeddable":true,"href":"https:\/\/lavras.tv\/site\/wp-json\/wp\/v2\/comments?post=11349"}],"version-history":[{"count":1,"href":"https:\/\/lavras.tv\/site\/wp-json\/wp\/v2\/posts\/11349\/revisions"}],"predecessor-version":[{"id":11351,"href":"https:\/\/lavras.tv\/site\/wp-json\/wp\/v2\/posts\/11349\/revisions\/11351"}],"wp:featuredmedia":[{"embeddable":true,"href":"https:\/\/lavras.tv\/site\/wp-json\/wp\/v2\/media\/11350"}],"wp:attachment":[{"href":"https:\/\/lavras.tv\/site\/wp-json\/wp\/v2\/media?parent=11349"}],"wp:term":[{"taxonomy":"category","embeddable":true,"href":"https:\/\/lavras.tv\/site\/wp-json\/wp\/v2\/categories?post=11349"},{"taxonomy":"post_tag","embeddable":true,"href":"https:\/\/lavras.tv\/site\/wp-json\/wp\/v2\/tags?post=11349"}],"curies":[{"name":"wp","href":"https:\/\/api.w.org\/{rel}","templated":true}]}}