{"id":11361,"date":"2017-08-21T09:42:43","date_gmt":"2017-08-21T12:42:43","guid":{"rendered":"http:\/\/lavras.tv\/site\/?p=11361"},"modified":"2017-08-21T09:42:43","modified_gmt":"2017-08-21T12:42:43","slug":"novo-portal-observatorio-do-esporte-reune-indicadores-e-informacoes-de-interesse-da-populacao","status":"publish","type":"post","link":"https:\/\/lavras.tv\/site\/2017\/08\/21\/novo-portal-observatorio-do-esporte-reune-indicadores-e-informacoes-de-interesse-da-populacao\/","title":{"rendered":"Novo portal Observat\u00f3rio do Esporte re\u00fane indicadores e informa\u00e7\u00f5es de interesse da popula\u00e7\u00e3o"},"content":{"rendered":"<div class=\"lavra-antes-do-conteudo_2\" id=\"lavra-1796825197\"><div id=\"lavra-slider-27\" class=\"custom-slider lavra-slider-2142020446 lavra-slider\"><ul><li><div style=\"margin-left: auto;margin-right: auto;text-align: center;\" id=\"lavra-1027338909\"><a href=\"https:\/\/sistemas.lavras.mg.gov.br\/portalcidadao\/#df1b1a7c7b2a290bcb31e32771e610784662739a88807c0dacac58ede5f391a7530e299dc302d611ee73cb143fc22eaf93592e53e7b5bdb01b00a0b8d28dae460c141dd2ff83412e4dc1c31b16b25f33144a9e5620ea73b13f5bc1c59411d98439ad226e8af03840603796067d87afe130812cf3de24982d0e306f9e61e764e5\" aria-label=\"Lavras-TV&#8211;720x104px (1) (1)\"><img src=\"https:\/\/lavras.tv\/site\/wp-content\/uploads\/2025\/01\/Lavras-TV-720x104px-1-1.png\" alt=\"\"  srcset=\"https:\/\/lavras.tv\/site\/wp-content\/uploads\/2025\/01\/Lavras-TV-720x104px-1-1.png 720w, https:\/\/lavras.tv\/site\/wp-content\/uploads\/2025\/01\/Lavras-TV-720x104px-1-1-470x68.png 470w, https:\/\/lavras.tv\/site\/wp-content\/uploads\/2025\/01\/Lavras-TV-720x104px-1-1-170x25.png 170w, https:\/\/lavras.tv\/site\/wp-content\/uploads\/2025\/01\/Lavras-TV-720x104px-1-1-200x29.png 200w\" sizes=\"(max-width: 720px) 100vw, 720px\" width=\"720\" height=\"104\"  style=\"display: inline-block;\" \/><\/a><\/div><\/li><li><a href=\"https:\/\/sistemas.lavras.mg.gov.br\/portalcidadao\/#df1b1a7c7b2a290bcb31e32771e610784662739a88807c0dacac58ede5f391a7530e299dc302d611ee73cb143fc22eaf93592e53e7b5bdb01b00a0b8d28dae460c141dd2ff83412e4dc1c31b16b25f33144a9e5620ea73b13f5bc1c59411d98439ad226e8af03840603796067d87afe130812cf3de24982d0e306f9e61e764e5\" aria-label=\"Banner_Emprego_PortallavrasTV\"><img src=\"https:\/\/lavras.tv\/site\/wp-content\/uploads\/2025\/03\/Banner_Emprego_PortallavrasTV.png\" alt=\"\"  srcset=\"https:\/\/lavras.tv\/site\/wp-content\/uploads\/2025\/03\/Banner_Emprego_PortallavrasTV.png 720w, https:\/\/lavras.tv\/site\/wp-content\/uploads\/2025\/03\/Banner_Emprego_PortallavrasTV-470x68.png 470w, https:\/\/lavras.tv\/site\/wp-content\/uploads\/2025\/03\/Banner_Emprego_PortallavrasTV-170x25.png 170w, https:\/\/lavras.tv\/site\/wp-content\/uploads\/2025\/03\/Banner_Emprego_PortallavrasTV-200x29.png 200w\" sizes=\"(max-width: 720px) 100vw, 720px\" width=\"720\" height=\"104\"   \/><\/a><\/li><li><a href=\"https:\/\/sistemas.lavras.mg.gov.br\/portalcidadao\/#df1b1a7c7b2a290bcb31e32771e610784662739a88807c0dacac58ede5f391a7530e299dc302d611ee73cb143fc22eaf93592e53e7b5bdb01b00a0b8d28dae460c141dd2ff83412e4dc1c31b16b25f33144a9e5620ea73b13f5bc1c59411d98439ad226e8af03840603796067d87afe130812cf3de24982d0e306f9e61e764e5\" aria-label=\"Banner_Obras_PortallavrasTV\"><img src=\"https:\/\/lavras.tv\/site\/wp-content\/uploads\/2025\/03\/Banner_Obras_PortallavrasTV.png\" alt=\"\"  srcset=\"https:\/\/lavras.tv\/site\/wp-content\/uploads\/2025\/03\/Banner_Obras_PortallavrasTV.png 720w, https:\/\/lavras.tv\/site\/wp-content\/uploads\/2025\/03\/Banner_Obras_PortallavrasTV-470x68.png 470w, https:\/\/lavras.tv\/site\/wp-content\/uploads\/2025\/03\/Banner_Obras_PortallavrasTV-170x25.png 170w, https:\/\/lavras.tv\/site\/wp-content\/uploads\/2025\/03\/Banner_Obras_PortallavrasTV-200x29.png 200w\" sizes=\"(max-width: 720px) 100vw, 720px\" width=\"720\" height=\"104\"   \/><\/a><\/li><li><div style=\"margin-left: auto;margin-right: auto;text-align: center;\" id=\"lavra-1902823028\"><a href=\"https:\/\/sistemas.lavras.mg.gov.br\/portalcidadao\/#df1b1a7c7b2a290bcb31e32771e610784662739a88807c0dacac58ede5f391a7530e299dc302d611ee73cb143fc22eaf93592e53e7b5bdb01b00a0b8d28dae460c141dd2ff83412e4dc1c31b16b25f33144a9e5620ea73b13f5bc1c59411d98439ad226e8af03840603796067d87afe130812cf3de24982d0e306f9e61e764e5\" aria-label=\"Banner_Educa\u00e7\u00e3o_PortallavrasTV\"><img src=\"https:\/\/lavras.tv\/site\/wp-content\/uploads\/2025\/01\/Banner_Educacao_PortallavrasTV.png\" alt=\"\"  srcset=\"https:\/\/lavras.tv\/site\/wp-content\/uploads\/2025\/01\/Banner_Educacao_PortallavrasTV.png 720w, https:\/\/lavras.tv\/site\/wp-content\/uploads\/2025\/01\/Banner_Educacao_PortallavrasTV-470x68.png 470w, https:\/\/lavras.tv\/site\/wp-content\/uploads\/2025\/01\/Banner_Educacao_PortallavrasTV-170x25.png 170w, https:\/\/lavras.tv\/site\/wp-content\/uploads\/2025\/01\/Banner_Educacao_PortallavrasTV-200x29.png 200w\" sizes=\"(max-width: 720px) 100vw, 720px\" width=\"720\" height=\"104\"  style=\"display: inline-block;\" \/><\/a><\/div><\/li><li><a href=\"https:\/\/sistemas.lavras.mg.gov.br\/portalcidadao\/#df1b1a7c7b2a290bcb31e32771e610784662739a88807c0dacac58ede5f391a7530e299dc302d611ee73cb143fc22eaf93592e53e7b5bdb01b00a0b8d28dae460c141dd2ff83412e4dc1c31b16b25f33144a9e5620ea73b13f5bc1c59411d98439ad226e8af03840603796067d87afe130812cf3de24982d0e306f9e61e764e5\" aria-label=\"Banner_Sa\u00fade_PortallavrasTV\"><img src=\"https:\/\/lavras.tv\/site\/wp-content\/uploads\/2025\/03\/Banner_Saude_PortallavrasTV.png\" alt=\"\"  srcset=\"https:\/\/lavras.tv\/site\/wp-content\/uploads\/2025\/03\/Banner_Saude_PortallavrasTV.png 720w, https:\/\/lavras.tv\/site\/wp-content\/uploads\/2025\/03\/Banner_Saude_PortallavrasTV-470x68.png 470w, https:\/\/lavras.tv\/site\/wp-content\/uploads\/2025\/03\/Banner_Saude_PortallavrasTV-170x25.png 170w, https:\/\/lavras.tv\/site\/wp-content\/uploads\/2025\/03\/Banner_Saude_PortallavrasTV-200x29.png 200w\" sizes=\"(max-width: 720px) 100vw, 720px\" width=\"720\" height=\"104\"   \/><\/a><\/li><li><div id=\"lavra-4120403510\" style=\"width:720px;height:104px;background-color:#ddd;overflow:scroll;\">\n\t<strong>Sa\u00edda da depura\u00e7\u00e3o de an\u00fancios<\/strong>\n\t<br><br>\n\tO an\u00fancio n\u00e3o \u00e9 exibido na p\u00e1gina<br><br>post atual: Novo portal Observat\u00f3rio do Esporte re\u00fane indicadores e informa\u00e7\u00f5es de interesse da popula\u00e7\u00e3o, ID: 11361<br><br><span style=\"color: red;\">O post atual n\u00e3o \u00e9 id\u00eantico ao post principal.<\/span><br><br>An\u00fancios: ROXO - TOPO INTERNA - ROTATIVO 2 (197)<br \/>Grupo de an\u00fancios: Princ_Meio01_720x104 (27)<br><br>Condi\u00e7\u00f5es de exibi\u00e7\u00e3o<div style=\"margin-bottom: 20px; white-space: pre-wrap; font-family: monospace; width: 100%; background: #ffe9e9;\"><strong>condi\u00e7\u00f5es gerais<\/strong><table border=\"1\"><thead><tr><th><\/th><th>An\u00fancios<\/th><th>wp_the_query<\/th><\/tr><\/thead><tr><td>is_main_query<\/td><td>1<\/td><td>1<\/td><\/tr><tr><td>is_rest_api<\/td><td>0<\/td><td>1<\/td><\/tr><tr><td>page<\/td><td>0<\/td><td>1<\/td><\/tr><tr><td>numpages<\/td><td>0<\/td><td>1<\/td><\/tr><tr><td>is_archive<\/td><td>1<\/td><td><\/td><\/tr><tr><td>is_search<\/td><td>1<\/td><td><\/td><\/tr><tr><td>is_home<\/td><td>1<\/td><td><\/td><\/tr><tr><td>is_404<\/td><td>1<\/td><td><\/td><\/tr><tr><td>is_attachment<\/td><td>1<\/td><td><\/td><\/tr><tr><td>is_singular<\/td><td>1<\/td><td><\/td><\/tr><tr><td>is_front_page<\/td><td>1<\/td><td><\/td><\/tr><tr><td>is_feed<\/td><td>1<\/td><td><\/td><\/tr><\/table><\/div><br><br><span style=\"color: red;\">Seu site usa HTTPS, mas o c\u00f3digo do an\u00fancio cont\u00e9m HTTP e pode n\u00e3o funcionar.<\/span>\t<br><br>\n\t<a style=\"color: green;\" href=\"https:\/\/wpadvancedads.com\/manual\/ad-debug-mode\/?utm_source=advanced-ads&utm_medium=link&utm_campaign=ad-debug-mode\" target=\"_blank\" rel=\"nofollow\">Encontre solu\u00e7\u00f5es no manual<\/a>\n<\/div>\n<\/li><\/ul><\/div><script>( window.advanced_ads_ready || jQuery( document ).ready ).call( null, function() {var $lavraslider2142020446 = jQuery( \".lavra-slider-2142020446\" );$lavraslider2142020446.on( \"unslider.ready\", function() { jQuery( \"div.custom-slider ul li\" ).css( \"display\", \"block\" ); });$lavraslider2142020446.unslider({ delay:4000, autoplay:true, nav:false, arrows:false, infinite:true });$lavraslider2142020446.on(\"mouseover\", function() {$lavraslider2142020446.unslider(\"stop\");}).on(\"mouseout\", function() {$lavraslider2142020446.unslider(\"start\");});});<\/script><\/div><p>J\u00e1 est\u00e1 no ar o novo portal do Observat\u00f3rio do Esporte (<a href=\"http:\/\/www.observatoriodoesporte.mg.gov.br\/\" target=\"_blank\">www.observatoriodoesporte.mg.gov.br<\/a>). <!--more-->Com uma roupagem moderna, o portal passou a disponibilizar, de maneira did\u00e1tica e intuitiva, um leque ainda maior de informa\u00e7\u00f5es para toda a cadeira esportiva em Minas Gerais, que envolve conselheiros, escolas, universidades, empresas, federa\u00e7\u00f5es, entidades sem fins lucrativos, clubes, atletas, t\u00e9cnicos e outros profissionais do esporte.<\/p>\n<p><img fetchpriority=\"high\" decoding=\"async\" class=\"alignnone size-full wp-image-11362 aligncenter\" src=\"http:\/\/lavras.tv\/site\/wp-content\/uploads\/2017\/08\/hoquei_cob.jpg\" alt=\"hoquei_cob\" width=\"622\" height=\"430\" srcset=\"https:\/\/lavras.tv\/site\/wp-content\/uploads\/2017\/08\/hoquei_cob.jpg 622w, https:\/\/lavras.tv\/site\/wp-content\/uploads\/2017\/08\/hoquei_cob-150x104.jpg 150w, https:\/\/lavras.tv\/site\/wp-content\/uploads\/2017\/08\/hoquei_cob-300x207.jpg 300w\" sizes=\"(max-width: 622px) 100vw, 622px\" \/><\/p>\n<p>Na atual vers\u00e3o do Observat\u00f3rio do Esporte o cidad\u00e3o mineiro vai encontrar indicadores e estudos de utilidade p\u00fablica bem como informa\u00e7\u00f5es sobre qualidade de vida e lazer, educa\u00e7\u00e3o esportiva, atividades de alto rendimento e calend\u00e1rio de eventos, por exemplo.<\/p>\n<p>Tamb\u00e9m est\u00e3o listadas no portal oportunidades de aprimoramento profissional e o desempenho de atletas mineiros nas principais competi\u00e7\u00f5es.<\/p>\n<p>\u201cO antigo site focava basicamente na apresenta\u00e7\u00e3o de not\u00edcias, em oportunidades de qualifica\u00e7\u00e3o na cadeia produtiva de esportes e no cadastro de eventos. Essas fun\u00e7\u00f5es continuam e muitas outras foram incorporadas. Al\u00e9m disso, havia uma desatualiza\u00e7\u00e3o tecnol\u00f3gica e de leiaute. Como resultado, n\u00e3o t\u00ednhamos a visibilidade que quer\u00edamos\u201d, esclarece a analista de pol\u00edticas p\u00fablicas esportivas e gestora do Observat\u00f3rio de Esporte, Ana Paula de Jesus.<\/p>\n<p>Repaginado e com conte\u00fado ampliado, o novo Observat\u00f3rio do Esporte tamb\u00e9m traz informa\u00e7\u00f5es sobre os principais projetos do Governo do Estado voltados para a pr\u00e1tica esportiva, como o Bolsa Atleta e Bolsa T\u00e9cnico e a Lei Estadual de Incentivo ao Esporte.<\/p>\n<p>A ideia \u00e9 a de que o portal funcione como um espa\u00e7o de compartilhamento de informa\u00e7\u00f5es, ideias e opini\u00f5es e que consiga mobilizar, al\u00e9m de atletas, t\u00e9cnicos e cidad\u00e3os interessados em atividades f\u00edsicas e de lazer, empresas e entidades que possam apoiar iniciativas de fomento ao esporte.<\/p>\n<p><strong>Trabalho em equipe<\/strong><\/p>\n<p>Antes de conceber o atual modelo do Observat\u00f3rio, uma equipe da\u00a0<a href=\"http:\/\/www.esportes.mg.gov.br\/\" target=\"_blank\">Secretaria de Estado de Esportes (Seesp)<\/a>\u00a0fez um levantamento em 30 outros observat\u00f3rios existentes no pa\u00eds para identificar possibilidades de melhorias.<\/p>\n<p>Na sequ\u00eancia, houve uma grande mobiliza\u00e7\u00e3o de v\u00e1rios setores da secretaria para dar vida ao novo portal. Ao ser desenvolvido internamente, o projeto resultou em uma expressiva economia para os cofres do Estado.<\/p>\n<p>\u201cO novo Observat\u00f3rio foi constru\u00eddo pela nossa equipe t\u00e9cnica, gerando uma economia de quase R$ 300 mil para o Estado. Ele \u00e9 did\u00e1tico e tem a inten\u00e7\u00e3o de disseminar informa\u00e7\u00f5es esportivas, aumentar a visibilidade de a\u00e7\u00f5es e eventos esportivos em todo o estado, de maneira gratuita, al\u00e9m de divulgar oportunidades\u201d, destaca o secret\u00e1rio de Estado de Esportes, Arnaldo Gontijo.<\/p>\n<p><strong>Estrutura do observat\u00f3rio<\/strong><\/p>\n<p>O conte\u00fado do Observat\u00f3rio do Esporte est\u00e1 dividido em seis a\u00e7\u00f5es e quatro eixos tem\u00e1ticos. Conhe\u00e7a em detalhes cada um deles a seguir:<\/p>\n<p><strong>A\u00e7\u00f5es<\/strong><\/p>\n<p>&#8211; Observe: indicadores de utilidade p\u00fablica sobre o esporte.<\/p>\n<p>&#8211; Aprenda: oportunidades de aprimoramento profissional.<\/p>\n<p>&#8211; Programe-Se: calend\u00e1rio de eventos mineiros cadastrados.<\/p>\n<p>&#8211; Apoie: projetos de promo\u00e7\u00e3o e fomento do esporte e da pr\u00e1tica de atividade f\u00edsica em Minas aptos ao apoio de empresas e de pessoas f\u00edsicas.<\/p>\n<p>&#8211; Tor\u00e7a: conquistas de atletas mineiros em competi\u00e7\u00f5es do estado, do pa\u00eds e do mundo.<\/p>\n<p>&#8211; Dialogue: espa\u00e7o de compartilhamento de informa\u00e7\u00f5es, ideias e opini\u00f5es entre interessados e dispostos a contribuir com a difus\u00e3o do esporte em toda sua diversidade, transversalidade e potencial de transforma\u00e7\u00e3o em Minas.<\/p>\n<p><strong>Eixos Tem\u00e1ticos<\/strong><\/p>\n<p><strong>&#8211;\u00a0<\/strong>Gest\u00e3o: apresenta conte\u00fado sobre gest\u00e3o e boas pr\u00e1ticas esportivas, com \u00eanfase em pol\u00edticas p\u00fablicas e legisla\u00e7\u00e3o; gest\u00e3o participativa; nichos e tend\u00eancias de mercado; financiamento e projetos esportivos.<\/p>\n<p><strong>&#8211;\u00a0<\/strong>Sa\u00fade e lazer: exibe conte\u00fado sobre o esporte enquanto fomentador da sa\u00fade, da educa\u00e7\u00e3o, do bem estar, da qualidade de vida, da integra\u00e7\u00e3o social, bem como o esporte enquanto direito de todo cidad\u00e3o.<\/p>\n<p><strong>&#8211;\u00a0<\/strong>Educa\u00e7\u00e3o e forma\u00e7\u00e3o: abrange conte\u00fado sobre o esporte aliado \u00e0 educa\u00e7\u00e3o escolar enquanto instrumento da forma\u00e7\u00e3o integral do indiv\u00edduo, do exerc\u00edcio da cidadania e da inclus\u00e3o social e tamb\u00e9m voltado ao fomento e aquisi\u00e7\u00e3o inicial dos conhecimentos desportivos que buscam a compet\u00eancia t\u00e9cnica na interven\u00e7\u00e3o esportiva.<\/p>\n<p><strong>&#8211;\u00a0<\/strong>Alto rendimento: contempla conte\u00fado relativo ao esporte praticado segundo regras de entidades associativas de modalidades esportivas nacionais e internacionais, altamente seletivo, competitivo e focado em resultados.<\/p>\n<p>Fonte: Ag\u00eancia Minas<\/p>\n","protected":false},"excerpt":{"rendered":"<p>J\u00e1 est\u00e1 no ar o novo portal do Observat\u00f3rio do Esporte (www.observatoriodoesporte.mg.gov.br).<\/p>\n","protected":false},"author":2,"featured_media":11362,"comment_status":"closed","ping_status":"open","sticky":false,"template":"","format":"standard","meta":{"advgb_blocks_editor_width":"","advgb_blocks_columns_visual_guide":"","_exactmetrics_skip_tracking":false,"_exactmetrics_sitenote_active":false,"_exactmetrics_sitenote_note":"","_exactmetrics_sitenote_category":0,"footnotes":""},"categories":[3],"tags":[],"class_list":["post-11361","post","type-post","status-publish","format-standard","has-post-thumbnail","hentry","category-esportes"],"better_featured_image":{"id":11362,"alt_text":"","caption":"","description":"","media_type":"image","media_details":{"width":622,"height":430,"file":"2017\/08\/hoquei_cob.jpg","sizes":{"thumbnail":{"file":"hoquei_cob-150x104.jpg","width":150,"height":104,"mime-type":"image\/jpeg","source_url":"https:\/\/lavras.tv\/site\/wp-content\/uploads\/2017\/08\/hoquei_cob-150x104.jpg"},"medium":{"file":"hoquei_cob-300x207.jpg","width":300,"height":207,"mime-type":"image\/jpeg","source_url":"https:\/\/lavras.tv\/site\/wp-content\/uploads\/2017\/08\/hoquei_cob-300x207.jpg"},"featured-post-img":{"file":"hoquei_cob-480x320.jpg","width":480,"height":320,"mime-type":"image\/jpeg","source_url":"https:\/\/lavras.tv\/site\/wp-content\/uploads\/2017\/08\/hoquei_cob-480x320.jpg"},"sow-carousel-default":{"file":"hoquei_cob-272x182.jpg","width":272,"height":182,"mime-type":"image\/jpeg","source_url":"https:\/\/lavras.tv\/site\/wp-content\/uploads\/2017\/08\/hoquei_cob-272x182.jpg"}},"image_meta":{"aperture":"0","credit":"","camera":"","caption":"","created_timestamp":"0","copyright":"","focal_length":"0","iso":"0","shutter_speed":"0","title":"","orientation":"1","keywords":[]}},"post":11361,"source_url":"https:\/\/lavras.tv\/site\/wp-content\/uploads\/2017\/08\/hoquei_cob.jpg"},"author_meta":{"display_name":"Lavras TV","author_link":"https:\/\/lavras.tv\/site\/author\/lavrastv\/"},"featured_img":"https:\/\/lavras.tv\/site\/wp-content\/uploads\/2017\/08\/hoquei_cob-300x207.jpg","coauthors":[],"tax_additional":{"categories":{"linked":["<a href=\"https:\/\/lavras.tv\/site\/category\/esportes\/\" class=\"advgb-post-tax-term\">Esportes<\/a>"],"unlinked":["<span class=\"advgb-post-tax-term\">Esportes<\/span>"]}},"comment_count":"0","relative_dates":{"created":"Publicado 9 anos atr\u00e1s","modified":"Atualizado 9 anos atr\u00e1s"},"absolute_dates":{"created":"Publicado em 21 de agosto de 2017","modified":"Atualizado em 21 de agosto de 2017"},"absolute_dates_time":{"created":"Publicado em 21 de agosto de 2017 09:42","modified":"Atualizado em 21 de agosto de 2017 09:42"},"featured_img_caption":"","series_order":"","_links":{"self":[{"href":"https:\/\/lavras.tv\/site\/wp-json\/wp\/v2\/posts\/11361","targetHints":{"allow":["GET"]}}],"collection":[{"href":"https:\/\/lavras.tv\/site\/wp-json\/wp\/v2\/posts"}],"about":[{"href":"https:\/\/lavras.tv\/site\/wp-json\/wp\/v2\/types\/post"}],"author":[{"embeddable":true,"href":"https:\/\/lavras.tv\/site\/wp-json\/wp\/v2\/users\/2"}],"replies":[{"embeddable":true,"href":"https:\/\/lavras.tv\/site\/wp-json\/wp\/v2\/comments?post=11361"}],"version-history":[{"count":1,"href":"https:\/\/lavras.tv\/site\/wp-json\/wp\/v2\/posts\/11361\/revisions"}],"predecessor-version":[{"id":11363,"href":"https:\/\/lavras.tv\/site\/wp-json\/wp\/v2\/posts\/11361\/revisions\/11363"}],"wp:featuredmedia":[{"embeddable":true,"href":"https:\/\/lavras.tv\/site\/wp-json\/wp\/v2\/media\/11362"}],"wp:attachment":[{"href":"https:\/\/lavras.tv\/site\/wp-json\/wp\/v2\/media?parent=11361"}],"wp:term":[{"taxonomy":"category","embeddable":true,"href":"https:\/\/lavras.tv\/site\/wp-json\/wp\/v2\/categories?post=11361"},{"taxonomy":"post_tag","embeddable":true,"href":"https:\/\/lavras.tv\/site\/wp-json\/wp\/v2\/tags?post=11361"}],"curies":[{"name":"wp","href":"https:\/\/api.w.org\/{rel}","templated":true}]}}