{"id":11364,"date":"2017-08-21T09:45:29","date_gmt":"2017-08-21T12:45:29","guid":{"rendered":"http:\/\/lavras.tv\/site\/?p=11364"},"modified":"2017-08-21T09:45:29","modified_gmt":"2017-08-21T12:45:29","slug":"maioria-da-bancada-mineira-esta-indecisa-ou-nao-quer-se-posicionar-sobre-a-reforma-politica","status":"publish","type":"post","link":"https:\/\/lavras.tv\/site\/2017\/08\/21\/maioria-da-bancada-mineira-esta-indecisa-ou-nao-quer-se-posicionar-sobre-a-reforma-politica\/","title":{"rendered":"Maioria da bancada mineira est\u00e1 indecisa ou n\u00e3o quer se posicionar sobre a reforma pol\u00edtica"},"content":{"rendered":"<div class=\"lavra-antes-do-conteudo_2\" id=\"lavra-81445146\"><div id=\"lavra-slider-27\" class=\"custom-slider lavra-slider-1082840403 lavra-slider\"><ul><li><div style=\"margin-left: auto;margin-right: auto;text-align: center;\" id=\"lavra-532531421\"><a href=\"https:\/\/sistemas.lavras.mg.gov.br\/portalcidadao\/#df1b1a7c7b2a290bcb31e32771e610784662739a88807c0dacac58ede5f391a7530e299dc302d611ee73cb143fc22eaf93592e53e7b5bdb01b00a0b8d28dae460c141dd2ff83412e4dc1c31b16b25f33144a9e5620ea73b13f5bc1c59411d98439ad226e8af03840603796067d87afe130812cf3de24982d0e306f9e61e764e5\" aria-label=\"Lavras-TV&#8211;720x104px (1) (1)\"><img src=\"https:\/\/lavras.tv\/site\/wp-content\/uploads\/2025\/01\/Lavras-TV-720x104px-1-1.png\" alt=\"\"  srcset=\"https:\/\/lavras.tv\/site\/wp-content\/uploads\/2025\/01\/Lavras-TV-720x104px-1-1.png 720w, https:\/\/lavras.tv\/site\/wp-content\/uploads\/2025\/01\/Lavras-TV-720x104px-1-1-470x68.png 470w, https:\/\/lavras.tv\/site\/wp-content\/uploads\/2025\/01\/Lavras-TV-720x104px-1-1-170x25.png 170w, https:\/\/lavras.tv\/site\/wp-content\/uploads\/2025\/01\/Lavras-TV-720x104px-1-1-200x29.png 200w\" sizes=\"(max-width: 720px) 100vw, 720px\" width=\"720\" height=\"104\"  style=\"display: inline-block;\" \/><\/a><\/div><\/li><li><a href=\"https:\/\/sistemas.lavras.mg.gov.br\/portalcidadao\/#df1b1a7c7b2a290bcb31e32771e610784662739a88807c0dacac58ede5f391a7530e299dc302d611ee73cb143fc22eaf93592e53e7b5bdb01b00a0b8d28dae460c141dd2ff83412e4dc1c31b16b25f33144a9e5620ea73b13f5bc1c59411d98439ad226e8af03840603796067d87afe130812cf3de24982d0e306f9e61e764e5\" aria-label=\"Banner_Emprego_PortallavrasTV\"><img src=\"https:\/\/lavras.tv\/site\/wp-content\/uploads\/2025\/03\/Banner_Emprego_PortallavrasTV.png\" alt=\"\"  srcset=\"https:\/\/lavras.tv\/site\/wp-content\/uploads\/2025\/03\/Banner_Emprego_PortallavrasTV.png 720w, https:\/\/lavras.tv\/site\/wp-content\/uploads\/2025\/03\/Banner_Emprego_PortallavrasTV-470x68.png 470w, https:\/\/lavras.tv\/site\/wp-content\/uploads\/2025\/03\/Banner_Emprego_PortallavrasTV-170x25.png 170w, https:\/\/lavras.tv\/site\/wp-content\/uploads\/2025\/03\/Banner_Emprego_PortallavrasTV-200x29.png 200w\" sizes=\"(max-width: 720px) 100vw, 720px\" width=\"720\" height=\"104\"   \/><\/a><\/li><li><a href=\"https:\/\/sistemas.lavras.mg.gov.br\/portalcidadao\/#df1b1a7c7b2a290bcb31e32771e610784662739a88807c0dacac58ede5f391a7530e299dc302d611ee73cb143fc22eaf93592e53e7b5bdb01b00a0b8d28dae460c141dd2ff83412e4dc1c31b16b25f33144a9e5620ea73b13f5bc1c59411d98439ad226e8af03840603796067d87afe130812cf3de24982d0e306f9e61e764e5\" aria-label=\"Banner_Obras_PortallavrasTV\"><img src=\"https:\/\/lavras.tv\/site\/wp-content\/uploads\/2025\/03\/Banner_Obras_PortallavrasTV.png\" alt=\"\"  srcset=\"https:\/\/lavras.tv\/site\/wp-content\/uploads\/2025\/03\/Banner_Obras_PortallavrasTV.png 720w, https:\/\/lavras.tv\/site\/wp-content\/uploads\/2025\/03\/Banner_Obras_PortallavrasTV-470x68.png 470w, https:\/\/lavras.tv\/site\/wp-content\/uploads\/2025\/03\/Banner_Obras_PortallavrasTV-170x25.png 170w, https:\/\/lavras.tv\/site\/wp-content\/uploads\/2025\/03\/Banner_Obras_PortallavrasTV-200x29.png 200w\" sizes=\"(max-width: 720px) 100vw, 720px\" width=\"720\" height=\"104\"   \/><\/a><\/li><li><div style=\"margin-left: auto;margin-right: auto;text-align: center;\" id=\"lavra-1684348658\"><a href=\"https:\/\/sistemas.lavras.mg.gov.br\/portalcidadao\/#df1b1a7c7b2a290bcb31e32771e610784662739a88807c0dacac58ede5f391a7530e299dc302d611ee73cb143fc22eaf93592e53e7b5bdb01b00a0b8d28dae460c141dd2ff83412e4dc1c31b16b25f33144a9e5620ea73b13f5bc1c59411d98439ad226e8af03840603796067d87afe130812cf3de24982d0e306f9e61e764e5\" aria-label=\"Banner_Educa\u00e7\u00e3o_PortallavrasTV\"><img src=\"https:\/\/lavras.tv\/site\/wp-content\/uploads\/2025\/01\/Banner_Educacao_PortallavrasTV.png\" alt=\"\"  srcset=\"https:\/\/lavras.tv\/site\/wp-content\/uploads\/2025\/01\/Banner_Educacao_PortallavrasTV.png 720w, https:\/\/lavras.tv\/site\/wp-content\/uploads\/2025\/01\/Banner_Educacao_PortallavrasTV-470x68.png 470w, https:\/\/lavras.tv\/site\/wp-content\/uploads\/2025\/01\/Banner_Educacao_PortallavrasTV-170x25.png 170w, https:\/\/lavras.tv\/site\/wp-content\/uploads\/2025\/01\/Banner_Educacao_PortallavrasTV-200x29.png 200w\" sizes=\"(max-width: 720px) 100vw, 720px\" width=\"720\" height=\"104\"  style=\"display: inline-block;\" \/><\/a><\/div><\/li><li><a href=\"https:\/\/sistemas.lavras.mg.gov.br\/portalcidadao\/#df1b1a7c7b2a290bcb31e32771e610784662739a88807c0dacac58ede5f391a7530e299dc302d611ee73cb143fc22eaf93592e53e7b5bdb01b00a0b8d28dae460c141dd2ff83412e4dc1c31b16b25f33144a9e5620ea73b13f5bc1c59411d98439ad226e8af03840603796067d87afe130812cf3de24982d0e306f9e61e764e5\" aria-label=\"Banner_Sa\u00fade_PortallavrasTV\"><img src=\"https:\/\/lavras.tv\/site\/wp-content\/uploads\/2025\/03\/Banner_Saude_PortallavrasTV.png\" alt=\"\"  srcset=\"https:\/\/lavras.tv\/site\/wp-content\/uploads\/2025\/03\/Banner_Saude_PortallavrasTV.png 720w, https:\/\/lavras.tv\/site\/wp-content\/uploads\/2025\/03\/Banner_Saude_PortallavrasTV-470x68.png 470w, https:\/\/lavras.tv\/site\/wp-content\/uploads\/2025\/03\/Banner_Saude_PortallavrasTV-170x25.png 170w, https:\/\/lavras.tv\/site\/wp-content\/uploads\/2025\/03\/Banner_Saude_PortallavrasTV-200x29.png 200w\" sizes=\"(max-width: 720px) 100vw, 720px\" width=\"720\" height=\"104\"   \/><\/a><\/li><li><div id=\"lavra-2784710560\" style=\"width:720px;height:104px;background-color:#ddd;overflow:scroll;\">\n\t<strong>Sa\u00edda da depura\u00e7\u00e3o de an\u00fancios<\/strong>\n\t<br><br>\n\tO an\u00fancio n\u00e3o \u00e9 exibido na p\u00e1gina<br><br>post atual: Maioria da bancada mineira est\u00e1 indecisa ou n\u00e3o quer se posicionar sobre a reforma pol\u00edtica, ID: 11364<br><br><span style=\"color: red;\">O post atual n\u00e3o \u00e9 id\u00eantico ao post principal.<\/span><br><br>An\u00fancios: ROXO - TOPO INTERNA - ROTATIVO 2 (197)<br \/>Grupo de an\u00fancios: Princ_Meio01_720x104 (27)<br><br>Condi\u00e7\u00f5es de exibi\u00e7\u00e3o<div style=\"margin-bottom: 20px; white-space: pre-wrap; font-family: monospace; width: 100%; background: #ffe9e9;\"><strong>condi\u00e7\u00f5es gerais<\/strong><table border=\"1\"><thead><tr><th><\/th><th>An\u00fancios<\/th><th>wp_the_query<\/th><\/tr><\/thead><tr><td>is_main_query<\/td><td>1<\/td><td>1<\/td><\/tr><tr><td>is_rest_api<\/td><td>0<\/td><td>1<\/td><\/tr><tr><td>page<\/td><td>0<\/td><td>1<\/td><\/tr><tr><td>numpages<\/td><td>0<\/td><td>1<\/td><\/tr><tr><td>is_archive<\/td><td>1<\/td><td><\/td><\/tr><tr><td>is_search<\/td><td>1<\/td><td><\/td><\/tr><tr><td>is_home<\/td><td>1<\/td><td><\/td><\/tr><tr><td>is_404<\/td><td>1<\/td><td><\/td><\/tr><tr><td>is_attachment<\/td><td>1<\/td><td><\/td><\/tr><tr><td>is_singular<\/td><td>1<\/td><td><\/td><\/tr><tr><td>is_front_page<\/td><td>1<\/td><td><\/td><\/tr><tr><td>is_feed<\/td><td>1<\/td><td><\/td><\/tr><\/table><\/div><br><br><span style=\"color: red;\">Seu site usa HTTPS, mas o c\u00f3digo do an\u00fancio cont\u00e9m HTTP e pode n\u00e3o funcionar.<\/span>\t<br><br>\n\t<a style=\"color: green;\" href=\"https:\/\/wpadvancedads.com\/manual\/ad-debug-mode\/?utm_source=advanced-ads&utm_medium=link&utm_campaign=ad-debug-mode\" target=\"_blank\" rel=\"nofollow\">Encontre solu\u00e7\u00f5es no manual<\/a>\n<\/div>\n<\/li><\/ul><\/div><script>( window.advanced_ads_ready || jQuery( document ).ready ).call( null, function() {var $lavraslider1082840403 = jQuery( \".lavra-slider-1082840403\" );$lavraslider1082840403.on( \"unslider.ready\", function() { jQuery( \"div.custom-slider ul li\" ).css( \"display\", \"block\" ); });$lavraslider1082840403.unslider({ delay:4000, autoplay:true, nav:false, arrows:false, infinite:true });$lavraslider1082840403.on(\"mouseover\", function() {$lavraslider1082840403.unslider(\"stop\");}).on(\"mouseout\", function() {$lavraslider1082840403.unslider(\"start\");});});<\/script><\/div><p>Mesmo sem consenso entre os partidos, a C\u00e2mara dos Deputados deve votar nessa semana a proposta de Reforma Pol\u00edtica.<!--more--> Uma sess\u00e3o do plen\u00e1rio com este fim j\u00e1 est\u00e1 marcada para esta ter\u00e7a-feira, quando pode ser, portanto, realizada a vota\u00e7\u00e3o.<\/p>\n<p><img fetchpriority=\"high\" decoding=\"async\" class=\"alignnone size-full wp-image-11365 aligncenter\" src=\"http:\/\/lavras.tv\/site\/wp-content\/uploads\/2017\/08\/deputados.jpg\" alt=\"deputados\" width=\"405\" height=\"272\" srcset=\"https:\/\/lavras.tv\/site\/wp-content\/uploads\/2017\/08\/deputados.jpg 405w, https:\/\/lavras.tv\/site\/wp-content\/uploads\/2017\/08\/deputados-150x101.jpg 150w, https:\/\/lavras.tv\/site\/wp-content\/uploads\/2017\/08\/deputados-300x201.jpg 300w, https:\/\/lavras.tv\/site\/wp-content\/uploads\/2017\/08\/deputados-272x182.jpg 272w\" sizes=\"(max-width: 405px) 100vw, 405px\" \/><\/p>\n<p>A Proposta de Emenda \u00e0 Constitui\u00e7\u00e3o (PEC) prev\u00ea o sistema \u201cdistrit\u00e3o\u201d em 2018 e 2020 e o \u201cdistrital misto\u201d a partir de 2022. Com o \u201cdistrit\u00e3o\u201d cada estado ou munic\u00edpio vira um distrito eleitoral e s\u00e3o eleitos os candidatos mais votados, ou seja, n\u00e3o s\u00e3o levados em conta os votos para o partido ou a coliga\u00e7\u00e3o.<\/p>\n<p>O distrital misto \u00e9 uma mistura do sistema que existe atualmente com o chamado \u201cdistrit\u00e3o\u201d. O eleitor vota duas vezes, uma para candidatos no distrito e outra para a lista dos partidos, metade das vagas vai para os candidatos eleitos por maioria simples e a outra metade \u00e9 preenchida conforme o quociente eleitoral pelos candidatos da lista. Al\u00e9m dessa mudan\u00e7a no sistema eleitoral, a PEC prev\u00ea a cria\u00e7\u00e3o de um fundo especial de campanha mantido com recursos p\u00fablicos.<\/p>\n<p>A proposta tem gerado pol\u00eamica entre os deputados e muitos ainda est\u00e3o indecisos sobre como devem votar. Esta indecis\u00e3o se reflete bem entre os parlamentares mineiros. Em sondagem feita pela R\u00e1dio Itatiaia entre os dias 16 e 18 deste m\u00eas, a maioria da bancada mineira se mostrou indecisa ou n\u00e3o quis se posicionar sobre a atual proposta de Reforma Pol\u00edtica. Dos 53 deputados mineiros, 27 responderam dessa forma. S\u00e3o eles:<\/p>\n<p><strong>Indecisos ou n\u00e3o quiseram se posicionar sobre o assunto:<\/strong><\/p>\n<p>1) Aelton Freitas PR<br \/>\n2) Delegado Edson Moreira PR<br \/>\n3) Diego Andrade PSD<br \/>\n4) Dimas Fabiano PP<br \/>\n5) Domingos S\u00e1vio PSDB<br \/>\n6) Eduardo Barbosa PSDB<br \/>\n7) Franklin Lima PP<br \/>\n8) Gabriel Guimar\u00e3es PT<br \/>\n9) George Hilton PSB<br \/>\n10) Jaime Martins PSD<br \/>\n11) J\u00f4 Moraes PC do B<br \/>\n12) Leonardo Quint\u00e3o PMDB<br \/>\n13) Luiz Tib\u00e9 PT do B<br \/>\n14) Luiz Fernando Faria PP<br \/>\n15) Marcelo Aro PHS<br \/>\n16) Marcus Pestana PSDB<br \/>\n17) Mauro Lopes PMDB<br \/>\n18) Newton Cardoso J\u00fanior PMDB<br \/>\n19) Paulo Abi-Ackel PSDB<br \/>\n20) Raquel Muniz PSD<br \/>\n21) Renato Andrade PP<br \/>\n22) Renzo Braz PP<br \/>\n23) Rodrigo de Castro PSDB<br \/>\n24) Rodrigo Pacheco PMDB<br \/>\n25) Saraiva Felipe PMDB<br \/>\n26) Tenente L\u00facio PSB<br \/>\n27) Toninho Pinheiro PP<\/p>\n<p>Vinte e tr\u00eas deputados, ou 43% da bancada mineira, responder ser contra a atual proposta de Reforma Pol\u00edtica. S\u00e3o eles:<\/p>\n<p><strong>Contra a proposta atual de Reforma Pol\u00edtica:<\/strong><\/p>\n<p>1) Adelmo Carneiro Le\u00e3o PT<br \/>\n2) Ademir Camilo PODEMOS<br \/>\n3) Bilac Pinto PR<br \/>\n4) Brunny PR<br \/>\n5) Caio N\u00e1rcio PSDB<br \/>\n6) D\u00e2mina Pereira PSL<br \/>\n7) Eros Biondini PROS<br \/>\n8) F\u00e1bio Ramalho PMDB<br \/>\n9) J\u00falio Delgado PSB<br \/>\n10) Laud\u00edvio Carvalho SOLIDARIEDADE<br \/>\n11) Leonardo Monteiro PT<br \/>\n12) Lincoln Portela PRB<br \/>\n13) Luzia Ferreira PPS (no lugar de M\u00e1rio Heringer, de licen\u00e7a)<br \/>\n14) Marcelo \u00c1lvaro Ant\u00f4nio PR<br \/>\n15) Margarida Salom\u00e3o PT<br \/>\n16) Misael Varella DEM<br \/>\n17) Padre Jo\u00e3o PT<br \/>\n18) Patrus Ananias PT<br \/>\n19) Reginaldo Lopes PT<br \/>\n20) Stefano Aguiar PSD<br \/>\n21) Subtenente Gonzaga PDT<br \/>\n22) Weliton Prado PMB<br \/>\n23) Z\u00e9 Silva SOLIDARIEDADE<\/p>\n<p>Apenas tr\u00eas deputados mineiros responderam \u00e0 sondagem feita Itatiaia serem favor\u00e1veis \u00e0 atual proposta de reforma pol\u00edtica. S\u00e3o eles:<\/p>\n<p><strong>A favor da proposta atual de Reforma Pol\u00edtica:<\/strong><\/p>\n<p>1) Bonif\u00e1cio de Andrada PSDB<br \/>\n2) Carlos Melles DEM<br \/>\n3) Marcos Montes PSD<\/p>\n<p>Para ser aprovada, a proposta de altera\u00e7\u00e3o na Constitui\u00e7\u00e3o precisa do apoio de ao menos 308 dos 513 deputados, em dois turnos de vota\u00e7\u00e3o. Se receber o aval da C\u00e2mara, ainda precisa ser analisada pelo Senado. Para que as regras possam valer j\u00e1 nas elei\u00e7\u00f5es de 2018, a proposta precisa ser aprovada na C\u00e2mara e no Senado at\u00e9 a primeira semana se outubro.<\/p>\n<p>Fonte: Itatiaia<\/p>\n","protected":false},"excerpt":{"rendered":"<p>Mesmo sem consenso entre os partidos, a C\u00e2mara dos Deputados deve votar nessa semana a proposta de Reforma Pol\u00edtica.<\/p>\n","protected":false},"author":2,"featured_media":11365,"comment_status":"closed","ping_status":"open","sticky":false,"template":"","format":"standard","meta":{"advgb_blocks_editor_width":"","advgb_blocks_columns_visual_guide":"","_exactmetrics_skip_tracking":false,"_exactmetrics_sitenote_active":false,"_exactmetrics_sitenote_note":"","_exactmetrics_sitenote_category":0,"footnotes":""},"categories":[12],"tags":[1296,530,814,3249],"class_list":["post-11364","post","type-post","status-publish","format-standard","has-post-thumbnail","hentry","category-politica","tag-deputados","tag-minas-gerais","tag-reforma-politica","tag-votacao"],"better_featured_image":{"id":11365,"alt_text":"","caption":"","description":"","media_type":"image","media_details":{"width":405,"height":272,"file":"2017\/08\/deputados.jpg","sizes":{"thumbnail":{"file":"deputados-150x101.jpg","width":150,"height":101,"mime-type":"image\/jpeg","source_url":"https:\/\/lavras.tv\/site\/wp-content\/uploads\/2017\/08\/deputados-150x101.jpg"},"medium":{"file":"deputados-300x201.jpg","width":300,"height":201,"mime-type":"image\/jpeg","source_url":"https:\/\/lavras.tv\/site\/wp-content\/uploads\/2017\/08\/deputados-300x201.jpg"},"sow-carousel-default":{"file":"deputados-272x182.jpg","width":272,"height":182,"mime-type":"image\/jpeg","source_url":"https:\/\/lavras.tv\/site\/wp-content\/uploads\/2017\/08\/deputados-272x182.jpg"}},"image_meta":{"aperture":"0","credit":"","camera":"","caption":"","created_timestamp":"0","copyright":"","focal_length":"0","iso":"0","shutter_speed":"0","title":"","orientation":"0","keywords":[]}},"post":11364,"source_url":"https:\/\/lavras.tv\/site\/wp-content\/uploads\/2017\/08\/deputados.jpg"},"author_meta":{"display_name":"Lavras TV","author_link":"https:\/\/lavras.tv\/site\/author\/lavrastv\/"},"featured_img":"https:\/\/lavras.tv\/site\/wp-content\/uploads\/2017\/08\/deputados-300x201.jpg","coauthors":[],"tax_additional":{"categories":{"linked":["<a href=\"https:\/\/lavras.tv\/site\/category\/politica\/\" class=\"advgb-post-tax-term\">Pol\u00edtica<\/a>"],"unlinked":["<span class=\"advgb-post-tax-term\">Pol\u00edtica<\/span>"]},"tags":{"linked":["<a href=\"https:\/\/lavras.tv\/site\/category\/politica\/\" class=\"advgb-post-tax-term\">deputados<\/a>","<a href=\"https:\/\/lavras.tv\/site\/category\/politica\/\" class=\"advgb-post-tax-term\">minas gerais<\/a>","<a href=\"https:\/\/lavras.tv\/site\/category\/politica\/\" class=\"advgb-post-tax-term\">reforma pol\u00edtica<\/a>","<a href=\"https:\/\/lavras.tv\/site\/category\/politica\/\" class=\"advgb-post-tax-term\">vota\u00e7\u00e3o<\/a>"],"unlinked":["<span class=\"advgb-post-tax-term\">deputados<\/span>","<span class=\"advgb-post-tax-term\">minas gerais<\/span>","<span class=\"advgb-post-tax-term\">reforma pol\u00edtica<\/span>","<span class=\"advgb-post-tax-term\">vota\u00e7\u00e3o<\/span>"]}},"comment_count":"0","relative_dates":{"created":"Publicado 9 anos atr\u00e1s","modified":"Atualizado 9 anos atr\u00e1s"},"absolute_dates":{"created":"Publicado em 21 de agosto de 2017","modified":"Atualizado em 21 de agosto de 2017"},"absolute_dates_time":{"created":"Publicado em 21 de agosto de 2017 09:45","modified":"Atualizado em 21 de agosto de 2017 09:45"},"featured_img_caption":"","series_order":"","_links":{"self":[{"href":"https:\/\/lavras.tv\/site\/wp-json\/wp\/v2\/posts\/11364","targetHints":{"allow":["GET"]}}],"collection":[{"href":"https:\/\/lavras.tv\/site\/wp-json\/wp\/v2\/posts"}],"about":[{"href":"https:\/\/lavras.tv\/site\/wp-json\/wp\/v2\/types\/post"}],"author":[{"embeddable":true,"href":"https:\/\/lavras.tv\/site\/wp-json\/wp\/v2\/users\/2"}],"replies":[{"embeddable":true,"href":"https:\/\/lavras.tv\/site\/wp-json\/wp\/v2\/comments?post=11364"}],"version-history":[{"count":1,"href":"https:\/\/lavras.tv\/site\/wp-json\/wp\/v2\/posts\/11364\/revisions"}],"predecessor-version":[{"id":11366,"href":"https:\/\/lavras.tv\/site\/wp-json\/wp\/v2\/posts\/11364\/revisions\/11366"}],"wp:featuredmedia":[{"embeddable":true,"href":"https:\/\/lavras.tv\/site\/wp-json\/wp\/v2\/media\/11365"}],"wp:attachment":[{"href":"https:\/\/lavras.tv\/site\/wp-json\/wp\/v2\/media?parent=11364"}],"wp:term":[{"taxonomy":"category","embeddable":true,"href":"https:\/\/lavras.tv\/site\/wp-json\/wp\/v2\/categories?post=11364"},{"taxonomy":"post_tag","embeddable":true,"href":"https:\/\/lavras.tv\/site\/wp-json\/wp\/v2\/tags?post=11364"}],"curies":[{"name":"wp","href":"https:\/\/api.w.org\/{rel}","templated":true}]}}