{"id":11436,"date":"2017-08-24T09:13:14","date_gmt":"2017-08-24T12:13:14","guid":{"rendered":"http:\/\/lavras.tv\/site\/?p=11436"},"modified":"2017-08-24T09:13:14","modified_gmt":"2017-08-24T12:13:14","slug":"informe-parlamentar-fabio-cherem-se-reune-com-direcao-da-magneti-marelli-em-lavras","status":"publish","type":"post","link":"https:\/\/lavras.tv\/site\/2017\/08\/24\/informe-parlamentar-fabio-cherem-se-reune-com-direcao-da-magneti-marelli-em-lavras\/","title":{"rendered":"[Informe Parlamentar] F\u00e1bio Cherem se re\u00fane com dire\u00e7\u00e3o da Magneti Marelli em Lavras"},"content":{"rendered":"<div class=\"lavra-antes-do-conteudo_2\" id=\"lavra-3539671432\"><div id=\"lavra-slider-27\" class=\"custom-slider lavra-slider-2076674184 lavra-slider\"><ul><li><div style=\"margin-left: auto;margin-right: auto;text-align: center;\" id=\"lavra-1220635951\"><a href=\"https:\/\/sistemas.lavras.mg.gov.br\/portalcidadao\/#df1b1a7c7b2a290bcb31e32771e610784662739a88807c0dacac58ede5f391a7530e299dc302d611ee73cb143fc22eaf93592e53e7b5bdb01b00a0b8d28dae460c141dd2ff83412e4dc1c31b16b25f33144a9e5620ea73b13f5bc1c59411d98439ad226e8af03840603796067d87afe130812cf3de24982d0e306f9e61e764e5\" aria-label=\"Lavras-TV&#8211;720x104px (1) (1)\"><img src=\"https:\/\/lavras.tv\/site\/wp-content\/uploads\/2025\/01\/Lavras-TV-720x104px-1-1.png\" alt=\"\"  srcset=\"https:\/\/lavras.tv\/site\/wp-content\/uploads\/2025\/01\/Lavras-TV-720x104px-1-1.png 720w, https:\/\/lavras.tv\/site\/wp-content\/uploads\/2025\/01\/Lavras-TV-720x104px-1-1-470x68.png 470w, https:\/\/lavras.tv\/site\/wp-content\/uploads\/2025\/01\/Lavras-TV-720x104px-1-1-170x25.png 170w, https:\/\/lavras.tv\/site\/wp-content\/uploads\/2025\/01\/Lavras-TV-720x104px-1-1-200x29.png 200w\" sizes=\"(max-width: 720px) 100vw, 720px\" width=\"720\" height=\"104\"  style=\"display: inline-block;\" \/><\/a><\/div><\/li><li><a href=\"https:\/\/sistemas.lavras.mg.gov.br\/portalcidadao\/#df1b1a7c7b2a290bcb31e32771e610784662739a88807c0dacac58ede5f391a7530e299dc302d611ee73cb143fc22eaf93592e53e7b5bdb01b00a0b8d28dae460c141dd2ff83412e4dc1c31b16b25f33144a9e5620ea73b13f5bc1c59411d98439ad226e8af03840603796067d87afe130812cf3de24982d0e306f9e61e764e5\" aria-label=\"Banner_Emprego_PortallavrasTV\"><img src=\"https:\/\/lavras.tv\/site\/wp-content\/uploads\/2025\/03\/Banner_Emprego_PortallavrasTV.png\" alt=\"\"  srcset=\"https:\/\/lavras.tv\/site\/wp-content\/uploads\/2025\/03\/Banner_Emprego_PortallavrasTV.png 720w, https:\/\/lavras.tv\/site\/wp-content\/uploads\/2025\/03\/Banner_Emprego_PortallavrasTV-470x68.png 470w, https:\/\/lavras.tv\/site\/wp-content\/uploads\/2025\/03\/Banner_Emprego_PortallavrasTV-170x25.png 170w, https:\/\/lavras.tv\/site\/wp-content\/uploads\/2025\/03\/Banner_Emprego_PortallavrasTV-200x29.png 200w\" sizes=\"(max-width: 720px) 100vw, 720px\" width=\"720\" height=\"104\"   \/><\/a><\/li><li><a href=\"https:\/\/sistemas.lavras.mg.gov.br\/portalcidadao\/#df1b1a7c7b2a290bcb31e32771e610784662739a88807c0dacac58ede5f391a7530e299dc302d611ee73cb143fc22eaf93592e53e7b5bdb01b00a0b8d28dae460c141dd2ff83412e4dc1c31b16b25f33144a9e5620ea73b13f5bc1c59411d98439ad226e8af03840603796067d87afe130812cf3de24982d0e306f9e61e764e5\" aria-label=\"Banner_Obras_PortallavrasTV\"><img src=\"https:\/\/lavras.tv\/site\/wp-content\/uploads\/2025\/03\/Banner_Obras_PortallavrasTV.png\" alt=\"\"  srcset=\"https:\/\/lavras.tv\/site\/wp-content\/uploads\/2025\/03\/Banner_Obras_PortallavrasTV.png 720w, https:\/\/lavras.tv\/site\/wp-content\/uploads\/2025\/03\/Banner_Obras_PortallavrasTV-470x68.png 470w, https:\/\/lavras.tv\/site\/wp-content\/uploads\/2025\/03\/Banner_Obras_PortallavrasTV-170x25.png 170w, https:\/\/lavras.tv\/site\/wp-content\/uploads\/2025\/03\/Banner_Obras_PortallavrasTV-200x29.png 200w\" sizes=\"(max-width: 720px) 100vw, 720px\" width=\"720\" height=\"104\"   \/><\/a><\/li><li><div style=\"margin-left: auto;margin-right: auto;text-align: center;\" id=\"lavra-1697749370\"><a href=\"https:\/\/sistemas.lavras.mg.gov.br\/portalcidadao\/#df1b1a7c7b2a290bcb31e32771e610784662739a88807c0dacac58ede5f391a7530e299dc302d611ee73cb143fc22eaf93592e53e7b5bdb01b00a0b8d28dae460c141dd2ff83412e4dc1c31b16b25f33144a9e5620ea73b13f5bc1c59411d98439ad226e8af03840603796067d87afe130812cf3de24982d0e306f9e61e764e5\" aria-label=\"Banner_Educa\u00e7\u00e3o_PortallavrasTV\"><img src=\"https:\/\/lavras.tv\/site\/wp-content\/uploads\/2025\/01\/Banner_Educacao_PortallavrasTV.png\" alt=\"\"  srcset=\"https:\/\/lavras.tv\/site\/wp-content\/uploads\/2025\/01\/Banner_Educacao_PortallavrasTV.png 720w, https:\/\/lavras.tv\/site\/wp-content\/uploads\/2025\/01\/Banner_Educacao_PortallavrasTV-470x68.png 470w, https:\/\/lavras.tv\/site\/wp-content\/uploads\/2025\/01\/Banner_Educacao_PortallavrasTV-170x25.png 170w, https:\/\/lavras.tv\/site\/wp-content\/uploads\/2025\/01\/Banner_Educacao_PortallavrasTV-200x29.png 200w\" sizes=\"(max-width: 720px) 100vw, 720px\" width=\"720\" height=\"104\"  style=\"display: inline-block;\" \/><\/a><\/div><\/li><li><a href=\"https:\/\/sistemas.lavras.mg.gov.br\/portalcidadao\/#df1b1a7c7b2a290bcb31e32771e610784662739a88807c0dacac58ede5f391a7530e299dc302d611ee73cb143fc22eaf93592e53e7b5bdb01b00a0b8d28dae460c141dd2ff83412e4dc1c31b16b25f33144a9e5620ea73b13f5bc1c59411d98439ad226e8af03840603796067d87afe130812cf3de24982d0e306f9e61e764e5\" aria-label=\"Banner_Sa\u00fade_PortallavrasTV\"><img src=\"https:\/\/lavras.tv\/site\/wp-content\/uploads\/2025\/03\/Banner_Saude_PortallavrasTV.png\" alt=\"\"  srcset=\"https:\/\/lavras.tv\/site\/wp-content\/uploads\/2025\/03\/Banner_Saude_PortallavrasTV.png 720w, https:\/\/lavras.tv\/site\/wp-content\/uploads\/2025\/03\/Banner_Saude_PortallavrasTV-470x68.png 470w, https:\/\/lavras.tv\/site\/wp-content\/uploads\/2025\/03\/Banner_Saude_PortallavrasTV-170x25.png 170w, https:\/\/lavras.tv\/site\/wp-content\/uploads\/2025\/03\/Banner_Saude_PortallavrasTV-200x29.png 200w\" sizes=\"(max-width: 720px) 100vw, 720px\" width=\"720\" height=\"104\"   \/><\/a><\/li><li><div id=\"lavra-1285307718\" style=\"width:720px;height:104px;background-color:#ddd;overflow:scroll;\">\n\t<strong>Sa\u00edda da depura\u00e7\u00e3o de an\u00fancios<\/strong>\n\t<br><br>\n\tO an\u00fancio n\u00e3o \u00e9 exibido na p\u00e1gina<br><br>post atual: [Informe Parlamentar] F\u00e1bio Cherem se re\u00fane com dire\u00e7\u00e3o da Magneti Marelli em Lavras, ID: 11436<br><br><span style=\"color: red;\">O post atual n\u00e3o \u00e9 id\u00eantico ao post principal.<\/span><br><br>An\u00fancios: ROXO - TOPO INTERNA - ROTATIVO 2 (197)<br \/>Grupo de an\u00fancios: Princ_Meio01_720x104 (27)<br><br>Condi\u00e7\u00f5es de exibi\u00e7\u00e3o<div style=\"margin-bottom: 20px; white-space: pre-wrap; font-family: monospace; width: 100%; background: #ffe9e9;\"><strong>condi\u00e7\u00f5es gerais<\/strong><table border=\"1\"><thead><tr><th><\/th><th>An\u00fancios<\/th><th>wp_the_query<\/th><\/tr><\/thead><tr><td>is_main_query<\/td><td>1<\/td><td>1<\/td><\/tr><tr><td>is_rest_api<\/td><td>0<\/td><td>1<\/td><\/tr><tr><td>page<\/td><td>0<\/td><td>1<\/td><\/tr><tr><td>numpages<\/td><td>0<\/td><td>1<\/td><\/tr><tr><td>is_archive<\/td><td>1<\/td><td><\/td><\/tr><tr><td>is_search<\/td><td>1<\/td><td><\/td><\/tr><tr><td>is_home<\/td><td>1<\/td><td><\/td><\/tr><tr><td>is_404<\/td><td>1<\/td><td><\/td><\/tr><tr><td>is_attachment<\/td><td>1<\/td><td><\/td><\/tr><tr><td>is_singular<\/td><td>1<\/td><td><\/td><\/tr><tr><td>is_front_page<\/td><td>1<\/td><td><\/td><\/tr><tr><td>is_feed<\/td><td>1<\/td><td><\/td><\/tr><\/table><\/div><br><br><span style=\"color: red;\">Seu site usa HTTPS, mas o c\u00f3digo do an\u00fancio cont\u00e9m HTTP e pode n\u00e3o funcionar.<\/span>\t<br><br>\n\t<a style=\"color: green;\" href=\"https:\/\/wpadvancedads.com\/manual\/ad-debug-mode\/?utm_source=advanced-ads&utm_medium=link&utm_campaign=ad-debug-mode\" target=\"_blank\" rel=\"nofollow\">Encontre solu\u00e7\u00f5es no manual<\/a>\n<\/div>\n<\/li><\/ul><\/div><script>( window.advanced_ads_ready || jQuery( document ).ready ).call( null, function() {var $lavraslider2076674184 = jQuery( \".lavra-slider-2076674184\" );$lavraslider2076674184.on( \"unslider.ready\", function() { jQuery( \"div.custom-slider ul li\" ).css( \"display\", \"block\" ); });$lavraslider2076674184.unslider({ delay:4000, autoplay:true, nav:false, arrows:false, infinite:true });$lavraslider2076674184.on(\"mouseover\", function() {$lavraslider2076674184.unslider(\"stop\");}).on(\"mouseout\", function() {$lavraslider2076674184.unslider(\"start\");});});<\/script><\/div><p>O Deputado F\u00e1bio Cherem participou na tarde desta segunda-feira, dia 21, juntamente com o prefeito Jos\u00e9 Cherem, de uma reuni\u00e3o de trabalho na sede da Magneti Marelli\/Cofap, em Lavras. <!--more-->Participaram do encontro, o Diretor Industrial da planta na cidade, Luiz Mosca, e integrantes da diretoria.<\/p>\n<figure id=\"attachment_11437\" aria-describedby=\"caption-attachment-11437\" style=\"width: 1280px\" class=\"wp-caption aligncenter\"><img fetchpriority=\"high\" decoding=\"async\" class=\"wp-image-11437 size-full\" src=\"http:\/\/lavras.tv\/site\/wp-content\/uploads\/2017\/08\/F\u00e1bio-Cherem_Cofap.jpeg\" alt=\"F\u00e1bio Cherem_Cofap\" width=\"1280\" height=\"720\" srcset=\"https:\/\/lavras.tv\/site\/wp-content\/uploads\/2017\/08\/F\u00e1bio-Cherem_Cofap.jpeg 1280w, https:\/\/lavras.tv\/site\/wp-content\/uploads\/2017\/08\/F\u00e1bio-Cherem_Cofap-150x84.jpeg 150w, https:\/\/lavras.tv\/site\/wp-content\/uploads\/2017\/08\/F\u00e1bio-Cherem_Cofap-300x169.jpeg 300w, https:\/\/lavras.tv\/site\/wp-content\/uploads\/2017\/08\/F\u00e1bio-Cherem_Cofap-1024x576.jpeg 1024w\" sizes=\"(max-width: 1280px) 100vw, 1280px\" \/><figcaption id=\"caption-attachment-11437\" class=\"wp-caption-text\">O Deputado F\u00e1bio Cherem, o prefeito Jos\u00e9 Cherem, o diretor industrial da Magneti Marelli em Lavras, Luiz Mosca (\u00e0 direita na foto) e demais integrantes da diretoria da empresa em Lavras.<\/figcaption><\/figure>\n<p>Na pauta da reuni\u00e3o, a necessidade de amplia\u00e7\u00e3o da carga energ\u00e9tica da Magneti Marelli junto \u00e0 Cemig para que a empresa possa atender \u00e0 demanda dos novos servi\u00e7os, como o rec\u00e9m instalado sistema de pintura eletroforese da f\u00e1brica, o mesmo utilizado pelas montadoras de autom\u00f3veis na pintura de carrocerias dos ve\u00edculos, onde foram investidos R$ 10 milh\u00f5es.<\/p>\n<p>Deputado F\u00e1bio Cherem se comprometeu em interceder junto \u00e0 dire\u00e7\u00e3o da Cemig, numa a\u00e7\u00e3o conjunta com o prefeito Jos\u00e9 Cherem, para viabilizar uma readequa\u00e7\u00e3o da capacidade energ\u00e9tica pretendida pela Magneti Marelli, o que ir\u00e1 refletir diretamente na melhoria da capacidade de produ\u00e7\u00e3o e na gest\u00e3o operacional da planta em Lavras. \u201cEstamos aqui hoje para entender a demanda atual na quest\u00e3o energ\u00e9tica da Magneti Marelli e dar uma solu\u00e7\u00e3o para a quest\u00e3o junto \u00e0 Cemig. Da mesma forma, o prefeito Jos\u00e9 Cherem, que mant\u00e9m uma estreita rela\u00e7\u00e3o com a atual dire\u00e7\u00e3o da companhia energ\u00e9tica do Estado, tamb\u00e9m estar\u00e1 trabalhando para atender a mais esse compromisso nosso com o fomento \u00e0s empresas aqui localizadas, sempre com o foco na gera\u00e7\u00e3o de mais emprego e renda para a popula\u00e7\u00e3o\u201d, destacou o deputado Fabio Cherem.<\/p>\n<p>Ressocializa\u00e7\u00e3o<\/p>\n<p>Ainda na pauta da reuni\u00e3o, o diretor Luiz Mosca deu detalhes do programa que est\u00e1 sendo formatado junto do Poder Judici\u00e1rio local e da pr\u00f3pria Prefeitura Municipal que prev\u00ea a utiliza\u00e7\u00e3o de m\u00e3o da obra de detentos em cumprimento de suas penas do Pres\u00eddio de Lavras para a realiza\u00e7\u00e3o de servi\u00e7os espec\u00edficos da Magneti Marelli dentro da pr\u00f3pria unidade prisional, onde a empresa est\u00e1 construindo uma infraestrutura adequada para atender ao programa, al\u00e9m da utiliza\u00e7\u00e3o de um segundo im\u00f3vel destinado para este fim no Distrito Industrial. O projeto dever\u00e1 atender algo em torno de 25 detentos.<\/p>\n<p>&nbsp;<\/p>\n","protected":false},"excerpt":{"rendered":"<p>O Deputado F\u00e1bio Cherem participou na tarde desta segunda-feira, dia 21, juntamente com o prefeito Jos\u00e9 Cherem, de uma reuni\u00e3o de trabalho na sede da Magneti Marelli\/Cofap, em Lavras.<\/p>\n","protected":false},"author":2,"featured_media":11437,"comment_status":"closed","ping_status":"open","sticky":false,"template":"","format":"standard","meta":{"advgb_blocks_editor_width":"","advgb_blocks_columns_visual_guide":"","_exactmetrics_skip_tracking":false,"_exactmetrics_sitenote_active":false,"_exactmetrics_sitenote_note":"","_exactmetrics_sitenote_category":0,"footnotes":""},"categories":[7,12],"tags":[3881,672,3882],"class_list":["post-11436","post","type-post","status-publish","format-standard","has-post-thumbnail","hentry","category-destaques","category-politica","tag-cofap","tag-fabio-cherem","tag-magneti-marelli"],"better_featured_image":{"id":11437,"alt_text":"","caption":"","description":"","media_type":"image","media_details":{"width":1280,"height":720,"file":"2017\/08\/F\u00e1bio-Cherem_Cofap.jpeg","sizes":{"thumbnail":{"file":"F\u00e1bio-Cherem_Cofap-150x84.jpeg","width":150,"height":84,"mime-type":"image\/jpeg","source_url":"https:\/\/lavras.tv\/site\/wp-content\/uploads\/2017\/08\/F\u00e1bio-Cherem_Cofap-150x84.jpeg"},"medium":{"file":"F\u00e1bio-Cherem_Cofap-300x169.jpeg","width":300,"height":169,"mime-type":"image\/jpeg","source_url":"https:\/\/lavras.tv\/site\/wp-content\/uploads\/2017\/08\/F\u00e1bio-Cherem_Cofap-300x169.jpeg"},"large":{"file":"F\u00e1bio-Cherem_Cofap-1024x576.jpeg","width":1024,"height":576,"mime-type":"image\/jpeg","source_url":"https:\/\/lavras.tv\/site\/wp-content\/uploads\/2017\/08\/F\u00e1bio-Cherem_Cofap-1024x576.jpeg"},"featured-slider-img":{"file":"F\u00e1bio-Cherem_Cofap-640x480.jpeg","width":640,"height":480,"mime-type":"image\/jpeg","source_url":"https:\/\/lavras.tv\/site\/wp-content\/uploads\/2017\/08\/F\u00e1bio-Cherem_Cofap-640x480.jpeg"},"featured-post-img":{"file":"F\u00e1bio-Cherem_Cofap-480x320.jpeg","width":480,"height":320,"mime-type":"image\/jpeg","source_url":"https:\/\/lavras.tv\/site\/wp-content\/uploads\/2017\/08\/F\u00e1bio-Cherem_Cofap-480x320.jpeg"},"sow-carousel-default":{"file":"F\u00e1bio-Cherem_Cofap-272x182.jpeg","width":272,"height":182,"mime-type":"image\/jpeg","source_url":"https:\/\/lavras.tv\/site\/wp-content\/uploads\/2017\/08\/F\u00e1bio-Cherem_Cofap-272x182.jpeg"}},"image_meta":{"aperture":"0","credit":"","camera":"","caption":"","created_timestamp":"0","copyright":"","focal_length":"0","iso":"0","shutter_speed":"0","title":"","orientation":"0","keywords":[]}},"post":11436,"source_url":"https:\/\/lavras.tv\/site\/wp-content\/uploads\/2017\/08\/F\u00e1bio-Cherem_Cofap.jpeg"},"author_meta":{"display_name":"Lavras TV","author_link":"https:\/\/lavras.tv\/site\/author\/lavrastv\/"},"featured_img":"https:\/\/lavras.tv\/site\/wp-content\/uploads\/2017\/08\/F\u00e1bio-Cherem_Cofap-300x169.jpeg","coauthors":[],"tax_additional":{"categories":{"linked":["<a href=\"https:\/\/lavras.tv\/site\/category\/destaques\/\" class=\"advgb-post-tax-term\">Destaques<\/a>","<a href=\"https:\/\/lavras.tv\/site\/category\/politica\/\" class=\"advgb-post-tax-term\">Pol\u00edtica<\/a>"],"unlinked":["<span class=\"advgb-post-tax-term\">Destaques<\/span>","<span class=\"advgb-post-tax-term\">Pol\u00edtica<\/span>"]},"tags":{"linked":["<a href=\"https:\/\/lavras.tv\/site\/category\/politica\/\" class=\"advgb-post-tax-term\">Cofap<\/a>","<a href=\"https:\/\/lavras.tv\/site\/category\/politica\/\" class=\"advgb-post-tax-term\">fabio cherem<\/a>","<a href=\"https:\/\/lavras.tv\/site\/category\/politica\/\" class=\"advgb-post-tax-term\">Magneti Marelli<\/a>"],"unlinked":["<span class=\"advgb-post-tax-term\">Cofap<\/span>","<span class=\"advgb-post-tax-term\">fabio cherem<\/span>","<span class=\"advgb-post-tax-term\">Magneti Marelli<\/span>"]}},"comment_count":"0","relative_dates":{"created":"Publicado 9 anos atr\u00e1s","modified":"Atualizado 9 anos atr\u00e1s"},"absolute_dates":{"created":"Publicado em 24 de agosto de 2017","modified":"Atualizado em 24 de agosto de 2017"},"absolute_dates_time":{"created":"Publicado em 24 de agosto de 2017 09:13","modified":"Atualizado em 24 de agosto de 2017 09:13"},"featured_img_caption":"","series_order":"","_links":{"self":[{"href":"https:\/\/lavras.tv\/site\/wp-json\/wp\/v2\/posts\/11436","targetHints":{"allow":["GET"]}}],"collection":[{"href":"https:\/\/lavras.tv\/site\/wp-json\/wp\/v2\/posts"}],"about":[{"href":"https:\/\/lavras.tv\/site\/wp-json\/wp\/v2\/types\/post"}],"author":[{"embeddable":true,"href":"https:\/\/lavras.tv\/site\/wp-json\/wp\/v2\/users\/2"}],"replies":[{"embeddable":true,"href":"https:\/\/lavras.tv\/site\/wp-json\/wp\/v2\/comments?post=11436"}],"version-history":[{"count":1,"href":"https:\/\/lavras.tv\/site\/wp-json\/wp\/v2\/posts\/11436\/revisions"}],"predecessor-version":[{"id":11438,"href":"https:\/\/lavras.tv\/site\/wp-json\/wp\/v2\/posts\/11436\/revisions\/11438"}],"wp:featuredmedia":[{"embeddable":true,"href":"https:\/\/lavras.tv\/site\/wp-json\/wp\/v2\/media\/11437"}],"wp:attachment":[{"href":"https:\/\/lavras.tv\/site\/wp-json\/wp\/v2\/media?parent=11436"}],"wp:term":[{"taxonomy":"category","embeddable":true,"href":"https:\/\/lavras.tv\/site\/wp-json\/wp\/v2\/categories?post=11436"},{"taxonomy":"post_tag","embeddable":true,"href":"https:\/\/lavras.tv\/site\/wp-json\/wp\/v2\/tags?post=11436"}],"curies":[{"name":"wp","href":"https:\/\/api.w.org\/{rel}","templated":true}]}}