{"id":11439,"date":"2017-08-24T09:22:09","date_gmt":"2017-08-24T12:22:09","guid":{"rendered":"http:\/\/lavras.tv\/site\/?p=11439"},"modified":"2017-08-24T09:22:09","modified_gmt":"2017-08-24T12:22:09","slug":"cruzeiro-vence-gremio-e-se-classifica-para-final-da-copa-do-brasil","status":"publish","type":"post","link":"https:\/\/lavras.tv\/site\/2017\/08\/24\/cruzeiro-vence-gremio-e-se-classifica-para-final-da-copa-do-brasil\/","title":{"rendered":"Cruzeiro vence Gr\u00eamio e se classifica para final da Copa do Brasil"},"content":{"rendered":"<div class=\"lavra-antes-do-conteudo_2\" id=\"lavra-3583950331\"><div id=\"lavra-slider-27\" class=\"custom-slider lavra-slider-2098365219 lavra-slider\"><ul><li><div style=\"margin-left: auto;margin-right: auto;text-align: center;\" id=\"lavra-1867809332\"><a href=\"https:\/\/sistemas.lavras.mg.gov.br\/portalcidadao\/#df1b1a7c7b2a290bcb31e32771e610784662739a88807c0dacac58ede5f391a7530e299dc302d611ee73cb143fc22eaf93592e53e7b5bdb01b00a0b8d28dae460c141dd2ff83412e4dc1c31b16b25f33144a9e5620ea73b13f5bc1c59411d98439ad226e8af03840603796067d87afe130812cf3de24982d0e306f9e61e764e5\" aria-label=\"Lavras-TV&#8211;720x104px (1) (1)\"><img src=\"https:\/\/lavras.tv\/site\/wp-content\/uploads\/2025\/01\/Lavras-TV-720x104px-1-1.png\" alt=\"\"  srcset=\"https:\/\/lavras.tv\/site\/wp-content\/uploads\/2025\/01\/Lavras-TV-720x104px-1-1.png 720w, https:\/\/lavras.tv\/site\/wp-content\/uploads\/2025\/01\/Lavras-TV-720x104px-1-1-470x68.png 470w, https:\/\/lavras.tv\/site\/wp-content\/uploads\/2025\/01\/Lavras-TV-720x104px-1-1-170x25.png 170w, https:\/\/lavras.tv\/site\/wp-content\/uploads\/2025\/01\/Lavras-TV-720x104px-1-1-200x29.png 200w\" sizes=\"(max-width: 720px) 100vw, 720px\" width=\"720\" height=\"104\"  style=\"display: inline-block;\" \/><\/a><\/div><\/li><li><a href=\"https:\/\/sistemas.lavras.mg.gov.br\/portalcidadao\/#df1b1a7c7b2a290bcb31e32771e610784662739a88807c0dacac58ede5f391a7530e299dc302d611ee73cb143fc22eaf93592e53e7b5bdb01b00a0b8d28dae460c141dd2ff83412e4dc1c31b16b25f33144a9e5620ea73b13f5bc1c59411d98439ad226e8af03840603796067d87afe130812cf3de24982d0e306f9e61e764e5\" aria-label=\"Banner_Emprego_PortallavrasTV\"><img src=\"https:\/\/lavras.tv\/site\/wp-content\/uploads\/2025\/03\/Banner_Emprego_PortallavrasTV.png\" alt=\"\"  srcset=\"https:\/\/lavras.tv\/site\/wp-content\/uploads\/2025\/03\/Banner_Emprego_PortallavrasTV.png 720w, https:\/\/lavras.tv\/site\/wp-content\/uploads\/2025\/03\/Banner_Emprego_PortallavrasTV-470x68.png 470w, https:\/\/lavras.tv\/site\/wp-content\/uploads\/2025\/03\/Banner_Emprego_PortallavrasTV-170x25.png 170w, https:\/\/lavras.tv\/site\/wp-content\/uploads\/2025\/03\/Banner_Emprego_PortallavrasTV-200x29.png 200w\" sizes=\"(max-width: 720px) 100vw, 720px\" width=\"720\" height=\"104\"   \/><\/a><\/li><li><a href=\"https:\/\/sistemas.lavras.mg.gov.br\/portalcidadao\/#df1b1a7c7b2a290bcb31e32771e610784662739a88807c0dacac58ede5f391a7530e299dc302d611ee73cb143fc22eaf93592e53e7b5bdb01b00a0b8d28dae460c141dd2ff83412e4dc1c31b16b25f33144a9e5620ea73b13f5bc1c59411d98439ad226e8af03840603796067d87afe130812cf3de24982d0e306f9e61e764e5\" aria-label=\"Banner_Obras_PortallavrasTV\"><img src=\"https:\/\/lavras.tv\/site\/wp-content\/uploads\/2025\/03\/Banner_Obras_PortallavrasTV.png\" alt=\"\"  srcset=\"https:\/\/lavras.tv\/site\/wp-content\/uploads\/2025\/03\/Banner_Obras_PortallavrasTV.png 720w, https:\/\/lavras.tv\/site\/wp-content\/uploads\/2025\/03\/Banner_Obras_PortallavrasTV-470x68.png 470w, https:\/\/lavras.tv\/site\/wp-content\/uploads\/2025\/03\/Banner_Obras_PortallavrasTV-170x25.png 170w, https:\/\/lavras.tv\/site\/wp-content\/uploads\/2025\/03\/Banner_Obras_PortallavrasTV-200x29.png 200w\" sizes=\"(max-width: 720px) 100vw, 720px\" width=\"720\" height=\"104\"   \/><\/a><\/li><li><div style=\"margin-left: auto;margin-right: auto;text-align: center;\" id=\"lavra-1609918019\"><a href=\"https:\/\/sistemas.lavras.mg.gov.br\/portalcidadao\/#df1b1a7c7b2a290bcb31e32771e610784662739a88807c0dacac58ede5f391a7530e299dc302d611ee73cb143fc22eaf93592e53e7b5bdb01b00a0b8d28dae460c141dd2ff83412e4dc1c31b16b25f33144a9e5620ea73b13f5bc1c59411d98439ad226e8af03840603796067d87afe130812cf3de24982d0e306f9e61e764e5\" aria-label=\"Banner_Educa\u00e7\u00e3o_PortallavrasTV\"><img src=\"https:\/\/lavras.tv\/site\/wp-content\/uploads\/2025\/01\/Banner_Educacao_PortallavrasTV.png\" alt=\"\"  srcset=\"https:\/\/lavras.tv\/site\/wp-content\/uploads\/2025\/01\/Banner_Educacao_PortallavrasTV.png 720w, https:\/\/lavras.tv\/site\/wp-content\/uploads\/2025\/01\/Banner_Educacao_PortallavrasTV-470x68.png 470w, https:\/\/lavras.tv\/site\/wp-content\/uploads\/2025\/01\/Banner_Educacao_PortallavrasTV-170x25.png 170w, https:\/\/lavras.tv\/site\/wp-content\/uploads\/2025\/01\/Banner_Educacao_PortallavrasTV-200x29.png 200w\" sizes=\"(max-width: 720px) 100vw, 720px\" width=\"720\" height=\"104\"  style=\"display: inline-block;\" \/><\/a><\/div><\/li><li><a href=\"https:\/\/sistemas.lavras.mg.gov.br\/portalcidadao\/#df1b1a7c7b2a290bcb31e32771e610784662739a88807c0dacac58ede5f391a7530e299dc302d611ee73cb143fc22eaf93592e53e7b5bdb01b00a0b8d28dae460c141dd2ff83412e4dc1c31b16b25f33144a9e5620ea73b13f5bc1c59411d98439ad226e8af03840603796067d87afe130812cf3de24982d0e306f9e61e764e5\" aria-label=\"Banner_Sa\u00fade_PortallavrasTV\"><img src=\"https:\/\/lavras.tv\/site\/wp-content\/uploads\/2025\/03\/Banner_Saude_PortallavrasTV.png\" alt=\"\"  srcset=\"https:\/\/lavras.tv\/site\/wp-content\/uploads\/2025\/03\/Banner_Saude_PortallavrasTV.png 720w, https:\/\/lavras.tv\/site\/wp-content\/uploads\/2025\/03\/Banner_Saude_PortallavrasTV-470x68.png 470w, https:\/\/lavras.tv\/site\/wp-content\/uploads\/2025\/03\/Banner_Saude_PortallavrasTV-170x25.png 170w, https:\/\/lavras.tv\/site\/wp-content\/uploads\/2025\/03\/Banner_Saude_PortallavrasTV-200x29.png 200w\" sizes=\"(max-width: 720px) 100vw, 720px\" width=\"720\" height=\"104\"   \/><\/a><\/li><li><div id=\"lavra-3190891491\" style=\"width:720px;height:104px;background-color:#ddd;overflow:scroll;\">\n\t<strong>Sa\u00edda da depura\u00e7\u00e3o de an\u00fancios<\/strong>\n\t<br><br>\n\tO an\u00fancio n\u00e3o \u00e9 exibido na p\u00e1gina<br><br>post atual: Cruzeiro vence Gr\u00eamio e se classifica para final da Copa do Brasil, ID: 11439<br><br><span style=\"color: red;\">O post atual n\u00e3o \u00e9 id\u00eantico ao post principal.<\/span><br><br>An\u00fancios: ROXO - TOPO INTERNA - ROTATIVO 2 (197)<br \/>Grupo de an\u00fancios: Princ_Meio01_720x104 (27)<br><br>Condi\u00e7\u00f5es de exibi\u00e7\u00e3o<div style=\"margin-bottom: 20px; white-space: pre-wrap; font-family: monospace; width: 100%; background: #ffe9e9;\"><strong>condi\u00e7\u00f5es gerais<\/strong><table border=\"1\"><thead><tr><th><\/th><th>An\u00fancios<\/th><th>wp_the_query<\/th><\/tr><\/thead><tr><td>is_main_query<\/td><td>1<\/td><td>1<\/td><\/tr><tr><td>is_rest_api<\/td><td>0<\/td><td>1<\/td><\/tr><tr><td>page<\/td><td>0<\/td><td>1<\/td><\/tr><tr><td>numpages<\/td><td>0<\/td><td>1<\/td><\/tr><tr><td>is_archive<\/td><td>1<\/td><td><\/td><\/tr><tr><td>is_search<\/td><td>1<\/td><td><\/td><\/tr><tr><td>is_home<\/td><td>1<\/td><td><\/td><\/tr><tr><td>is_404<\/td><td>1<\/td><td><\/td><\/tr><tr><td>is_attachment<\/td><td>1<\/td><td><\/td><\/tr><tr><td>is_singular<\/td><td>1<\/td><td><\/td><\/tr><tr><td>is_front_page<\/td><td>1<\/td><td><\/td><\/tr><tr><td>is_feed<\/td><td>1<\/td><td><\/td><\/tr><\/table><\/div><br><br><span style=\"color: red;\">Seu site usa HTTPS, mas o c\u00f3digo do an\u00fancio cont\u00e9m HTTP e pode n\u00e3o funcionar.<\/span>\t<br><br>\n\t<a style=\"color: green;\" href=\"https:\/\/wpadvancedads.com\/manual\/ad-debug-mode\/?utm_source=advanced-ads&utm_medium=link&utm_campaign=ad-debug-mode\" target=\"_blank\" rel=\"nofollow\">Encontre solu\u00e7\u00f5es no manual<\/a>\n<\/div>\n<\/li><\/ul><\/div><script>( window.advanced_ads_ready || jQuery( document ).ready ).call( null, function() {var $lavraslider2098365219 = jQuery( \".lavra-slider-2098365219\" );$lavraslider2098365219.on( \"unslider.ready\", function() { jQuery( \"div.custom-slider ul li\" ).css( \"display\", \"block\" ); });$lavraslider2098365219.unslider({ delay:4000, autoplay:true, nav:false, arrows:false, infinite:true });$lavraslider2098365219.on(\"mouseover\", function() {$lavraslider2098365219.unslider(\"stop\");}).on(\"mouseout\", function() {$lavraslider2098365219.unslider(\"start\");});});<\/script><\/div><p>O Cruzeiro conseguiu tirar a vantagem que o Gr\u00eamio construiu no primeiro jogo da semifinal da Copa do Brasil e se classificou ao vencer por 1 a 0 no tempo normal e 3 a 2 nos p\u00eanaltis. Tido como o melhor time do Brasil, o Tricolor Ga\u00facho era apontado como favorito no confronto. Mas o posicionamento de parte da imprensa incomodou o volante Hudson, que ap\u00f3s a vit\u00f3ria desabafou.<\/p>\n<p><img fetchpriority=\"high\" decoding=\"async\" class=\"alignnone size-full wp-image-11440 aligncenter\" src=\"http:\/\/lavras.tv\/site\/wp-content\/uploads\/2017\/08\/cruzeiro.jpg\" alt=\"cruzeiro\" width=\"405\" height=\"272\" srcset=\"https:\/\/lavras.tv\/site\/wp-content\/uploads\/2017\/08\/cruzeiro.jpg 405w, https:\/\/lavras.tv\/site\/wp-content\/uploads\/2017\/08\/cruzeiro-150x101.jpg 150w, https:\/\/lavras.tv\/site\/wp-content\/uploads\/2017\/08\/cruzeiro-300x201.jpg 300w, https:\/\/lavras.tv\/site\/wp-content\/uploads\/2017\/08\/cruzeiro-272x182.jpg 272w\" sizes=\"(max-width: 405px) 100vw, 405px\" \/><\/p>\n<p>\u201cFalaram que o Gr\u00eamio era isso, era aquilo, que era imponder\u00e1vel passar por eles. O nosso time \u00e9 bom, estamos sofrendo com les\u00f5es neste ano, mas o time \u00e9 bom e provou hoje ganhando de um dos melhores times do Brasil\u201d, declarou o autor do gol celeste no tempo normal que levou a decis\u00e3o para os p\u00eanaltis.<\/p>\n<p>Hudson ficou deslumbrado com o Mineir\u00e3o pulsando depois que Thiago Neves converteu a \u00faltima cobran\u00e7a que deu a classifica\u00e7\u00e3o ao Cruzeiro: \u201c\u00c9 inesquec\u00edvel. Olha a festa da torcida\u201d.<\/p>\n<p>Na decis\u00e3o, a Raposa vai reeditar com o Flamengo, que eliminou o Botafogo na outra semifinal, a final de 2003, vencida pelo Cruzeiro no \u00faltimo t\u00edtulo da Copa do Brasil do clube. Os jogos da final ser\u00e3o disputados nos dias 7 e 27 de setembro. O sorteio dos mandos de campo da final\u00edssima ser\u00e1 nesta quinta-feira, \u00e0s 15h, na sede da CBF, no Rio de Janeiro. \u201cOutro grande jogo, a gente espera se preparar bem para levantar esse t\u00edtulo\u201d, disse Hudson.<\/p>\n<p><strong>L\u00e9o celebra classifica\u00e7\u00e3o com emo\u00e7\u00e3o: \u2018Copa do Brasil \u00e9 a cara do Cruzeiro\u2019<\/strong><\/p>\n<p>O zagueiro L\u00e9o tamb\u00e9m comemorou bastante a vaga na final da Copa do Brasil destacando a garra do time, que lutou at\u00e9 o fim tentando conquistar a vaga no tempo normal, que n\u00e3o foi poss\u00edvel. Ent\u00e3o, o jeito foi busca a classifica\u00e7\u00e3o na emo\u00e7\u00e3o das penalidades.<\/p>\n<p>\u201cMuita entrega, muita determina\u00e7\u00e3o, muito empenho t\u00e1tico da equipe desde o in\u00edcio da partida. \u00c9 do jeito que a torcida gosta. \u00c9 com emo\u00e7\u00e3o, \u00e9 com garra&#8230; Copa do Brasil \u00e9 a cara do Cruzeiro, mata-mata \u00e9 a cara do Cruzeiro. A torcida compareceu, fez uma linda festa. Merec\u00edamos porque trabalhamos bastante, todo mundo est\u00e1 de parab\u00e9ns. O Gr\u00eamio era tido como o melhor do Brasil, mas conseguimos avan\u00e7ar de fase\u201d, comemorou.<\/p>\n<p>L\u00e9o tamb\u00e9m comentou sobre o Flamengo, advers\u00e1rio da final. \u201cJ\u00e1 enfrentamos eles algumas vezes. \u00c9 final, n\u00e3o tem favorito. Esperamos fazer uma boa final, estar bem preparado para os dois jogos e conseguir o nosso objetivo que \u00e9 ser campe\u00e3o\u201d, finalizou.<\/p>\n","protected":false},"excerpt":{"rendered":"<p>O Cruzeiro conseguiu tirar a vantagem que o Gr\u00eamio construiu no primeiro jogo da semifinal da Copa do Brasil e se classificou ao vencer por 1 a 0 no tempo normal e 3 a 2 nos p\u00eanaltis. Tido como o melhor time do Brasil, o Tricolor Ga\u00facho era apontado como favorito no confronto. Mas o [&hellip;]<\/p>\n","protected":false},"author":2,"featured_media":11440,"comment_status":"closed","ping_status":"open","sticky":false,"template":"","format":"standard","meta":{"advgb_blocks_editor_width":"","advgb_blocks_columns_visual_guide":"","_exactmetrics_skip_tracking":false,"_exactmetrics_sitenote_active":false,"_exactmetrics_sitenote_note":"","_exactmetrics_sitenote_category":0,"footnotes":""},"categories":[3],"tags":[922,908,1703],"class_list":["post-11439","post","type-post","status-publish","format-standard","has-post-thumbnail","hentry","category-esportes","tag-copa-do-brasil","tag-cruzeiro","tag-final"],"better_featured_image":{"id":11440,"alt_text":"","caption":"","description":"","media_type":"image","media_details":{"width":405,"height":272,"file":"2017\/08\/cruzeiro.jpg","sizes":{"thumbnail":{"file":"cruzeiro-150x101.jpg","width":150,"height":101,"mime-type":"image\/jpeg","source_url":"https:\/\/lavras.tv\/site\/wp-content\/uploads\/2017\/08\/cruzeiro-150x101.jpg"},"medium":{"file":"cruzeiro-300x201.jpg","width":300,"height":201,"mime-type":"image\/jpeg","source_url":"https:\/\/lavras.tv\/site\/wp-content\/uploads\/2017\/08\/cruzeiro-300x201.jpg"},"sow-carousel-default":{"file":"cruzeiro-272x182.jpg","width":272,"height":182,"mime-type":"image\/jpeg","source_url":"https:\/\/lavras.tv\/site\/wp-content\/uploads\/2017\/08\/cruzeiro-272x182.jpg"}},"image_meta":{"aperture":"0","credit":"","camera":"","caption":"","created_timestamp":"0","copyright":"","focal_length":"0","iso":"0","shutter_speed":"0","title":"","orientation":"0","keywords":[]}},"post":11439,"source_url":"https:\/\/lavras.tv\/site\/wp-content\/uploads\/2017\/08\/cruzeiro.jpg"},"author_meta":{"display_name":"Lavras TV","author_link":"https:\/\/lavras.tv\/site\/author\/lavrastv\/"},"featured_img":"https:\/\/lavras.tv\/site\/wp-content\/uploads\/2017\/08\/cruzeiro-300x201.jpg","coauthors":[],"tax_additional":{"categories":{"linked":["<a href=\"https:\/\/lavras.tv\/site\/category\/esportes\/\" class=\"advgb-post-tax-term\">Esportes<\/a>"],"unlinked":["<span class=\"advgb-post-tax-term\">Esportes<\/span>"]},"tags":{"linked":["<a href=\"https:\/\/lavras.tv\/site\/category\/esportes\/\" class=\"advgb-post-tax-term\">copa do brasil<\/a>","<a href=\"https:\/\/lavras.tv\/site\/category\/esportes\/\" class=\"advgb-post-tax-term\">cruzeiro<\/a>","<a href=\"https:\/\/lavras.tv\/site\/category\/esportes\/\" class=\"advgb-post-tax-term\">final<\/a>"],"unlinked":["<span class=\"advgb-post-tax-term\">copa do brasil<\/span>","<span class=\"advgb-post-tax-term\">cruzeiro<\/span>","<span class=\"advgb-post-tax-term\">final<\/span>"]}},"comment_count":"0","relative_dates":{"created":"Publicado 9 anos atr\u00e1s","modified":"Atualizado 9 anos atr\u00e1s"},"absolute_dates":{"created":"Publicado em 24 de agosto de 2017","modified":"Atualizado em 24 de agosto de 2017"},"absolute_dates_time":{"created":"Publicado em 24 de agosto de 2017 09:22","modified":"Atualizado em 24 de agosto de 2017 09:22"},"featured_img_caption":"","series_order":"","_links":{"self":[{"href":"https:\/\/lavras.tv\/site\/wp-json\/wp\/v2\/posts\/11439","targetHints":{"allow":["GET"]}}],"collection":[{"href":"https:\/\/lavras.tv\/site\/wp-json\/wp\/v2\/posts"}],"about":[{"href":"https:\/\/lavras.tv\/site\/wp-json\/wp\/v2\/types\/post"}],"author":[{"embeddable":true,"href":"https:\/\/lavras.tv\/site\/wp-json\/wp\/v2\/users\/2"}],"replies":[{"embeddable":true,"href":"https:\/\/lavras.tv\/site\/wp-json\/wp\/v2\/comments?post=11439"}],"version-history":[{"count":2,"href":"https:\/\/lavras.tv\/site\/wp-json\/wp\/v2\/posts\/11439\/revisions"}],"predecessor-version":[{"id":11442,"href":"https:\/\/lavras.tv\/site\/wp-json\/wp\/v2\/posts\/11439\/revisions\/11442"}],"wp:featuredmedia":[{"embeddable":true,"href":"https:\/\/lavras.tv\/site\/wp-json\/wp\/v2\/media\/11440"}],"wp:attachment":[{"href":"https:\/\/lavras.tv\/site\/wp-json\/wp\/v2\/media?parent=11439"}],"wp:term":[{"taxonomy":"category","embeddable":true,"href":"https:\/\/lavras.tv\/site\/wp-json\/wp\/v2\/categories?post=11439"},{"taxonomy":"post_tag","embeddable":true,"href":"https:\/\/lavras.tv\/site\/wp-json\/wp\/v2\/tags?post=11439"}],"curies":[{"name":"wp","href":"https:\/\/api.w.org\/{rel}","templated":true}]}}