{"id":11463,"date":"2017-08-26T09:22:20","date_gmt":"2017-08-26T12:22:20","guid":{"rendered":"http:\/\/lavras.tv\/site\/?p=11463"},"modified":"2017-08-26T09:22:20","modified_gmt":"2017-08-26T12:22:20","slug":"informe-parlamentar-em-brasilia-deputada-damina-se-reune-com-prefeitos-para-debater-o-programa-avancar-cidades","status":"publish","type":"post","link":"https:\/\/lavras.tv\/site\/2017\/08\/26\/informe-parlamentar-em-brasilia-deputada-damina-se-reune-com-prefeitos-para-debater-o-programa-avancar-cidades\/","title":{"rendered":"[Informe Parlamentar] Em Bras\u00edlia, deputada D\u00e2mina se re\u00fane com prefeitos para debater o programa Avan\u00e7ar Cidades"},"content":{"rendered":"<div class=\"lavra-antes-do-conteudo_2\" id=\"lavra-710566790\"><div id=\"lavra-slider-27\" class=\"custom-slider lavra-slider-1860336624 lavra-slider\"><ul><li><div style=\"margin-left: auto;margin-right: auto;text-align: center;\" id=\"lavra-1663993528\"><a href=\"https:\/\/sistemas.lavras.mg.gov.br\/portalcidadao\/#df1b1a7c7b2a290bcb31e32771e610784662739a88807c0dacac58ede5f391a7530e299dc302d611ee73cb143fc22eaf93592e53e7b5bdb01b00a0b8d28dae460c141dd2ff83412e4dc1c31b16b25f33144a9e5620ea73b13f5bc1c59411d98439ad226e8af03840603796067d87afe130812cf3de24982d0e306f9e61e764e5\" aria-label=\"Lavras-TV&#8211;720x104px (1) (1)\"><img src=\"https:\/\/lavras.tv\/site\/wp-content\/uploads\/2025\/01\/Lavras-TV-720x104px-1-1.png\" alt=\"\"  srcset=\"https:\/\/lavras.tv\/site\/wp-content\/uploads\/2025\/01\/Lavras-TV-720x104px-1-1.png 720w, https:\/\/lavras.tv\/site\/wp-content\/uploads\/2025\/01\/Lavras-TV-720x104px-1-1-470x68.png 470w, https:\/\/lavras.tv\/site\/wp-content\/uploads\/2025\/01\/Lavras-TV-720x104px-1-1-170x25.png 170w, https:\/\/lavras.tv\/site\/wp-content\/uploads\/2025\/01\/Lavras-TV-720x104px-1-1-200x29.png 200w\" sizes=\"(max-width: 720px) 100vw, 720px\" width=\"720\" height=\"104\"  style=\"display: inline-block;\" \/><\/a><\/div><\/li><li><a href=\"https:\/\/sistemas.lavras.mg.gov.br\/portalcidadao\/#df1b1a7c7b2a290bcb31e32771e610784662739a88807c0dacac58ede5f391a7530e299dc302d611ee73cb143fc22eaf93592e53e7b5bdb01b00a0b8d28dae460c141dd2ff83412e4dc1c31b16b25f33144a9e5620ea73b13f5bc1c59411d98439ad226e8af03840603796067d87afe130812cf3de24982d0e306f9e61e764e5\" aria-label=\"Banner_Emprego_PortallavrasTV\"><img src=\"https:\/\/lavras.tv\/site\/wp-content\/uploads\/2025\/03\/Banner_Emprego_PortallavrasTV.png\" alt=\"\"  srcset=\"https:\/\/lavras.tv\/site\/wp-content\/uploads\/2025\/03\/Banner_Emprego_PortallavrasTV.png 720w, https:\/\/lavras.tv\/site\/wp-content\/uploads\/2025\/03\/Banner_Emprego_PortallavrasTV-470x68.png 470w, https:\/\/lavras.tv\/site\/wp-content\/uploads\/2025\/03\/Banner_Emprego_PortallavrasTV-170x25.png 170w, https:\/\/lavras.tv\/site\/wp-content\/uploads\/2025\/03\/Banner_Emprego_PortallavrasTV-200x29.png 200w\" sizes=\"(max-width: 720px) 100vw, 720px\" width=\"720\" height=\"104\"   \/><\/a><\/li><li><a href=\"https:\/\/sistemas.lavras.mg.gov.br\/portalcidadao\/#df1b1a7c7b2a290bcb31e32771e610784662739a88807c0dacac58ede5f391a7530e299dc302d611ee73cb143fc22eaf93592e53e7b5bdb01b00a0b8d28dae460c141dd2ff83412e4dc1c31b16b25f33144a9e5620ea73b13f5bc1c59411d98439ad226e8af03840603796067d87afe130812cf3de24982d0e306f9e61e764e5\" aria-label=\"Banner_Obras_PortallavrasTV\"><img src=\"https:\/\/lavras.tv\/site\/wp-content\/uploads\/2025\/03\/Banner_Obras_PortallavrasTV.png\" alt=\"\"  srcset=\"https:\/\/lavras.tv\/site\/wp-content\/uploads\/2025\/03\/Banner_Obras_PortallavrasTV.png 720w, https:\/\/lavras.tv\/site\/wp-content\/uploads\/2025\/03\/Banner_Obras_PortallavrasTV-470x68.png 470w, https:\/\/lavras.tv\/site\/wp-content\/uploads\/2025\/03\/Banner_Obras_PortallavrasTV-170x25.png 170w, https:\/\/lavras.tv\/site\/wp-content\/uploads\/2025\/03\/Banner_Obras_PortallavrasTV-200x29.png 200w\" sizes=\"(max-width: 720px) 100vw, 720px\" width=\"720\" height=\"104\"   \/><\/a><\/li><li><div style=\"margin-left: auto;margin-right: auto;text-align: center;\" id=\"lavra-3777422494\"><a href=\"https:\/\/sistemas.lavras.mg.gov.br\/portalcidadao\/#df1b1a7c7b2a290bcb31e32771e610784662739a88807c0dacac58ede5f391a7530e299dc302d611ee73cb143fc22eaf93592e53e7b5bdb01b00a0b8d28dae460c141dd2ff83412e4dc1c31b16b25f33144a9e5620ea73b13f5bc1c59411d98439ad226e8af03840603796067d87afe130812cf3de24982d0e306f9e61e764e5\" aria-label=\"Banner_Educa\u00e7\u00e3o_PortallavrasTV\"><img src=\"https:\/\/lavras.tv\/site\/wp-content\/uploads\/2025\/01\/Banner_Educacao_PortallavrasTV.png\" alt=\"\"  srcset=\"https:\/\/lavras.tv\/site\/wp-content\/uploads\/2025\/01\/Banner_Educacao_PortallavrasTV.png 720w, https:\/\/lavras.tv\/site\/wp-content\/uploads\/2025\/01\/Banner_Educacao_PortallavrasTV-470x68.png 470w, https:\/\/lavras.tv\/site\/wp-content\/uploads\/2025\/01\/Banner_Educacao_PortallavrasTV-170x25.png 170w, https:\/\/lavras.tv\/site\/wp-content\/uploads\/2025\/01\/Banner_Educacao_PortallavrasTV-200x29.png 200w\" sizes=\"(max-width: 720px) 100vw, 720px\" width=\"720\" height=\"104\"  style=\"display: inline-block;\" \/><\/a><\/div><\/li><li><a href=\"https:\/\/sistemas.lavras.mg.gov.br\/portalcidadao\/#df1b1a7c7b2a290bcb31e32771e610784662739a88807c0dacac58ede5f391a7530e299dc302d611ee73cb143fc22eaf93592e53e7b5bdb01b00a0b8d28dae460c141dd2ff83412e4dc1c31b16b25f33144a9e5620ea73b13f5bc1c59411d98439ad226e8af03840603796067d87afe130812cf3de24982d0e306f9e61e764e5\" aria-label=\"Banner_Sa\u00fade_PortallavrasTV\"><img src=\"https:\/\/lavras.tv\/site\/wp-content\/uploads\/2025\/03\/Banner_Saude_PortallavrasTV.png\" alt=\"\"  srcset=\"https:\/\/lavras.tv\/site\/wp-content\/uploads\/2025\/03\/Banner_Saude_PortallavrasTV.png 720w, https:\/\/lavras.tv\/site\/wp-content\/uploads\/2025\/03\/Banner_Saude_PortallavrasTV-470x68.png 470w, https:\/\/lavras.tv\/site\/wp-content\/uploads\/2025\/03\/Banner_Saude_PortallavrasTV-170x25.png 170w, https:\/\/lavras.tv\/site\/wp-content\/uploads\/2025\/03\/Banner_Saude_PortallavrasTV-200x29.png 200w\" sizes=\"(max-width: 720px) 100vw, 720px\" width=\"720\" height=\"104\"   \/><\/a><\/li><li><div id=\"lavra-2718774952\" style=\"width:720px;height:104px;background-color:#ddd;overflow:scroll;\">\n\t<strong>Sa\u00edda da depura\u00e7\u00e3o de an\u00fancios<\/strong>\n\t<br><br>\n\tO an\u00fancio n\u00e3o \u00e9 exibido na p\u00e1gina<br><br>post atual: [Informe Parlamentar] Em Bras\u00edlia, deputada D\u00e2mina se re\u00fane com prefeitos para debater o programa Avan\u00e7ar Cidades, ID: 11463<br><br><span style=\"color: red;\">O post atual n\u00e3o \u00e9 id\u00eantico ao post principal.<\/span><br><br>An\u00fancios: ROXO - TOPO INTERNA - ROTATIVO 2 (197)<br \/>Grupo de an\u00fancios: Princ_Meio01_720x104 (27)<br><br>Condi\u00e7\u00f5es de exibi\u00e7\u00e3o<div style=\"margin-bottom: 20px; white-space: pre-wrap; font-family: monospace; width: 100%; background: #ffe9e9;\"><strong>condi\u00e7\u00f5es gerais<\/strong><table border=\"1\"><thead><tr><th><\/th><th>An\u00fancios<\/th><th>wp_the_query<\/th><\/tr><\/thead><tr><td>is_main_query<\/td><td>1<\/td><td>1<\/td><\/tr><tr><td>is_rest_api<\/td><td>0<\/td><td>1<\/td><\/tr><tr><td>page<\/td><td>0<\/td><td>1<\/td><\/tr><tr><td>numpages<\/td><td>0<\/td><td>1<\/td><\/tr><tr><td>is_archive<\/td><td>1<\/td><td><\/td><\/tr><tr><td>is_search<\/td><td>1<\/td><td><\/td><\/tr><tr><td>is_home<\/td><td>1<\/td><td><\/td><\/tr><tr><td>is_404<\/td><td>1<\/td><td><\/td><\/tr><tr><td>is_attachment<\/td><td>1<\/td><td><\/td><\/tr><tr><td>is_singular<\/td><td>1<\/td><td><\/td><\/tr><tr><td>is_front_page<\/td><td>1<\/td><td><\/td><\/tr><tr><td>is_feed<\/td><td>1<\/td><td><\/td><\/tr><\/table><\/div><br><br><span style=\"color: red;\">Seu site usa HTTPS, mas o c\u00f3digo do an\u00fancio cont\u00e9m HTTP e pode n\u00e3o funcionar.<\/span>\t<br><br>\n\t<a style=\"color: green;\" href=\"https:\/\/wpadvancedads.com\/manual\/ad-debug-mode\/?utm_source=advanced-ads&utm_medium=link&utm_campaign=ad-debug-mode\" target=\"_blank\" rel=\"nofollow\">Encontre solu\u00e7\u00f5es no manual<\/a>\n<\/div>\n<\/li><\/ul><\/div><script>( window.advanced_ads_ready || jQuery( document ).ready ).call( null, function() {var $lavraslider1860336624 = jQuery( \".lavra-slider-1860336624\" );$lavraslider1860336624.on( \"unslider.ready\", function() { jQuery( \"div.custom-slider ul li\" ).css( \"display\", \"block\" ); });$lavraslider1860336624.unslider({ delay:4000, autoplay:true, nav:false, arrows:false, infinite:true });$lavraslider1860336624.on(\"mouseover\", function() {$lavraslider1860336624.unslider(\"stop\");}).on(\"mouseout\", function() {$lavraslider1860336624.unslider(\"start\");});});<\/script><\/div><p class=\"m_-1545180652693406241gmail-MsoNoSpacing\">A deputada federal D\u00e2mina Pereira (PSL\/MG) se reuniu em Bras\u00edlia, com prefeitos de diferentes munic\u00edpios mineiros\u00a0para tratar do Programa Avan\u00e7ar Cidades &#8211; Mobilidade Urbana.<!--more-->\u00a0O projeto, promovido pelo Minist\u00e9rio das Cidades, t\u00eam como foco pequenos munic\u00edpios de todo o Brasil e visa melhorar a circula\u00e7\u00e3o de pessoas, as condi\u00e7\u00f5es de sa\u00fade e a qualidade de vida da popula\u00e7\u00e3o urbana e rural. Para efetivar essas a\u00e7\u00f5es, o programa vai destinar investimentos \u00e0 universaliza\u00e7\u00e3o e \u00e0 melhoria dos servi\u00e7os p\u00fablicos de saneamento b\u00e1sico.<\/p>\n<p class=\"m_-1545180652693406241gmail-MsoNoSpacing\"><img fetchpriority=\"high\" decoding=\"async\" class=\"alignnone size-full wp-image-11464 aligncenter\" src=\"http:\/\/lavras.tv\/site\/wp-content\/uploads\/2017\/08\/IMG_8878.jpg\" alt=\"IMG_8878\" width=\"5184\" height=\"3456\" srcset=\"https:\/\/lavras.tv\/site\/wp-content\/uploads\/2017\/08\/IMG_8878.jpg 5184w, https:\/\/lavras.tv\/site\/wp-content\/uploads\/2017\/08\/IMG_8878-150x100.jpg 150w, https:\/\/lavras.tv\/site\/wp-content\/uploads\/2017\/08\/IMG_8878-300x200.jpg 300w, https:\/\/lavras.tv\/site\/wp-content\/uploads\/2017\/08\/IMG_8878-1024x683.jpg 1024w, https:\/\/lavras.tv\/site\/wp-content\/uploads\/2017\/08\/IMG_8878-480x320.jpg 480w, https:\/\/lavras.tv\/site\/wp-content\/uploads\/2017\/08\/IMG_8878-272x182.jpg 272w\" sizes=\"(max-width: 5184px) 100vw, 5184px\" \/><\/p>\n<p class=\"m_-1545180652693406241gmail-MsoNoSpacing\">O presidente do Partido Social Liberal em Minas Gerais (PSL\/MG), Carlos Alberto Pereira, falou sobre a import\u00e2ncia do projeto: \u201c\u00c9 importante que todos n\u00f3s desenvolvamos esse trabalho, de tal forma a buscar a qualidade de vida da popula\u00e7\u00e3o e fazer com que os recursos p\u00fablicos possam alavancar o Brasil. Com a aplica\u00e7\u00e3o de forma correta e justa, voltaremos ao n\u00edvel de crescimento que jamais dever\u00edamos ter sa\u00eddo\u201d.<\/p>\n<p class=\"m_-1545180652693406241gmail-MsoNoSpacing\"><img decoding=\"async\" class=\"alignnone size-full wp-image-11465 aligncenter\" src=\"http:\/\/lavras.tv\/site\/wp-content\/uploads\/2017\/08\/IMG_8903.jpg\" alt=\"IMG_8903\" width=\"5184\" height=\"3456\" srcset=\"https:\/\/lavras.tv\/site\/wp-content\/uploads\/2017\/08\/IMG_8903.jpg 5184w, https:\/\/lavras.tv\/site\/wp-content\/uploads\/2017\/08\/IMG_8903-150x100.jpg 150w, https:\/\/lavras.tv\/site\/wp-content\/uploads\/2017\/08\/IMG_8903-300x200.jpg 300w, https:\/\/lavras.tv\/site\/wp-content\/uploads\/2017\/08\/IMG_8903-1024x683.jpg 1024w, https:\/\/lavras.tv\/site\/wp-content\/uploads\/2017\/08\/IMG_8903-480x320.jpg 480w, https:\/\/lavras.tv\/site\/wp-content\/uploads\/2017\/08\/IMG_8903-272x182.jpg 272w\" sizes=\"(max-width: 5184px) 100vw, 5184px\" \/><\/p>\n<p class=\"m_-1545180652693406241gmail-MsoNoSpacing\">D\u00e2mina agradeceu aos prefeitos e assessores que se dispuseram a conhecer o programa e enfatizou a import\u00e2ncia dele para o desenvolvimento das cidades diante da atual recess\u00e3o econ\u00f4mica brasileira. \u201cO Avan\u00e7ar Cidades vem para socorrer todos os nossos munic\u00edpios de tantas dificuldades\u00a0nesse momento de crise,\u00a0em que as cidades precisam de dinheiro para concluir as suas obras. Al\u00e9m disso, o projeto movimenta a economia do nosso pa\u00eds\u201d, salientou.<\/p>\n<p class=\"m_-1545180652693406241gmail-MsoNoSpacing\"><img decoding=\"async\" class=\"alignnone size-full wp-image-11466 aligncenter\" src=\"http:\/\/lavras.tv\/site\/wp-content\/uploads\/2017\/08\/2017-08-23-PHOTO-00000009.jpg\" alt=\"2017-08-23-PHOTO-00000009\" width=\"1280\" height=\"854\" srcset=\"https:\/\/lavras.tv\/site\/wp-content\/uploads\/2017\/08\/2017-08-23-PHOTO-00000009.jpg 1280w, https:\/\/lavras.tv\/site\/wp-content\/uploads\/2017\/08\/2017-08-23-PHOTO-00000009-150x100.jpg 150w, https:\/\/lavras.tv\/site\/wp-content\/uploads\/2017\/08\/2017-08-23-PHOTO-00000009-300x200.jpg 300w, https:\/\/lavras.tv\/site\/wp-content\/uploads\/2017\/08\/2017-08-23-PHOTO-00000009-1024x683.jpg 1024w, https:\/\/lavras.tv\/site\/wp-content\/uploads\/2017\/08\/2017-08-23-PHOTO-00000009-480x320.jpg 480w, https:\/\/lavras.tv\/site\/wp-content\/uploads\/2017\/08\/2017-08-23-PHOTO-00000009-272x182.jpg 272w\" sizes=\"(max-width: 1280px) 100vw, 1280px\" \/><\/p>\n<p class=\"m_-1545180652693406241gmail-MsoNoSpacing\">O evento foi uma iniciativa da deputada D\u00e2mina e do presidente Carlos Alberto Pereira. Contou com a presen\u00e7a do deputado estadual Ant\u00f4nio Jorge e do Secret\u00e1rio de Mobilidade do Minist\u00e9rio das Cidades, Jos\u00e9 Roberto Generoso.\u00a0\u00a0Mais de 100 pessoas, entre eles, prefeitos, vereadores e assessores, ouviram os t\u00e9cnicos do Minist\u00e9rio detalharem cada etapa do Programa Avan\u00e7ar Cidades.<\/p>\n<p class=\"m_-1545180652693406241gmail-MsoNoSpacing\"><img loading=\"lazy\" decoding=\"async\" class=\"alignnone size-full wp-image-11467 aligncenter\" src=\"http:\/\/lavras.tv\/site\/wp-content\/uploads\/2017\/08\/2017-08-23-PHOTO-00000011.jpg\" alt=\"2017-08-23-PHOTO-00000011\" width=\"1280\" height=\"854\" srcset=\"https:\/\/lavras.tv\/site\/wp-content\/uploads\/2017\/08\/2017-08-23-PHOTO-00000011.jpg 1280w, https:\/\/lavras.tv\/site\/wp-content\/uploads\/2017\/08\/2017-08-23-PHOTO-00000011-150x100.jpg 150w, https:\/\/lavras.tv\/site\/wp-content\/uploads\/2017\/08\/2017-08-23-PHOTO-00000011-300x200.jpg 300w, https:\/\/lavras.tv\/site\/wp-content\/uploads\/2017\/08\/2017-08-23-PHOTO-00000011-1024x683.jpg 1024w, https:\/\/lavras.tv\/site\/wp-content\/uploads\/2017\/08\/2017-08-23-PHOTO-00000011-480x320.jpg 480w, https:\/\/lavras.tv\/site\/wp-content\/uploads\/2017\/08\/2017-08-23-PHOTO-00000011-272x182.jpg 272w\" sizes=\"(max-width: 1280px) 100vw, 1280px\" \/><\/p>\n<p class=\"m_-1545180652693406241gmail-MsoNoSpacing\">Fonte: gabinete da deputada D\u00e2mina Pereira<\/p>\n","protected":false},"excerpt":{"rendered":"<p>A deputada federal D\u00e2mina Pereira (PSL\/MG) se reuniu em Bras\u00edlia, com prefeitos de diferentes munic\u00edpios mineiros\u00a0para tratar do Programa Avan\u00e7ar Cidades &#8211; Mobilidade Urbana.<\/p>\n","protected":false},"author":2,"featured_media":11464,"comment_status":"closed","ping_status":"open","sticky":false,"template":"","format":"standard","meta":{"advgb_blocks_editor_width":"","advgb_blocks_columns_visual_guide":"","_exactmetrics_skip_tracking":false,"_exactmetrics_sitenote_active":false,"_exactmetrics_sitenote_note":"","_exactmetrics_sitenote_category":0,"footnotes":""},"categories":[7,12],"tags":[671,1962],"class_list":["post-11463","post","type-post","status-publish","format-standard","has-post-thumbnail","hentry","category-destaques","category-politica","tag-damina-pereira","tag-informe-parlamentar"],"better_featured_image":{"id":11464,"alt_text":"","caption":"","description":"","media_type":"image","media_details":{"width":5184,"height":3456,"file":"2017\/08\/IMG_8878.jpg","sizes":{"thumbnail":{"file":"IMG_8878-150x100.jpg","width":150,"height":100,"mime-type":"image\/jpeg","source_url":"https:\/\/lavras.tv\/site\/wp-content\/uploads\/2017\/08\/IMG_8878-150x100.jpg"},"medium":{"file":"IMG_8878-300x200.jpg","width":300,"height":200,"mime-type":"image\/jpeg","source_url":"https:\/\/lavras.tv\/site\/wp-content\/uploads\/2017\/08\/IMG_8878-300x200.jpg"},"large":{"file":"IMG_8878-1024x683.jpg","width":1024,"height":683,"mime-type":"image\/jpeg","source_url":"https:\/\/lavras.tv\/site\/wp-content\/uploads\/2017\/08\/IMG_8878-1024x683.jpg"},"featured-slider-img":{"file":"IMG_8878-640x480.jpg","width":640,"height":480,"mime-type":"image\/jpeg","source_url":"https:\/\/lavras.tv\/site\/wp-content\/uploads\/2017\/08\/IMG_8878-640x480.jpg"},"featured-post-img":{"file":"IMG_8878-480x320.jpg","width":480,"height":320,"mime-type":"image\/jpeg","source_url":"https:\/\/lavras.tv\/site\/wp-content\/uploads\/2017\/08\/IMG_8878-480x320.jpg"},"sow-carousel-default":{"file":"IMG_8878-272x182.jpg","width":272,"height":182,"mime-type":"image\/jpeg","source_url":"https:\/\/lavras.tv\/site\/wp-content\/uploads\/2017\/08\/IMG_8878-272x182.jpg"}},"image_meta":{"aperture":"5","credit":"","camera":"Canon EOS REBEL T5i","caption":"","created_timestamp":"1503421563","copyright":"","focal_length":"168","iso":"1600","shutter_speed":"0.0166666666667","title":"","orientation":"1","keywords":[]}},"post":11463,"source_url":"https:\/\/lavras.tv\/site\/wp-content\/uploads\/2017\/08\/IMG_8878.jpg"},"author_meta":{"display_name":"Lavras TV","author_link":"https:\/\/lavras.tv\/site\/author\/lavrastv\/"},"featured_img":"https:\/\/lavras.tv\/site\/wp-content\/uploads\/2017\/08\/IMG_8878-300x200.jpg","coauthors":[],"tax_additional":{"categories":{"linked":["<a href=\"https:\/\/lavras.tv\/site\/category\/destaques\/\" class=\"advgb-post-tax-term\">Destaques<\/a>","<a href=\"https:\/\/lavras.tv\/site\/category\/politica\/\" class=\"advgb-post-tax-term\">Pol\u00edtica<\/a>"],"unlinked":["<span class=\"advgb-post-tax-term\">Destaques<\/span>","<span class=\"advgb-post-tax-term\">Pol\u00edtica<\/span>"]},"tags":{"linked":["<a href=\"https:\/\/lavras.tv\/site\/category\/politica\/\" class=\"advgb-post-tax-term\">D\u00e2mina Pereira<\/a>","<a href=\"https:\/\/lavras.tv\/site\/category\/politica\/\" class=\"advgb-post-tax-term\">informe parlamentar<\/a>"],"unlinked":["<span class=\"advgb-post-tax-term\">D\u00e2mina Pereira<\/span>","<span class=\"advgb-post-tax-term\">informe parlamentar<\/span>"]}},"comment_count":"0","relative_dates":{"created":"Publicado 9 anos atr\u00e1s","modified":"Atualizado 9 anos atr\u00e1s"},"absolute_dates":{"created":"Publicado em 26 de agosto de 2017","modified":"Atualizado em 26 de agosto de 2017"},"absolute_dates_time":{"created":"Publicado em 26 de agosto de 2017 09:22","modified":"Atualizado em 26 de agosto de 2017 09:22"},"featured_img_caption":"","series_order":"","_links":{"self":[{"href":"https:\/\/lavras.tv\/site\/wp-json\/wp\/v2\/posts\/11463","targetHints":{"allow":["GET"]}}],"collection":[{"href":"https:\/\/lavras.tv\/site\/wp-json\/wp\/v2\/posts"}],"about":[{"href":"https:\/\/lavras.tv\/site\/wp-json\/wp\/v2\/types\/post"}],"author":[{"embeddable":true,"href":"https:\/\/lavras.tv\/site\/wp-json\/wp\/v2\/users\/2"}],"replies":[{"embeddable":true,"href":"https:\/\/lavras.tv\/site\/wp-json\/wp\/v2\/comments?post=11463"}],"version-history":[{"count":1,"href":"https:\/\/lavras.tv\/site\/wp-json\/wp\/v2\/posts\/11463\/revisions"}],"predecessor-version":[{"id":11468,"href":"https:\/\/lavras.tv\/site\/wp-json\/wp\/v2\/posts\/11463\/revisions\/11468"}],"wp:featuredmedia":[{"embeddable":true,"href":"https:\/\/lavras.tv\/site\/wp-json\/wp\/v2\/media\/11464"}],"wp:attachment":[{"href":"https:\/\/lavras.tv\/site\/wp-json\/wp\/v2\/media?parent=11463"}],"wp:term":[{"taxonomy":"category","embeddable":true,"href":"https:\/\/lavras.tv\/site\/wp-json\/wp\/v2\/categories?post=11463"},{"taxonomy":"post_tag","embeddable":true,"href":"https:\/\/lavras.tv\/site\/wp-json\/wp\/v2\/tags?post=11463"}],"curies":[{"name":"wp","href":"https:\/\/api.w.org\/{rel}","templated":true}]}}