{"id":11522,"date":"2017-08-29T09:42:26","date_gmt":"2017-08-29T12:42:26","guid":{"rendered":"http:\/\/lavras.tv\/site\/?p=11522"},"modified":"2017-08-29T09:42:26","modified_gmt":"2017-08-29T12:42:26","slug":"camara-municipal-de-lavras-comemora-aniversario-e-presta-homenagens","status":"publish","type":"post","link":"https:\/\/lavras.tv\/site\/2017\/08\/29\/camara-municipal-de-lavras-comemora-aniversario-e-presta-homenagens\/","title":{"rendered":"C\u00e2mara Municipal de Lavras comemora anivers\u00e1rio e presta homenagens"},"content":{"rendered":"<div class=\"lavra-antes-do-conteudo_2\" id=\"lavra-882106557\"><div id=\"lavra-slider-27\" class=\"custom-slider lavra-slider-25766546 lavra-slider\"><ul><li><div style=\"margin-left: auto;margin-right: auto;text-align: center;\" id=\"lavra-2231338432\"><a href=\"https:\/\/sistemas.lavras.mg.gov.br\/portalcidadao\/#df1b1a7c7b2a290bcb31e32771e610784662739a88807c0dacac58ede5f391a7530e299dc302d611ee73cb143fc22eaf93592e53e7b5bdb01b00a0b8d28dae460c141dd2ff83412e4dc1c31b16b25f33144a9e5620ea73b13f5bc1c59411d98439ad226e8af03840603796067d87afe130812cf3de24982d0e306f9e61e764e5\" aria-label=\"Lavras-TV&#8211;720x104px (1) (1)\"><img src=\"https:\/\/lavras.tv\/site\/wp-content\/uploads\/2025\/01\/Lavras-TV-720x104px-1-1.png\" alt=\"\"  srcset=\"https:\/\/lavras.tv\/site\/wp-content\/uploads\/2025\/01\/Lavras-TV-720x104px-1-1.png 720w, https:\/\/lavras.tv\/site\/wp-content\/uploads\/2025\/01\/Lavras-TV-720x104px-1-1-470x68.png 470w, https:\/\/lavras.tv\/site\/wp-content\/uploads\/2025\/01\/Lavras-TV-720x104px-1-1-170x25.png 170w, https:\/\/lavras.tv\/site\/wp-content\/uploads\/2025\/01\/Lavras-TV-720x104px-1-1-200x29.png 200w\" sizes=\"(max-width: 720px) 100vw, 720px\" width=\"720\" height=\"104\"  style=\"display: inline-block;\" \/><\/a><\/div><\/li><li><a href=\"https:\/\/sistemas.lavras.mg.gov.br\/portalcidadao\/#df1b1a7c7b2a290bcb31e32771e610784662739a88807c0dacac58ede5f391a7530e299dc302d611ee73cb143fc22eaf93592e53e7b5bdb01b00a0b8d28dae460c141dd2ff83412e4dc1c31b16b25f33144a9e5620ea73b13f5bc1c59411d98439ad226e8af03840603796067d87afe130812cf3de24982d0e306f9e61e764e5\" aria-label=\"Banner_Emprego_PortallavrasTV\"><img src=\"https:\/\/lavras.tv\/site\/wp-content\/uploads\/2025\/03\/Banner_Emprego_PortallavrasTV.png\" alt=\"\"  srcset=\"https:\/\/lavras.tv\/site\/wp-content\/uploads\/2025\/03\/Banner_Emprego_PortallavrasTV.png 720w, https:\/\/lavras.tv\/site\/wp-content\/uploads\/2025\/03\/Banner_Emprego_PortallavrasTV-470x68.png 470w, https:\/\/lavras.tv\/site\/wp-content\/uploads\/2025\/03\/Banner_Emprego_PortallavrasTV-170x25.png 170w, https:\/\/lavras.tv\/site\/wp-content\/uploads\/2025\/03\/Banner_Emprego_PortallavrasTV-200x29.png 200w\" sizes=\"(max-width: 720px) 100vw, 720px\" width=\"720\" height=\"104\"   \/><\/a><\/li><li><a href=\"https:\/\/sistemas.lavras.mg.gov.br\/portalcidadao\/#df1b1a7c7b2a290bcb31e32771e610784662739a88807c0dacac58ede5f391a7530e299dc302d611ee73cb143fc22eaf93592e53e7b5bdb01b00a0b8d28dae460c141dd2ff83412e4dc1c31b16b25f33144a9e5620ea73b13f5bc1c59411d98439ad226e8af03840603796067d87afe130812cf3de24982d0e306f9e61e764e5\" aria-label=\"Banner_Obras_PortallavrasTV\"><img src=\"https:\/\/lavras.tv\/site\/wp-content\/uploads\/2025\/03\/Banner_Obras_PortallavrasTV.png\" alt=\"\"  srcset=\"https:\/\/lavras.tv\/site\/wp-content\/uploads\/2025\/03\/Banner_Obras_PortallavrasTV.png 720w, https:\/\/lavras.tv\/site\/wp-content\/uploads\/2025\/03\/Banner_Obras_PortallavrasTV-470x68.png 470w, https:\/\/lavras.tv\/site\/wp-content\/uploads\/2025\/03\/Banner_Obras_PortallavrasTV-170x25.png 170w, https:\/\/lavras.tv\/site\/wp-content\/uploads\/2025\/03\/Banner_Obras_PortallavrasTV-200x29.png 200w\" sizes=\"(max-width: 720px) 100vw, 720px\" width=\"720\" height=\"104\"   \/><\/a><\/li><li><div style=\"margin-left: auto;margin-right: auto;text-align: center;\" id=\"lavra-2281533457\"><a href=\"https:\/\/sistemas.lavras.mg.gov.br\/portalcidadao\/#df1b1a7c7b2a290bcb31e32771e610784662739a88807c0dacac58ede5f391a7530e299dc302d611ee73cb143fc22eaf93592e53e7b5bdb01b00a0b8d28dae460c141dd2ff83412e4dc1c31b16b25f33144a9e5620ea73b13f5bc1c59411d98439ad226e8af03840603796067d87afe130812cf3de24982d0e306f9e61e764e5\" aria-label=\"Banner_Educa\u00e7\u00e3o_PortallavrasTV\"><img src=\"https:\/\/lavras.tv\/site\/wp-content\/uploads\/2025\/01\/Banner_Educacao_PortallavrasTV.png\" alt=\"\"  srcset=\"https:\/\/lavras.tv\/site\/wp-content\/uploads\/2025\/01\/Banner_Educacao_PortallavrasTV.png 720w, https:\/\/lavras.tv\/site\/wp-content\/uploads\/2025\/01\/Banner_Educacao_PortallavrasTV-470x68.png 470w, https:\/\/lavras.tv\/site\/wp-content\/uploads\/2025\/01\/Banner_Educacao_PortallavrasTV-170x25.png 170w, https:\/\/lavras.tv\/site\/wp-content\/uploads\/2025\/01\/Banner_Educacao_PortallavrasTV-200x29.png 200w\" sizes=\"(max-width: 720px) 100vw, 720px\" width=\"720\" height=\"104\"  style=\"display: inline-block;\" \/><\/a><\/div><\/li><li><a href=\"https:\/\/sistemas.lavras.mg.gov.br\/portalcidadao\/#df1b1a7c7b2a290bcb31e32771e610784662739a88807c0dacac58ede5f391a7530e299dc302d611ee73cb143fc22eaf93592e53e7b5bdb01b00a0b8d28dae460c141dd2ff83412e4dc1c31b16b25f33144a9e5620ea73b13f5bc1c59411d98439ad226e8af03840603796067d87afe130812cf3de24982d0e306f9e61e764e5\" aria-label=\"Banner_Sa\u00fade_PortallavrasTV\"><img src=\"https:\/\/lavras.tv\/site\/wp-content\/uploads\/2025\/03\/Banner_Saude_PortallavrasTV.png\" alt=\"\"  srcset=\"https:\/\/lavras.tv\/site\/wp-content\/uploads\/2025\/03\/Banner_Saude_PortallavrasTV.png 720w, https:\/\/lavras.tv\/site\/wp-content\/uploads\/2025\/03\/Banner_Saude_PortallavrasTV-470x68.png 470w, https:\/\/lavras.tv\/site\/wp-content\/uploads\/2025\/03\/Banner_Saude_PortallavrasTV-170x25.png 170w, https:\/\/lavras.tv\/site\/wp-content\/uploads\/2025\/03\/Banner_Saude_PortallavrasTV-200x29.png 200w\" sizes=\"(max-width: 720px) 100vw, 720px\" width=\"720\" height=\"104\"   \/><\/a><\/li><li><div id=\"lavra-1665465059\" style=\"width:720px;height:104px;background-color:#ddd;overflow:scroll;\">\n\t<strong>Sa\u00edda da depura\u00e7\u00e3o de an\u00fancios<\/strong>\n\t<br><br>\n\tO an\u00fancio n\u00e3o \u00e9 exibido na p\u00e1gina<br><br>post atual: C\u00e2mara Municipal de Lavras comemora anivers\u00e1rio e presta homenagens, ID: 11522<br><br><span style=\"color: red;\">O post atual n\u00e3o \u00e9 id\u00eantico ao post principal.<\/span><br><br>An\u00fancios: ROXO - TOPO INTERNA - ROTATIVO 2 (197)<br \/>Grupo de an\u00fancios: Princ_Meio01_720x104 (27)<br><br>Condi\u00e7\u00f5es de exibi\u00e7\u00e3o<div style=\"margin-bottom: 20px; white-space: pre-wrap; font-family: monospace; width: 100%; background: #ffe9e9;\"><strong>condi\u00e7\u00f5es gerais<\/strong><table border=\"1\"><thead><tr><th><\/th><th>An\u00fancios<\/th><th>wp_the_query<\/th><\/tr><\/thead><tr><td>is_main_query<\/td><td>1<\/td><td>1<\/td><\/tr><tr><td>is_rest_api<\/td><td>0<\/td><td>1<\/td><\/tr><tr><td>page<\/td><td>0<\/td><td>1<\/td><\/tr><tr><td>numpages<\/td><td>0<\/td><td>1<\/td><\/tr><tr><td>is_archive<\/td><td>1<\/td><td><\/td><\/tr><tr><td>is_search<\/td><td>1<\/td><td><\/td><\/tr><tr><td>is_home<\/td><td>1<\/td><td><\/td><\/tr><tr><td>is_404<\/td><td>1<\/td><td><\/td><\/tr><tr><td>is_attachment<\/td><td>1<\/td><td><\/td><\/tr><tr><td>is_singular<\/td><td>1<\/td><td><\/td><\/tr><tr><td>is_front_page<\/td><td>1<\/td><td><\/td><\/tr><tr><td>is_feed<\/td><td>1<\/td><td><\/td><\/tr><\/table><\/div><br><br><span style=\"color: red;\">Seu site usa HTTPS, mas o c\u00f3digo do an\u00fancio cont\u00e9m HTTP e pode n\u00e3o funcionar.<\/span>\t<br><br>\n\t<a style=\"color: green;\" href=\"https:\/\/wpadvancedads.com\/manual\/ad-debug-mode\/?utm_source=advanced-ads&utm_medium=link&utm_campaign=ad-debug-mode\" target=\"_blank\" rel=\"nofollow\">Encontre solu\u00e7\u00f5es no manual<\/a>\n<\/div>\n<\/li><\/ul><\/div><script>( window.advanced_ads_ready || jQuery( document ).ready ).call( null, function() {var $lavraslider25766546 = jQuery( \".lavra-slider-25766546\" );$lavraslider25766546.on( \"unslider.ready\", function() { jQuery( \"div.custom-slider ul li\" ).css( \"display\", \"block\" ); });$lavraslider25766546.unslider({ delay:4000, autoplay:true, nav:false, arrows:false, infinite:true });$lavraslider25766546.on(\"mouseover\", function() {$lavraslider25766546.unslider(\"stop\");}).on(\"mouseout\", function() {$lavraslider25766546.unslider(\"start\");});});<\/script><\/div><p>A C\u00e2mara Municipal de Lavras comemorou seus 185 anos na \u00faltima semana. <!--more-->A programa\u00e7\u00e3o comemorativa contou com diversas atividades realizadas de segunda-feira a s\u00e1bado. No dia 26, foi realizada a entrega de T\u00edtulos de Cidadania Honor\u00e1ria e Honra ao M\u00e9rito. Alguns funcion\u00e1rios do poder Executivo foram homenageados, dentre diversas autoridades e empresariado.<\/p>\n<p><img fetchpriority=\"high\" decoding=\"async\" class=\"alignnone size-full wp-image-11523 aligncenter\" src=\"http:\/\/lavras.tv\/site\/wp-content\/uploads\/2017\/08\/Diploma\u00e7\u00e3o-004.jpg\" alt=\"Diploma\u00e7\u00e3o 004\" width=\"2144\" height=\"1424\" srcset=\"https:\/\/lavras.tv\/site\/wp-content\/uploads\/2017\/08\/Diploma\u00e7\u00e3o-004.jpg 2144w, https:\/\/lavras.tv\/site\/wp-content\/uploads\/2017\/08\/Diploma\u00e7\u00e3o-004-150x100.jpg 150w, https:\/\/lavras.tv\/site\/wp-content\/uploads\/2017\/08\/Diploma\u00e7\u00e3o-004-300x199.jpg 300w, https:\/\/lavras.tv\/site\/wp-content\/uploads\/2017\/08\/Diploma\u00e7\u00e3o-004-1024x680.jpg 1024w, https:\/\/lavras.tv\/site\/wp-content\/uploads\/2017\/08\/Diploma\u00e7\u00e3o-004-480x320.jpg 480w, https:\/\/lavras.tv\/site\/wp-content\/uploads\/2017\/08\/Diploma\u00e7\u00e3o-004-272x182.jpg 272w\" sizes=\"(max-width: 2144px) 100vw, 2144px\" \/><\/p>\n<p>A programa\u00e7\u00e3o de anivers\u00e1rio contou com Reuni\u00e3o Ordin\u00e1ria Solene; inaugura\u00e7\u00e3o de \u201cMemorial Hist\u00f3rico\u201d; visita de alunos das Escolas Municipais; \u201c2\u00aa Gincana do Mais Saber\u201d com participa\u00e7\u00e3o da C\u00e2mara Mirim; Palestras; Ch\u00e1 Beneficente; noite festiva com a participa\u00e7\u00e3o da ALAC (Associa\u00e7\u00e3o Lavrense dos Artes\u00e3os e Arte Culin\u00e1ria); e entrega de t\u00edtulos.<\/p>\n<p>A cerim\u00f4nia de entrega de homenagens foi realizada no audit\u00f3rio do Unilavras e teve in\u00edcio com a composi\u00e7\u00e3o da mesa de autoridades \u00e0s 16h de s\u00e1bado, dia 26. Em seguida, o hino nacional foi executado de forma emocionada. O chefe do Executivo prestou sua homenagem, falando sobre a esperan\u00e7a de mudan\u00e7as positivas. O presidente da C\u00e2mara tamb\u00e9m discursou sobre o anivers\u00e1rio da C\u00e2mara.<\/p>\n<p><img decoding=\"async\" class=\"alignnone size-full wp-image-11524 aligncenter\" src=\"http:\/\/lavras.tv\/site\/wp-content\/uploads\/2017\/08\/Diploma\u00e7\u00e3o-001-e1504010493535.jpg\" alt=\"Diploma\u00e7\u00e3o 001\" width=\"1945\" height=\"1141\" srcset=\"https:\/\/lavras.tv\/site\/wp-content\/uploads\/2017\/08\/Diploma\u00e7\u00e3o-001-e1504010493535.jpg 1945w, https:\/\/lavras.tv\/site\/wp-content\/uploads\/2017\/08\/Diploma\u00e7\u00e3o-001-e1504010493535-150x88.jpg 150w, https:\/\/lavras.tv\/site\/wp-content\/uploads\/2017\/08\/Diploma\u00e7\u00e3o-001-e1504010493535-300x176.jpg 300w, https:\/\/lavras.tv\/site\/wp-content\/uploads\/2017\/08\/Diploma\u00e7\u00e3o-001-e1504010493535-1024x601.jpg 1024w\" sizes=\"(max-width: 1945px) 100vw, 1945px\" \/><\/p>\n<p>Ap\u00f3s os discursos, foram entregues os diplomas e t\u00edtulos. Foram homenageados:<\/p>\n<p><b><strong>Diploma de Honra ao M\u00e9rito<\/strong><\/b><\/p>\n<p>Academia Sa\u00fade Fitness;<\/p>\n<p>Academia Thor Fight Club;<\/p>\n<p>Ant\u00f4nio M\u00e1rcio Correa;<\/p>\n<p>Armaz\u00e9m da Ra\u00e7\u00e3o;<\/p>\n<p>Carlos Alberto Silva;<\/p>\n<p>Casa de Transforma\u00e7\u00e3o Bet\u00e2nia;<\/p>\n<p>Douglas Henrique Fernandes de Almeida;<\/p>\n<p>Empresa Copyuai;<\/p>\n<p>Evaldo Bastos;<\/p>\n<p>Gerson Elieser Cotta;<\/p>\n<p>Grupo Escoteiro Acau\u00e3;<\/p>\n<p>Grupo Gente do Bem;<\/p>\n<p>Jo\u00e3o Carlos Gouv\u00eaa;<\/p>\n<p>Jos\u00e9 Carlos Rodrigues;<\/p>\n<p>Loja Ma\u00e7\u00f4nica Vinte de Julho n\u00ba 236;<\/p>\n<p>Maria Concei\u00e7\u00e3o de Souza;<\/p>\n<p>M\u00e1rio da Costa Lima Filho;<\/p>\n<p>Mateus Domingos Maria Soares;<\/p>\n<p>Nadir Naide Ferreira;<\/p>\n<p>Nelson Rog\u00e9rio Barbosa;<\/p>\n<p>Rodrigo Lucas Pacheco;<\/p>\n<p>Rodrigo Vicente Gualberto; e<\/p>\n<p>Suyene Carvalho dos Santos.<\/p>\n<p>&nbsp;<\/p>\n<p><b><strong>T\u00edtulo de Cidadania Honor\u00e1rio<\/strong><\/b><\/p>\n<p>Accacio Jos\u00e9 Carvalho Alves;<\/p>\n<p>Adilson Ramos;<\/p>\n<p>Adriane Coutinho Barbosa Bandeira;<\/p>\n<p>Alo\u00edsio Soares de Lima J\u00fanior;<\/p>\n<p>\u00c2ngela Faria de Paula Lima;<\/p>\n<p>Ant\u00f4nio Firmino Neto;<\/p>\n<p>Carlos Andr\u00e9 Mesquita;<\/p>\n<p>Carlos Eduardo Silva Volpato;<\/p>\n<p>Cintia Cristina Fernandes;<\/p>\n<p>Daniel Educardo Catanzaro Lacreta;<\/p>\n<p>Edna Maria de Almeida Cotta;<\/p>\n<p>Espedito Ramiro da Silva;<\/p>\n<p>F\u00e1bio Domingues de Jesus;<\/p>\n<p>Fl\u00e1vio Brum Lug\u00e3o;<\/p>\n<p>Florian Augusto Coutinho Madruga;<\/p>\n<p>Galeno Antunes Garcia;<\/p>\n<p>Islei Lane Fonseca;<\/p>\n<p>Jaqueline Aparecida Fr\u00e1guas;<\/p>\n<p>Jeferson Otaviano da Silva \u2013 1\u00ba Sargento;<\/p>\n<p>Joana Darc Viveiros Cardoso Brito;<\/p>\n<p>Jos\u00e9 Maria de Souza;<\/p>\n<p>Jos\u00e9 Roberto Moreira Franco;<\/p>\n<p>L\u00e1zaro Emanuel Franco Salles;<\/p>\n<p>Leosmar Raimundo Amaral;<\/p>\n<p>Luiz Gonzaga Gomes Rodrigues;<\/p>\n<p>Marcelo Vilela Guerra;<\/p>\n<p>Maria \u00c2ngela Fargnoli Goulart;<\/p>\n<p>Maria de F\u00e1tima Vicente Silva;<\/p>\n<p>Marlene Maria de Resende Costa;<\/p>\n<p>Renato Pereira Nunes;<\/p>\n<p>Romara Altino Machado Dias Barbosa;<\/p>\n<p>Romero Faria Barcelos;<\/p>\n<p>S\u00e9rgio Silva Castanheira;<\/p>\n<p>Talles Silva Monteiro;<\/p>\n<p>Valdeci Fernandes Rios;<\/p>\n<p>Valdeci Zampieri;<\/p>\n<p>V\u00e2nia L\u00facia Cordeiro Mendes; e<\/p>\n<p>Vitor da Silva.<\/p>\n<p>&nbsp;<\/p>\n<p>Fonte: Prefeitura de Lavras<\/p>\n","protected":false},"excerpt":{"rendered":"<p>A C\u00e2mara Municipal de Lavras comemorou seus 185 anos na \u00faltima semana.<\/p>\n","protected":false},"author":2,"featured_media":11524,"comment_status":"closed","ping_status":"open","sticky":false,"template":"","format":"standard","meta":{"advgb_blocks_editor_width":"","advgb_blocks_columns_visual_guide":"","_exactmetrics_skip_tracking":false,"_exactmetrics_sitenote_active":false,"_exactmetrics_sitenote_note":"","_exactmetrics_sitenote_category":0,"footnotes":""},"categories":[7,12],"tags":[2438,1457,3899,1705,3900,405],"class_list":["post-11522","post","type-post","status-publish","format-standard","has-post-thumbnail","hentry","category-destaques","category-politica","tag-aniversario","tag-camara-de-lavras","tag-cidadao-honorario","tag-homenagens","tag-honra-ao-merito","tag-unilavras"],"better_featured_image":{"id":11524,"alt_text":"","caption":"","description":"","media_type":"image","media_details":{"width":1945,"height":1141,"file":"2017\/08\/Diploma\u00e7\u00e3o-001-e1504010493535.jpg","sizes":{"thumbnail":{"file":"Diploma\u00e7\u00e3o-001-e1504010493535-150x88.jpg","width":150,"height":88,"mime-type":"image\/jpeg","source_url":"https:\/\/lavras.tv\/site\/wp-content\/uploads\/2017\/08\/Diploma\u00e7\u00e3o-001-e1504010493535-150x88.jpg"},"medium":{"file":"Diploma\u00e7\u00e3o-001-e1504010493535-300x176.jpg","width":300,"height":176,"mime-type":"image\/jpeg","source_url":"https:\/\/lavras.tv\/site\/wp-content\/uploads\/2017\/08\/Diploma\u00e7\u00e3o-001-e1504010493535-300x176.jpg"},"large":{"file":"Diploma\u00e7\u00e3o-001-e1504010493535-1024x601.jpg","width":1024,"height":601,"mime-type":"image\/jpeg","source_url":"https:\/\/lavras.tv\/site\/wp-content\/uploads\/2017\/08\/Diploma\u00e7\u00e3o-001-e1504010493535-1024x601.jpg"},"featured-slider-img":{"file":"Diploma\u00e7\u00e3o-001-e1504010493535-640x480.jpg","width":640,"height":480,"mime-type":"image\/jpeg","source_url":"https:\/\/lavras.tv\/site\/wp-content\/uploads\/2017\/08\/Diploma\u00e7\u00e3o-001-e1504010493535-640x480.jpg"},"featured-post-img":{"file":"Diploma\u00e7\u00e3o-001-e1504010493535-480x320.jpg","width":480,"height":320,"mime-type":"image\/jpeg","source_url":"https:\/\/lavras.tv\/site\/wp-content\/uploads\/2017\/08\/Diploma\u00e7\u00e3o-001-e1504010493535-480x320.jpg"},"sow-carousel-default":{"file":"Diploma\u00e7\u00e3o-001-e1504010493535-272x182.jpg","width":272,"height":182,"mime-type":"image\/jpeg","source_url":"https:\/\/lavras.tv\/site\/wp-content\/uploads\/2017\/08\/Diploma\u00e7\u00e3o-001-e1504010493535-272x182.jpg"}},"image_meta":{"aperture":"5.6","credit":"","camera":"NIKON D90","caption":"","created_timestamp":"1503751386","copyright":"","focal_length":"40","iso":"2500","shutter_speed":"0.0166666666667","title":"","orientation":"1","keywords":[]}},"post":11522,"source_url":"https:\/\/lavras.tv\/site\/wp-content\/uploads\/2017\/08\/Diploma\u00e7\u00e3o-001-e1504010493535.jpg"},"author_meta":{"display_name":"Lavras TV","author_link":"https:\/\/lavras.tv\/site\/author\/lavrastv\/"},"featured_img":"https:\/\/lavras.tv\/site\/wp-content\/uploads\/2017\/08\/Diploma\u00e7\u00e3o-001-e1504010493535-300x176.jpg","coauthors":[],"tax_additional":{"categories":{"linked":["<a href=\"https:\/\/lavras.tv\/site\/category\/destaques\/\" class=\"advgb-post-tax-term\">Destaques<\/a>","<a href=\"https:\/\/lavras.tv\/site\/category\/politica\/\" class=\"advgb-post-tax-term\">Pol\u00edtica<\/a>"],"unlinked":["<span class=\"advgb-post-tax-term\">Destaques<\/span>","<span class=\"advgb-post-tax-term\">Pol\u00edtica<\/span>"]},"tags":{"linked":["<a href=\"https:\/\/lavras.tv\/site\/category\/politica\/\" class=\"advgb-post-tax-term\">anivers\u00e1rio<\/a>","<a href=\"https:\/\/lavras.tv\/site\/category\/politica\/\" class=\"advgb-post-tax-term\">C\u00e2mara de Lavras<\/a>","<a href=\"https:\/\/lavras.tv\/site\/category\/politica\/\" class=\"advgb-post-tax-term\">cidad\u00e3o honor\u00e1rio<\/a>","<a href=\"https:\/\/lavras.tv\/site\/category\/politica\/\" class=\"advgb-post-tax-term\">homenagens<\/a>","<a href=\"https:\/\/lavras.tv\/site\/category\/politica\/\" class=\"advgb-post-tax-term\">honra ao m\u00e9rito<\/a>","<a href=\"https:\/\/lavras.tv\/site\/category\/politica\/\" class=\"advgb-post-tax-term\">unilavras<\/a>"],"unlinked":["<span class=\"advgb-post-tax-term\">anivers\u00e1rio<\/span>","<span class=\"advgb-post-tax-term\">C\u00e2mara de Lavras<\/span>","<span class=\"advgb-post-tax-term\">cidad\u00e3o honor\u00e1rio<\/span>","<span class=\"advgb-post-tax-term\">homenagens<\/span>","<span class=\"advgb-post-tax-term\">honra ao m\u00e9rito<\/span>","<span class=\"advgb-post-tax-term\">unilavras<\/span>"]}},"comment_count":"0","relative_dates":{"created":"Publicado 9 anos atr\u00e1s","modified":"Atualizado 9 anos atr\u00e1s"},"absolute_dates":{"created":"Publicado em 29 de agosto de 2017","modified":"Atualizado em 29 de agosto de 2017"},"absolute_dates_time":{"created":"Publicado em 29 de agosto de 2017 09:42","modified":"Atualizado em 29 de agosto de 2017 09:42"},"featured_img_caption":"","series_order":"","_links":{"self":[{"href":"https:\/\/lavras.tv\/site\/wp-json\/wp\/v2\/posts\/11522","targetHints":{"allow":["GET"]}}],"collection":[{"href":"https:\/\/lavras.tv\/site\/wp-json\/wp\/v2\/posts"}],"about":[{"href":"https:\/\/lavras.tv\/site\/wp-json\/wp\/v2\/types\/post"}],"author":[{"embeddable":true,"href":"https:\/\/lavras.tv\/site\/wp-json\/wp\/v2\/users\/2"}],"replies":[{"embeddable":true,"href":"https:\/\/lavras.tv\/site\/wp-json\/wp\/v2\/comments?post=11522"}],"version-history":[{"count":1,"href":"https:\/\/lavras.tv\/site\/wp-json\/wp\/v2\/posts\/11522\/revisions"}],"predecessor-version":[{"id":11525,"href":"https:\/\/lavras.tv\/site\/wp-json\/wp\/v2\/posts\/11522\/revisions\/11525"}],"wp:featuredmedia":[{"embeddable":true,"href":"https:\/\/lavras.tv\/site\/wp-json\/wp\/v2\/media\/11524"}],"wp:attachment":[{"href":"https:\/\/lavras.tv\/site\/wp-json\/wp\/v2\/media?parent=11522"}],"wp:term":[{"taxonomy":"category","embeddable":true,"href":"https:\/\/lavras.tv\/site\/wp-json\/wp\/v2\/categories?post=11522"},{"taxonomy":"post_tag","embeddable":true,"href":"https:\/\/lavras.tv\/site\/wp-json\/wp\/v2\/tags?post=11522"}],"curies":[{"name":"wp","href":"https:\/\/api.w.org\/{rel}","templated":true}]}}