{"id":11537,"date":"2017-08-30T09:04:32","date_gmt":"2017-08-30T12:04:32","guid":{"rendered":"http:\/\/lavras.tv\/site\/?p=11537"},"modified":"2017-08-30T09:04:32","modified_gmt":"2017-08-30T12:04:32","slug":"informe-parlamentar-centro-de-tratamento-oncologico-de-lavras-deputada-damina-solicita-inclusao-da-santa-casa-no-plano-de-radioterapia-do-sus","status":"publish","type":"post","link":"https:\/\/lavras.tv\/site\/2017\/08\/30\/informe-parlamentar-centro-de-tratamento-oncologico-de-lavras-deputada-damina-solicita-inclusao-da-santa-casa-no-plano-de-radioterapia-do-sus\/","title":{"rendered":"[Informe Parlamentar] Centro de Tratamento Oncol\u00f3gico de Lavras: Deputada D\u00e2mina solicita inclus\u00e3o da Santa Casa no Plano de Radioterapia do SUS"},"content":{"rendered":"<div class=\"lavra-antes-do-conteudo_2\" id=\"lavra-670168893\"><div id=\"lavra-slider-27\" class=\"custom-slider lavra-slider-2751674081 lavra-slider\"><ul><li><div style=\"margin-left: auto;margin-right: auto;text-align: center;\" id=\"lavra-3044754239\"><a href=\"https:\/\/sistemas.lavras.mg.gov.br\/portalcidadao\/#df1b1a7c7b2a290bcb31e32771e610784662739a88807c0dacac58ede5f391a7530e299dc302d611ee73cb143fc22eaf93592e53e7b5bdb01b00a0b8d28dae460c141dd2ff83412e4dc1c31b16b25f33144a9e5620ea73b13f5bc1c59411d98439ad226e8af03840603796067d87afe130812cf3de24982d0e306f9e61e764e5\" aria-label=\"Lavras-TV&#8211;720x104px (1) (1)\"><img src=\"https:\/\/lavras.tv\/site\/wp-content\/uploads\/2025\/01\/Lavras-TV-720x104px-1-1.png\" alt=\"\"  srcset=\"https:\/\/lavras.tv\/site\/wp-content\/uploads\/2025\/01\/Lavras-TV-720x104px-1-1.png 720w, https:\/\/lavras.tv\/site\/wp-content\/uploads\/2025\/01\/Lavras-TV-720x104px-1-1-470x68.png 470w, https:\/\/lavras.tv\/site\/wp-content\/uploads\/2025\/01\/Lavras-TV-720x104px-1-1-170x25.png 170w, https:\/\/lavras.tv\/site\/wp-content\/uploads\/2025\/01\/Lavras-TV-720x104px-1-1-200x29.png 200w\" sizes=\"(max-width: 720px) 100vw, 720px\" width=\"720\" height=\"104\"  style=\"display: inline-block;\" \/><\/a><\/div><\/li><li><a href=\"https:\/\/sistemas.lavras.mg.gov.br\/portalcidadao\/#df1b1a7c7b2a290bcb31e32771e610784662739a88807c0dacac58ede5f391a7530e299dc302d611ee73cb143fc22eaf93592e53e7b5bdb01b00a0b8d28dae460c141dd2ff83412e4dc1c31b16b25f33144a9e5620ea73b13f5bc1c59411d98439ad226e8af03840603796067d87afe130812cf3de24982d0e306f9e61e764e5\" aria-label=\"Banner_Emprego_PortallavrasTV\"><img src=\"https:\/\/lavras.tv\/site\/wp-content\/uploads\/2025\/03\/Banner_Emprego_PortallavrasTV.png\" alt=\"\"  srcset=\"https:\/\/lavras.tv\/site\/wp-content\/uploads\/2025\/03\/Banner_Emprego_PortallavrasTV.png 720w, https:\/\/lavras.tv\/site\/wp-content\/uploads\/2025\/03\/Banner_Emprego_PortallavrasTV-470x68.png 470w, https:\/\/lavras.tv\/site\/wp-content\/uploads\/2025\/03\/Banner_Emprego_PortallavrasTV-170x25.png 170w, https:\/\/lavras.tv\/site\/wp-content\/uploads\/2025\/03\/Banner_Emprego_PortallavrasTV-200x29.png 200w\" sizes=\"(max-width: 720px) 100vw, 720px\" width=\"720\" height=\"104\"   \/><\/a><\/li><li><a href=\"https:\/\/sistemas.lavras.mg.gov.br\/portalcidadao\/#df1b1a7c7b2a290bcb31e32771e610784662739a88807c0dacac58ede5f391a7530e299dc302d611ee73cb143fc22eaf93592e53e7b5bdb01b00a0b8d28dae460c141dd2ff83412e4dc1c31b16b25f33144a9e5620ea73b13f5bc1c59411d98439ad226e8af03840603796067d87afe130812cf3de24982d0e306f9e61e764e5\" aria-label=\"Banner_Obras_PortallavrasTV\"><img src=\"https:\/\/lavras.tv\/site\/wp-content\/uploads\/2025\/03\/Banner_Obras_PortallavrasTV.png\" alt=\"\"  srcset=\"https:\/\/lavras.tv\/site\/wp-content\/uploads\/2025\/03\/Banner_Obras_PortallavrasTV.png 720w, https:\/\/lavras.tv\/site\/wp-content\/uploads\/2025\/03\/Banner_Obras_PortallavrasTV-470x68.png 470w, https:\/\/lavras.tv\/site\/wp-content\/uploads\/2025\/03\/Banner_Obras_PortallavrasTV-170x25.png 170w, https:\/\/lavras.tv\/site\/wp-content\/uploads\/2025\/03\/Banner_Obras_PortallavrasTV-200x29.png 200w\" sizes=\"(max-width: 720px) 100vw, 720px\" width=\"720\" height=\"104\"   \/><\/a><\/li><li><div style=\"margin-left: auto;margin-right: auto;text-align: center;\" id=\"lavra-2382525631\"><a href=\"https:\/\/sistemas.lavras.mg.gov.br\/portalcidadao\/#df1b1a7c7b2a290bcb31e32771e610784662739a88807c0dacac58ede5f391a7530e299dc302d611ee73cb143fc22eaf93592e53e7b5bdb01b00a0b8d28dae460c141dd2ff83412e4dc1c31b16b25f33144a9e5620ea73b13f5bc1c59411d98439ad226e8af03840603796067d87afe130812cf3de24982d0e306f9e61e764e5\" aria-label=\"Banner_Educa\u00e7\u00e3o_PortallavrasTV\"><img src=\"https:\/\/lavras.tv\/site\/wp-content\/uploads\/2025\/01\/Banner_Educacao_PortallavrasTV.png\" alt=\"\"  srcset=\"https:\/\/lavras.tv\/site\/wp-content\/uploads\/2025\/01\/Banner_Educacao_PortallavrasTV.png 720w, https:\/\/lavras.tv\/site\/wp-content\/uploads\/2025\/01\/Banner_Educacao_PortallavrasTV-470x68.png 470w, https:\/\/lavras.tv\/site\/wp-content\/uploads\/2025\/01\/Banner_Educacao_PortallavrasTV-170x25.png 170w, https:\/\/lavras.tv\/site\/wp-content\/uploads\/2025\/01\/Banner_Educacao_PortallavrasTV-200x29.png 200w\" sizes=\"(max-width: 720px) 100vw, 720px\" width=\"720\" height=\"104\"  style=\"display: inline-block;\" \/><\/a><\/div><\/li><li><a href=\"https:\/\/sistemas.lavras.mg.gov.br\/portalcidadao\/#df1b1a7c7b2a290bcb31e32771e610784662739a88807c0dacac58ede5f391a7530e299dc302d611ee73cb143fc22eaf93592e53e7b5bdb01b00a0b8d28dae460c141dd2ff83412e4dc1c31b16b25f33144a9e5620ea73b13f5bc1c59411d98439ad226e8af03840603796067d87afe130812cf3de24982d0e306f9e61e764e5\" aria-label=\"Banner_Sa\u00fade_PortallavrasTV\"><img src=\"https:\/\/lavras.tv\/site\/wp-content\/uploads\/2025\/03\/Banner_Saude_PortallavrasTV.png\" alt=\"\"  srcset=\"https:\/\/lavras.tv\/site\/wp-content\/uploads\/2025\/03\/Banner_Saude_PortallavrasTV.png 720w, https:\/\/lavras.tv\/site\/wp-content\/uploads\/2025\/03\/Banner_Saude_PortallavrasTV-470x68.png 470w, https:\/\/lavras.tv\/site\/wp-content\/uploads\/2025\/03\/Banner_Saude_PortallavrasTV-170x25.png 170w, https:\/\/lavras.tv\/site\/wp-content\/uploads\/2025\/03\/Banner_Saude_PortallavrasTV-200x29.png 200w\" sizes=\"(max-width: 720px) 100vw, 720px\" width=\"720\" height=\"104\"   \/><\/a><\/li><li><div id=\"lavra-536294214\" style=\"width:720px;height:104px;background-color:#ddd;overflow:scroll;\">\n\t<strong>Sa\u00edda da depura\u00e7\u00e3o de an\u00fancios<\/strong>\n\t<br><br>\n\tO an\u00fancio n\u00e3o \u00e9 exibido na p\u00e1gina<br><br>post atual: [Informe Parlamentar] Centro de Tratamento Oncol\u00f3gico de Lavras: Deputada D\u00e2mina solicita inclus\u00e3o da Santa Casa no Plano de Radioterapia do SUS, ID: 11537<br><br><span style=\"color: red;\">O post atual n\u00e3o \u00e9 id\u00eantico ao post principal.<\/span><br><br>An\u00fancios: ROXO - TOPO INTERNA - ROTATIVO 2 (197)<br \/>Grupo de an\u00fancios: Princ_Meio01_720x104 (27)<br><br>Condi\u00e7\u00f5es de exibi\u00e7\u00e3o<div style=\"margin-bottom: 20px; white-space: pre-wrap; font-family: monospace; width: 100%; background: #ffe9e9;\"><strong>condi\u00e7\u00f5es gerais<\/strong><table border=\"1\"><thead><tr><th><\/th><th>An\u00fancios<\/th><th>wp_the_query<\/th><\/tr><\/thead><tr><td>is_main_query<\/td><td>1<\/td><td>1<\/td><\/tr><tr><td>is_rest_api<\/td><td>0<\/td><td>1<\/td><\/tr><tr><td>page<\/td><td>0<\/td><td>1<\/td><\/tr><tr><td>numpages<\/td><td>0<\/td><td>1<\/td><\/tr><tr><td>is_archive<\/td><td>1<\/td><td><\/td><\/tr><tr><td>is_search<\/td><td>1<\/td><td><\/td><\/tr><tr><td>is_home<\/td><td>1<\/td><td><\/td><\/tr><tr><td>is_404<\/td><td>1<\/td><td><\/td><\/tr><tr><td>is_attachment<\/td><td>1<\/td><td><\/td><\/tr><tr><td>is_singular<\/td><td>1<\/td><td><\/td><\/tr><tr><td>is_front_page<\/td><td>1<\/td><td><\/td><\/tr><tr><td>is_feed<\/td><td>1<\/td><td><\/td><\/tr><\/table><\/div><br><br><span style=\"color: red;\">Seu site usa HTTPS, mas o c\u00f3digo do an\u00fancio cont\u00e9m HTTP e pode n\u00e3o funcionar.<\/span>\t<br><br>\n\t<a style=\"color: green;\" href=\"https:\/\/wpadvancedads.com\/manual\/ad-debug-mode\/?utm_source=advanced-ads&utm_medium=link&utm_campaign=ad-debug-mode\" target=\"_blank\" rel=\"nofollow\">Encontre solu\u00e7\u00f5es no manual<\/a>\n<\/div>\n<\/li><\/ul><\/div><script>( window.advanced_ads_ready || jQuery( document ).ready ).call( null, function() {var $lavraslider2751674081 = jQuery( \".lavra-slider-2751674081\" );$lavraslider2751674081.on( \"unslider.ready\", function() { jQuery( \"div.custom-slider ul li\" ).css( \"display\", \"block\" ); });$lavraslider2751674081.unslider({ delay:4000, autoplay:true, nav:false, arrows:false, infinite:true });$lavraslider2751674081.on(\"mouseover\", function() {$lavraslider2751674081.unslider(\"stop\");}).on(\"mouseout\", function() {$lavraslider2751674081.unslider(\"start\");});});<\/script><\/div><p><span style=\"font-weight: 400;\">Em mar\u00e7o deste ano a deputada federal D\u00e2mina Pereira (PSL\/MG) solicitou, junto ao Minist\u00e9rio da Sa\u00fade, a inclus\u00e3o da Santa Casa de Miseric\u00f3rdia de Lavras no Programa de Expans\u00e3o de Servi\u00e7os de Radioterapia.<\/span><!--more--><\/p>\n<p><span style=\"font-weight: 400;\">Em audi\u00eancia com o Ministro Ricardo Barros, acompanhada do presidente estadual do PSL Minas, Carlos Alberto Pereira, ficou estabelecido como priorit\u00e1ria a expans\u00e3o da aten\u00e7\u00e3o oncol\u00f3gica na Macrorregi\u00e3o do sul de Minas, onde Lavras \u00e9 sede de microrregi\u00e3o.<\/span><\/p>\n<p><img fetchpriority=\"high\" decoding=\"async\" class=\"alignnone size-full wp-image-11538 aligncenter\" src=\"http:\/\/lavras.tv\/site\/wp-content\/uploads\/2017\/08\/Deputada-D\u00e3mina-Pereira-com-o-preferito-0k.jpg\" alt=\"Deputada D\u00e3mina Pereira com o preferito 0k\" width=\"2144\" height=\"1424\" srcset=\"https:\/\/lavras.tv\/site\/wp-content\/uploads\/2017\/08\/Deputada-D\u00e3mina-Pereira-com-o-preferito-0k.jpg 2144w, https:\/\/lavras.tv\/site\/wp-content\/uploads\/2017\/08\/Deputada-D\u00e3mina-Pereira-com-o-preferito-0k-150x100.jpg 150w, https:\/\/lavras.tv\/site\/wp-content\/uploads\/2017\/08\/Deputada-D\u00e3mina-Pereira-com-o-preferito-0k-300x199.jpg 300w, https:\/\/lavras.tv\/site\/wp-content\/uploads\/2017\/08\/Deputada-D\u00e3mina-Pereira-com-o-preferito-0k-1024x680.jpg 1024w, https:\/\/lavras.tv\/site\/wp-content\/uploads\/2017\/08\/Deputada-D\u00e3mina-Pereira-com-o-preferito-0k-480x320.jpg 480w, https:\/\/lavras.tv\/site\/wp-content\/uploads\/2017\/08\/Deputada-D\u00e3mina-Pereira-com-o-preferito-0k-272x182.jpg 272w\" sizes=\"(max-width: 2144px) 100vw, 2144px\" \/><\/p>\n<p><span style=\"font-weight: 400;\">A nota t\u00e9cnica n\u00ba 755\/2017 \u2013 CGAE\/DAET\/SAS\/MS, elaborada pela Coordena\u00e7\u00e3o-Geral de Aten\u00e7\u00e3o Especializada, esclarece que o credenciamento para atendimento em oncologia \u00e9 de iniciativa do prefeito, que \u00e9 o gestor da sa\u00fade no munic\u00edpio.<\/span><\/p>\n<p><span style=\"font-weight: 400;\">Desta forma, para que a implanta\u00e7\u00e3o do Centro de Tratamento Oncol\u00f3gico de Lavras prossiga, a deputada D\u00e2mina esteve, juntamente com Carlos Alberto Pereira, se reuniu com o prefeito, Dr. Jos\u00e9 Cherem, solicitando que seja encaminhado of\u00edcio requerendo o credenciamento para a Santa Casa. <\/span><\/p>\n<p><span style=\"font-weight: 400;\">Estiveram tamb\u00e9m presentes na reuni\u00e3o, o Dr. Maciel Guerra Pierangeli, provedor da Santa Casa, o gerente administrativo Andr\u00e9 Borin e alguns vereadores de Lavras, que atestaram que a deputada est\u00e1 empenhada na inclus\u00e3o da Santa Casa no Plano de Radioterapia do SUS. <\/span><\/p>\n<p><span style=\"font-weight: 400;\">\u00c9 importante lembrar que a deputada D\u00e2mina e o sr. Carlos Alberto Pereira j\u00e1 obtiveram o compromisso do ministro da Sa\u00fade em favor do credenciamento, que agora depende do encaminhamento do of\u00edcio pelo prefeito. <\/span><\/p>\n<p><span style=\"font-weight: 400;\">O credenciamento \u00e9 um grande passo para a instala\u00e7\u00e3o do Centro de Tratamento Oncol\u00f3gico do munic\u00edpio, o que ir\u00e1 beneficiar mais de 1.600 pacientes <\/span><span style=\"font-weight: 400;\">da regi\u00e3o de Lavras, que hoje buscam tratamento para o c\u00e2ncer em outras cidades.<\/span><\/p>\n<p><img decoding=\"async\" class=\"alignnone size-full wp-image-11539 aligncenter\" src=\"http:\/\/lavras.tv\/site\/wp-content\/uploads\/2017\/08\/Documento-1.jpg\" alt=\"Documento-1\" width=\"2550\" height=\"3300\" srcset=\"https:\/\/lavras.tv\/site\/wp-content\/uploads\/2017\/08\/Documento-1.jpg 2550w, https:\/\/lavras.tv\/site\/wp-content\/uploads\/2017\/08\/Documento-1-116x150.jpg 116w, https:\/\/lavras.tv\/site\/wp-content\/uploads\/2017\/08\/Documento-1-232x300.jpg 232w, https:\/\/lavras.tv\/site\/wp-content\/uploads\/2017\/08\/Documento-1-791x1024.jpg 791w\" sizes=\"(max-width: 2550px) 100vw, 2550px\" \/><\/p>\n<p><img decoding=\"async\" class=\"alignnone size-full wp-image-11540 aligncenter\" src=\"http:\/\/lavras.tv\/site\/wp-content\/uploads\/2017\/08\/Documento-2.jpg\" alt=\"Documento-2\" width=\"2550\" height=\"3300\" srcset=\"https:\/\/lavras.tv\/site\/wp-content\/uploads\/2017\/08\/Documento-2.jpg 2550w, https:\/\/lavras.tv\/site\/wp-content\/uploads\/2017\/08\/Documento-2-116x150.jpg 116w, https:\/\/lavras.tv\/site\/wp-content\/uploads\/2017\/08\/Documento-2-232x300.jpg 232w, https:\/\/lavras.tv\/site\/wp-content\/uploads\/2017\/08\/Documento-2-791x1024.jpg 791w\" sizes=\"(max-width: 2550px) 100vw, 2550px\" \/><\/p>\n<p><img loading=\"lazy\" decoding=\"async\" class=\"alignnone size-full wp-image-11541 aligncenter\" src=\"http:\/\/lavras.tv\/site\/wp-content\/uploads\/2017\/08\/Documento-3.jpg\" alt=\"Documento-3\" width=\"2550\" height=\"3300\" srcset=\"https:\/\/lavras.tv\/site\/wp-content\/uploads\/2017\/08\/Documento-3.jpg 2550w, https:\/\/lavras.tv\/site\/wp-content\/uploads\/2017\/08\/Documento-3-116x150.jpg 116w, https:\/\/lavras.tv\/site\/wp-content\/uploads\/2017\/08\/Documento-3-232x300.jpg 232w, https:\/\/lavras.tv\/site\/wp-content\/uploads\/2017\/08\/Documento-3-791x1024.jpg 791w\" sizes=\"(max-width: 2550px) 100vw, 2550px\" \/><\/p>\n<p><img loading=\"lazy\" decoding=\"async\" class=\"alignnone size-full wp-image-11542\" src=\"http:\/\/lavras.tv\/site\/wp-content\/uploads\/2017\/08\/Documento-4.jpg\" alt=\"Documento-4\" width=\"2550\" height=\"3300\" srcset=\"https:\/\/lavras.tv\/site\/wp-content\/uploads\/2017\/08\/Documento-4.jpg 2550w, https:\/\/lavras.tv\/site\/wp-content\/uploads\/2017\/08\/Documento-4-116x150.jpg 116w, https:\/\/lavras.tv\/site\/wp-content\/uploads\/2017\/08\/Documento-4-232x300.jpg 232w, https:\/\/lavras.tv\/site\/wp-content\/uploads\/2017\/08\/Documento-4-791x1024.jpg 791w\" sizes=\"(max-width: 2550px) 100vw, 2550px\" \/><\/p>\n<p><img loading=\"lazy\" decoding=\"async\" class=\"alignnone size-full wp-image-11543\" src=\"http:\/\/lavras.tv\/site\/wp-content\/uploads\/2017\/08\/Documento-5.jpg\" alt=\"Documento-5\" width=\"2550\" height=\"3300\" srcset=\"https:\/\/lavras.tv\/site\/wp-content\/uploads\/2017\/08\/Documento-5.jpg 2550w, https:\/\/lavras.tv\/site\/wp-content\/uploads\/2017\/08\/Documento-5-116x150.jpg 116w, https:\/\/lavras.tv\/site\/wp-content\/uploads\/2017\/08\/Documento-5-232x300.jpg 232w, https:\/\/lavras.tv\/site\/wp-content\/uploads\/2017\/08\/Documento-5-791x1024.jpg 791w\" sizes=\"(max-width: 2550px) 100vw, 2550px\" \/><\/p>\n<p><img loading=\"lazy\" decoding=\"async\" class=\"alignnone size-full wp-image-11544\" src=\"http:\/\/lavras.tv\/site\/wp-content\/uploads\/2017\/08\/Documento-6.jpg\" alt=\"Documento-6\" width=\"2550\" height=\"3300\" srcset=\"https:\/\/lavras.tv\/site\/wp-content\/uploads\/2017\/08\/Documento-6.jpg 2550w, https:\/\/lavras.tv\/site\/wp-content\/uploads\/2017\/08\/Documento-6-116x150.jpg 116w, https:\/\/lavras.tv\/site\/wp-content\/uploads\/2017\/08\/Documento-6-232x300.jpg 232w, https:\/\/lavras.tv\/site\/wp-content\/uploads\/2017\/08\/Documento-6-791x1024.jpg 791w\" sizes=\"(max-width: 2550px) 100vw, 2550px\" \/><\/p>\n<p>Fonte: gabinete da deputada federal D\u00e2mina Pereira<\/p>\n<p>&nbsp;<\/p>\n","protected":false},"excerpt":{"rendered":"<p>Em mar\u00e7o deste ano a deputada federal D\u00e2mina Pereira (PSL\/MG) solicitou, junto ao Minist\u00e9rio da Sa\u00fade, a inclus\u00e3o da Santa Casa de Miseric\u00f3rdia de Lavras no Programa de Expans\u00e3o de Servi\u00e7os de Radioterapia.<\/p>\n","protected":false},"author":2,"featured_media":11538,"comment_status":"closed","ping_status":"open","sticky":false,"template":"","format":"standard","meta":{"advgb_blocks_editor_width":"","advgb_blocks_columns_visual_guide":"","_exactmetrics_skip_tracking":false,"_exactmetrics_sitenote_active":false,"_exactmetrics_sitenote_note":"","_exactmetrics_sitenote_category":0,"footnotes":""},"categories":[7,12],"tags":[3901,671,804,3902,3065,1073],"class_list":["post-11537","post","type-post","status-publish","format-standard","has-post-thumbnail","hentry","category-destaques","category-politica","tag-centro-oncologico","tag-damina-pereira","tag-hospital-do-cancer","tag-radioterapia","tag-santa-casa","tag-sus"],"better_featured_image":{"id":11538,"alt_text":"","caption":"","description":"","media_type":"image","media_details":{"width":2144,"height":1424,"file":"2017\/08\/Deputada-D\u00e3mina-Pereira-com-o-preferito-0k.jpg","sizes":{"thumbnail":{"file":"Deputada-D\u00e3mina-Pereira-com-o-preferito-0k-150x100.jpg","width":150,"height":100,"mime-type":"image\/jpeg","source_url":"https:\/\/lavras.tv\/site\/wp-content\/uploads\/2017\/08\/Deputada-D\u00e3mina-Pereira-com-o-preferito-0k-150x100.jpg"},"medium":{"file":"Deputada-D\u00e3mina-Pereira-com-o-preferito-0k-300x199.jpg","width":300,"height":199,"mime-type":"image\/jpeg","source_url":"https:\/\/lavras.tv\/site\/wp-content\/uploads\/2017\/08\/Deputada-D\u00e3mina-Pereira-com-o-preferito-0k-300x199.jpg"},"large":{"file":"Deputada-D\u00e3mina-Pereira-com-o-preferito-0k-1024x680.jpg","width":1024,"height":680,"mime-type":"image\/jpeg","source_url":"https:\/\/lavras.tv\/site\/wp-content\/uploads\/2017\/08\/Deputada-D\u00e3mina-Pereira-com-o-preferito-0k-1024x680.jpg"},"featured-slider-img":{"file":"Deputada-D\u00e3mina-Pereira-com-o-preferito-0k-640x480.jpg","width":640,"height":480,"mime-type":"image\/jpeg","source_url":"https:\/\/lavras.tv\/site\/wp-content\/uploads\/2017\/08\/Deputada-D\u00e3mina-Pereira-com-o-preferito-0k-640x480.jpg"},"featured-post-img":{"file":"Deputada-D\u00e3mina-Pereira-com-o-preferito-0k-480x320.jpg","width":480,"height":320,"mime-type":"image\/jpeg","source_url":"https:\/\/lavras.tv\/site\/wp-content\/uploads\/2017\/08\/Deputada-D\u00e3mina-Pereira-com-o-preferito-0k-480x320.jpg"},"sow-carousel-default":{"file":"Deputada-D\u00e3mina-Pereira-com-o-preferito-0k-272x182.jpg","width":272,"height":182,"mime-type":"image\/jpeg","source_url":"https:\/\/lavras.tv\/site\/wp-content\/uploads\/2017\/08\/Deputada-D\u00e3mina-Pereira-com-o-preferito-0k-272x182.jpg"}},"image_meta":{"aperture":"8","credit":"","camera":"NIKON D90","caption":"","created_timestamp":"1503923210","copyright":"","focal_length":"40","iso":"2500","shutter_speed":"0.0166666666667","title":"","orientation":"1","keywords":["Deputada D\u00e3mina Pereira com o preferito"]}},"post":11537,"source_url":"https:\/\/lavras.tv\/site\/wp-content\/uploads\/2017\/08\/Deputada-D\u00e3mina-Pereira-com-o-preferito-0k.jpg"},"author_meta":{"display_name":"Lavras TV","author_link":"https:\/\/lavras.tv\/site\/author\/lavrastv\/"},"featured_img":"https:\/\/lavras.tv\/site\/wp-content\/uploads\/2017\/08\/Deputada-D\u00e3mina-Pereira-com-o-preferito-0k-300x199.jpg","coauthors":[],"tax_additional":{"categories":{"linked":["<a href=\"https:\/\/lavras.tv\/site\/category\/destaques\/\" class=\"advgb-post-tax-term\">Destaques<\/a>","<a href=\"https:\/\/lavras.tv\/site\/category\/politica\/\" class=\"advgb-post-tax-term\">Pol\u00edtica<\/a>"],"unlinked":["<span class=\"advgb-post-tax-term\">Destaques<\/span>","<span class=\"advgb-post-tax-term\">Pol\u00edtica<\/span>"]},"tags":{"linked":["<a href=\"https:\/\/lavras.tv\/site\/category\/politica\/\" class=\"advgb-post-tax-term\">centro oncol\u00f3gico<\/a>","<a href=\"https:\/\/lavras.tv\/site\/category\/politica\/\" class=\"advgb-post-tax-term\">D\u00e2mina Pereira<\/a>","<a href=\"https:\/\/lavras.tv\/site\/category\/politica\/\" class=\"advgb-post-tax-term\">Hospital do C\u00e2ncer<\/a>","<a href=\"https:\/\/lavras.tv\/site\/category\/politica\/\" class=\"advgb-post-tax-term\">radioterapia<\/a>","<a href=\"https:\/\/lavras.tv\/site\/category\/politica\/\" class=\"advgb-post-tax-term\">santa casa<\/a>","<a href=\"https:\/\/lavras.tv\/site\/category\/politica\/\" class=\"advgb-post-tax-term\">sus<\/a>"],"unlinked":["<span class=\"advgb-post-tax-term\">centro oncol\u00f3gico<\/span>","<span class=\"advgb-post-tax-term\">D\u00e2mina Pereira<\/span>","<span class=\"advgb-post-tax-term\">Hospital do C\u00e2ncer<\/span>","<span class=\"advgb-post-tax-term\">radioterapia<\/span>","<span class=\"advgb-post-tax-term\">santa casa<\/span>","<span class=\"advgb-post-tax-term\">sus<\/span>"]}},"comment_count":"0","relative_dates":{"created":"Publicado 9 anos atr\u00e1s","modified":"Atualizado 9 anos atr\u00e1s"},"absolute_dates":{"created":"Publicado em 30 de agosto de 2017","modified":"Atualizado em 30 de agosto de 2017"},"absolute_dates_time":{"created":"Publicado em 30 de agosto de 2017 09:04","modified":"Atualizado em 30 de agosto de 2017 09:04"},"featured_img_caption":"","series_order":"","_links":{"self":[{"href":"https:\/\/lavras.tv\/site\/wp-json\/wp\/v2\/posts\/11537","targetHints":{"allow":["GET"]}}],"collection":[{"href":"https:\/\/lavras.tv\/site\/wp-json\/wp\/v2\/posts"}],"about":[{"href":"https:\/\/lavras.tv\/site\/wp-json\/wp\/v2\/types\/post"}],"author":[{"embeddable":true,"href":"https:\/\/lavras.tv\/site\/wp-json\/wp\/v2\/users\/2"}],"replies":[{"embeddable":true,"href":"https:\/\/lavras.tv\/site\/wp-json\/wp\/v2\/comments?post=11537"}],"version-history":[{"count":1,"href":"https:\/\/lavras.tv\/site\/wp-json\/wp\/v2\/posts\/11537\/revisions"}],"predecessor-version":[{"id":11545,"href":"https:\/\/lavras.tv\/site\/wp-json\/wp\/v2\/posts\/11537\/revisions\/11545"}],"wp:featuredmedia":[{"embeddable":true,"href":"https:\/\/lavras.tv\/site\/wp-json\/wp\/v2\/media\/11538"}],"wp:attachment":[{"href":"https:\/\/lavras.tv\/site\/wp-json\/wp\/v2\/media?parent=11537"}],"wp:term":[{"taxonomy":"category","embeddable":true,"href":"https:\/\/lavras.tv\/site\/wp-json\/wp\/v2\/categories?post=11537"},{"taxonomy":"post_tag","embeddable":true,"href":"https:\/\/lavras.tv\/site\/wp-json\/wp\/v2\/tags?post=11537"}],"curies":[{"name":"wp","href":"https:\/\/api.w.org\/{rel}","templated":true}]}}