{"id":11546,"date":"2017-08-30T09:13:23","date_gmt":"2017-08-30T12:13:23","guid":{"rendered":"http:\/\/lavras.tv\/site\/?p=11546"},"modified":"2017-08-30T09:13:23","modified_gmt":"2017-08-30T12:13:23","slug":"informe-parlamentar-iniciativa-do-deputado-fabio-cherem-cria-agenda-positiva-na-discussao-em-torno-do-moto-taxi-em-lavras","status":"publish","type":"post","link":"https:\/\/lavras.tv\/site\/2017\/08\/30\/informe-parlamentar-iniciativa-do-deputado-fabio-cherem-cria-agenda-positiva-na-discussao-em-torno-do-moto-taxi-em-lavras\/","title":{"rendered":"[Informe Parlamentar] Iniciativa do deputado F\u00e1bio Cherem cria agenda positiva na discuss\u00e3o em torno do moto t\u00e1xi em Lavras"},"content":{"rendered":"<div class=\"lavra-antes-do-conteudo_2\" id=\"lavra-3400541664\"><div id=\"lavra-slider-27\" class=\"custom-slider lavra-slider-3569400780 lavra-slider\"><ul><li><div style=\"margin-left: auto;margin-right: auto;text-align: center;\" id=\"lavra-2516019345\"><a href=\"https:\/\/sistemas.lavras.mg.gov.br\/portalcidadao\/#df1b1a7c7b2a290bcb31e32771e610784662739a88807c0dacac58ede5f391a7530e299dc302d611ee73cb143fc22eaf93592e53e7b5bdb01b00a0b8d28dae460c141dd2ff83412e4dc1c31b16b25f33144a9e5620ea73b13f5bc1c59411d98439ad226e8af03840603796067d87afe130812cf3de24982d0e306f9e61e764e5\" aria-label=\"Lavras-TV&#8211;720x104px (1) (1)\"><img src=\"https:\/\/lavras.tv\/site\/wp-content\/uploads\/2025\/01\/Lavras-TV-720x104px-1-1.png\" alt=\"\"  srcset=\"https:\/\/lavras.tv\/site\/wp-content\/uploads\/2025\/01\/Lavras-TV-720x104px-1-1.png 720w, https:\/\/lavras.tv\/site\/wp-content\/uploads\/2025\/01\/Lavras-TV-720x104px-1-1-470x68.png 470w, https:\/\/lavras.tv\/site\/wp-content\/uploads\/2025\/01\/Lavras-TV-720x104px-1-1-170x25.png 170w, https:\/\/lavras.tv\/site\/wp-content\/uploads\/2025\/01\/Lavras-TV-720x104px-1-1-200x29.png 200w\" sizes=\"(max-width: 720px) 100vw, 720px\" width=\"720\" height=\"104\"  style=\"display: inline-block;\" \/><\/a><\/div><\/li><li><a href=\"https:\/\/sistemas.lavras.mg.gov.br\/portalcidadao\/#df1b1a7c7b2a290bcb31e32771e610784662739a88807c0dacac58ede5f391a7530e299dc302d611ee73cb143fc22eaf93592e53e7b5bdb01b00a0b8d28dae460c141dd2ff83412e4dc1c31b16b25f33144a9e5620ea73b13f5bc1c59411d98439ad226e8af03840603796067d87afe130812cf3de24982d0e306f9e61e764e5\" aria-label=\"Banner_Emprego_PortallavrasTV\"><img src=\"https:\/\/lavras.tv\/site\/wp-content\/uploads\/2025\/03\/Banner_Emprego_PortallavrasTV.png\" alt=\"\"  srcset=\"https:\/\/lavras.tv\/site\/wp-content\/uploads\/2025\/03\/Banner_Emprego_PortallavrasTV.png 720w, https:\/\/lavras.tv\/site\/wp-content\/uploads\/2025\/03\/Banner_Emprego_PortallavrasTV-470x68.png 470w, https:\/\/lavras.tv\/site\/wp-content\/uploads\/2025\/03\/Banner_Emprego_PortallavrasTV-170x25.png 170w, https:\/\/lavras.tv\/site\/wp-content\/uploads\/2025\/03\/Banner_Emprego_PortallavrasTV-200x29.png 200w\" sizes=\"(max-width: 720px) 100vw, 720px\" width=\"720\" height=\"104\"   \/><\/a><\/li><li><a href=\"https:\/\/sistemas.lavras.mg.gov.br\/portalcidadao\/#df1b1a7c7b2a290bcb31e32771e610784662739a88807c0dacac58ede5f391a7530e299dc302d611ee73cb143fc22eaf93592e53e7b5bdb01b00a0b8d28dae460c141dd2ff83412e4dc1c31b16b25f33144a9e5620ea73b13f5bc1c59411d98439ad226e8af03840603796067d87afe130812cf3de24982d0e306f9e61e764e5\" aria-label=\"Banner_Obras_PortallavrasTV\"><img src=\"https:\/\/lavras.tv\/site\/wp-content\/uploads\/2025\/03\/Banner_Obras_PortallavrasTV.png\" alt=\"\"  srcset=\"https:\/\/lavras.tv\/site\/wp-content\/uploads\/2025\/03\/Banner_Obras_PortallavrasTV.png 720w, https:\/\/lavras.tv\/site\/wp-content\/uploads\/2025\/03\/Banner_Obras_PortallavrasTV-470x68.png 470w, https:\/\/lavras.tv\/site\/wp-content\/uploads\/2025\/03\/Banner_Obras_PortallavrasTV-170x25.png 170w, https:\/\/lavras.tv\/site\/wp-content\/uploads\/2025\/03\/Banner_Obras_PortallavrasTV-200x29.png 200w\" sizes=\"(max-width: 720px) 100vw, 720px\" width=\"720\" height=\"104\"   \/><\/a><\/li><li><div style=\"margin-left: auto;margin-right: auto;text-align: center;\" id=\"lavra-3464110361\"><a href=\"https:\/\/sistemas.lavras.mg.gov.br\/portalcidadao\/#df1b1a7c7b2a290bcb31e32771e610784662739a88807c0dacac58ede5f391a7530e299dc302d611ee73cb143fc22eaf93592e53e7b5bdb01b00a0b8d28dae460c141dd2ff83412e4dc1c31b16b25f33144a9e5620ea73b13f5bc1c59411d98439ad226e8af03840603796067d87afe130812cf3de24982d0e306f9e61e764e5\" aria-label=\"Banner_Educa\u00e7\u00e3o_PortallavrasTV\"><img src=\"https:\/\/lavras.tv\/site\/wp-content\/uploads\/2025\/01\/Banner_Educacao_PortallavrasTV.png\" alt=\"\"  srcset=\"https:\/\/lavras.tv\/site\/wp-content\/uploads\/2025\/01\/Banner_Educacao_PortallavrasTV.png 720w, https:\/\/lavras.tv\/site\/wp-content\/uploads\/2025\/01\/Banner_Educacao_PortallavrasTV-470x68.png 470w, https:\/\/lavras.tv\/site\/wp-content\/uploads\/2025\/01\/Banner_Educacao_PortallavrasTV-170x25.png 170w, https:\/\/lavras.tv\/site\/wp-content\/uploads\/2025\/01\/Banner_Educacao_PortallavrasTV-200x29.png 200w\" sizes=\"(max-width: 720px) 100vw, 720px\" width=\"720\" height=\"104\"  style=\"display: inline-block;\" \/><\/a><\/div><\/li><li><a href=\"https:\/\/sistemas.lavras.mg.gov.br\/portalcidadao\/#df1b1a7c7b2a290bcb31e32771e610784662739a88807c0dacac58ede5f391a7530e299dc302d611ee73cb143fc22eaf93592e53e7b5bdb01b00a0b8d28dae460c141dd2ff83412e4dc1c31b16b25f33144a9e5620ea73b13f5bc1c59411d98439ad226e8af03840603796067d87afe130812cf3de24982d0e306f9e61e764e5\" aria-label=\"Banner_Sa\u00fade_PortallavrasTV\"><img src=\"https:\/\/lavras.tv\/site\/wp-content\/uploads\/2025\/03\/Banner_Saude_PortallavrasTV.png\" alt=\"\"  srcset=\"https:\/\/lavras.tv\/site\/wp-content\/uploads\/2025\/03\/Banner_Saude_PortallavrasTV.png 720w, https:\/\/lavras.tv\/site\/wp-content\/uploads\/2025\/03\/Banner_Saude_PortallavrasTV-470x68.png 470w, https:\/\/lavras.tv\/site\/wp-content\/uploads\/2025\/03\/Banner_Saude_PortallavrasTV-170x25.png 170w, https:\/\/lavras.tv\/site\/wp-content\/uploads\/2025\/03\/Banner_Saude_PortallavrasTV-200x29.png 200w\" sizes=\"(max-width: 720px) 100vw, 720px\" width=\"720\" height=\"104\"   \/><\/a><\/li><li><div id=\"lavra-2590113805\" style=\"width:720px;height:104px;background-color:#ddd;overflow:scroll;\">\n\t<strong>Sa\u00edda da depura\u00e7\u00e3o de an\u00fancios<\/strong>\n\t<br><br>\n\tO an\u00fancio n\u00e3o \u00e9 exibido na p\u00e1gina<br><br>post atual: [Informe Parlamentar] Iniciativa do deputado F\u00e1bio Cherem cria agenda positiva na discuss\u00e3o em torno do moto t\u00e1xi em Lavras, ID: 11546<br><br><span style=\"color: red;\">O post atual n\u00e3o \u00e9 id\u00eantico ao post principal.<\/span><br><br>An\u00fancios: ROXO - TOPO INTERNA - ROTATIVO 2 (197)<br \/>Grupo de an\u00fancios: Princ_Meio01_720x104 (27)<br><br>Condi\u00e7\u00f5es de exibi\u00e7\u00e3o<div style=\"margin-bottom: 20px; white-space: pre-wrap; font-family: monospace; width: 100%; background: #ffe9e9;\"><strong>condi\u00e7\u00f5es gerais<\/strong><table border=\"1\"><thead><tr><th><\/th><th>An\u00fancios<\/th><th>wp_the_query<\/th><\/tr><\/thead><tr><td>is_main_query<\/td><td>1<\/td><td>1<\/td><\/tr><tr><td>is_rest_api<\/td><td>0<\/td><td>1<\/td><\/tr><tr><td>page<\/td><td>0<\/td><td>1<\/td><\/tr><tr><td>numpages<\/td><td>0<\/td><td>1<\/td><\/tr><tr><td>is_archive<\/td><td>1<\/td><td><\/td><\/tr><tr><td>is_search<\/td><td>1<\/td><td><\/td><\/tr><tr><td>is_home<\/td><td>1<\/td><td><\/td><\/tr><tr><td>is_404<\/td><td>1<\/td><td><\/td><\/tr><tr><td>is_attachment<\/td><td>1<\/td><td><\/td><\/tr><tr><td>is_singular<\/td><td>1<\/td><td><\/td><\/tr><tr><td>is_front_page<\/td><td>1<\/td><td><\/td><\/tr><tr><td>is_feed<\/td><td>1<\/td><td><\/td><\/tr><\/table><\/div><br><br><span style=\"color: red;\">Seu site usa HTTPS, mas o c\u00f3digo do an\u00fancio cont\u00e9m HTTP e pode n\u00e3o funcionar.<\/span>\t<br><br>\n\t<a style=\"color: green;\" href=\"https:\/\/wpadvancedads.com\/manual\/ad-debug-mode\/?utm_source=advanced-ads&utm_medium=link&utm_campaign=ad-debug-mode\" target=\"_blank\" rel=\"nofollow\">Encontre solu\u00e7\u00f5es no manual<\/a>\n<\/div>\n<\/li><\/ul><\/div><script>( window.advanced_ads_ready || jQuery( document ).ready ).call( null, function() {var $lavraslider3569400780 = jQuery( \".lavra-slider-3569400780\" );$lavraslider3569400780.on( \"unslider.ready\", function() { jQuery( \"div.custom-slider ul li\" ).css( \"display\", \"block\" ); });$lavraslider3569400780.unslider({ delay:4000, autoplay:true, nav:false, arrows:false, infinite:true });$lavraslider3569400780.on(\"mouseover\", function() {$lavraslider3569400780.unslider(\"stop\");}).on(\"mouseout\", function() {$lavraslider3569400780.unslider(\"start\");});});<\/script><\/div><p>O deputado F\u00e1bio Cherem esteve reunido na tarde desta segunda-feira, dia 28, com os grupos de moto taxistas e moto fretistas para discutir a proposta de implanta\u00e7\u00e3o do servi\u00e7o de moto t\u00e1xi em Lavras.<!--more--> A s\u00e9rie de reuni\u00f5es foi realizada na sede da Prefeitura Municipal com a participa\u00e7\u00e3o do prefeito Jos\u00e9 Cherem, da secret\u00e1ria de Desenvolvimento Econ\u00f4mico, Ind\u00fastria, Com\u00e9rcio e Mobilidade Urbana, Cintia Cristina Fernandes, a qual est\u00e1 subordinado o Departamento de Tr\u00e2nsito, e de integrantes da Procuradoria do Munic\u00edpio.<\/p>\n<figure id=\"attachment_11547\" aria-describedby=\"caption-attachment-11547\" style=\"width: 1280px\" class=\"wp-caption aligncenter\"><img fetchpriority=\"high\" decoding=\"async\" class=\"size-full wp-image-11547\" src=\"http:\/\/lavras.tv\/site\/wp-content\/uploads\/2017\/08\/mototaxi-1.jpg\" alt=\"Deputado F\u00e1bio Cherem e o prefeito Jos\u00e9 Cherem durante reuni\u00e3o com o grupo que defende a implanta\u00e7\u00e3o do moto t\u00e1xi em Lavras\" width=\"1280\" height=\"850\" srcset=\"https:\/\/lavras.tv\/site\/wp-content\/uploads\/2017\/08\/mototaxi-1.jpg 1280w, https:\/\/lavras.tv\/site\/wp-content\/uploads\/2017\/08\/mototaxi-1-150x100.jpg 150w, https:\/\/lavras.tv\/site\/wp-content\/uploads\/2017\/08\/mototaxi-1-300x199.jpg 300w, https:\/\/lavras.tv\/site\/wp-content\/uploads\/2017\/08\/mototaxi-1-1024x680.jpg 1024w, https:\/\/lavras.tv\/site\/wp-content\/uploads\/2017\/08\/mototaxi-1-480x320.jpg 480w, https:\/\/lavras.tv\/site\/wp-content\/uploads\/2017\/08\/mototaxi-1-272x182.jpg 272w\" sizes=\"(max-width: 1280px) 100vw, 1280px\" \/><figcaption id=\"caption-attachment-11547\" class=\"wp-caption-text\">Deputado F\u00e1bio Cherem e o prefeito Jos\u00e9 Cherem durante reuni\u00e3o com o grupo que defende a implanta\u00e7\u00e3o do moto t\u00e1xi em Lavras<\/figcaption><\/figure>\n<p>A proposta para a regulamenta\u00e7\u00e3o do servi\u00e7o de moto-t\u00e1xi em Lavras vem ganhando contornos de pol\u00eamica na cidade, com direito a abaixo-assinado pela implanta\u00e7\u00e3o do servi\u00e7o, manifesta\u00e7\u00f5es contra e a favor na C\u00e2mara Municipal, enquete nas redes sociais e muita conversa de bastidores, o que vem dividindo a opini\u00e3o p\u00fablica em torno da quest\u00e3o.<\/p>\n<p>Com iniciativa do deputado F\u00e1bio Cherem de reunir-se com os grupos de profissionais diretamente interessados na discuss\u00e3o, criou-se uma agenda positiva em torno do debate, norteando a partir de agora uma negocia\u00e7\u00e3o proativa entre aqueles que defendem a implanta\u00e7\u00e3o do servi\u00e7o e os que contestam a regulamenta\u00e7\u00e3o da forma como foi apresentada ao p\u00fablico e o pr\u00f3prio Executivo e Legislativo Municipal.<\/p>\n<figure id=\"attachment_11548\" aria-describedby=\"caption-attachment-11548\" style=\"width: 1280px\" class=\"wp-caption aligncenter\"><img decoding=\"async\" class=\"size-full wp-image-11548\" src=\"http:\/\/lavras.tv\/site\/wp-content\/uploads\/2017\/08\/mototaxi-2.jpg\" alt=\"Os profissionais que j\u00e1 atuam no servi\u00e7o do moto frete na cidade tamb\u00e9m foram ouvidos pelo deputado F\u00e1bio Cherem e pelo prefeito\" width=\"1280\" height=\"850\" srcset=\"https:\/\/lavras.tv\/site\/wp-content\/uploads\/2017\/08\/mototaxi-2.jpg 1280w, https:\/\/lavras.tv\/site\/wp-content\/uploads\/2017\/08\/mototaxi-2-150x100.jpg 150w, https:\/\/lavras.tv\/site\/wp-content\/uploads\/2017\/08\/mototaxi-2-300x199.jpg 300w, https:\/\/lavras.tv\/site\/wp-content\/uploads\/2017\/08\/mototaxi-2-1024x680.jpg 1024w, https:\/\/lavras.tv\/site\/wp-content\/uploads\/2017\/08\/mototaxi-2-480x320.jpg 480w, https:\/\/lavras.tv\/site\/wp-content\/uploads\/2017\/08\/mototaxi-2-272x182.jpg 272w\" sizes=\"(max-width: 1280px) 100vw, 1280px\" \/><figcaption id=\"caption-attachment-11548\" class=\"wp-caption-text\">Os profissionais que j\u00e1 atuam no servi\u00e7o do moto frete na cidade tamb\u00e9m foram ouvidos pelo deputado F\u00e1bio Cherem e pelo prefeito<\/figcaption><\/figure>\n<p>Como resultado, ficou definido que a quest\u00e3o ser\u00e1 tema de um debate democr\u00e1tico durante a realiza\u00e7\u00e3o de Audi\u00eancia P\u00fablica para tratar do Plano de Mobilidade Urbana no Munic\u00edpio, que dever\u00e1 ser realizada no m\u00eas de outubro com a participa\u00e7\u00e3o aberta \u00e0 comunidade, associa\u00e7\u00f5es, entidades de classe, Minist\u00e9rio P\u00fablico, Corpo de Bombeiros, pol\u00edcias Civil e Militar e representantes do Legislativo e Executivo. Ser\u00e1 o espa\u00e7o prop\u00edcio e correto para que todas as partes envolvidas possam apresentar as suas considera\u00e7\u00f5es em torno de uma decis\u00e3o que afeta direta ou indiretamente toda a popula\u00e7\u00e3o.<\/p>\n<p>Durante as reuni\u00f5es desta segunda-feira, o prefeito Jos\u00e9 Cherem esclareceu que em nenhum momento houve a negativa por parte do Executivo Municipal em implantar o moto t\u00e1xi em Lavras. Ele explicou que a decis\u00e3o em torno da quest\u00e3o parte do princ\u00edpio soberano da comunidade em ter ou n\u00e3o o servi\u00e7o na cidade. \u201cA quest\u00e3o do moto t\u00e1xi em Lavras estar\u00e1 sendo resolvida atrav\u00e9s da Audi\u00eancia P\u00fablica onde todos ter\u00e3o a sua participa\u00e7\u00e3o garantida no debate de ideias. Essa era uma decis\u00e3o que j\u00e1 havia sido tomada desde o surgimento da proposta na m\u00eddia, ela faz parte de todo um planejamento em torno da Mobilidade Urbana e do Plano Diretor que estar\u00e1 sendo elaborado para o munic\u00edpio. Partindo do pressuposto que a proposta seja aprovada em audi\u00eancia p\u00fablica, o munic\u00edpio tratar\u00e1 com base numa an\u00e1lise jur\u00eddica da atual legisla\u00e7\u00e3o que regulamenta este tipo de presta\u00e7\u00e3o de servi\u00e7o no pa\u00eds. N\u00e3o se trata nesse caso da opini\u00e3o pessoal do prefeito e sim d\u00e1 vontade da comunidade, que dever\u00e1 ser manifestada em durante audi\u00eancia p\u00fablica\u201d, esclareceu o prefeito.<\/p>\n<p>O deputado F\u00e1bio Cherem, por sua vez, ressaltou o cuidado do chefe do Executivo em n\u00e3o tomar uma decis\u00e3o unilateral em torno da quest\u00e3o, optando pela discuss\u00e3o ampla e democr\u00e1tica junto da comunidade e todas as entidades institu\u00eddas do munic\u00edpio. \u201cA partir de uma poss\u00edvel implanta\u00e7\u00e3o do servi\u00e7o em Lavras, tudo o que decorrer de tal decis\u00e3o ter\u00e1 o amparo da comunidade, de suas institui\u00e7\u00f5es, associa\u00e7\u00f5es e dos representantes das diversas categorias, e n\u00e3o apenas da pessoa do prefeito. Porque acima das posi\u00e7\u00f5es pessoais est\u00e3o os interesses da comunidade, que \u00e9 para quem a gente trabalha e busca contemplar com as nossas a\u00e7\u00f5es enquanto agentes p\u00fablicos\u201d, enfatizou o deputado F\u00e1bio Cherem.<\/p>\n<p>Fonte: Assessoria do deputado F\u00e1bio Cherem<\/p>\n","protected":false},"excerpt":{"rendered":"<p>O deputado F\u00e1bio Cherem esteve reunido na tarde desta segunda-feira, dia 28, com os grupos de moto taxistas e moto fretistas para discutir a proposta de implanta\u00e7\u00e3o do servi\u00e7o de moto t\u00e1xi em Lavras.<\/p>\n","protected":false},"author":2,"featured_media":11547,"comment_status":"closed","ping_status":"open","sticky":false,"template":"","format":"standard","meta":{"advgb_blocks_editor_width":"","advgb_blocks_columns_visual_guide":"","_exactmetrics_skip_tracking":false,"_exactmetrics_sitenote_active":false,"_exactmetrics_sitenote_note":"","_exactmetrics_sitenote_category":0,"footnotes":""},"categories":[7,12],"tags":[3469,672,34,3761,396],"class_list":["post-11546","post","type-post","status-publish","format-standard","has-post-thumbnail","hentry","category-destaques","category-politica","tag-deputado-estadual","tag-fabio-cherem","tag-lavras","tag-mototaxi","tag-politica"],"better_featured_image":{"id":11547,"alt_text":"","caption":"Deputado F\u00e1bio Cherem e o prefeito Jos\u00e9 Cherem durante reuni\u00e3o com o grupo que defende a implanta\u00e7\u00e3o do moto t\u00e1xi em Lavras","description":"","media_type":"image","media_details":{"width":1280,"height":850,"file":"2017\/08\/mototaxi-1.jpg","sizes":{"thumbnail":{"file":"mototaxi-1-150x100.jpg","width":150,"height":100,"mime-type":"image\/jpeg","source_url":"https:\/\/lavras.tv\/site\/wp-content\/uploads\/2017\/08\/mototaxi-1-150x100.jpg"},"medium":{"file":"mototaxi-1-300x199.jpg","width":300,"height":199,"mime-type":"image\/jpeg","source_url":"https:\/\/lavras.tv\/site\/wp-content\/uploads\/2017\/08\/mototaxi-1-300x199.jpg"},"large":{"file":"mototaxi-1-1024x680.jpg","width":1024,"height":680,"mime-type":"image\/jpeg","source_url":"https:\/\/lavras.tv\/site\/wp-content\/uploads\/2017\/08\/mototaxi-1-1024x680.jpg"},"featured-slider-img":{"file":"mototaxi-1-640x480.jpg","width":640,"height":480,"mime-type":"image\/jpeg","source_url":"https:\/\/lavras.tv\/site\/wp-content\/uploads\/2017\/08\/mototaxi-1-640x480.jpg"},"featured-post-img":{"file":"mototaxi-1-480x320.jpg","width":480,"height":320,"mime-type":"image\/jpeg","source_url":"https:\/\/lavras.tv\/site\/wp-content\/uploads\/2017\/08\/mototaxi-1-480x320.jpg"},"sow-carousel-default":{"file":"mototaxi-1-272x182.jpg","width":272,"height":182,"mime-type":"image\/jpeg","source_url":"https:\/\/lavras.tv\/site\/wp-content\/uploads\/2017\/08\/mototaxi-1-272x182.jpg"}},"image_meta":{"aperture":"0","credit":"","camera":"","caption":"","created_timestamp":"0","copyright":"","focal_length":"0","iso":"0","shutter_speed":"0","title":"","orientation":"0","keywords":[]}},"post":11546,"source_url":"https:\/\/lavras.tv\/site\/wp-content\/uploads\/2017\/08\/mototaxi-1.jpg"},"author_meta":{"display_name":"Lavras TV","author_link":"https:\/\/lavras.tv\/site\/author\/lavrastv\/"},"featured_img":"https:\/\/lavras.tv\/site\/wp-content\/uploads\/2017\/08\/mototaxi-1-300x199.jpg","coauthors":[],"tax_additional":{"categories":{"linked":["<a href=\"https:\/\/lavras.tv\/site\/category\/destaques\/\" class=\"advgb-post-tax-term\">Destaques<\/a>","<a href=\"https:\/\/lavras.tv\/site\/category\/politica\/\" class=\"advgb-post-tax-term\">Pol\u00edtica<\/a>"],"unlinked":["<span class=\"advgb-post-tax-term\">Destaques<\/span>","<span class=\"advgb-post-tax-term\">Pol\u00edtica<\/span>"]},"tags":{"linked":["<a href=\"https:\/\/lavras.tv\/site\/category\/politica\/\" class=\"advgb-post-tax-term\">deputado estadual<\/a>","<a href=\"https:\/\/lavras.tv\/site\/category\/politica\/\" class=\"advgb-post-tax-term\">fabio cherem<\/a>","<a href=\"https:\/\/lavras.tv\/site\/category\/politica\/\" class=\"advgb-post-tax-term\">lavras<\/a>","<a href=\"https:\/\/lavras.tv\/site\/category\/politica\/\" class=\"advgb-post-tax-term\">motot\u00e1xi<\/a>","<a href=\"https:\/\/lavras.tv\/site\/category\/politica\/\" class=\"advgb-post-tax-term\">pol\u00edtica<\/a>"],"unlinked":["<span class=\"advgb-post-tax-term\">deputado estadual<\/span>","<span class=\"advgb-post-tax-term\">fabio cherem<\/span>","<span class=\"advgb-post-tax-term\">lavras<\/span>","<span class=\"advgb-post-tax-term\">motot\u00e1xi<\/span>","<span class=\"advgb-post-tax-term\">pol\u00edtica<\/span>"]}},"comment_count":"0","relative_dates":{"created":"Publicado 9 anos atr\u00e1s","modified":"Atualizado 9 anos atr\u00e1s"},"absolute_dates":{"created":"Publicado em 30 de agosto de 2017","modified":"Atualizado em 30 de agosto de 2017"},"absolute_dates_time":{"created":"Publicado em 30 de agosto de 2017 09:13","modified":"Atualizado em 30 de agosto de 2017 09:13"},"featured_img_caption":"Deputado F\u00e1bio Cherem e o prefeito Jos\u00e9 Cherem durante reuni\u00e3o com o grupo que defende a implanta\u00e7\u00e3o do moto t\u00e1xi em Lavras","series_order":"","_links":{"self":[{"href":"https:\/\/lavras.tv\/site\/wp-json\/wp\/v2\/posts\/11546","targetHints":{"allow":["GET"]}}],"collection":[{"href":"https:\/\/lavras.tv\/site\/wp-json\/wp\/v2\/posts"}],"about":[{"href":"https:\/\/lavras.tv\/site\/wp-json\/wp\/v2\/types\/post"}],"author":[{"embeddable":true,"href":"https:\/\/lavras.tv\/site\/wp-json\/wp\/v2\/users\/2"}],"replies":[{"embeddable":true,"href":"https:\/\/lavras.tv\/site\/wp-json\/wp\/v2\/comments?post=11546"}],"version-history":[{"count":1,"href":"https:\/\/lavras.tv\/site\/wp-json\/wp\/v2\/posts\/11546\/revisions"}],"predecessor-version":[{"id":11549,"href":"https:\/\/lavras.tv\/site\/wp-json\/wp\/v2\/posts\/11546\/revisions\/11549"}],"wp:featuredmedia":[{"embeddable":true,"href":"https:\/\/lavras.tv\/site\/wp-json\/wp\/v2\/media\/11547"}],"wp:attachment":[{"href":"https:\/\/lavras.tv\/site\/wp-json\/wp\/v2\/media?parent=11546"}],"wp:term":[{"taxonomy":"category","embeddable":true,"href":"https:\/\/lavras.tv\/site\/wp-json\/wp\/v2\/categories?post=11546"},{"taxonomy":"post_tag","embeddable":true,"href":"https:\/\/lavras.tv\/site\/wp-json\/wp\/v2\/tags?post=11546"}],"curies":[{"name":"wp","href":"https:\/\/api.w.org\/{rel}","templated":true}]}}