{"id":11614,"date":"2017-09-02T11:18:21","date_gmt":"2017-09-02T14:18:21","guid":{"rendered":"http:\/\/lavras.tv\/site\/?p=11614"},"modified":"2017-09-02T11:18:21","modified_gmt":"2017-09-02T14:18:21","slug":"direcao-da-ufla-divulga-nota-de-esclarecimento-sobre-crise-orcamentaria","status":"publish","type":"post","link":"https:\/\/lavras.tv\/site\/2017\/09\/02\/direcao-da-ufla-divulga-nota-de-esclarecimento-sobre-crise-orcamentaria\/","title":{"rendered":"Dire\u00e7\u00e3o da UFLA divulga nota de esclarecimento sobre crise or\u00e7ament\u00e1ria"},"content":{"rendered":"<div class=\"lavra-antes-do-conteudo_2\" id=\"lavra-1174297138\"><div id=\"lavra-slider-27\" class=\"custom-slider lavra-slider-1409717224 lavra-slider\"><ul><li><div style=\"margin-left: auto;margin-right: auto;text-align: center;\" id=\"lavra-3891222862\"><a href=\"https:\/\/sistemas.lavras.mg.gov.br\/portalcidadao\/#df1b1a7c7b2a290bcb31e32771e610784662739a88807c0dacac58ede5f391a7530e299dc302d611ee73cb143fc22eaf93592e53e7b5bdb01b00a0b8d28dae460c141dd2ff83412e4dc1c31b16b25f33144a9e5620ea73b13f5bc1c59411d98439ad226e8af03840603796067d87afe130812cf3de24982d0e306f9e61e764e5\" aria-label=\"Lavras-TV&#8211;720x104px (1) (1)\"><img src=\"https:\/\/lavras.tv\/site\/wp-content\/uploads\/2025\/01\/Lavras-TV-720x104px-1-1.png\" alt=\"\"  srcset=\"https:\/\/lavras.tv\/site\/wp-content\/uploads\/2025\/01\/Lavras-TV-720x104px-1-1.png 720w, https:\/\/lavras.tv\/site\/wp-content\/uploads\/2025\/01\/Lavras-TV-720x104px-1-1-470x68.png 470w, https:\/\/lavras.tv\/site\/wp-content\/uploads\/2025\/01\/Lavras-TV-720x104px-1-1-170x25.png 170w, https:\/\/lavras.tv\/site\/wp-content\/uploads\/2025\/01\/Lavras-TV-720x104px-1-1-200x29.png 200w\" sizes=\"(max-width: 720px) 100vw, 720px\" width=\"720\" height=\"104\"  style=\"display: inline-block;\" \/><\/a><\/div><\/li><li><a href=\"https:\/\/sistemas.lavras.mg.gov.br\/portalcidadao\/#df1b1a7c7b2a290bcb31e32771e610784662739a88807c0dacac58ede5f391a7530e299dc302d611ee73cb143fc22eaf93592e53e7b5bdb01b00a0b8d28dae460c141dd2ff83412e4dc1c31b16b25f33144a9e5620ea73b13f5bc1c59411d98439ad226e8af03840603796067d87afe130812cf3de24982d0e306f9e61e764e5\" aria-label=\"Banner_Emprego_PortallavrasTV\"><img src=\"https:\/\/lavras.tv\/site\/wp-content\/uploads\/2025\/03\/Banner_Emprego_PortallavrasTV.png\" alt=\"\"  srcset=\"https:\/\/lavras.tv\/site\/wp-content\/uploads\/2025\/03\/Banner_Emprego_PortallavrasTV.png 720w, https:\/\/lavras.tv\/site\/wp-content\/uploads\/2025\/03\/Banner_Emprego_PortallavrasTV-470x68.png 470w, https:\/\/lavras.tv\/site\/wp-content\/uploads\/2025\/03\/Banner_Emprego_PortallavrasTV-170x25.png 170w, https:\/\/lavras.tv\/site\/wp-content\/uploads\/2025\/03\/Banner_Emprego_PortallavrasTV-200x29.png 200w\" sizes=\"(max-width: 720px) 100vw, 720px\" width=\"720\" height=\"104\"   \/><\/a><\/li><li><a href=\"https:\/\/sistemas.lavras.mg.gov.br\/portalcidadao\/#df1b1a7c7b2a290bcb31e32771e610784662739a88807c0dacac58ede5f391a7530e299dc302d611ee73cb143fc22eaf93592e53e7b5bdb01b00a0b8d28dae460c141dd2ff83412e4dc1c31b16b25f33144a9e5620ea73b13f5bc1c59411d98439ad226e8af03840603796067d87afe130812cf3de24982d0e306f9e61e764e5\" aria-label=\"Banner_Obras_PortallavrasTV\"><img src=\"https:\/\/lavras.tv\/site\/wp-content\/uploads\/2025\/03\/Banner_Obras_PortallavrasTV.png\" alt=\"\"  srcset=\"https:\/\/lavras.tv\/site\/wp-content\/uploads\/2025\/03\/Banner_Obras_PortallavrasTV.png 720w, https:\/\/lavras.tv\/site\/wp-content\/uploads\/2025\/03\/Banner_Obras_PortallavrasTV-470x68.png 470w, https:\/\/lavras.tv\/site\/wp-content\/uploads\/2025\/03\/Banner_Obras_PortallavrasTV-170x25.png 170w, https:\/\/lavras.tv\/site\/wp-content\/uploads\/2025\/03\/Banner_Obras_PortallavrasTV-200x29.png 200w\" sizes=\"(max-width: 720px) 100vw, 720px\" width=\"720\" height=\"104\"   \/><\/a><\/li><li><div style=\"margin-left: auto;margin-right: auto;text-align: center;\" id=\"lavra-1675706817\"><a href=\"https:\/\/sistemas.lavras.mg.gov.br\/portalcidadao\/#df1b1a7c7b2a290bcb31e32771e610784662739a88807c0dacac58ede5f391a7530e299dc302d611ee73cb143fc22eaf93592e53e7b5bdb01b00a0b8d28dae460c141dd2ff83412e4dc1c31b16b25f33144a9e5620ea73b13f5bc1c59411d98439ad226e8af03840603796067d87afe130812cf3de24982d0e306f9e61e764e5\" aria-label=\"Banner_Educa\u00e7\u00e3o_PortallavrasTV\"><img src=\"https:\/\/lavras.tv\/site\/wp-content\/uploads\/2025\/01\/Banner_Educacao_PortallavrasTV.png\" alt=\"\"  srcset=\"https:\/\/lavras.tv\/site\/wp-content\/uploads\/2025\/01\/Banner_Educacao_PortallavrasTV.png 720w, https:\/\/lavras.tv\/site\/wp-content\/uploads\/2025\/01\/Banner_Educacao_PortallavrasTV-470x68.png 470w, https:\/\/lavras.tv\/site\/wp-content\/uploads\/2025\/01\/Banner_Educacao_PortallavrasTV-170x25.png 170w, https:\/\/lavras.tv\/site\/wp-content\/uploads\/2025\/01\/Banner_Educacao_PortallavrasTV-200x29.png 200w\" sizes=\"(max-width: 720px) 100vw, 720px\" width=\"720\" height=\"104\"  style=\"display: inline-block;\" \/><\/a><\/div><\/li><li><a href=\"https:\/\/sistemas.lavras.mg.gov.br\/portalcidadao\/#df1b1a7c7b2a290bcb31e32771e610784662739a88807c0dacac58ede5f391a7530e299dc302d611ee73cb143fc22eaf93592e53e7b5bdb01b00a0b8d28dae460c141dd2ff83412e4dc1c31b16b25f33144a9e5620ea73b13f5bc1c59411d98439ad226e8af03840603796067d87afe130812cf3de24982d0e306f9e61e764e5\" aria-label=\"Banner_Sa\u00fade_PortallavrasTV\"><img src=\"https:\/\/lavras.tv\/site\/wp-content\/uploads\/2025\/03\/Banner_Saude_PortallavrasTV.png\" alt=\"\"  srcset=\"https:\/\/lavras.tv\/site\/wp-content\/uploads\/2025\/03\/Banner_Saude_PortallavrasTV.png 720w, https:\/\/lavras.tv\/site\/wp-content\/uploads\/2025\/03\/Banner_Saude_PortallavrasTV-470x68.png 470w, https:\/\/lavras.tv\/site\/wp-content\/uploads\/2025\/03\/Banner_Saude_PortallavrasTV-170x25.png 170w, https:\/\/lavras.tv\/site\/wp-content\/uploads\/2025\/03\/Banner_Saude_PortallavrasTV-200x29.png 200w\" sizes=\"(max-width: 720px) 100vw, 720px\" width=\"720\" height=\"104\"   \/><\/a><\/li><li><div id=\"lavra-2158774107\" style=\"width:720px;height:104px;background-color:#ddd;overflow:scroll;\">\n\t<strong>Sa\u00edda da depura\u00e7\u00e3o de an\u00fancios<\/strong>\n\t<br><br>\n\tO an\u00fancio n\u00e3o \u00e9 exibido na p\u00e1gina<br><br>post atual: Dire\u00e7\u00e3o da UFLA divulga nota de esclarecimento sobre crise or\u00e7ament\u00e1ria, ID: 11614<br><br><span style=\"color: red;\">O post atual n\u00e3o \u00e9 id\u00eantico ao post principal.<\/span><br><br>An\u00fancios: ROXO - TOPO INTERNA - ROTATIVO 2 (197)<br \/>Grupo de an\u00fancios: Princ_Meio01_720x104 (27)<br><br>Condi\u00e7\u00f5es de exibi\u00e7\u00e3o<div style=\"margin-bottom: 20px; white-space: pre-wrap; font-family: monospace; width: 100%; background: #ffe9e9;\"><strong>condi\u00e7\u00f5es gerais<\/strong><table border=\"1\"><thead><tr><th><\/th><th>An\u00fancios<\/th><th>wp_the_query<\/th><\/tr><\/thead><tr><td>is_main_query<\/td><td>1<\/td><td>1<\/td><\/tr><tr><td>is_rest_api<\/td><td>0<\/td><td>1<\/td><\/tr><tr><td>page<\/td><td>0<\/td><td>1<\/td><\/tr><tr><td>numpages<\/td><td>0<\/td><td>1<\/td><\/tr><tr><td>is_archive<\/td><td>1<\/td><td><\/td><\/tr><tr><td>is_search<\/td><td>1<\/td><td><\/td><\/tr><tr><td>is_home<\/td><td>1<\/td><td><\/td><\/tr><tr><td>is_404<\/td><td>1<\/td><td><\/td><\/tr><tr><td>is_attachment<\/td><td>1<\/td><td><\/td><\/tr><tr><td>is_singular<\/td><td>1<\/td><td><\/td><\/tr><tr><td>is_front_page<\/td><td>1<\/td><td><\/td><\/tr><tr><td>is_feed<\/td><td>1<\/td><td><\/td><\/tr><\/table><\/div><br><br><span style=\"color: red;\">Seu site usa HTTPS, mas o c\u00f3digo do an\u00fancio cont\u00e9m HTTP e pode n\u00e3o funcionar.<\/span>\t<br><br>\n\t<a style=\"color: green;\" href=\"https:\/\/wpadvancedads.com\/manual\/ad-debug-mode\/?utm_source=advanced-ads&utm_medium=link&utm_campaign=ad-debug-mode\" target=\"_blank\" rel=\"nofollow\">Encontre solu\u00e7\u00f5es no manual<\/a>\n<\/div>\n<\/li><\/ul><\/div><script>( window.advanced_ads_ready || jQuery( document ).ready ).call( null, function() {var $lavraslider1409717224 = jQuery( \".lavra-slider-1409717224\" );$lavraslider1409717224.on( \"unslider.ready\", function() { jQuery( \"div.custom-slider ul li\" ).css( \"display\", \"block\" ); });$lavraslider1409717224.unslider({ delay:4000, autoplay:true, nav:false, arrows:false, infinite:true });$lavraslider1409717224.on(\"mouseover\", function() {$lavraslider1409717224.unslider(\"stop\");}).on(\"mouseout\", function() {$lavraslider1409717224.unslider(\"start\");});});<\/script><\/div><p>A Universidade Federal de Lavras, ao longo dos \u00faltimos 10 anos, aumentou de forma estupenda seu or\u00e7amento. <!--more-->Primeiro, no projeto Reuni, e, posteriormente, contra todas as expectativas, na expans\u00e3o org\u00e2nica iniciada no ano de 2012.<\/p>\n<p><img fetchpriority=\"high\" decoding=\"async\" class=\"alignnone size-full wp-image-11615 aligncenter\" src=\"http:\/\/lavras.tv\/site\/wp-content\/uploads\/2017\/09\/scolforo-edila.jpg\" alt=\"scolforo edila\" width=\"5184\" height=\"3456\" srcset=\"https:\/\/lavras.tv\/site\/wp-content\/uploads\/2017\/09\/scolforo-edila.jpg 5184w, https:\/\/lavras.tv\/site\/wp-content\/uploads\/2017\/09\/scolforo-edila-150x100.jpg 150w, https:\/\/lavras.tv\/site\/wp-content\/uploads\/2017\/09\/scolforo-edila-300x200.jpg 300w, https:\/\/lavras.tv\/site\/wp-content\/uploads\/2017\/09\/scolforo-edila-1024x683.jpg 1024w, https:\/\/lavras.tv\/site\/wp-content\/uploads\/2017\/09\/scolforo-edila-480x320.jpg 480w, https:\/\/lavras.tv\/site\/wp-content\/uploads\/2017\/09\/scolforo-edila-272x182.jpg 272w\" sizes=\"(max-width: 5184px) 100vw, 5184px\" \/><\/p>\n<p>O or\u00e7amento anual da Universidade \u00e9 dividido em custeio e capital, sendo os recursos liberados especificamente para esses fins. A matriz de custeio tem um modelo pr\u00f3prio, definido em conjunto pela Associa\u00e7\u00e3o Nacional dos Dirigentes das Institui\u00e7\u00f5es Federais de Ensino Superior (Andifes) e pelo Minist\u00e9rio da Educa\u00e7\u00e3o (MEC) atrav\u00e9s da Secretaria de Educa\u00e7\u00e3o Superior (Sesu). Ela \u00e9 lastreada em crit\u00e9rios que avaliam o desempenho da Universidade. Portanto, reflete o m\u00e9rito dos indicadores da Institui\u00e7\u00e3o. O custeio \u00e9 o que mant\u00e9m a Universidade funcionando, permitindo aquisi\u00e7\u00e3o de materiais para aulas, pagamento da terceiriza\u00e7\u00e3o, assist\u00eancia estudantil em todas as suas fases, material de consumo, manuten\u00e7\u00e3o, energia, combust\u00edvel, e outras mais.<\/p>\n<p>J\u00e1 o capital \u00e9 composto pelo MEC, a partir de compromissos para implanta\u00e7\u00e3o de novos cursos e, numa fra\u00e7\u00e3o pequena, para substitui\u00e7\u00e3o de equipamentos defasados e pequenas obras. Esse \u00e9 o recurso que permite o crescimento da Universidade atrav\u00e9s de investimentos em laborat\u00f3rios, salas de aulas, equipamentos e infraestrutura em geral. Em todo momento de crise, a op\u00e7\u00e3o dos Governos \u00e9 pela redu\u00e7\u00e3o desse valor.<\/p>\n<p>Na proposta de or\u00e7amento do governo para 2017, o custeio da UFLA foi reajustado em 5,2%. Esse valor teve como refer\u00eancia o or\u00e7amento de 2016. Um n\u00famero pequeno de universidades teve acr\u00e9scimo no custeio. Informamos isso \u00e0 nossa comunidade em agosto de 2016, pois, \u00e9 nesse per\u00edodo que o governo, por lei, deve encaminhar a proposta de or\u00e7amento ao Congresso Nacional. J\u00e1 no capital, a redu\u00e7\u00e3o no valor que t\u00ednhamos conseguido em 2016 foi de 50,5%. Valor considerado injusto pela Institui\u00e7\u00e3o, j\u00e1 que temos v\u00e1rios cursos novos. Portanto, naquela mesma \u00e9poca, nossa comunidade foi informada sobre a redu\u00e7\u00e3o do capital.<\/p>\n<p>O que foi feito ent\u00e3o? De forma ainda mais intensa que j\u00e1 faz\u00edamos, e todos da comunidade sabem do grau de dedica\u00e7\u00e3o da dire\u00e7\u00e3o executiva da UFLA, trabalhamos mais. N\u00e3o ficamos passivos, esperando o caos. Fomos atr\u00e1s de alternativas. Praticamente nos mudamos para o Congresso Nacional na busca de emendas individuais, emendas de bancada e emenda do relator geral do or\u00e7amento.<\/p>\n<p>Al\u00e9m disso, mostramos ao MEC que somos eficientes e n\u00e3o poder\u00edamos ser penalizados de forma t\u00e3o intensa, o que foi plenamente acatado pelo ministro Mendon\u00e7a Filho, pelo diretor da Sesu, professor Paulo Barone e pelo diretor da Diretoria de Desenvolvimento da Rede de Institui\u00e7\u00f5es Federais de Ensino Superior (Difes), Mauro Rabelo.<\/p>\n<p>Por outro lado, buscamos alternativas de projetos em outros Minist\u00e9rios e junto ao governo do estado de Minas Gerais.<\/p>\n<p>Para fazer frente \u00e0 redu\u00e7\u00e3o do capital, o que conseguimos:<\/p>\n<ol>\n<li>Uma emenda individual do deputado federal Reginaldo Lopes no valor de 500 mil reais;<\/li>\n<li>Uma emenda individual do deputado federal Domingos S\u00e1vio no valor de 250 mil reais;<\/li>\n<li>Emenda da bancada dos 53 deputados federais de MG no valor de 7.083 milh\u00f5es;<\/li>\n<li>Emenda do relator geral do or\u00e7amento da Uni\u00e3o em valor mais expressivo do que a redu\u00e7\u00e3o em nosso capital;<\/li>\n<li>Autoriza\u00e7\u00e3o do MEC para apoio extra or\u00e7ament\u00e1rio de dois projetos (TEDs), cada um no valor de 3 milh\u00f5es, o que corresponde a 33% do que foi cortado. Estamos ainda lutando por um terceiro TED at\u00e9 o fim do ano;<\/li>\n<li>Conseguimos do governo de Minas Gerais o apoio de 4 milh\u00f5es da Fapemig para aquisi\u00e7\u00e3o de equipamentos para as Engenharias;<\/li>\n<li>Conseguimos do governador Pimentel um apoio mais expressivo do que o j\u00e1 obtido junto \u00e0 Fapemig. Esse, ainda em fase de tramita\u00e7\u00e3o, permitir\u00e1 a conclus\u00e3o do Parque Tecnol\u00f3gico e aquisi\u00e7\u00e3o de mais equipamentos.<\/li>\n<\/ol>\n<p>Nem todos esses recursos chegaram \u00e0 Universidade, j\u00e1 que h\u00e1 uma rotina dura para sua libera\u00e7\u00e3o, exigindo esfor\u00e7os desta dire\u00e7\u00e3o executiva . Por isso, colocamos para nossa comunidade que lugar de Reitor n\u00e3o \u00e9 apenas na Universidade, principalmente em momentos de crise t\u00e3o acentuada, no que temos sido compreendidos. Estamos entre Belo Horizonte, Rio de Janeiro e Bras\u00edlia a maior parte do tempo para viabilizar integralmente essas conquistas. Todas dependem de um trabalho mais que exaustivo, de apoio pol\u00edtico (principalmente dos deputados federais Reginaldo Lopes e Domingos S\u00e1vio e, no momento atual, de uma maneira muito especial, do deputado federal Carlos Melles) e de credibilidade, tanto da Institui\u00e7\u00e3o quanto de seu dirigente m\u00e1ximo.<\/p>\n<p>Gostar\u00edamos de deixar algumas perguntas:<\/p>\n<ol>\n<li>Por que todas as obras da UFLA continuam sendo executadas normalmente?<\/li>\n<li>Por que o Reitor autorizou, na semana passada, o aumento do n\u00famero de bolsas institucionais de 1.300 para 1.425?<\/li>\n<li>Por que o Restaurante Universit\u00e1rio, a Moradia Estudantil, a Assist\u00eancia \u00e0 Sa\u00fade continuam normais?<\/li>\n<li>Por que o n\u00famero de terceirizados em todas as modalidades n\u00e3o sofreu qualquer corte?<\/li>\n<li>Por que as a\u00e7\u00f5es cotidianas da Universidade, como matriz de recursos das unidades, transporte, Proinfra e todas as a\u00e7\u00f5es de custeio est\u00e3o absolutamente dentro do fluxo da normalidade?<\/li>\n<li>Por que autorizamos a integraliza\u00e7\u00e3o do Programa de Apoio ao Primeiro Projeto para Professores (PAPP) e Programa de Apoio aos Setores T\u00e9cnicos Administrativos (PAST)? Al\u00e9m de manter o compromisso de equipar melhor v\u00e1rios laborat\u00f3rios?<\/li>\n<\/ol>\n<p>Atrasos eventuais em processos licitat\u00f3rios est\u00e3o vinculados \u00e0 necessidade do cumprimento total da lei e outras quest\u00f5es.<\/p>\n<p>Por \u00faltimo, deixamos claro a todos de nossa comunidade que, para 2018, conseguimos ampliar o custeio da UFLA em 13%, o que garantir\u00e1 o funcionamento adequado da Universidade.<\/p>\n<p>No entanto, n\u00e3o podemos deixar de esclarecer que o capital ou investimento da Matriz de Or\u00e7amento de Custeio e Capital (OCC) para 2018 pode sofrer novo e expressivo corte, n\u00e3o s\u00f3 para a UFLA, mas para todas as 64 Universidades. Estamos lutando diuturnamente para reverter essa possibilidade. E, se vier a ocorrer, procederemos da mesma forma como sempre: procurando alternativas e construindo solu\u00e7\u00f5es para que a UFLA continue seu crescimento de forma sustent\u00e1vel.<\/p>\n<p>Para isso, contaremos sempre com a dedica\u00e7\u00e3o e comprometimento da nossa comunidade para conseguir as melhores alternativas para nossa Institui\u00e7\u00e3o.<\/p>\n<p><strong>Jos\u00e9 Roberto Scolforo e \u00c9dila\u00a0Von Pinho<\/strong><\/p>\n<p>Fonte: UFLA<\/p>\n","protected":false},"excerpt":{"rendered":"<p>A Universidade Federal de Lavras, ao longo dos \u00faltimos 10 anos, aumentou de forma estupenda seu or\u00e7amento.<\/p>\n","protected":false},"author":2,"featured_media":11615,"comment_status":"closed","ping_status":"open","sticky":false,"template":"","format":"standard","meta":{"advgb_blocks_editor_width":"","advgb_blocks_columns_visual_guide":"","_exactmetrics_skip_tracking":false,"_exactmetrics_sitenote_active":false,"_exactmetrics_sitenote_note":"","_exactmetrics_sitenote_category":0,"footnotes":""},"categories":[7,12],"tags":[257,3919,56],"class_list":["post-11614","post","type-post","status-publish","format-standard","has-post-thumbnail","hentry","category-destaques","category-politica","tag-crise","tag-nota-de-esclarecimento","tag-ufla"],"better_featured_image":{"id":11615,"alt_text":"","caption":"","description":"","media_type":"image","media_details":{"width":5184,"height":3456,"file":"2017\/09\/scolforo-edila.jpg","sizes":{"thumbnail":{"file":"scolforo-edila-150x100.jpg","width":150,"height":100,"mime-type":"image\/jpeg","source_url":"https:\/\/lavras.tv\/site\/wp-content\/uploads\/2017\/09\/scolforo-edila-150x100.jpg"},"medium":{"file":"scolforo-edila-300x200.jpg","width":300,"height":200,"mime-type":"image\/jpeg","source_url":"https:\/\/lavras.tv\/site\/wp-content\/uploads\/2017\/09\/scolforo-edila-300x200.jpg"},"large":{"file":"scolforo-edila-1024x683.jpg","width":1024,"height":683,"mime-type":"image\/jpeg","source_url":"https:\/\/lavras.tv\/site\/wp-content\/uploads\/2017\/09\/scolforo-edila-1024x683.jpg"},"featured-slider-img":{"file":"scolforo-edila-640x480.jpg","width":640,"height":480,"mime-type":"image\/jpeg","source_url":"https:\/\/lavras.tv\/site\/wp-content\/uploads\/2017\/09\/scolforo-edila-640x480.jpg"},"featured-post-img":{"file":"scolforo-edila-480x320.jpg","width":480,"height":320,"mime-type":"image\/jpeg","source_url":"https:\/\/lavras.tv\/site\/wp-content\/uploads\/2017\/09\/scolforo-edila-480x320.jpg"},"sow-carousel-default":{"file":"scolforo-edila-272x182.jpg","width":272,"height":182,"mime-type":"image\/jpeg","source_url":"https:\/\/lavras.tv\/site\/wp-content\/uploads\/2017\/09\/scolforo-edila-272x182.jpg"}},"image_meta":{"aperture":"5.6","credit":"","camera":"Canon EOS 60D","caption":"","created_timestamp":"1440758253","copyright":"","focal_length":"92","iso":"100","shutter_speed":"0.008","title":"","orientation":"1","keywords":[]}},"post":11614,"source_url":"https:\/\/lavras.tv\/site\/wp-content\/uploads\/2017\/09\/scolforo-edila.jpg"},"author_meta":{"display_name":"Lavras TV","author_link":"https:\/\/lavras.tv\/site\/author\/lavrastv\/"},"featured_img":"https:\/\/lavras.tv\/site\/wp-content\/uploads\/2017\/09\/scolforo-edila-300x200.jpg","coauthors":[],"tax_additional":{"categories":{"linked":["<a href=\"https:\/\/lavras.tv\/site\/category\/destaques\/\" class=\"advgb-post-tax-term\">Destaques<\/a>","<a href=\"https:\/\/lavras.tv\/site\/category\/politica\/\" class=\"advgb-post-tax-term\">Pol\u00edtica<\/a>"],"unlinked":["<span class=\"advgb-post-tax-term\">Destaques<\/span>","<span class=\"advgb-post-tax-term\">Pol\u00edtica<\/span>"]},"tags":{"linked":["<a href=\"https:\/\/lavras.tv\/site\/category\/politica\/\" class=\"advgb-post-tax-term\">crise<\/a>","<a href=\"https:\/\/lavras.tv\/site\/category\/politica\/\" class=\"advgb-post-tax-term\">nota de esclarecimento<\/a>","<a href=\"https:\/\/lavras.tv\/site\/category\/politica\/\" class=\"advgb-post-tax-term\">ufla<\/a>"],"unlinked":["<span class=\"advgb-post-tax-term\">crise<\/span>","<span class=\"advgb-post-tax-term\">nota de esclarecimento<\/span>","<span class=\"advgb-post-tax-term\">ufla<\/span>"]}},"comment_count":"0","relative_dates":{"created":"Publicado 9 anos atr\u00e1s","modified":"Atualizado 9 anos atr\u00e1s"},"absolute_dates":{"created":"Publicado em 2 de setembro de 2017","modified":"Atualizado em 2 de setembro de 2017"},"absolute_dates_time":{"created":"Publicado em 2 de setembro de 2017 11:18","modified":"Atualizado em 2 de setembro de 2017 11:18"},"featured_img_caption":"","series_order":"","_links":{"self":[{"href":"https:\/\/lavras.tv\/site\/wp-json\/wp\/v2\/posts\/11614","targetHints":{"allow":["GET"]}}],"collection":[{"href":"https:\/\/lavras.tv\/site\/wp-json\/wp\/v2\/posts"}],"about":[{"href":"https:\/\/lavras.tv\/site\/wp-json\/wp\/v2\/types\/post"}],"author":[{"embeddable":true,"href":"https:\/\/lavras.tv\/site\/wp-json\/wp\/v2\/users\/2"}],"replies":[{"embeddable":true,"href":"https:\/\/lavras.tv\/site\/wp-json\/wp\/v2\/comments?post=11614"}],"version-history":[{"count":1,"href":"https:\/\/lavras.tv\/site\/wp-json\/wp\/v2\/posts\/11614\/revisions"}],"predecessor-version":[{"id":11616,"href":"https:\/\/lavras.tv\/site\/wp-json\/wp\/v2\/posts\/11614\/revisions\/11616"}],"wp:featuredmedia":[{"embeddable":true,"href":"https:\/\/lavras.tv\/site\/wp-json\/wp\/v2\/media\/11615"}],"wp:attachment":[{"href":"https:\/\/lavras.tv\/site\/wp-json\/wp\/v2\/media?parent=11614"}],"wp:term":[{"taxonomy":"category","embeddable":true,"href":"https:\/\/lavras.tv\/site\/wp-json\/wp\/v2\/categories?post=11614"},{"taxonomy":"post_tag","embeddable":true,"href":"https:\/\/lavras.tv\/site\/wp-json\/wp\/v2\/tags?post=11614"}],"curies":[{"name":"wp","href":"https:\/\/api.w.org\/{rel}","templated":true}]}}