{"id":11624,"date":"2017-09-04T09:22:13","date_gmt":"2017-09-04T12:22:13","guid":{"rendered":"http:\/\/lavras.tv\/site\/?p=11624"},"modified":"2017-09-04T09:22:13","modified_gmt":"2017-09-04T12:22:13","slug":"ex-funcionarios-da-prefeitura-entram-na-justica-para-receber-salarios-atrasados-em-lavras","status":"publish","type":"post","link":"https:\/\/lavras.tv\/site\/2017\/09\/04\/ex-funcionarios-da-prefeitura-entram-na-justica-para-receber-salarios-atrasados-em-lavras\/","title":{"rendered":"Ex-funcion\u00e1rios da prefeitura entram na Justi\u00e7a para receber sal\u00e1rios atrasados em Lavras"},"content":{"rendered":"<div class=\"lavra-antes-do-conteudo_2\" id=\"lavra-846023447\"><div id=\"lavra-slider-27\" class=\"custom-slider lavra-slider-435177942 lavra-slider\"><ul><li><div style=\"margin-left: auto;margin-right: auto;text-align: center;\" id=\"lavra-4031574988\"><a href=\"https:\/\/sistemas.lavras.mg.gov.br\/portalcidadao\/#df1b1a7c7b2a290bcb31e32771e610784662739a88807c0dacac58ede5f391a7530e299dc302d611ee73cb143fc22eaf93592e53e7b5bdb01b00a0b8d28dae460c141dd2ff83412e4dc1c31b16b25f33144a9e5620ea73b13f5bc1c59411d98439ad226e8af03840603796067d87afe130812cf3de24982d0e306f9e61e764e5\" aria-label=\"Lavras-TV&#8211;720x104px (1) (1)\"><img src=\"https:\/\/lavras.tv\/site\/wp-content\/uploads\/2025\/01\/Lavras-TV-720x104px-1-1.png\" alt=\"\"  srcset=\"https:\/\/lavras.tv\/site\/wp-content\/uploads\/2025\/01\/Lavras-TV-720x104px-1-1.png 720w, https:\/\/lavras.tv\/site\/wp-content\/uploads\/2025\/01\/Lavras-TV-720x104px-1-1-470x68.png 470w, https:\/\/lavras.tv\/site\/wp-content\/uploads\/2025\/01\/Lavras-TV-720x104px-1-1-170x25.png 170w, https:\/\/lavras.tv\/site\/wp-content\/uploads\/2025\/01\/Lavras-TV-720x104px-1-1-200x29.png 200w\" sizes=\"(max-width: 720px) 100vw, 720px\" width=\"720\" height=\"104\"  style=\"display: inline-block;\" \/><\/a><\/div><\/li><li><a href=\"https:\/\/sistemas.lavras.mg.gov.br\/portalcidadao\/#df1b1a7c7b2a290bcb31e32771e610784662739a88807c0dacac58ede5f391a7530e299dc302d611ee73cb143fc22eaf93592e53e7b5bdb01b00a0b8d28dae460c141dd2ff83412e4dc1c31b16b25f33144a9e5620ea73b13f5bc1c59411d98439ad226e8af03840603796067d87afe130812cf3de24982d0e306f9e61e764e5\" aria-label=\"Banner_Emprego_PortallavrasTV\"><img src=\"https:\/\/lavras.tv\/site\/wp-content\/uploads\/2025\/03\/Banner_Emprego_PortallavrasTV.png\" alt=\"\"  srcset=\"https:\/\/lavras.tv\/site\/wp-content\/uploads\/2025\/03\/Banner_Emprego_PortallavrasTV.png 720w, https:\/\/lavras.tv\/site\/wp-content\/uploads\/2025\/03\/Banner_Emprego_PortallavrasTV-470x68.png 470w, https:\/\/lavras.tv\/site\/wp-content\/uploads\/2025\/03\/Banner_Emprego_PortallavrasTV-170x25.png 170w, https:\/\/lavras.tv\/site\/wp-content\/uploads\/2025\/03\/Banner_Emprego_PortallavrasTV-200x29.png 200w\" sizes=\"(max-width: 720px) 100vw, 720px\" width=\"720\" height=\"104\"   \/><\/a><\/li><li><a href=\"https:\/\/sistemas.lavras.mg.gov.br\/portalcidadao\/#df1b1a7c7b2a290bcb31e32771e610784662739a88807c0dacac58ede5f391a7530e299dc302d611ee73cb143fc22eaf93592e53e7b5bdb01b00a0b8d28dae460c141dd2ff83412e4dc1c31b16b25f33144a9e5620ea73b13f5bc1c59411d98439ad226e8af03840603796067d87afe130812cf3de24982d0e306f9e61e764e5\" aria-label=\"Banner_Obras_PortallavrasTV\"><img src=\"https:\/\/lavras.tv\/site\/wp-content\/uploads\/2025\/03\/Banner_Obras_PortallavrasTV.png\" alt=\"\"  srcset=\"https:\/\/lavras.tv\/site\/wp-content\/uploads\/2025\/03\/Banner_Obras_PortallavrasTV.png 720w, https:\/\/lavras.tv\/site\/wp-content\/uploads\/2025\/03\/Banner_Obras_PortallavrasTV-470x68.png 470w, https:\/\/lavras.tv\/site\/wp-content\/uploads\/2025\/03\/Banner_Obras_PortallavrasTV-170x25.png 170w, https:\/\/lavras.tv\/site\/wp-content\/uploads\/2025\/03\/Banner_Obras_PortallavrasTV-200x29.png 200w\" sizes=\"(max-width: 720px) 100vw, 720px\" width=\"720\" height=\"104\"   \/><\/a><\/li><li><div style=\"margin-left: auto;margin-right: auto;text-align: center;\" id=\"lavra-3636727080\"><a href=\"https:\/\/sistemas.lavras.mg.gov.br\/portalcidadao\/#df1b1a7c7b2a290bcb31e32771e610784662739a88807c0dacac58ede5f391a7530e299dc302d611ee73cb143fc22eaf93592e53e7b5bdb01b00a0b8d28dae460c141dd2ff83412e4dc1c31b16b25f33144a9e5620ea73b13f5bc1c59411d98439ad226e8af03840603796067d87afe130812cf3de24982d0e306f9e61e764e5\" aria-label=\"Banner_Educa\u00e7\u00e3o_PortallavrasTV\"><img src=\"https:\/\/lavras.tv\/site\/wp-content\/uploads\/2025\/01\/Banner_Educacao_PortallavrasTV.png\" alt=\"\"  srcset=\"https:\/\/lavras.tv\/site\/wp-content\/uploads\/2025\/01\/Banner_Educacao_PortallavrasTV.png 720w, https:\/\/lavras.tv\/site\/wp-content\/uploads\/2025\/01\/Banner_Educacao_PortallavrasTV-470x68.png 470w, https:\/\/lavras.tv\/site\/wp-content\/uploads\/2025\/01\/Banner_Educacao_PortallavrasTV-170x25.png 170w, https:\/\/lavras.tv\/site\/wp-content\/uploads\/2025\/01\/Banner_Educacao_PortallavrasTV-200x29.png 200w\" sizes=\"(max-width: 720px) 100vw, 720px\" width=\"720\" height=\"104\"  style=\"display: inline-block;\" \/><\/a><\/div><\/li><li><a href=\"https:\/\/sistemas.lavras.mg.gov.br\/portalcidadao\/#df1b1a7c7b2a290bcb31e32771e610784662739a88807c0dacac58ede5f391a7530e299dc302d611ee73cb143fc22eaf93592e53e7b5bdb01b00a0b8d28dae460c141dd2ff83412e4dc1c31b16b25f33144a9e5620ea73b13f5bc1c59411d98439ad226e8af03840603796067d87afe130812cf3de24982d0e306f9e61e764e5\" aria-label=\"Banner_Sa\u00fade_PortallavrasTV\"><img src=\"https:\/\/lavras.tv\/site\/wp-content\/uploads\/2025\/03\/Banner_Saude_PortallavrasTV.png\" alt=\"\"  srcset=\"https:\/\/lavras.tv\/site\/wp-content\/uploads\/2025\/03\/Banner_Saude_PortallavrasTV.png 720w, https:\/\/lavras.tv\/site\/wp-content\/uploads\/2025\/03\/Banner_Saude_PortallavrasTV-470x68.png 470w, https:\/\/lavras.tv\/site\/wp-content\/uploads\/2025\/03\/Banner_Saude_PortallavrasTV-170x25.png 170w, https:\/\/lavras.tv\/site\/wp-content\/uploads\/2025\/03\/Banner_Saude_PortallavrasTV-200x29.png 200w\" sizes=\"(max-width: 720px) 100vw, 720px\" width=\"720\" height=\"104\"   \/><\/a><\/li><li><div id=\"lavra-1339566246\" style=\"width:720px;height:104px;background-color:#ddd;overflow:scroll;\">\n\t<strong>Sa\u00edda da depura\u00e7\u00e3o de an\u00fancios<\/strong>\n\t<br><br>\n\tO an\u00fancio n\u00e3o \u00e9 exibido na p\u00e1gina<br><br>post atual: Ex-funcion\u00e1rios da prefeitura entram na Justi\u00e7a para receber sal\u00e1rios atrasados em Lavras, ID: 11624<br><br><span style=\"color: red;\">O post atual n\u00e3o \u00e9 id\u00eantico ao post principal.<\/span><br><br>An\u00fancios: ROXO - TOPO INTERNA - ROTATIVO 2 (197)<br \/>Grupo de an\u00fancios: Princ_Meio01_720x104 (27)<br><br>Condi\u00e7\u00f5es de exibi\u00e7\u00e3o<div style=\"margin-bottom: 20px; white-space: pre-wrap; font-family: monospace; width: 100%; background: #ffe9e9;\"><strong>condi\u00e7\u00f5es gerais<\/strong><table border=\"1\"><thead><tr><th><\/th><th>An\u00fancios<\/th><th>wp_the_query<\/th><\/tr><\/thead><tr><td>is_main_query<\/td><td>1<\/td><td>1<\/td><\/tr><tr><td>is_rest_api<\/td><td>0<\/td><td>1<\/td><\/tr><tr><td>page<\/td><td>0<\/td><td>1<\/td><\/tr><tr><td>numpages<\/td><td>0<\/td><td>1<\/td><\/tr><tr><td>is_archive<\/td><td>1<\/td><td><\/td><\/tr><tr><td>is_search<\/td><td>1<\/td><td><\/td><\/tr><tr><td>is_home<\/td><td>1<\/td><td><\/td><\/tr><tr><td>is_404<\/td><td>1<\/td><td><\/td><\/tr><tr><td>is_attachment<\/td><td>1<\/td><td><\/td><\/tr><tr><td>is_singular<\/td><td>1<\/td><td><\/td><\/tr><tr><td>is_front_page<\/td><td>1<\/td><td><\/td><\/tr><tr><td>is_feed<\/td><td>1<\/td><td><\/td><\/tr><\/table><\/div><br><br><span style=\"color: red;\">Seu site usa HTTPS, mas o c\u00f3digo do an\u00fancio cont\u00e9m HTTP e pode n\u00e3o funcionar.<\/span>\t<br><br>\n\t<a style=\"color: green;\" href=\"https:\/\/wpadvancedads.com\/manual\/ad-debug-mode\/?utm_source=advanced-ads&utm_medium=link&utm_campaign=ad-debug-mode\" target=\"_blank\" rel=\"nofollow\">Encontre solu\u00e7\u00f5es no manual<\/a>\n<\/div>\n<\/li><\/ul><\/div><script>( window.advanced_ads_ready || jQuery( document ).ready ).call( null, function() {var $lavraslider435177942 = jQuery( \".lavra-slider-435177942\" );$lavraslider435177942.on( \"unslider.ready\", function() { jQuery( \"div.custom-slider ul li\" ).css( \"display\", \"block\" ); });$lavraslider435177942.unslider({ delay:4000, autoplay:true, nav:false, arrows:false, infinite:true });$lavraslider435177942.on(\"mouseover\", function() {$lavraslider435177942.unslider(\"stop\");}).on(\"mouseout\", function() {$lavraslider435177942.unslider(\"start\");});});<\/script><\/div><div class=\"mc-column content-text active-extra-styles active-capital-letter\" data-block-type=\"unstyled\" data-block-weight=\"33\">\n<p class=\"content-text__container theme-color-primary-first-letter\" data-track-category=\"Link no Texto\" data-track-links=\"\">Cerca de 300 ex-funcion\u00e1rios da prefeitura de Lavras (MG), que foram exonerados ano passado, n\u00e3o receberam at\u00e9 hoje a \u00faltima parcela do 13\u00ba sal\u00e1rio. Agora, para tentar receber, muitos est\u00e3o entrando na Justi\u00e7a.<\/p>\n<\/div>\n<p><!--more--><\/p>\n<div class=\"mc-column content-text active-extra-styles \" data-block-type=\"unstyled\" data-block-weight=\"36\">\n<p class=\"content-text__container \" data-track-category=\"Link no Texto\" data-track-links=\"\">No munic\u00edpio, os funcion\u00e1rios p\u00fablicos v\u00eam enfrentando problemas com o pagamento de sal\u00e1rios desde o final de 2015. A crise e a queda de repasses provocaram demiss\u00f5es, escalonamento dos sal\u00e1rios e at\u00e9 a redu\u00e7\u00e3o do expediente.<\/p>\n<\/div>\n<div class=\"mc-column content-text active-extra-styles \" data-block-type=\"unstyled\" data-block-weight=\"51\">\n<p class=\"content-text__container \" data-track-category=\"Link no Texto\" data-track-links=\"\">Em abril desse ano, a Prefeitura de Lavras acertou o pagamento dos atrasados de todos os servidores municipais efetivos. O presidente do sindicato da categoria diz que j\u00e1 enviou v\u00e1rios of\u00edcios para o prefeito na tentativa de ajudar a resolver o impasse com os contratados, mas at\u00e9 agora n\u00e3o conseguiu nada.<\/p>\n<\/div>\n<div class=\"mc-column content-text active-extra-styles \" data-block-type=\"unstyled\" data-block-weight=\"95\">\n<p class=\"content-text__container \" data-track-category=\"Link no Texto\" data-track-links=\"\">&#8220;Infelizmente j\u00e1 inteirou o 15\u00ba of\u00edcio e o Executivo n\u00e3o recebe o sindicato, achando que est\u00e1 prejudicando o sindicato em si, mas n\u00e3o est\u00e1, est\u00e1 prejudicando os servidores municipais de Lavras, porque se trata de reajuste salarial, de progress\u00e3o de carreira, de contratos que foram rescindidos e n\u00e3o foram pagos, de aposentados que tamb\u00e9m quando o reajuste n\u00e3o \u00e9 aplicado anualmente, os aposentados n\u00e3o t\u00eam reajuste salarial, ent\u00e3o tem aposentado vivendo abaixo do sal\u00e1rio m\u00ednimo, ent\u00e3o est\u00e1 muito dif\u00edcil a negocia\u00e7\u00e3o entre sindicato e Executivo&#8221;, disse o presidente do Sindicato dos Servidores P\u00fablicos, Willian Rodrigues.<\/p>\n<\/div>\n<div class=\"mc-column content-media content-media--normal content-photo\" data-block-type=\"backstage-photo\">\n<div class=\"content-media__container\">\n<div class=\"content-media__image-centered\">\n<div class=\"progressive-img can-open-lightbox\" data-min-size=\"1008x756\" data-min-size-url=\"https:\/\/s2.glbimg.com\/Ho4jeX3rUUmIHHbRISU9BsAPa6Q=\/0x0:620x465\/1008x0\/smart\/filters:strip_icc()\/s.glbimg.com\/jo\/g1\/f\/original\/2012\/10\/25\/prefeituralavras_interna.jpg\" data-max-size=\"1600x1200\" data-max-size-url=\"https:\/\/s2.glbimg.com\/tly6dwbvFWMhSM8KUnQeBkYsJwA=\/0x0:620x465\/1600x0\/smart\/filters:strip_icc()\/s.glbimg.com\/jo\/g1\/f\/original\/2012\/10\/25\/prefeituralavras_interna.jpg\" data-media-index=\"0\">\n<div class=\"placeholder-container\"><\/div>\n<picture><img decoding=\"async\" class=\"image content-media__image progressive-loaded aligncenter\" title=\"Servidores reclamam da falta de pagamento na Prefeitura de Lavras (Foto: Reprodu\u00e7\u00e3o EPTV)\" src=\"https:\/\/s2.glbimg.com\/h5UDTPO0pF3mRvYQpGnJhm8SPLg=\/0x0:620x465\/984x0\/smart\/filters:strip_icc()\/s.glbimg.com\/jo\/g1\/f\/original\/2012\/10\/25\/prefeituralavras_interna.jpg\" alt=\"Servidores reclamam da falta de pagamento na Prefeitura de Lavras (Foto: Reprodu\u00e7\u00e3o EPTV)\" data-src=\"https:\/\/s2.glbimg.com\/h5UDTPO0pF3mRvYQpGnJhm8SPLg=\/0x0:620x465\/984x0\/smart\/filters:strip_icc()\/s.glbimg.com\/jo\/g1\/f\/original\/2012\/10\/25\/prefeituralavras_interna.jpg\" \/><\/picture><\/div>\n<\/div>\n<div class=\"content-media__description-centered \"><\/div>\n<\/div>\n<\/div>\n<div class=\"content-ads content-ads--reveal\"><\/div>\n<div class=\"mc-column content-text active-extra-styles \" data-block-type=\"unstyled\" data-block-weight=\"34\">\n<p class=\"content-text__container \" data-track-category=\"Link no Texto\" data-track-links=\"\">Leandro \u00e9 t\u00e9cnico de laborat\u00f3rio e foi contratado para trabalhar na prefeitura durante a \u00faltima gest\u00e3o. O servi\u00e7o n\u00e3o foi renovado e, em dezembro, ele foi dispensado, mas sem receber o que tinha direito.<\/p>\n<\/div>\n<div class=\"mc-column content-text active-extra-styles \" data-block-type=\"unstyled\" data-block-weight=\"64\">\n<p class=\"content-text__container \" data-track-category=\"Link no Texto\" data-track-links=\"\">&#8220;Eu fui dispensado, trabalhei uma semana de gra\u00e7a para o munic\u00edpio, fora acerto, f\u00e9rias, 13\u00ba, que eu n\u00e3o recebi at\u00e9 hoje. Eu procurei um advogado nesta semana e a gente entrou com uma a\u00e7\u00e3o na Justi\u00e7a para tentar receber esses direitos. Porque foi trabalhado, nada mais justo que eu receber o que eu tenho direito do munic\u00edpio&#8221;, disse o t\u00e9cnico de laborat\u00f3rio Leandro Carvalho.<\/p>\n<\/div>\n<div class=\"mc-column content-text active-extra-styles \" data-block-type=\"unstyled\" data-block-weight=\"43\">\n<p class=\"content-text__container \" data-track-category=\"Link no Texto\" data-track-links=\"\">Diante da dificuldade de negociar com a prefeitura, muitos est\u00e3o fazendo como o Leandro, que decidiu buscar a Justi\u00e7a para receber o que tem direito. Nesta semana, o prefeito Jos\u00e9 Cherem (PSD) falou sobre o problema durante sess\u00e3o na C\u00e2mara Municipal de Lavras.<\/p>\n<\/div>\n<div class=\"mc-column content-text active-extra-styles \" data-block-type=\"unstyled\" data-block-weight=\"84\">\n<p class=\"content-text__container \" data-track-category=\"Link no Texto\" data-track-links=\"\">&#8220;Retirar esses recursos hoje, n\u00e3o est\u00e1 f\u00e1cil, vamos ter muitas dificuldades, mas eu tenho me empenhado muito nisso. Minha preocupa\u00e7\u00e3o n\u00famero 1 \u00e9 pagar o sal\u00e1rio dos servidores efetivos em dia, para n\u00e3o acontecer o que est\u00e1 acontecendo em muitas prefeituras e os servidores do Estado atualmente, a gente tem que fazer o planejamento disso, que j\u00e1 est\u00e1 sendo feito, cuidadosamente o impacto e ser\u00e1 apresentada nesta casa uma proposta para que viabilize o pagamento dos funcion\u00e1rios&#8221;, disse o prefeito de Lavras, Jos\u00e9 Cherem.<\/p>\n<\/div>\n<div class=\"mc-column content-text active-extra-styles \" data-block-type=\"unstyled\" data-block-weight=\"21\">\n<p class=\"content-text__container \" data-track-category=\"Link no Texto\" data-track-links=\"\">A assessoria de imprensa da Prefeitura de Lavras informou que n\u00e3o vai se pronunciar sobre o atraso no pagamento dos ex-funcion\u00e1rios.<\/p>\n<p class=\"content-text__container \" data-track-category=\"Link no Texto\" data-track-links=\"\">Fonte: G1<\/p>\n<\/div>\n","protected":false},"excerpt":{"rendered":"<p>Cerca de 300 ex-funcion\u00e1rios da prefeitura de Lavras (MG), que foram exonerados ano passado, n\u00e3o receberam at\u00e9 hoje a \u00faltima parcela do 13\u00ba sal\u00e1rio. Agora, para tentar receber, muitos est\u00e3o entrando na Justi\u00e7a.<\/p>\n","protected":false},"author":2,"featured_media":5691,"comment_status":"closed","ping_status":"open","sticky":false,"template":"","format":"standard","meta":{"advgb_blocks_editor_width":"","advgb_blocks_columns_visual_guide":"","_exactmetrics_skip_tracking":false,"_exactmetrics_sitenote_active":false,"_exactmetrics_sitenote_note":"","_exactmetrics_sitenote_category":0,"footnotes":""},"categories":[7,12],"tags":[1575,3920,103],"class_list":["post-11624","post","type-post","status-publish","format-standard","has-post-thumbnail","hentry","category-destaques","category-politica","tag-justica","tag-pagamento-atrasado","tag-prefeitura-de-lavras"],"better_featured_image":{"id":5691,"alt_text":"","caption":"","description":"","media_type":"image","media_details":{"width":620,"height":465,"file":"2017\/01\/prefeituralavras.jpg","sizes":{"thumbnail":{"file":"prefeituralavras-150x113.jpg","width":150,"height":113,"mime-type":"image\/jpeg","source_url":"https:\/\/lavras.tv\/site\/wp-content\/uploads\/2017\/01\/prefeituralavras-150x113.jpg"},"medium":{"file":"prefeituralavras-300x225.jpg","width":300,"height":225,"mime-type":"image\/jpeg","source_url":"https:\/\/lavras.tv\/site\/wp-content\/uploads\/2017\/01\/prefeituralavras-300x225.jpg"},"featured-post-img":{"file":"prefeituralavras-480x320.jpg","width":480,"height":320,"mime-type":"image\/jpeg","source_url":"https:\/\/lavras.tv\/site\/wp-content\/uploads\/2017\/01\/prefeituralavras-480x320.jpg"},"sow-carousel-default":{"file":"prefeituralavras-272x182.jpg","width":272,"height":182,"mime-type":"image\/jpeg","source_url":"https:\/\/lavras.tv\/site\/wp-content\/uploads\/2017\/01\/prefeituralavras-272x182.jpg"}},"image_meta":{"aperture":"0","credit":"","camera":"","caption":"","created_timestamp":"0","copyright":"","focal_length":"0","iso":"0","shutter_speed":"0","title":"","orientation":"0","keywords":[]}},"post":5690,"source_url":"https:\/\/lavras.tv\/site\/wp-content\/uploads\/2017\/01\/prefeituralavras.jpg"},"author_meta":{"display_name":"Lavras TV","author_link":"https:\/\/lavras.tv\/site\/author\/lavrastv\/"},"featured_img":"https:\/\/lavras.tv\/site\/wp-content\/uploads\/2017\/01\/prefeituralavras-300x225.jpg","coauthors":[],"tax_additional":{"categories":{"linked":["<a href=\"https:\/\/lavras.tv\/site\/category\/destaques\/\" class=\"advgb-post-tax-term\">Destaques<\/a>","<a href=\"https:\/\/lavras.tv\/site\/category\/politica\/\" class=\"advgb-post-tax-term\">Pol\u00edtica<\/a>"],"unlinked":["<span class=\"advgb-post-tax-term\">Destaques<\/span>","<span class=\"advgb-post-tax-term\">Pol\u00edtica<\/span>"]},"tags":{"linked":["<a href=\"https:\/\/lavras.tv\/site\/category\/politica\/\" class=\"advgb-post-tax-term\">justi\u00e7a<\/a>","<a href=\"https:\/\/lavras.tv\/site\/category\/politica\/\" class=\"advgb-post-tax-term\">pagamento atrasado<\/a>","<a href=\"https:\/\/lavras.tv\/site\/category\/politica\/\" class=\"advgb-post-tax-term\">prefeitura de lavras<\/a>"],"unlinked":["<span class=\"advgb-post-tax-term\">justi\u00e7a<\/span>","<span class=\"advgb-post-tax-term\">pagamento atrasado<\/span>","<span class=\"advgb-post-tax-term\">prefeitura de lavras<\/span>"]}},"comment_count":"0","relative_dates":{"created":"Publicado 9 anos atr\u00e1s","modified":"Atualizado 9 anos atr\u00e1s"},"absolute_dates":{"created":"Publicado em 4 de setembro de 2017","modified":"Atualizado em 4 de setembro de 2017"},"absolute_dates_time":{"created":"Publicado em 4 de setembro de 2017 09:22","modified":"Atualizado em 4 de setembro de 2017 09:22"},"featured_img_caption":"","series_order":"","_links":{"self":[{"href":"https:\/\/lavras.tv\/site\/wp-json\/wp\/v2\/posts\/11624","targetHints":{"allow":["GET"]}}],"collection":[{"href":"https:\/\/lavras.tv\/site\/wp-json\/wp\/v2\/posts"}],"about":[{"href":"https:\/\/lavras.tv\/site\/wp-json\/wp\/v2\/types\/post"}],"author":[{"embeddable":true,"href":"https:\/\/lavras.tv\/site\/wp-json\/wp\/v2\/users\/2"}],"replies":[{"embeddable":true,"href":"https:\/\/lavras.tv\/site\/wp-json\/wp\/v2\/comments?post=11624"}],"version-history":[{"count":1,"href":"https:\/\/lavras.tv\/site\/wp-json\/wp\/v2\/posts\/11624\/revisions"}],"predecessor-version":[{"id":11625,"href":"https:\/\/lavras.tv\/site\/wp-json\/wp\/v2\/posts\/11624\/revisions\/11625"}],"wp:featuredmedia":[{"embeddable":true,"href":"https:\/\/lavras.tv\/site\/wp-json\/wp\/v2\/media\/5691"}],"wp:attachment":[{"href":"https:\/\/lavras.tv\/site\/wp-json\/wp\/v2\/media?parent=11624"}],"wp:term":[{"taxonomy":"category","embeddable":true,"href":"https:\/\/lavras.tv\/site\/wp-json\/wp\/v2\/categories?post=11624"},{"taxonomy":"post_tag","embeddable":true,"href":"https:\/\/lavras.tv\/site\/wp-json\/wp\/v2\/tags?post=11624"}],"curies":[{"name":"wp","href":"https:\/\/api.w.org\/{rel}","templated":true}]}}