{"id":11765,"date":"2017-09-12T08:31:50","date_gmt":"2017-09-12T11:31:50","guid":{"rendered":"http:\/\/lavras.tv\/site\/?p=11765"},"modified":"2017-09-12T08:32:11","modified_gmt":"2017-09-12T11:32:11","slug":"tribunal-de-contas-promove-encontro-em-lavras-sobre-gastos-com-educacao","status":"publish","type":"post","link":"https:\/\/lavras.tv\/site\/2017\/09\/12\/tribunal-de-contas-promove-encontro-em-lavras-sobre-gastos-com-educacao\/","title":{"rendered":"Tribunal de Contas promove encontro em Lavras sobre gastos com educa\u00e7\u00e3o"},"content":{"rendered":"<div class=\"lavra-antes-do-conteudo_2\" id=\"lavra-3718315854\"><div id=\"lavra-slider-27\" class=\"custom-slider lavra-slider-767449448 lavra-slider\"><ul><li><div style=\"margin-left: auto;margin-right: auto;text-align: center;\" id=\"lavra-278994212\"><a href=\"https:\/\/sistemas.lavras.mg.gov.br\/portalcidadao\/#df1b1a7c7b2a290bcb31e32771e610784662739a88807c0dacac58ede5f391a7530e299dc302d611ee73cb143fc22eaf93592e53e7b5bdb01b00a0b8d28dae460c141dd2ff83412e4dc1c31b16b25f33144a9e5620ea73b13f5bc1c59411d98439ad226e8af03840603796067d87afe130812cf3de24982d0e306f9e61e764e5\" aria-label=\"Lavras-TV&#8211;720x104px (1) (1)\"><img src=\"https:\/\/lavras.tv\/site\/wp-content\/uploads\/2025\/01\/Lavras-TV-720x104px-1-1.png\" alt=\"\"  srcset=\"https:\/\/lavras.tv\/site\/wp-content\/uploads\/2025\/01\/Lavras-TV-720x104px-1-1.png 720w, https:\/\/lavras.tv\/site\/wp-content\/uploads\/2025\/01\/Lavras-TV-720x104px-1-1-470x68.png 470w, https:\/\/lavras.tv\/site\/wp-content\/uploads\/2025\/01\/Lavras-TV-720x104px-1-1-170x25.png 170w, https:\/\/lavras.tv\/site\/wp-content\/uploads\/2025\/01\/Lavras-TV-720x104px-1-1-200x29.png 200w\" sizes=\"(max-width: 720px) 100vw, 720px\" width=\"720\" height=\"104\"  style=\"display: inline-block;\" \/><\/a><\/div><\/li><li><a href=\"https:\/\/sistemas.lavras.mg.gov.br\/portalcidadao\/#df1b1a7c7b2a290bcb31e32771e610784662739a88807c0dacac58ede5f391a7530e299dc302d611ee73cb143fc22eaf93592e53e7b5bdb01b00a0b8d28dae460c141dd2ff83412e4dc1c31b16b25f33144a9e5620ea73b13f5bc1c59411d98439ad226e8af03840603796067d87afe130812cf3de24982d0e306f9e61e764e5\" aria-label=\"Banner_Emprego_PortallavrasTV\"><img src=\"https:\/\/lavras.tv\/site\/wp-content\/uploads\/2025\/03\/Banner_Emprego_PortallavrasTV.png\" alt=\"\"  srcset=\"https:\/\/lavras.tv\/site\/wp-content\/uploads\/2025\/03\/Banner_Emprego_PortallavrasTV.png 720w, https:\/\/lavras.tv\/site\/wp-content\/uploads\/2025\/03\/Banner_Emprego_PortallavrasTV-470x68.png 470w, https:\/\/lavras.tv\/site\/wp-content\/uploads\/2025\/03\/Banner_Emprego_PortallavrasTV-170x25.png 170w, https:\/\/lavras.tv\/site\/wp-content\/uploads\/2025\/03\/Banner_Emprego_PortallavrasTV-200x29.png 200w\" sizes=\"(max-width: 720px) 100vw, 720px\" width=\"720\" height=\"104\"   \/><\/a><\/li><li><a href=\"https:\/\/sistemas.lavras.mg.gov.br\/portalcidadao\/#df1b1a7c7b2a290bcb31e32771e610784662739a88807c0dacac58ede5f391a7530e299dc302d611ee73cb143fc22eaf93592e53e7b5bdb01b00a0b8d28dae460c141dd2ff83412e4dc1c31b16b25f33144a9e5620ea73b13f5bc1c59411d98439ad226e8af03840603796067d87afe130812cf3de24982d0e306f9e61e764e5\" aria-label=\"Banner_Obras_PortallavrasTV\"><img src=\"https:\/\/lavras.tv\/site\/wp-content\/uploads\/2025\/03\/Banner_Obras_PortallavrasTV.png\" alt=\"\"  srcset=\"https:\/\/lavras.tv\/site\/wp-content\/uploads\/2025\/03\/Banner_Obras_PortallavrasTV.png 720w, https:\/\/lavras.tv\/site\/wp-content\/uploads\/2025\/03\/Banner_Obras_PortallavrasTV-470x68.png 470w, https:\/\/lavras.tv\/site\/wp-content\/uploads\/2025\/03\/Banner_Obras_PortallavrasTV-170x25.png 170w, https:\/\/lavras.tv\/site\/wp-content\/uploads\/2025\/03\/Banner_Obras_PortallavrasTV-200x29.png 200w\" sizes=\"(max-width: 720px) 100vw, 720px\" width=\"720\" height=\"104\"   \/><\/a><\/li><li><div style=\"margin-left: auto;margin-right: auto;text-align: center;\" id=\"lavra-2918515118\"><a href=\"https:\/\/sistemas.lavras.mg.gov.br\/portalcidadao\/#df1b1a7c7b2a290bcb31e32771e610784662739a88807c0dacac58ede5f391a7530e299dc302d611ee73cb143fc22eaf93592e53e7b5bdb01b00a0b8d28dae460c141dd2ff83412e4dc1c31b16b25f33144a9e5620ea73b13f5bc1c59411d98439ad226e8af03840603796067d87afe130812cf3de24982d0e306f9e61e764e5\" aria-label=\"Banner_Educa\u00e7\u00e3o_PortallavrasTV\"><img src=\"https:\/\/lavras.tv\/site\/wp-content\/uploads\/2025\/01\/Banner_Educacao_PortallavrasTV.png\" alt=\"\"  srcset=\"https:\/\/lavras.tv\/site\/wp-content\/uploads\/2025\/01\/Banner_Educacao_PortallavrasTV.png 720w, https:\/\/lavras.tv\/site\/wp-content\/uploads\/2025\/01\/Banner_Educacao_PortallavrasTV-470x68.png 470w, https:\/\/lavras.tv\/site\/wp-content\/uploads\/2025\/01\/Banner_Educacao_PortallavrasTV-170x25.png 170w, https:\/\/lavras.tv\/site\/wp-content\/uploads\/2025\/01\/Banner_Educacao_PortallavrasTV-200x29.png 200w\" sizes=\"(max-width: 720px) 100vw, 720px\" width=\"720\" height=\"104\"  style=\"display: inline-block;\" \/><\/a><\/div><\/li><li><a href=\"https:\/\/sistemas.lavras.mg.gov.br\/portalcidadao\/#df1b1a7c7b2a290bcb31e32771e610784662739a88807c0dacac58ede5f391a7530e299dc302d611ee73cb143fc22eaf93592e53e7b5bdb01b00a0b8d28dae460c141dd2ff83412e4dc1c31b16b25f33144a9e5620ea73b13f5bc1c59411d98439ad226e8af03840603796067d87afe130812cf3de24982d0e306f9e61e764e5\" aria-label=\"Banner_Sa\u00fade_PortallavrasTV\"><img src=\"https:\/\/lavras.tv\/site\/wp-content\/uploads\/2025\/03\/Banner_Saude_PortallavrasTV.png\" alt=\"\"  srcset=\"https:\/\/lavras.tv\/site\/wp-content\/uploads\/2025\/03\/Banner_Saude_PortallavrasTV.png 720w, https:\/\/lavras.tv\/site\/wp-content\/uploads\/2025\/03\/Banner_Saude_PortallavrasTV-470x68.png 470w, https:\/\/lavras.tv\/site\/wp-content\/uploads\/2025\/03\/Banner_Saude_PortallavrasTV-170x25.png 170w, https:\/\/lavras.tv\/site\/wp-content\/uploads\/2025\/03\/Banner_Saude_PortallavrasTV-200x29.png 200w\" sizes=\"(max-width: 720px) 100vw, 720px\" width=\"720\" height=\"104\"   \/><\/a><\/li><li><div id=\"lavra-678781058\" style=\"width:720px;height:104px;background-color:#ddd;overflow:scroll;\">\n\t<strong>Sa\u00edda da depura\u00e7\u00e3o de an\u00fancios<\/strong>\n\t<br><br>\n\tO an\u00fancio n\u00e3o \u00e9 exibido na p\u00e1gina<br><br>post atual: Tribunal de Contas promove encontro em Lavras sobre gastos com educa\u00e7\u00e3o, ID: 11765<br><br><span style=\"color: red;\">O post atual n\u00e3o \u00e9 id\u00eantico ao post principal.<\/span><br><br>An\u00fancios: ROXO - TOPO INTERNA - ROTATIVO 2 (197)<br \/>Grupo de an\u00fancios: Princ_Meio01_720x104 (27)<br><br>Condi\u00e7\u00f5es de exibi\u00e7\u00e3o<div style=\"margin-bottom: 20px; white-space: pre-wrap; font-family: monospace; width: 100%; background: #ffe9e9;\"><strong>condi\u00e7\u00f5es gerais<\/strong><table border=\"1\"><thead><tr><th><\/th><th>An\u00fancios<\/th><th>wp_the_query<\/th><\/tr><\/thead><tr><td>is_main_query<\/td><td>1<\/td><td>1<\/td><\/tr><tr><td>is_rest_api<\/td><td>0<\/td><td>1<\/td><\/tr><tr><td>page<\/td><td>0<\/td><td>1<\/td><\/tr><tr><td>numpages<\/td><td>0<\/td><td>1<\/td><\/tr><tr><td>is_archive<\/td><td>1<\/td><td><\/td><\/tr><tr><td>is_search<\/td><td>1<\/td><td><\/td><\/tr><tr><td>is_home<\/td><td>1<\/td><td><\/td><\/tr><tr><td>is_404<\/td><td>1<\/td><td><\/td><\/tr><tr><td>is_attachment<\/td><td>1<\/td><td><\/td><\/tr><tr><td>is_singular<\/td><td>1<\/td><td><\/td><\/tr><tr><td>is_front_page<\/td><td>1<\/td><td><\/td><\/tr><tr><td>is_feed<\/td><td>1<\/td><td><\/td><\/tr><\/table><\/div><br><br><span style=\"color: red;\">Seu site usa HTTPS, mas o c\u00f3digo do an\u00fancio cont\u00e9m HTTP e pode n\u00e3o funcionar.<\/span>\t<br><br>\n\t<a style=\"color: green;\" href=\"https:\/\/wpadvancedads.com\/manual\/ad-debug-mode\/?utm_source=advanced-ads&utm_medium=link&utm_campaign=ad-debug-mode\" target=\"_blank\" rel=\"nofollow\">Encontre solu\u00e7\u00f5es no manual<\/a>\n<\/div>\n<\/li><\/ul><\/div><script>( window.advanced_ads_ready || jQuery( document ).ready ).call( null, function() {var $lavraslider767449448 = jQuery( \".lavra-slider-767449448\" );$lavraslider767449448.on( \"unslider.ready\", function() { jQuery( \"div.custom-slider ul li\" ).css( \"display\", \"block\" ); });$lavraslider767449448.unslider({ delay:4000, autoplay:true, nav:false, arrows:false, infinite:true });$lavraslider767449448.on(\"mouseover\", function() {$lavraslider767449448.unslider(\"stop\");}).on(\"mouseout\", function() {$lavraslider767449448.unslider(\"start\");});});<\/script><\/div><p><span style=\"font-weight: 400;\">O Tribunal de Contas do Estado de Minas Gerais, por meio da Escola de Contas e Capacita\u00e7\u00e3o Professor Pedro Aleixo, promover\u00e1 entre os meses de maio e outubro do ano de 2017 o &#8220;Encontro T\u00e9cnico TCEMG e os Munic\u00edpios: o papel do Tribunal de Contas no Controle da Educa\u00e7\u00e3o&#8221;. <\/span><!--more--><\/p>\n<p><span style=\"font-weight: 400;\">O tema deste ano est\u00e1 alinhado aos objetivos tra\u00e7ados pelo Tribunal de Contas para o bi\u00eanio 2017 \u2013 2018, especialmente no que se refere \u00e0 melhoria da qualidade dos gastos com a educa\u00e7\u00e3o. O pr\u00f3ximo evento ser\u00e1 realizado em <strong>Lavras,<\/strong> com o apoio do Unilavras Concursos, entre os dias <strong>14 e 15<\/strong> de setembro de 2017.<\/span><\/p>\n<p><img fetchpriority=\"high\" decoding=\"async\" class=\"alignnone size-full wp-image-11766 aligncenter\" src=\"http:\/\/lavras.tv\/site\/wp-content\/uploads\/2017\/09\/educacao_infantil2.jpg\" alt=\"educacao_infantil2\" width=\"624\" height=\"415\" srcset=\"https:\/\/lavras.tv\/site\/wp-content\/uploads\/2017\/09\/educacao_infantil2.jpg 624w, https:\/\/lavras.tv\/site\/wp-content\/uploads\/2017\/09\/educacao_infantil2-150x100.jpg 150w, https:\/\/lavras.tv\/site\/wp-content\/uploads\/2017\/09\/educacao_infantil2-300x200.jpg 300w, https:\/\/lavras.tv\/site\/wp-content\/uploads\/2017\/09\/educacao_infantil2-480x320.jpg 480w, https:\/\/lavras.tv\/site\/wp-content\/uploads\/2017\/09\/educacao_infantil2-272x182.jpg 272w\" sizes=\"(max-width: 624px) 100vw, 624px\" \/><\/p>\n<p><span style=\"font-weight: 400;\">O Encontro T\u00e9cnico faz parte do programa \u201cO Tribunal de Contas e os Jurisdicionados\u201d, institu\u00eddo no ano de 2010, que tem como meta principal a capacita\u00e7\u00e3o continuada dos agentes p\u00fablicos municipais e estaduais e neste ano tamb\u00e9m est\u00e1 inserido no projeto &#8220;Na Ponta do L\u00e1pis&#8221;, que prioriza o controle das pol\u00edticas p\u00fablicas de ensino com \u00eanfase no acompanhamento da aplica\u00e7\u00e3o dos planos decenais de educa\u00e7\u00e3o pelo Estado e pelos munic\u00edpios mineiros.<\/span><\/p>\n<p><span style=\"font-weight: 400;\">O evento se destina \u00e0 Prefeitos, Vereadores, Secret\u00e1rio Estadual e Secret\u00e1rios Municipais de Educa\u00e7\u00e3o, Gestores na \u00e1rea de educa\u00e7\u00e3o, Servidores das \u00e1reas de Licita\u00e7\u00f5es e Contratos, Conselheiros de Pol\u00edticas P\u00fablicas, Contadores, Controladores Internos, Procuradores, Professores do ensino fundamental e m\u00e9dio e Alunos de gradua\u00e7\u00e3o e p\u00f3s-gradua\u00e7\u00e3o.<\/span><\/p>\n<p><span style=\"font-weight: 400;\">As inscri\u00e7\u00f5es s\u00e3o gratuitas e podem ser feitas pelo site <\/span><a href=\"https:\/\/libano.tce.mg.gov.br\/eeventos\/encontrotec2017\"><span style=\"font-weight: 400;\">https:\/\/libano.tce.mg.gov.br\/eeventos\/encontrotec2017<\/span><\/a><span style=\"font-weight: 400;\"> ou <\/span><a href=\"http:\/\/www.tce.mg.gov.br\/\"><span style=\"font-weight: 400;\">http:\/\/www.tce.mg.gov.br\/<\/span><\/a><span style=\"font-weight: 400;\"> e clicar no banner do evento. O encontro acontecer\u00e1 no audit\u00f3rio do Unilavras nos dias 14 e 15 de setembro a partir das 8h. <\/span><\/p>\n<p><span style=\"font-weight: 400;\"> \u00a0<\/span><span style=\"font-weight: 400;\">Programa\u00e7\u00e3o<\/span><\/p>\n<table>\n<tbody>\n<tr>\n<td colspan=\"2\"><b>1\u00badia<\/b><\/td>\n<\/tr>\n<tr>\n<td><b>8h-9h<\/b><\/td>\n<td><span style=\"font-weight: 400;\">Credenciamento<\/span><\/td>\n<\/tr>\n<tr>\n<td><b>9h-10h<\/b><\/td>\n<td><b>ABERTURA:<\/b><span style=\"font-weight: 400;\">\u00a0 O Papel dos Tribunais de Contas no Controle das Pol\u00edticas P\u00fablicas da Educa\u00e7\u00e3o.<\/span><\/td>\n<\/tr>\n<tr>\n<td><b>10h-11h<\/b><\/td>\n<td><span style=\"font-weight: 400;\">PLANO NACIONAL DA EDUCA\u00c7\u00c3O : Principais desafios \/\u00a0Apresenta\u00e7\u00e3o do Projeto na Ponta do L\u00e1pis<\/span><\/td>\n<\/tr>\n<tr>\n<td><b>11h-12h<\/b><\/td>\n<td><span style=\"font-weight: 400;\">Capta\u00e7\u00e3o de recursos na Educa\u00e7\u00e3o<\/span><\/td>\n<\/tr>\n<tr>\n<td><b>12h-13h30<\/b><\/td>\n<td><span style=\"font-weight: 400;\">Intervalo para almo\u00e7o \/ Credenciamento<\/span><\/td>\n<\/tr>\n<tr>\n<td><b>13h30-14h30<\/b><\/td>\n<td><span style=\"font-weight: 400;\">Aspectos jur\u00eddicos da gest\u00e3o de pessoal dos profissionais da educa\u00e7\u00e3o no PNE<\/span><\/td>\n<\/tr>\n<tr>\n<td><b>14h30-15h30<\/b><\/td>\n<td><span style=\"font-weight: 400;\">Receitas e despesas com educa\u00e7\u00e3o<\/span><\/td>\n<\/tr>\n<tr>\n<td><b>15h30-16h<\/b><\/td>\n<td><span style=\"font-weight: 400;\">Intervalo<\/span><\/td>\n<\/tr>\n<tr>\n<td><b>16h-17h<\/b><\/td>\n<td><span style=\"font-weight: 400;\">Gest\u00e3o Financeira de Caixas Escolares<\/span><\/td>\n<\/tr>\n<tr>\n<td><b>17h-18h<\/b><\/td>\n<td><span style=\"font-weight: 400;\">O controle da qualidade da educa\u00e7\u00e3o (auditorias operacionais) &#8211;\u00a0 Meta 7 PNE<\/span><\/td>\n<\/tr>\n<tr>\n<td colspan=\"2\"><b>2\u00ba dia<\/b><\/td>\n<\/tr>\n<tr>\n<td><b>8h-9h<\/b><\/td>\n<td><span style=\"font-weight: 400;\">Credenciamento<\/span><\/td>\n<\/tr>\n<tr>\n<td><b>9h-9h45<\/b><\/td>\n<td><span style=\"font-weight: 400;\">An\u00e1lise de pol\u00edticas p\u00fablicas de Educa\u00e7\u00e3o: orienta\u00e7\u00f5es atuais do TCEMG<\/span><\/td>\n<\/tr>\n<tr>\n<td><b>9h45-10h30<\/b><\/td>\n<td><span style=\"font-weight: 400;\">Compras P\u00fablicas Sustent\u00e1veis na Educa\u00e7\u00e3o<\/span><\/td>\n<\/tr>\n<tr>\n<td><b>10h30-11h15<\/b><\/td>\n<td><span style=\"font-weight: 400;\">Educa\u00e7\u00e3o Empreendedora \u2013 Parceria com o SEBRAE MG<\/span><\/td>\n<\/tr>\n<tr>\n<td><b>11h15-12h00<\/b><\/td>\n<td><span style=\"font-weight: 400;\">O Papel dos Conselhos Municipais de Educa\u00e7\u00e3o \u2013 Parceria com a SEE\/MG<\/span><\/td>\n<\/tr>\n<tr>\n<td><b>12h00-12h30<\/b><\/td>\n<td><span style=\"font-weight: 400;\">Perguntas e respostas \/ Encerramento<\/span><\/td>\n<\/tr>\n<tr>\n<td><b>STAND PERMANENTE<\/b><\/td>\n<td><b>Ouvidoria\/Comunica\u00e7\u00e3o:<\/b><span style=\"font-weight: 400;\">\u00a0Esclarecimentos sobre a Lei Complementar 123\/06 em Parceria com o SEBRAE-MG e divulga\u00e7\u00e3o dos trabalhos da Ouvidoria do TCEMG<\/span><\/p>\n<p><b>GEO-OBRAS:\u00a0<\/b><span style=\"font-weight: 400;\">atendimento ao jurisdicionado<\/span><\/td>\n<\/tr>\n<\/tbody>\n<\/table>\n<p>&nbsp;<\/p>\n<p>Fonte: Unilavras<\/p>\n","protected":false},"excerpt":{"rendered":"<p>O Tribunal de Contas do Estado de Minas Gerais, por meio da Escola de Contas e Capacita\u00e7\u00e3o Professor Pedro Aleixo, promover\u00e1 entre os meses de maio e outubro do ano de 2017 o &#8220;Encontro T\u00e9cnico TCEMG e os Munic\u00edpios: o papel do Tribunal de Contas no Controle da Educa\u00e7\u00e3o&#8221;.<\/p>\n","protected":false},"author":2,"featured_media":11766,"comment_status":"closed","ping_status":"open","sticky":false,"template":"","format":"standard","meta":{"advgb_blocks_editor_width":"","advgb_blocks_columns_visual_guide":"","_exactmetrics_skip_tracking":false,"_exactmetrics_sitenote_active":false,"_exactmetrics_sitenote_note":"","_exactmetrics_sitenote_category":0,"footnotes":""},"categories":[7,12],"tags":[2268,3955,3956,3954,405,100],"class_list":["post-11765","post","type-post","status-publish","format-standard","has-post-thumbnail","hentry","category-destaques","category-politica","tag-educacao","tag-escola-de-contas-e-capacitacao-professor-pedro-aleixo","tag-tce","tag-tribunal-de-contas-do-estado-de-minas-gerais","tag-unilavras","tag-unilavras-concursos"],"better_featured_image":{"id":11766,"alt_text":"","caption":"","description":"","media_type":"image","media_details":{"width":624,"height":415,"file":"2017\/09\/educacao_infantil2.jpg","sizes":{"thumbnail":{"file":"educacao_infantil2-150x100.jpg","width":150,"height":100,"mime-type":"image\/jpeg","source_url":"https:\/\/lavras.tv\/site\/wp-content\/uploads\/2017\/09\/educacao_infantil2-150x100.jpg"},"medium":{"file":"educacao_infantil2-300x200.jpg","width":300,"height":200,"mime-type":"image\/jpeg","source_url":"https:\/\/lavras.tv\/site\/wp-content\/uploads\/2017\/09\/educacao_infantil2-300x200.jpg"},"featured-post-img":{"file":"educacao_infantil2-480x320.jpg","width":480,"height":320,"mime-type":"image\/jpeg","source_url":"https:\/\/lavras.tv\/site\/wp-content\/uploads\/2017\/09\/educacao_infantil2-480x320.jpg"},"sow-carousel-default":{"file":"educacao_infantil2-272x182.jpg","width":272,"height":182,"mime-type":"image\/jpeg","source_url":"https:\/\/lavras.tv\/site\/wp-content\/uploads\/2017\/09\/educacao_infantil2-272x182.jpg"}},"image_meta":{"aperture":"0","credit":"","camera":"","caption":"","created_timestamp":"0","copyright":"","focal_length":"0","iso":"0","shutter_speed":"0","title":"","orientation":"0","keywords":[]}},"post":11765,"source_url":"https:\/\/lavras.tv\/site\/wp-content\/uploads\/2017\/09\/educacao_infantil2.jpg"},"author_meta":{"display_name":"Lavras TV","author_link":"https:\/\/lavras.tv\/site\/author\/lavrastv\/"},"featured_img":"https:\/\/lavras.tv\/site\/wp-content\/uploads\/2017\/09\/educacao_infantil2-300x200.jpg","coauthors":[],"tax_additional":{"categories":{"linked":["<a href=\"https:\/\/lavras.tv\/site\/category\/destaques\/\" class=\"advgb-post-tax-term\">Destaques<\/a>","<a href=\"https:\/\/lavras.tv\/site\/category\/politica\/\" class=\"advgb-post-tax-term\">Pol\u00edtica<\/a>"],"unlinked":["<span class=\"advgb-post-tax-term\">Destaques<\/span>","<span class=\"advgb-post-tax-term\">Pol\u00edtica<\/span>"]},"tags":{"linked":["<a href=\"https:\/\/lavras.tv\/site\/category\/politica\/\" class=\"advgb-post-tax-term\">educa\u00e7\u00e3o<\/a>","<a href=\"https:\/\/lavras.tv\/site\/category\/politica\/\" class=\"advgb-post-tax-term\">Escola de Contas e Capacita\u00e7\u00e3o Professor Pedro Aleixo<\/a>","<a href=\"https:\/\/lavras.tv\/site\/category\/politica\/\" class=\"advgb-post-tax-term\">TCE<\/a>","<a href=\"https:\/\/lavras.tv\/site\/category\/politica\/\" class=\"advgb-post-tax-term\">Tribunal de Contas do Estado de Minas Gerais<\/a>","<a href=\"https:\/\/lavras.tv\/site\/category\/politica\/\" class=\"advgb-post-tax-term\">unilavras<\/a>","<a href=\"https:\/\/lavras.tv\/site\/category\/politica\/\" class=\"advgb-post-tax-term\">unilavras concursos<\/a>"],"unlinked":["<span class=\"advgb-post-tax-term\">educa\u00e7\u00e3o<\/span>","<span class=\"advgb-post-tax-term\">Escola de Contas e Capacita\u00e7\u00e3o Professor Pedro Aleixo<\/span>","<span class=\"advgb-post-tax-term\">TCE<\/span>","<span class=\"advgb-post-tax-term\">Tribunal de Contas do Estado de Minas Gerais<\/span>","<span class=\"advgb-post-tax-term\">unilavras<\/span>","<span class=\"advgb-post-tax-term\">unilavras concursos<\/span>"]}},"comment_count":"0","relative_dates":{"created":"Publicado 9 anos atr\u00e1s","modified":"Atualizado 9 anos atr\u00e1s"},"absolute_dates":{"created":"Publicado em 12 de setembro de 2017","modified":"Atualizado em 12 de setembro de 2017"},"absolute_dates_time":{"created":"Publicado em 12 de setembro de 2017 08:31","modified":"Atualizado em 12 de setembro de 2017 08:32"},"featured_img_caption":"","series_order":"","_links":{"self":[{"href":"https:\/\/lavras.tv\/site\/wp-json\/wp\/v2\/posts\/11765","targetHints":{"allow":["GET"]}}],"collection":[{"href":"https:\/\/lavras.tv\/site\/wp-json\/wp\/v2\/posts"}],"about":[{"href":"https:\/\/lavras.tv\/site\/wp-json\/wp\/v2\/types\/post"}],"author":[{"embeddable":true,"href":"https:\/\/lavras.tv\/site\/wp-json\/wp\/v2\/users\/2"}],"replies":[{"embeddable":true,"href":"https:\/\/lavras.tv\/site\/wp-json\/wp\/v2\/comments?post=11765"}],"version-history":[{"count":1,"href":"https:\/\/lavras.tv\/site\/wp-json\/wp\/v2\/posts\/11765\/revisions"}],"predecessor-version":[{"id":11767,"href":"https:\/\/lavras.tv\/site\/wp-json\/wp\/v2\/posts\/11765\/revisions\/11767"}],"wp:featuredmedia":[{"embeddable":true,"href":"https:\/\/lavras.tv\/site\/wp-json\/wp\/v2\/media\/11766"}],"wp:attachment":[{"href":"https:\/\/lavras.tv\/site\/wp-json\/wp\/v2\/media?parent=11765"}],"wp:term":[{"taxonomy":"category","embeddable":true,"href":"https:\/\/lavras.tv\/site\/wp-json\/wp\/v2\/categories?post=11765"},{"taxonomy":"post_tag","embeddable":true,"href":"https:\/\/lavras.tv\/site\/wp-json\/wp\/v2\/tags?post=11765"}],"curies":[{"name":"wp","href":"https:\/\/api.w.org\/{rel}","templated":true}]}}