{"id":11862,"date":"2017-09-15T09:34:37","date_gmt":"2017-09-15T12:34:37","guid":{"rendered":"http:\/\/lavras.tv\/site\/?p=11862"},"modified":"2017-09-15T09:45:04","modified_gmt":"2017-09-15T12:45:04","slug":"dois-anos-depois-prefeitura-de-lavras-volta-a-propor-reajuste-de-001-para-servidores","status":"publish","type":"post","link":"https:\/\/lavras.tv\/site\/2017\/09\/15\/dois-anos-depois-prefeitura-de-lavras-volta-a-propor-reajuste-de-001-para-servidores\/","title":{"rendered":"Dois anos depois, prefeitura de Lavras volta a propor reajuste de 0,01% para servidores"},"content":{"rendered":"<div class=\"lavra-antes-do-conteudo_2\" id=\"lavra-1726556555\"><div id=\"lavra-slider-27\" class=\"custom-slider lavra-slider-3204376910 lavra-slider\"><ul><li><div style=\"margin-left: auto;margin-right: auto;text-align: center;\" id=\"lavra-1966060375\"><a href=\"https:\/\/sistemas.lavras.mg.gov.br\/portalcidadao\/#df1b1a7c7b2a290bcb31e32771e610784662739a88807c0dacac58ede5f391a7530e299dc302d611ee73cb143fc22eaf93592e53e7b5bdb01b00a0b8d28dae460c141dd2ff83412e4dc1c31b16b25f33144a9e5620ea73b13f5bc1c59411d98439ad226e8af03840603796067d87afe130812cf3de24982d0e306f9e61e764e5\" aria-label=\"Lavras-TV&#8211;720x104px (1) (1)\"><img src=\"https:\/\/lavras.tv\/site\/wp-content\/uploads\/2025\/01\/Lavras-TV-720x104px-1-1.png\" alt=\"\"  srcset=\"https:\/\/lavras.tv\/site\/wp-content\/uploads\/2025\/01\/Lavras-TV-720x104px-1-1.png 720w, https:\/\/lavras.tv\/site\/wp-content\/uploads\/2025\/01\/Lavras-TV-720x104px-1-1-470x68.png 470w, https:\/\/lavras.tv\/site\/wp-content\/uploads\/2025\/01\/Lavras-TV-720x104px-1-1-170x25.png 170w, https:\/\/lavras.tv\/site\/wp-content\/uploads\/2025\/01\/Lavras-TV-720x104px-1-1-200x29.png 200w\" sizes=\"(max-width: 720px) 100vw, 720px\" width=\"720\" height=\"104\"  style=\"display: inline-block;\" \/><\/a><\/div><\/li><li><a href=\"https:\/\/sistemas.lavras.mg.gov.br\/portalcidadao\/#df1b1a7c7b2a290bcb31e32771e610784662739a88807c0dacac58ede5f391a7530e299dc302d611ee73cb143fc22eaf93592e53e7b5bdb01b00a0b8d28dae460c141dd2ff83412e4dc1c31b16b25f33144a9e5620ea73b13f5bc1c59411d98439ad226e8af03840603796067d87afe130812cf3de24982d0e306f9e61e764e5\" aria-label=\"Banner_Emprego_PortallavrasTV\"><img src=\"https:\/\/lavras.tv\/site\/wp-content\/uploads\/2025\/03\/Banner_Emprego_PortallavrasTV.png\" alt=\"\"  srcset=\"https:\/\/lavras.tv\/site\/wp-content\/uploads\/2025\/03\/Banner_Emprego_PortallavrasTV.png 720w, https:\/\/lavras.tv\/site\/wp-content\/uploads\/2025\/03\/Banner_Emprego_PortallavrasTV-470x68.png 470w, https:\/\/lavras.tv\/site\/wp-content\/uploads\/2025\/03\/Banner_Emprego_PortallavrasTV-170x25.png 170w, https:\/\/lavras.tv\/site\/wp-content\/uploads\/2025\/03\/Banner_Emprego_PortallavrasTV-200x29.png 200w\" sizes=\"(max-width: 720px) 100vw, 720px\" width=\"720\" height=\"104\"   \/><\/a><\/li><li><a href=\"https:\/\/sistemas.lavras.mg.gov.br\/portalcidadao\/#df1b1a7c7b2a290bcb31e32771e610784662739a88807c0dacac58ede5f391a7530e299dc302d611ee73cb143fc22eaf93592e53e7b5bdb01b00a0b8d28dae460c141dd2ff83412e4dc1c31b16b25f33144a9e5620ea73b13f5bc1c59411d98439ad226e8af03840603796067d87afe130812cf3de24982d0e306f9e61e764e5\" aria-label=\"Banner_Obras_PortallavrasTV\"><img src=\"https:\/\/lavras.tv\/site\/wp-content\/uploads\/2025\/03\/Banner_Obras_PortallavrasTV.png\" alt=\"\"  srcset=\"https:\/\/lavras.tv\/site\/wp-content\/uploads\/2025\/03\/Banner_Obras_PortallavrasTV.png 720w, https:\/\/lavras.tv\/site\/wp-content\/uploads\/2025\/03\/Banner_Obras_PortallavrasTV-470x68.png 470w, https:\/\/lavras.tv\/site\/wp-content\/uploads\/2025\/03\/Banner_Obras_PortallavrasTV-170x25.png 170w, https:\/\/lavras.tv\/site\/wp-content\/uploads\/2025\/03\/Banner_Obras_PortallavrasTV-200x29.png 200w\" sizes=\"(max-width: 720px) 100vw, 720px\" width=\"720\" height=\"104\"   \/><\/a><\/li><li><div style=\"margin-left: auto;margin-right: auto;text-align: center;\" id=\"lavra-230806070\"><a href=\"https:\/\/sistemas.lavras.mg.gov.br\/portalcidadao\/#df1b1a7c7b2a290bcb31e32771e610784662739a88807c0dacac58ede5f391a7530e299dc302d611ee73cb143fc22eaf93592e53e7b5bdb01b00a0b8d28dae460c141dd2ff83412e4dc1c31b16b25f33144a9e5620ea73b13f5bc1c59411d98439ad226e8af03840603796067d87afe130812cf3de24982d0e306f9e61e764e5\" aria-label=\"Banner_Educa\u00e7\u00e3o_PortallavrasTV\"><img src=\"https:\/\/lavras.tv\/site\/wp-content\/uploads\/2025\/01\/Banner_Educacao_PortallavrasTV.png\" alt=\"\"  srcset=\"https:\/\/lavras.tv\/site\/wp-content\/uploads\/2025\/01\/Banner_Educacao_PortallavrasTV.png 720w, https:\/\/lavras.tv\/site\/wp-content\/uploads\/2025\/01\/Banner_Educacao_PortallavrasTV-470x68.png 470w, https:\/\/lavras.tv\/site\/wp-content\/uploads\/2025\/01\/Banner_Educacao_PortallavrasTV-170x25.png 170w, https:\/\/lavras.tv\/site\/wp-content\/uploads\/2025\/01\/Banner_Educacao_PortallavrasTV-200x29.png 200w\" sizes=\"(max-width: 720px) 100vw, 720px\" width=\"720\" height=\"104\"  style=\"display: inline-block;\" \/><\/a><\/div><\/li><li><a href=\"https:\/\/sistemas.lavras.mg.gov.br\/portalcidadao\/#df1b1a7c7b2a290bcb31e32771e610784662739a88807c0dacac58ede5f391a7530e299dc302d611ee73cb143fc22eaf93592e53e7b5bdb01b00a0b8d28dae460c141dd2ff83412e4dc1c31b16b25f33144a9e5620ea73b13f5bc1c59411d98439ad226e8af03840603796067d87afe130812cf3de24982d0e306f9e61e764e5\" aria-label=\"Banner_Sa\u00fade_PortallavrasTV\"><img src=\"https:\/\/lavras.tv\/site\/wp-content\/uploads\/2025\/03\/Banner_Saude_PortallavrasTV.png\" alt=\"\"  srcset=\"https:\/\/lavras.tv\/site\/wp-content\/uploads\/2025\/03\/Banner_Saude_PortallavrasTV.png 720w, https:\/\/lavras.tv\/site\/wp-content\/uploads\/2025\/03\/Banner_Saude_PortallavrasTV-470x68.png 470w, https:\/\/lavras.tv\/site\/wp-content\/uploads\/2025\/03\/Banner_Saude_PortallavrasTV-170x25.png 170w, https:\/\/lavras.tv\/site\/wp-content\/uploads\/2025\/03\/Banner_Saude_PortallavrasTV-200x29.png 200w\" sizes=\"(max-width: 720px) 100vw, 720px\" width=\"720\" height=\"104\"   \/><\/a><\/li><li><div id=\"lavra-3362024501\" style=\"width:720px;height:104px;background-color:#ddd;overflow:scroll;\">\n\t<strong>Sa\u00edda da depura\u00e7\u00e3o de an\u00fancios<\/strong>\n\t<br><br>\n\tO an\u00fancio n\u00e3o \u00e9 exibido na p\u00e1gina<br><br>post atual: Dois anos depois, prefeitura de Lavras volta a propor reajuste de 0,01% para servidores, ID: 11862<br><br><span style=\"color: red;\">O post atual n\u00e3o \u00e9 id\u00eantico ao post principal.<\/span><br><br>An\u00fancios: ROXO - TOPO INTERNA - ROTATIVO 2 (197)<br \/>Grupo de an\u00fancios: Princ_Meio01_720x104 (27)<br><br>Condi\u00e7\u00f5es de exibi\u00e7\u00e3o<div style=\"margin-bottom: 20px; white-space: pre-wrap; font-family: monospace; width: 100%; background: #ffe9e9;\"><strong>condi\u00e7\u00f5es gerais<\/strong><table border=\"1\"><thead><tr><th><\/th><th>An\u00fancios<\/th><th>wp_the_query<\/th><\/tr><\/thead><tr><td>is_main_query<\/td><td>1<\/td><td>1<\/td><\/tr><tr><td>is_rest_api<\/td><td>0<\/td><td>1<\/td><\/tr><tr><td>page<\/td><td>0<\/td><td>1<\/td><\/tr><tr><td>numpages<\/td><td>0<\/td><td>1<\/td><\/tr><tr><td>is_archive<\/td><td>1<\/td><td><\/td><\/tr><tr><td>is_search<\/td><td>1<\/td><td><\/td><\/tr><tr><td>is_home<\/td><td>1<\/td><td><\/td><\/tr><tr><td>is_404<\/td><td>1<\/td><td><\/td><\/tr><tr><td>is_attachment<\/td><td>1<\/td><td><\/td><\/tr><tr><td>is_singular<\/td><td>1<\/td><td><\/td><\/tr><tr><td>is_front_page<\/td><td>1<\/td><td><\/td><\/tr><tr><td>is_feed<\/td><td>1<\/td><td><\/td><\/tr><\/table><\/div><br><br><span style=\"color: red;\">Seu site usa HTTPS, mas o c\u00f3digo do an\u00fancio cont\u00e9m HTTP e pode n\u00e3o funcionar.<\/span>\t<br><br>\n\t<a style=\"color: green;\" href=\"https:\/\/wpadvancedads.com\/manual\/ad-debug-mode\/?utm_source=advanced-ads&utm_medium=link&utm_campaign=ad-debug-mode\" target=\"_blank\" rel=\"nofollow\">Encontre solu\u00e7\u00f5es no manual<\/a>\n<\/div>\n<\/li><\/ul><\/div><script>( window.advanced_ads_ready || jQuery( document ).ready ).call( null, function() {var $lavraslider3204376910 = jQuery( \".lavra-slider-3204376910\" );$lavraslider3204376910.on( \"unslider.ready\", function() { jQuery( \"div.custom-slider ul li\" ).css( \"display\", \"block\" ); });$lavraslider3204376910.unslider({ delay:4000, autoplay:true, nav:false, arrows:false, infinite:true });$lavraslider3204376910.on(\"mouseover\", function() {$lavraslider3204376910.unslider(\"stop\");}).on(\"mouseout\", function() {$lavraslider3204376910.unslider(\"start\");});});<\/script><\/div><p>O prefeito de Lavras, Jos\u00e9 Cherem (PSD), enviou para a C\u00e2mara de Vereadores uma proposta de reajuste salarial dos servidores de 0,01%. <!--more-->O projeto foi encaminhado nesta semana e \u00e9 similar ao\u00a0proposto em 2015 pelo at\u00e9 ent\u00e3o prefeito Silas Costa Pereira,\u00a0que foi rejeitado na ocasi\u00e3o.<\/p>\n<div class=\"mc-column content-text active-extra-styles \" data-block-type=\"unstyled\" data-block-weight=\"38\">\n<p class=\"content-text__container \" data-track-category=\"Link no Texto\" data-track-links=\"\">No munic\u00edpio, pelo menos 40% dos servidores municipais ganham apenas um sal\u00e1rio m\u00ednimo. Para eles, o reajuste representaria um aumento de R$ 0,09. O Sindicato dos Servidores P\u00fablicos Municipais de Lavras diz que o valor \u00e9 uma piada.<\/p>\n<\/div>\n<div class=\"mc-column content-text active-extra-styles \" data-block-type=\"unstyled\" data-block-weight=\"21\">\n<p class=\"content-text__container \" data-track-category=\"Link no Texto\" data-track-links=\"\">&#8220;Qual \u00e9 o poder de compra de 0,01%? \u00c9 inaceit\u00e1vel. \u00c9 um deboche&#8221;, disse o diretor do sindicato, Eric Reis Azevedo.<\/p>\n<\/div>\n<div class=\"mc-column content-text active-extra-styles \" data-block-type=\"unstyled\" data-block-weight=\"30\">\n<p class=\"content-text__container \" data-track-category=\"Link no Texto\" data-track-links=\"\">A corre\u00e7\u00e3o anual do sal\u00e1rio \u00e9 um direito de todo trabalhador garantido pela Constitui\u00e7\u00e3o Federal. Mesmo assim, em Lavras, os servidores municipais est\u00e3o h\u00e1 tr\u00eas anos sem receber a revis\u00e3o.<\/p>\n<\/div>\n<div class=\"mc-column content-text active-extra-styles \" data-block-type=\"unstyled\" data-block-weight=\"30\">\n<p class=\"content-text__container \" data-track-category=\"Link no Texto\" data-track-links=\"\">\u00c9 o caso de Wildes Tadeus Am\u00e2ncio, que \u00e9 vigia na pr\u00f3pria prefeitura. Sem aumentos nos \u00faltimos anos, o sal\u00e1rio foi ficando defasado e hoje ele recebe abaixo do m\u00ednimo.<\/p>\n<\/div>\n<div class=\"mc-column content-text active-extra-styles \" data-block-type=\"unstyled\" data-block-weight=\"49\">\n<p class=\"content-text__container \" data-track-category=\"Link no Texto\" data-track-links=\"\">&#8220;A gente vai no supermercado pensando no que eu vou levar, no que eu n\u00e3o vou levar, e tem que pegar folhetinho, olhar promo\u00e7\u00e3o, porque n\u00e3o d\u00e1 pra escolher muita coisa n\u00e3o. Tem que ir no supermercado s\u00f3 em dia de promo\u00e7\u00e3o mesmo&#8221;, disse o vigia Wildes Tadeu Am\u00e2ncio.<\/p>\n<\/div>\n<div class=\"mc-column content-media content-media--normal content-photo\" data-block-type=\"backstage-photo\">\n<div class=\"content-media__container\">\n<div class=\"content-media__image-centered\">\n<div class=\"progressive-img can-open-lightbox\" data-min-size=\"1008x756\" data-min-size-url=\"https:\/\/s2.glbimg.com\/Ho4jeX3rUUmIHHbRISU9BsAPa6Q=\/0x0:620x465\/1008x0\/smart\/filters:strip_icc()\/s.glbimg.com\/jo\/g1\/f\/original\/2012\/10\/25\/prefeituralavras_interna.jpg\" data-max-size=\"1600x1200\" data-max-size-url=\"https:\/\/s2.glbimg.com\/tly6dwbvFWMhSM8KUnQeBkYsJwA=\/0x0:620x465\/1600x0\/smart\/filters:strip_icc()\/s.glbimg.com\/jo\/g1\/f\/original\/2012\/10\/25\/prefeituralavras_interna.jpg\" data-media-index=\"0\">\n<div class=\"placeholder-container\" style=\"text-align: center;\"><\/div>\n<p><img decoding=\"async\" class=\"image content-media__image progressive-loaded aligncenter\" title=\"Dois anos depois, prefeitura de Lavras volta a propor reajuste de 0,01% para servidores (Foto: Reprodu\u00e7\u00e3o EPTV)\" src=\"https:\/\/s2.glbimg.com\/h5UDTPO0pF3mRvYQpGnJhm8SPLg=\/0x0:620x465\/984x0\/smart\/filters:strip_icc()\/s.glbimg.com\/jo\/g1\/f\/original\/2012\/10\/25\/prefeituralavras_interna.jpg\" alt=\"Dois anos depois, prefeitura de Lavras volta a propor reajuste de 0,01% para servidores (Foto: Reprodu\u00e7\u00e3o EPTV)\" data-src=\"https:\/\/s2.glbimg.com\/h5UDTPO0pF3mRvYQpGnJhm8SPLg=\/0x0:620x465\/984x0\/smart\/filters:strip_icc()\/s.glbimg.com\/jo\/g1\/f\/original\/2012\/10\/25\/prefeituralavras_interna.jpg\" \/><\/p>\n<\/div>\n<\/div>\n<div class=\"content-media__description-centered \">\n<p class=\"content-media__description\">Tr\u00eas anos sem revis\u00e3o salarial e h\u00e1 pelo menos cinco sem nenhum reajuste. O auxiliar de enfermagem Vanderlei diz que o valor \u00e9 um desrespeito com o trabalhador.<br \/>\n<i class=\"content-media__description__icon theme-color-primary\"><\/i><\/p>\n<\/div>\n<\/div>\n<\/div>\n<div class=\"mc-column content-text active-extra-styles \" data-block-type=\"unstyled\" data-block-weight=\"25\">\n<p class=\"content-text__container \" data-track-category=\"Link no Texto\" data-track-links=\"\">&#8220;Eu n\u00e3o sei o que a gente espera, a gente est\u00e1 sem esperan\u00e7as em Lavras na verdade&#8221;, disse o auxiliar de enfermagem Vanderlei Eust\u00e1quio Fernandes.<\/p>\n<\/div>\n<div class=\"mc-column content-text active-extra-styles \" data-block-type=\"unstyled\" data-block-weight=\"33\">\n<p class=\"content-text__container \" data-track-category=\"Link no Texto\" data-track-links=\"\">O vereador Carlos Lindomar (PSL) diz que o projeto foi apresentado sem nenhum debate. Para ele, o valor n\u00e3o representa revis\u00e3o salarial e a crise n\u00e3o pode ser uma desculpa para a proposta.<\/p>\n<\/div>\n<div class=\"mc-column content-text active-extra-styles \" data-block-type=\"unstyled\" data-block-weight=\"61\">\n<p class=\"content-text__container \" data-track-category=\"Link no Texto\" data-track-links=\"\">&#8220;Temos uma previs\u00e3o na Constitui\u00e7\u00e3o Federal dizendo que todo ano tem que ter uma revis\u00e3o geral anual, exatamente para que voc\u00ea tenha no m\u00ednimo uma revis\u00e3o conferindo o valor da infla\u00e7\u00e3o do per\u00edodo, jamais algo menor do que isso, porque o objetivo da Constitui\u00e7\u00e3o \u00e9 exatamente repor o poder de compra do sal\u00e1rio do servidor&#8221;, disse o vereador Carlos Lindomar (PSL).<\/p>\n<p class=\"content-text__container \" data-track-category=\"Link no Texto\" data-track-links=\"\">A vota\u00e7\u00e3o em primeiro turno aconteceu nesta quinta-feira, dia 14, e o projeto j\u00e1 teve sua primeira vit\u00f3ria.\u00a0Sendo aprovado em segunda vota\u00e7\u00e3o nesta sexta-feira, dia 15, o reajuste passa a vigorar a partir do dia 1\u00ba de outubro. Os vereadores que votaram pela aprova\u00e7\u00e3o foram: Daia Protetora, Alessandro Furtado, Ennio da Farm\u00e1cia, Marcos Possato, Peterson, Dr. Matusal\u00e9m, Nan\u00e1h Ferreira, Ti Ailton, Bira, Dr. Sebastiao dos Santos Vieira, Ant\u00f4nio Claret, Cristiane Costa, Evandro \u2013 Mestre Grilo, Toninho do Raio X e Jo\u00e3o Paulo Felizardo.<\/p>\n<p><img fetchpriority=\"high\" decoding=\"async\" class=\"aligncenter wp-image-223315 size-large colorbox-223312\" src=\"http:\/\/www.lavras24horas.com.br\/portal\/wp-content\/uploads\/2017\/09\/3baf9da7-86a3-46ba-bc10-783307039ea6-587x330.jpg\" sizes=\"(max-width: 587px) 100vw, 587px\" srcset=\"http:\/\/www.lavras24horas.com.br\/portal\/wp-content\/uploads\/2017\/09\/3baf9da7-86a3-46ba-bc10-783307039ea6-587x330.jpg 587w, http:\/\/www.lavras24horas.com.br\/portal\/wp-content\/uploads\/2017\/09\/3baf9da7-86a3-46ba-bc10-783307039ea6-768x432.jpg 768w, http:\/\/www.lavras24horas.com.br\/portal\/wp-content\/uploads\/2017\/09\/3baf9da7-86a3-46ba-bc10-783307039ea6.jpg 1040w\" alt=\"\" width=\"587\" height=\"330\" \/><\/p>\n<p>Os vereadores Nan\u00e1h Ferreira, Dr. Carlos Lindomar e Lila votam contra o projeto de lei.\u00a0 Houve gritos a favor e contra a aprova\u00e7\u00e3o do projeto. Vereadores foram vaiados e aplaudidos durante a sess\u00e3o extraordin\u00e1ria. Os servidores lotaram o audit\u00f3rio da C\u00e2mara Municipal.<\/p>\n<\/div>\n<div class=\"mc-column content-text active-extra-styles \" data-block-type=\"unstyled\" data-block-weight=\"18\">\n<p class=\"content-text__container \" data-track-category=\"Link no Texto\" data-track-links=\"\">Fontes: G1 e Lavras 24 Horas<\/p>\n<\/div>\n","protected":false},"excerpt":{"rendered":"<p>O prefeito de Lavras, Jos\u00e9 Cherem (PSD), enviou para a C\u00e2mara de Vereadores uma proposta de reajuste salarial dos servidores de 0,01%.<\/p>\n","protected":false},"author":2,"featured_media":1052,"comment_status":"closed","ping_status":"open","sticky":false,"template":"","format":"standard","meta":{"advgb_blocks_editor_width":"","advgb_blocks_columns_visual_guide":"","_exactmetrics_skip_tracking":false,"_exactmetrics_sitenote_active":false,"_exactmetrics_sitenote_note":"","_exactmetrics_sitenote_category":0,"footnotes":""},"categories":[7,12],"tags":[1398,1138,34,1908,3941,2424,1139,2552],"class_list":["post-11862","post","type-post","status-publish","format-standard","has-post-thumbnail","hentry","category-destaques","category-politica","tag-camara-municipal","tag-jose-cherem","tag-lavras","tag-reajuste","tag-salario","tag-servidores-municipais","tag-silas-pereira","tag-sindicato"],"better_featured_image":{"id":1052,"alt_text":"","caption":"","description":"","media_type":"image","media_details":{"width":800,"height":532,"file":"2016\/07\/prefeitura.jpg","sizes":{"thumbnail":{"file":"prefeitura-150x100.jpg","width":150,"height":100,"mime-type":"image\/jpeg","source_url":"https:\/\/lavras.tv\/site\/wp-content\/uploads\/2016\/07\/prefeitura-150x100.jpg"},"medium":{"file":"prefeitura-300x200.jpg","width":300,"height":200,"mime-type":"image\/jpeg","source_url":"https:\/\/lavras.tv\/site\/wp-content\/uploads\/2016\/07\/prefeitura-300x200.jpg"},"featured-slider-img":{"file":"prefeitura-640x480.jpg","width":640,"height":480,"mime-type":"image\/jpeg","source_url":"https:\/\/lavras.tv\/site\/wp-content\/uploads\/2016\/07\/prefeitura-640x480.jpg"},"featured-post-img":{"file":"prefeitura-480x320.jpg","width":480,"height":320,"mime-type":"image\/jpeg","source_url":"https:\/\/lavras.tv\/site\/wp-content\/uploads\/2016\/07\/prefeitura-480x320.jpg"},"sow-carousel-default":{"file":"prefeitura-272x182.jpg","width":272,"height":182,"mime-type":"image\/jpeg","source_url":"https:\/\/lavras.tv\/site\/wp-content\/uploads\/2016\/07\/prefeitura-272x182.jpg"}},"image_meta":{"aperture":"9","credit":"","camera":"NIKON D40","caption":"","created_timestamp":"1335278235","copyright":"","focal_length":"18","iso":"200","shutter_speed":"0.003125","title":"","orientation":"0","keywords":[]}},"post":1051,"source_url":"https:\/\/lavras.tv\/site\/wp-content\/uploads\/2016\/07\/prefeitura.jpg"},"author_meta":{"display_name":"Lavras TV","author_link":"https:\/\/lavras.tv\/site\/author\/lavrastv\/"},"featured_img":"https:\/\/lavras.tv\/site\/wp-content\/uploads\/2016\/07\/prefeitura-300x200.jpg","coauthors":[],"tax_additional":{"categories":{"linked":["<a href=\"https:\/\/lavras.tv\/site\/category\/destaques\/\" class=\"advgb-post-tax-term\">Destaques<\/a>","<a href=\"https:\/\/lavras.tv\/site\/category\/politica\/\" class=\"advgb-post-tax-term\">Pol\u00edtica<\/a>"],"unlinked":["<span class=\"advgb-post-tax-term\">Destaques<\/span>","<span class=\"advgb-post-tax-term\">Pol\u00edtica<\/span>"]},"tags":{"linked":["<a href=\"https:\/\/lavras.tv\/site\/category\/politica\/\" class=\"advgb-post-tax-term\">C\u00e2mara municipal<\/a>","<a href=\"https:\/\/lavras.tv\/site\/category\/politica\/\" class=\"advgb-post-tax-term\">jos\u00e9 cherem<\/a>","<a href=\"https:\/\/lavras.tv\/site\/category\/politica\/\" class=\"advgb-post-tax-term\">lavras<\/a>","<a href=\"https:\/\/lavras.tv\/site\/category\/politica\/\" class=\"advgb-post-tax-term\">reajuste<\/a>","<a href=\"https:\/\/lavras.tv\/site\/category\/politica\/\" class=\"advgb-post-tax-term\">sal\u00e1rio<\/a>","<a href=\"https:\/\/lavras.tv\/site\/category\/politica\/\" class=\"advgb-post-tax-term\">servidores municipais<\/a>","<a href=\"https:\/\/lavras.tv\/site\/category\/politica\/\" class=\"advgb-post-tax-term\">silas pereira<\/a>","<a href=\"https:\/\/lavras.tv\/site\/category\/politica\/\" class=\"advgb-post-tax-term\">sindicato<\/a>"],"unlinked":["<span class=\"advgb-post-tax-term\">C\u00e2mara municipal<\/span>","<span class=\"advgb-post-tax-term\">jos\u00e9 cherem<\/span>","<span class=\"advgb-post-tax-term\">lavras<\/span>","<span class=\"advgb-post-tax-term\">reajuste<\/span>","<span class=\"advgb-post-tax-term\">sal\u00e1rio<\/span>","<span class=\"advgb-post-tax-term\">servidores municipais<\/span>","<span class=\"advgb-post-tax-term\">silas pereira<\/span>","<span class=\"advgb-post-tax-term\">sindicato<\/span>"]}},"comment_count":"0","relative_dates":{"created":"Publicado 9 anos atr\u00e1s","modified":"Atualizado 9 anos atr\u00e1s"},"absolute_dates":{"created":"Publicado em 15 de setembro de 2017","modified":"Atualizado em 15 de setembro de 2017"},"absolute_dates_time":{"created":"Publicado em 15 de setembro de 2017 09:34","modified":"Atualizado em 15 de setembro de 2017 09:45"},"featured_img_caption":"","series_order":"","_links":{"self":[{"href":"https:\/\/lavras.tv\/site\/wp-json\/wp\/v2\/posts\/11862","targetHints":{"allow":["GET"]}}],"collection":[{"href":"https:\/\/lavras.tv\/site\/wp-json\/wp\/v2\/posts"}],"about":[{"href":"https:\/\/lavras.tv\/site\/wp-json\/wp\/v2\/types\/post"}],"author":[{"embeddable":true,"href":"https:\/\/lavras.tv\/site\/wp-json\/wp\/v2\/users\/2"}],"replies":[{"embeddable":true,"href":"https:\/\/lavras.tv\/site\/wp-json\/wp\/v2\/comments?post=11862"}],"version-history":[{"count":3,"href":"https:\/\/lavras.tv\/site\/wp-json\/wp\/v2\/posts\/11862\/revisions"}],"predecessor-version":[{"id":11867,"href":"https:\/\/lavras.tv\/site\/wp-json\/wp\/v2\/posts\/11862\/revisions\/11867"}],"wp:featuredmedia":[{"embeddable":true,"href":"https:\/\/lavras.tv\/site\/wp-json\/wp\/v2\/media\/1052"}],"wp:attachment":[{"href":"https:\/\/lavras.tv\/site\/wp-json\/wp\/v2\/media?parent=11862"}],"wp:term":[{"taxonomy":"category","embeddable":true,"href":"https:\/\/lavras.tv\/site\/wp-json\/wp\/v2\/categories?post=11862"},{"taxonomy":"post_tag","embeddable":true,"href":"https:\/\/lavras.tv\/site\/wp-json\/wp\/v2\/tags?post=11862"}],"curies":[{"name":"wp","href":"https:\/\/api.w.org\/{rel}","templated":true}]}}