{"id":1198,"date":"2016-07-29T17:09:11","date_gmt":"2016-07-29T17:09:11","guid":{"rendered":"http:\/\/lavras.tv\/site\/?p=1198"},"modified":"2016-07-29T17:09:11","modified_gmt":"2016-07-29T17:09:11","slug":"gastronomia-e-hotelaria-sao-temas-de-palestra-on-line-no-senac","status":"publish","type":"post","link":"https:\/\/lavras.tv\/site\/2016\/07\/29\/gastronomia-e-hotelaria-sao-temas-de-palestra-on-line-no-senac\/","title":{"rendered":"Gastronomia e Hotelaria s\u00e3o temas de palestra on-line no Senac"},"content":{"rendered":"<div class=\"lavra-antes-do-conteudo_2\" id=\"lavra-3328780923\"><div id=\"lavra-slider-27\" class=\"custom-slider lavra-slider-1112847846 lavra-slider\"><ul><li><div style=\"margin-left: auto;margin-right: auto;text-align: center;\" id=\"lavra-3690389850\"><a href=\"https:\/\/sistemas.lavras.mg.gov.br\/portalcidadao\/#df1b1a7c7b2a290bcb31e32771e610784662739a88807c0dacac58ede5f391a7530e299dc302d611ee73cb143fc22eaf93592e53e7b5bdb01b00a0b8d28dae460c141dd2ff83412e4dc1c31b16b25f33144a9e5620ea73b13f5bc1c59411d98439ad226e8af03840603796067d87afe130812cf3de24982d0e306f9e61e764e5\" aria-label=\"Lavras-TV&#8211;720x104px (1) (1)\"><img src=\"https:\/\/lavras.tv\/site\/wp-content\/uploads\/2025\/01\/Lavras-TV-720x104px-1-1.png\" alt=\"\"  srcset=\"https:\/\/lavras.tv\/site\/wp-content\/uploads\/2025\/01\/Lavras-TV-720x104px-1-1.png 720w, https:\/\/lavras.tv\/site\/wp-content\/uploads\/2025\/01\/Lavras-TV-720x104px-1-1-470x68.png 470w, https:\/\/lavras.tv\/site\/wp-content\/uploads\/2025\/01\/Lavras-TV-720x104px-1-1-170x25.png 170w, https:\/\/lavras.tv\/site\/wp-content\/uploads\/2025\/01\/Lavras-TV-720x104px-1-1-200x29.png 200w\" sizes=\"(max-width: 720px) 100vw, 720px\" width=\"720\" height=\"104\"  style=\"display: inline-block;\" \/><\/a><\/div><\/li><li><a href=\"https:\/\/sistemas.lavras.mg.gov.br\/portalcidadao\/#df1b1a7c7b2a290bcb31e32771e610784662739a88807c0dacac58ede5f391a7530e299dc302d611ee73cb143fc22eaf93592e53e7b5bdb01b00a0b8d28dae460c141dd2ff83412e4dc1c31b16b25f33144a9e5620ea73b13f5bc1c59411d98439ad226e8af03840603796067d87afe130812cf3de24982d0e306f9e61e764e5\" aria-label=\"Banner_Emprego_PortallavrasTV\"><img src=\"https:\/\/lavras.tv\/site\/wp-content\/uploads\/2025\/03\/Banner_Emprego_PortallavrasTV.png\" alt=\"\"  srcset=\"https:\/\/lavras.tv\/site\/wp-content\/uploads\/2025\/03\/Banner_Emprego_PortallavrasTV.png 720w, https:\/\/lavras.tv\/site\/wp-content\/uploads\/2025\/03\/Banner_Emprego_PortallavrasTV-470x68.png 470w, https:\/\/lavras.tv\/site\/wp-content\/uploads\/2025\/03\/Banner_Emprego_PortallavrasTV-170x25.png 170w, https:\/\/lavras.tv\/site\/wp-content\/uploads\/2025\/03\/Banner_Emprego_PortallavrasTV-200x29.png 200w\" sizes=\"(max-width: 720px) 100vw, 720px\" width=\"720\" height=\"104\"   \/><\/a><\/li><li><a href=\"https:\/\/sistemas.lavras.mg.gov.br\/portalcidadao\/#df1b1a7c7b2a290bcb31e32771e610784662739a88807c0dacac58ede5f391a7530e299dc302d611ee73cb143fc22eaf93592e53e7b5bdb01b00a0b8d28dae460c141dd2ff83412e4dc1c31b16b25f33144a9e5620ea73b13f5bc1c59411d98439ad226e8af03840603796067d87afe130812cf3de24982d0e306f9e61e764e5\" aria-label=\"Banner_Obras_PortallavrasTV\"><img src=\"https:\/\/lavras.tv\/site\/wp-content\/uploads\/2025\/03\/Banner_Obras_PortallavrasTV.png\" alt=\"\"  srcset=\"https:\/\/lavras.tv\/site\/wp-content\/uploads\/2025\/03\/Banner_Obras_PortallavrasTV.png 720w, https:\/\/lavras.tv\/site\/wp-content\/uploads\/2025\/03\/Banner_Obras_PortallavrasTV-470x68.png 470w, https:\/\/lavras.tv\/site\/wp-content\/uploads\/2025\/03\/Banner_Obras_PortallavrasTV-170x25.png 170w, https:\/\/lavras.tv\/site\/wp-content\/uploads\/2025\/03\/Banner_Obras_PortallavrasTV-200x29.png 200w\" sizes=\"(max-width: 720px) 100vw, 720px\" width=\"720\" height=\"104\"   \/><\/a><\/li><li><div style=\"margin-left: auto;margin-right: auto;text-align: center;\" id=\"lavra-248094531\"><a href=\"https:\/\/sistemas.lavras.mg.gov.br\/portalcidadao\/#df1b1a7c7b2a290bcb31e32771e610784662739a88807c0dacac58ede5f391a7530e299dc302d611ee73cb143fc22eaf93592e53e7b5bdb01b00a0b8d28dae460c141dd2ff83412e4dc1c31b16b25f33144a9e5620ea73b13f5bc1c59411d98439ad226e8af03840603796067d87afe130812cf3de24982d0e306f9e61e764e5\" aria-label=\"Banner_Educa\u00e7\u00e3o_PortallavrasTV\"><img src=\"https:\/\/lavras.tv\/site\/wp-content\/uploads\/2025\/01\/Banner_Educacao_PortallavrasTV.png\" alt=\"\"  srcset=\"https:\/\/lavras.tv\/site\/wp-content\/uploads\/2025\/01\/Banner_Educacao_PortallavrasTV.png 720w, https:\/\/lavras.tv\/site\/wp-content\/uploads\/2025\/01\/Banner_Educacao_PortallavrasTV-470x68.png 470w, https:\/\/lavras.tv\/site\/wp-content\/uploads\/2025\/01\/Banner_Educacao_PortallavrasTV-170x25.png 170w, https:\/\/lavras.tv\/site\/wp-content\/uploads\/2025\/01\/Banner_Educacao_PortallavrasTV-200x29.png 200w\" sizes=\"(max-width: 720px) 100vw, 720px\" width=\"720\" height=\"104\"  style=\"display: inline-block;\" \/><\/a><\/div><\/li><li><a href=\"https:\/\/sistemas.lavras.mg.gov.br\/portalcidadao\/#df1b1a7c7b2a290bcb31e32771e610784662739a88807c0dacac58ede5f391a7530e299dc302d611ee73cb143fc22eaf93592e53e7b5bdb01b00a0b8d28dae460c141dd2ff83412e4dc1c31b16b25f33144a9e5620ea73b13f5bc1c59411d98439ad226e8af03840603796067d87afe130812cf3de24982d0e306f9e61e764e5\" aria-label=\"Banner_Sa\u00fade_PortallavrasTV\"><img src=\"https:\/\/lavras.tv\/site\/wp-content\/uploads\/2025\/03\/Banner_Saude_PortallavrasTV.png\" alt=\"\"  srcset=\"https:\/\/lavras.tv\/site\/wp-content\/uploads\/2025\/03\/Banner_Saude_PortallavrasTV.png 720w, https:\/\/lavras.tv\/site\/wp-content\/uploads\/2025\/03\/Banner_Saude_PortallavrasTV-470x68.png 470w, https:\/\/lavras.tv\/site\/wp-content\/uploads\/2025\/03\/Banner_Saude_PortallavrasTV-170x25.png 170w, https:\/\/lavras.tv\/site\/wp-content\/uploads\/2025\/03\/Banner_Saude_PortallavrasTV-200x29.png 200w\" sizes=\"(max-width: 720px) 100vw, 720px\" width=\"720\" height=\"104\"   \/><\/a><\/li><li><div id=\"lavra-2528871473\" style=\"width:720px;height:104px;background-color:#ddd;overflow:scroll;\">\n\t<strong>Sa\u00edda da depura\u00e7\u00e3o de an\u00fancios<\/strong>\n\t<br><br>\n\tO an\u00fancio n\u00e3o \u00e9 exibido na p\u00e1gina<br><br>post atual: Gastronomia e Hotelaria s\u00e3o temas de palestra on-line no Senac, ID: 1198<br><br><span style=\"color: red;\">O post atual n\u00e3o \u00e9 id\u00eantico ao post principal.<\/span><br><br>An\u00fancios: ROXO - TOPO INTERNA - ROTATIVO 2 (197)<br \/>Grupo de an\u00fancios: Princ_Meio01_720x104 (27)<br><br>Condi\u00e7\u00f5es de exibi\u00e7\u00e3o<div style=\"margin-bottom: 20px; white-space: pre-wrap; font-family: monospace; width: 100%; background: #ffe9e9;\"><strong>condi\u00e7\u00f5es gerais<\/strong><table border=\"1\"><thead><tr><th><\/th><th>An\u00fancios<\/th><th>wp_the_query<\/th><\/tr><\/thead><tr><td>is_main_query<\/td><td>1<\/td><td>1<\/td><\/tr><tr><td>is_rest_api<\/td><td>0<\/td><td>1<\/td><\/tr><tr><td>page<\/td><td>0<\/td><td>1<\/td><\/tr><tr><td>numpages<\/td><td>0<\/td><td>1<\/td><\/tr><tr><td>is_archive<\/td><td>1<\/td><td><\/td><\/tr><tr><td>is_search<\/td><td>1<\/td><td><\/td><\/tr><tr><td>is_home<\/td><td>1<\/td><td><\/td><\/tr><tr><td>is_404<\/td><td>1<\/td><td><\/td><\/tr><tr><td>is_attachment<\/td><td>1<\/td><td><\/td><\/tr><tr><td>is_singular<\/td><td>1<\/td><td><\/td><\/tr><tr><td>is_front_page<\/td><td>1<\/td><td><\/td><\/tr><tr><td>is_feed<\/td><td>1<\/td><td><\/td><\/tr><\/table><\/div><br><br><span style=\"color: red;\">Seu site usa HTTPS, mas o c\u00f3digo do an\u00fancio cont\u00e9m HTTP e pode n\u00e3o funcionar.<\/span>\t<br><br>\n\t<a style=\"color: green;\" href=\"https:\/\/wpadvancedads.com\/manual\/ad-debug-mode\/?utm_source=advanced-ads&utm_medium=link&utm_campaign=ad-debug-mode\" target=\"_blank\" rel=\"nofollow\">Encontre solu\u00e7\u00f5es no manual<\/a>\n<\/div>\n<\/li><\/ul><\/div><script>( window.advanced_ads_ready || jQuery( document ).ready ).call( null, function() {var $lavraslider1112847846 = jQuery( \".lavra-slider-1112847846\" );$lavraslider1112847846.on( \"unslider.ready\", function() { jQuery( \"div.custom-slider ul li\" ).css( \"display\", \"block\" ); });$lavraslider1112847846.unslider({ delay:4000, autoplay:true, nav:false, arrows:false, infinite:true });$lavraslider1112847846.on(\"mouseover\", function() {$lavraslider1112847846.unslider(\"stop\");}).on(\"mouseout\", function() {$lavraslider1112847846.unslider(\"start\");});});<\/script><\/div><p>Com o turismo se intensificando no Brasil e no mundo, os ambientes hoteleiros t\u00eam demandado profissionais cada vez mais qualificados. Essa necessidade tem sido observada especialmente em Minas Gerais, onde a tradi\u00e7\u00e3o culin\u00e1ria se alia \u00e0 hospitalidade. Para discut<img fetchpriority=\"high\" decoding=\"async\" class=\"wp-image-1199 alignright\" src=\"http:\/\/lavras.tv\/site\/wp-content\/uploads\/2016\/07\/webinar.jpg\" alt=\"webinar\" width=\"366\" height=\"366\" srcset=\"https:\/\/lavras.tv\/site\/wp-content\/uploads\/2016\/07\/webinar.jpg 600w, https:\/\/lavras.tv\/site\/wp-content\/uploads\/2016\/07\/webinar-150x150.jpg 150w, https:\/\/lavras.tv\/site\/wp-content\/uploads\/2016\/07\/webinar-300x300.jpg 300w\" sizes=\"(max-width: 366px) 100vw, 366px\" \/>ir esse tema, o Senac promove no dia 3 de agosto, \u00e0s 15h, o Webinar Gastronomia na Hotelaria. A atividade \u00e9 gratuita, aberta ao p\u00fablico e faz parte do Programa Senac na Web.<\/p>\n<p>O bate-papo ter\u00e1 a participa\u00e7\u00e3o do gerente de Produtos de Hospitalidade e Gastronomia do Senac, Hans Eberhard Aichinger. Ele \u00e9 especialista em Administra\u00e7\u00e3o Hoteleira, consultor para empreendimentos gastron\u00f4micos e palestrante de desenvolvimento regional pela gastronomia e gastronomia sustent\u00e1vel. Tamb\u00e9m participar\u00e3o do debate a gerente universit\u00e1ria do Senac, Maria Isabel Rolla Fran\u00e7a, que \u00e9 especialista em Gest\u00e3o de Institui\u00e7\u00f5es de Educa\u00e7\u00e3o, com 20 anos de experi\u00eancia no Ensino Superior e o chef executivo do Hotel Senac Grogot\u00f3, Ronie Peterson, respons\u00e1vel pela prepara\u00e7\u00e3o de alunos do Senac em competi\u00e7\u00f5es nacionais e internacionais de Gastronomia. A modera\u00e7\u00e3o ser\u00e1 feita pelo gerente de Produtos de Com\u00e9rcio, Comunica\u00e7\u00e3o e Turismo do Senac, Andr\u00e9 Carvalho.<\/p>\n<p>Este webinar \u00e9 direcionado especialmente aos estudantes, empres\u00e1rios e amantes da Gastronomia. Haver\u00e1, ainda, demonstra\u00e7\u00e3o de preparo de pratos realizados no Hotel Senac Grogot\u00f3, o primeiro hotel-escola da Am\u00e9rica Latina.<\/p>\n<p>O Webinar ser\u00e1 transmitido ao vivo do est\u00fadio do Senac em Belo Horizonte pela Internet e em audit\u00f3rios das unidades do Senac no Estado, inclusive em Lavras. Informa\u00e7\u00f5es pelo 2142-1900 ou 2142-1901.<\/p>\n<p>&nbsp;<\/p>\n","protected":false},"excerpt":{"rendered":"<p>Com o turismo se intensificando no Brasil e no mundo, os ambientes hoteleiros t\u00eam demandado profissionais cada vez mais qualificados. Essa necessidade tem sido observada especialmente em Minas Gerais, onde a tradi\u00e7\u00e3o culin\u00e1ria se alia \u00e0 hospitalidade. Para discutir esse tema, o Senac promove no dia 3 de agosto, \u00e0s 15h, o Webinar Gastronomia na [&hellip;]<\/p>\n","protected":false},"author":2,"featured_media":1200,"comment_status":"closed","ping_status":"open","sticky":false,"template":"","format":"standard","meta":{"advgb_blocks_editor_width":"","advgb_blocks_columns_visual_guide":"","_exactmetrics_skip_tracking":false,"_exactmetrics_sitenote_active":false,"_exactmetrics_sitenote_note":"","_exactmetrics_sitenote_category":0,"footnotes":""},"categories":[7,2],"tags":[381,379,380,44,50,316],"class_list":["post-1198","post","type-post","status-publish","format-standard","has-post-thumbnail","hentry","category-destaques","category-noticias","tag-curso-senac-lavras-mg","tag-gastronomia-senac","tag-hotelaria-senac","tag-lavras-mg","tag-lavras-tv","tag-tv-lavras"],"better_featured_image":{"id":1200,"alt_text":"","caption":"","description":"","media_type":"image","media_details":{"width":867,"height":508,"file":"2016\/07\/hotelaria.jpg","sizes":{"thumbnail":{"file":"hotelaria-150x88.jpg","width":150,"height":88,"mime-type":"image\/jpeg","source_url":"https:\/\/lavras.tv\/site\/wp-content\/uploads\/2016\/07\/hotelaria-150x88.jpg"},"medium":{"file":"hotelaria-300x176.jpg","width":300,"height":176,"mime-type":"image\/jpeg","source_url":"https:\/\/lavras.tv\/site\/wp-content\/uploads\/2016\/07\/hotelaria-300x176.jpg"},"featured-slider-img":{"file":"hotelaria-640x480.jpg","width":640,"height":480,"mime-type":"image\/jpeg","source_url":"https:\/\/lavras.tv\/site\/wp-content\/uploads\/2016\/07\/hotelaria-640x480.jpg"},"featured-post-img":{"file":"hotelaria-480x320.jpg","width":480,"height":320,"mime-type":"image\/jpeg","source_url":"https:\/\/lavras.tv\/site\/wp-content\/uploads\/2016\/07\/hotelaria-480x320.jpg"},"sow-carousel-default":{"file":"hotelaria-272x182.jpg","width":272,"height":182,"mime-type":"image\/jpeg","source_url":"https:\/\/lavras.tv\/site\/wp-content\/uploads\/2016\/07\/hotelaria-272x182.jpg"}},"image_meta":{"aperture":"0","credit":"","camera":"","caption":"","created_timestamp":"0","copyright":"","focal_length":"0","iso":"0","shutter_speed":"0","title":"","orientation":"0","keywords":[]}},"post":1198,"source_url":"https:\/\/lavras.tv\/site\/wp-content\/uploads\/2016\/07\/hotelaria.jpg"},"author_meta":{"display_name":"Lavras TV","author_link":"https:\/\/lavras.tv\/site\/author\/lavrastv\/"},"featured_img":"https:\/\/lavras.tv\/site\/wp-content\/uploads\/2016\/07\/hotelaria-300x176.jpg","coauthors":[],"tax_additional":{"categories":{"linked":["<a href=\"https:\/\/lavras.tv\/site\/category\/destaques\/\" class=\"advgb-post-tax-term\">Destaques<\/a>","<a href=\"https:\/\/lavras.tv\/site\/category\/noticias\/\" class=\"advgb-post-tax-term\">Not\u00edcias<\/a>"],"unlinked":["<span class=\"advgb-post-tax-term\">Destaques<\/span>","<span class=\"advgb-post-tax-term\">Not\u00edcias<\/span>"]},"tags":{"linked":["<a href=\"https:\/\/lavras.tv\/site\/category\/noticias\/\" class=\"advgb-post-tax-term\">curso senac lavras mg<\/a>","<a href=\"https:\/\/lavras.tv\/site\/category\/noticias\/\" class=\"advgb-post-tax-term\">GASTRONOMIA SENAC<\/a>","<a href=\"https:\/\/lavras.tv\/site\/category\/noticias\/\" class=\"advgb-post-tax-term\">HOTELARIA SENAC<\/a>","<a href=\"https:\/\/lavras.tv\/site\/category\/noticias\/\" class=\"advgb-post-tax-term\">lavras mg<\/a>","<a href=\"https:\/\/lavras.tv\/site\/category\/noticias\/\" class=\"advgb-post-tax-term\">lavras.tv<\/a>","<a href=\"https:\/\/lavras.tv\/site\/category\/noticias\/\" class=\"advgb-post-tax-term\">tv lavras<\/a>"],"unlinked":["<span class=\"advgb-post-tax-term\">curso senac lavras mg<\/span>","<span class=\"advgb-post-tax-term\">GASTRONOMIA SENAC<\/span>","<span class=\"advgb-post-tax-term\">HOTELARIA SENAC<\/span>","<span class=\"advgb-post-tax-term\">lavras mg<\/span>","<span class=\"advgb-post-tax-term\">lavras.tv<\/span>","<span class=\"advgb-post-tax-term\">tv lavras<\/span>"]}},"comment_count":"0","relative_dates":{"created":"Publicado 10 anos atr\u00e1s","modified":"Atualizado 10 anos atr\u00e1s"},"absolute_dates":{"created":"Publicado em 29 de julho de 2016","modified":"Atualizado em 29 de julho de 2016"},"absolute_dates_time":{"created":"Publicado em 29 de julho de 2016 17:09","modified":"Atualizado em 29 de julho de 2016 17:09"},"featured_img_caption":"","series_order":"","_links":{"self":[{"href":"https:\/\/lavras.tv\/site\/wp-json\/wp\/v2\/posts\/1198","targetHints":{"allow":["GET"]}}],"collection":[{"href":"https:\/\/lavras.tv\/site\/wp-json\/wp\/v2\/posts"}],"about":[{"href":"https:\/\/lavras.tv\/site\/wp-json\/wp\/v2\/types\/post"}],"author":[{"embeddable":true,"href":"https:\/\/lavras.tv\/site\/wp-json\/wp\/v2\/users\/2"}],"replies":[{"embeddable":true,"href":"https:\/\/lavras.tv\/site\/wp-json\/wp\/v2\/comments?post=1198"}],"version-history":[{"count":1,"href":"https:\/\/lavras.tv\/site\/wp-json\/wp\/v2\/posts\/1198\/revisions"}],"predecessor-version":[{"id":1201,"href":"https:\/\/lavras.tv\/site\/wp-json\/wp\/v2\/posts\/1198\/revisions\/1201"}],"wp:featuredmedia":[{"embeddable":true,"href":"https:\/\/lavras.tv\/site\/wp-json\/wp\/v2\/media\/1200"}],"wp:attachment":[{"href":"https:\/\/lavras.tv\/site\/wp-json\/wp\/v2\/media?parent=1198"}],"wp:term":[{"taxonomy":"category","embeddable":true,"href":"https:\/\/lavras.tv\/site\/wp-json\/wp\/v2\/categories?post=1198"},{"taxonomy":"post_tag","embeddable":true,"href":"https:\/\/lavras.tv\/site\/wp-json\/wp\/v2\/tags?post=1198"}],"curies":[{"name":"wp","href":"https:\/\/api.w.org\/{rel}","templated":true}]}}