{"id":12023,"date":"2017-09-22T09:22:10","date_gmt":"2017-09-22T12:22:10","guid":{"rendered":"http:\/\/lavras.tv\/site\/?p=12023"},"modified":"2017-09-22T09:22:10","modified_gmt":"2017-09-22T12:22:10","slug":"prefeitura-de-lavras-divulga-nota-de-esclarecimento-sobre-projetos-ligados-a-carreira-dos-servidores-municipais","status":"publish","type":"post","link":"https:\/\/lavras.tv\/site\/2017\/09\/22\/prefeitura-de-lavras-divulga-nota-de-esclarecimento-sobre-projetos-ligados-a-carreira-dos-servidores-municipais\/","title":{"rendered":"Prefeitura de Lavras divulga nota de esclarecimento sobre projetos ligados \u00e0 carreira dos servidores municipais"},"content":{"rendered":"<div class=\"lavra-antes-do-conteudo_2\" id=\"lavra-162339871\"><div id=\"lavra-slider-27\" class=\"custom-slider lavra-slider-1190160373 lavra-slider\"><ul><li><div style=\"margin-left: auto;margin-right: auto;text-align: center;\" id=\"lavra-3783562903\"><a href=\"https:\/\/sistemas.lavras.mg.gov.br\/portalcidadao\/#df1b1a7c7b2a290bcb31e32771e610784662739a88807c0dacac58ede5f391a7530e299dc302d611ee73cb143fc22eaf93592e53e7b5bdb01b00a0b8d28dae460c141dd2ff83412e4dc1c31b16b25f33144a9e5620ea73b13f5bc1c59411d98439ad226e8af03840603796067d87afe130812cf3de24982d0e306f9e61e764e5\" aria-label=\"Lavras-TV&#8211;720x104px (1) (1)\"><img src=\"https:\/\/lavras.tv\/site\/wp-content\/uploads\/2025\/01\/Lavras-TV-720x104px-1-1.png\" alt=\"\"  srcset=\"https:\/\/lavras.tv\/site\/wp-content\/uploads\/2025\/01\/Lavras-TV-720x104px-1-1.png 720w, https:\/\/lavras.tv\/site\/wp-content\/uploads\/2025\/01\/Lavras-TV-720x104px-1-1-470x68.png 470w, https:\/\/lavras.tv\/site\/wp-content\/uploads\/2025\/01\/Lavras-TV-720x104px-1-1-170x25.png 170w, https:\/\/lavras.tv\/site\/wp-content\/uploads\/2025\/01\/Lavras-TV-720x104px-1-1-200x29.png 200w\" sizes=\"(max-width: 720px) 100vw, 720px\" width=\"720\" height=\"104\"  style=\"display: inline-block;\" \/><\/a><\/div><\/li><li><a href=\"https:\/\/sistemas.lavras.mg.gov.br\/portalcidadao\/#df1b1a7c7b2a290bcb31e32771e610784662739a88807c0dacac58ede5f391a7530e299dc302d611ee73cb143fc22eaf93592e53e7b5bdb01b00a0b8d28dae460c141dd2ff83412e4dc1c31b16b25f33144a9e5620ea73b13f5bc1c59411d98439ad226e8af03840603796067d87afe130812cf3de24982d0e306f9e61e764e5\" aria-label=\"Banner_Emprego_PortallavrasTV\"><img src=\"https:\/\/lavras.tv\/site\/wp-content\/uploads\/2025\/03\/Banner_Emprego_PortallavrasTV.png\" alt=\"\"  srcset=\"https:\/\/lavras.tv\/site\/wp-content\/uploads\/2025\/03\/Banner_Emprego_PortallavrasTV.png 720w, https:\/\/lavras.tv\/site\/wp-content\/uploads\/2025\/03\/Banner_Emprego_PortallavrasTV-470x68.png 470w, https:\/\/lavras.tv\/site\/wp-content\/uploads\/2025\/03\/Banner_Emprego_PortallavrasTV-170x25.png 170w, https:\/\/lavras.tv\/site\/wp-content\/uploads\/2025\/03\/Banner_Emprego_PortallavrasTV-200x29.png 200w\" sizes=\"(max-width: 720px) 100vw, 720px\" width=\"720\" height=\"104\"   \/><\/a><\/li><li><a href=\"https:\/\/sistemas.lavras.mg.gov.br\/portalcidadao\/#df1b1a7c7b2a290bcb31e32771e610784662739a88807c0dacac58ede5f391a7530e299dc302d611ee73cb143fc22eaf93592e53e7b5bdb01b00a0b8d28dae460c141dd2ff83412e4dc1c31b16b25f33144a9e5620ea73b13f5bc1c59411d98439ad226e8af03840603796067d87afe130812cf3de24982d0e306f9e61e764e5\" aria-label=\"Banner_Obras_PortallavrasTV\"><img src=\"https:\/\/lavras.tv\/site\/wp-content\/uploads\/2025\/03\/Banner_Obras_PortallavrasTV.png\" alt=\"\"  srcset=\"https:\/\/lavras.tv\/site\/wp-content\/uploads\/2025\/03\/Banner_Obras_PortallavrasTV.png 720w, https:\/\/lavras.tv\/site\/wp-content\/uploads\/2025\/03\/Banner_Obras_PortallavrasTV-470x68.png 470w, https:\/\/lavras.tv\/site\/wp-content\/uploads\/2025\/03\/Banner_Obras_PortallavrasTV-170x25.png 170w, https:\/\/lavras.tv\/site\/wp-content\/uploads\/2025\/03\/Banner_Obras_PortallavrasTV-200x29.png 200w\" sizes=\"(max-width: 720px) 100vw, 720px\" width=\"720\" height=\"104\"   \/><\/a><\/li><li><div style=\"margin-left: auto;margin-right: auto;text-align: center;\" id=\"lavra-739303615\"><a href=\"https:\/\/sistemas.lavras.mg.gov.br\/portalcidadao\/#df1b1a7c7b2a290bcb31e32771e610784662739a88807c0dacac58ede5f391a7530e299dc302d611ee73cb143fc22eaf93592e53e7b5bdb01b00a0b8d28dae460c141dd2ff83412e4dc1c31b16b25f33144a9e5620ea73b13f5bc1c59411d98439ad226e8af03840603796067d87afe130812cf3de24982d0e306f9e61e764e5\" aria-label=\"Banner_Educa\u00e7\u00e3o_PortallavrasTV\"><img src=\"https:\/\/lavras.tv\/site\/wp-content\/uploads\/2025\/01\/Banner_Educacao_PortallavrasTV.png\" alt=\"\"  srcset=\"https:\/\/lavras.tv\/site\/wp-content\/uploads\/2025\/01\/Banner_Educacao_PortallavrasTV.png 720w, https:\/\/lavras.tv\/site\/wp-content\/uploads\/2025\/01\/Banner_Educacao_PortallavrasTV-470x68.png 470w, https:\/\/lavras.tv\/site\/wp-content\/uploads\/2025\/01\/Banner_Educacao_PortallavrasTV-170x25.png 170w, https:\/\/lavras.tv\/site\/wp-content\/uploads\/2025\/01\/Banner_Educacao_PortallavrasTV-200x29.png 200w\" sizes=\"(max-width: 720px) 100vw, 720px\" width=\"720\" height=\"104\"  style=\"display: inline-block;\" \/><\/a><\/div><\/li><li><a href=\"https:\/\/sistemas.lavras.mg.gov.br\/portalcidadao\/#df1b1a7c7b2a290bcb31e32771e610784662739a88807c0dacac58ede5f391a7530e299dc302d611ee73cb143fc22eaf93592e53e7b5bdb01b00a0b8d28dae460c141dd2ff83412e4dc1c31b16b25f33144a9e5620ea73b13f5bc1c59411d98439ad226e8af03840603796067d87afe130812cf3de24982d0e306f9e61e764e5\" aria-label=\"Banner_Sa\u00fade_PortallavrasTV\"><img src=\"https:\/\/lavras.tv\/site\/wp-content\/uploads\/2025\/03\/Banner_Saude_PortallavrasTV.png\" alt=\"\"  srcset=\"https:\/\/lavras.tv\/site\/wp-content\/uploads\/2025\/03\/Banner_Saude_PortallavrasTV.png 720w, https:\/\/lavras.tv\/site\/wp-content\/uploads\/2025\/03\/Banner_Saude_PortallavrasTV-470x68.png 470w, https:\/\/lavras.tv\/site\/wp-content\/uploads\/2025\/03\/Banner_Saude_PortallavrasTV-170x25.png 170w, https:\/\/lavras.tv\/site\/wp-content\/uploads\/2025\/03\/Banner_Saude_PortallavrasTV-200x29.png 200w\" sizes=\"(max-width: 720px) 100vw, 720px\" width=\"720\" height=\"104\"   \/><\/a><\/li><li><div id=\"lavra-4078512542\" style=\"width:720px;height:104px;background-color:#ddd;overflow:scroll;\">\n\t<strong>Sa\u00edda da depura\u00e7\u00e3o de an\u00fancios<\/strong>\n\t<br><br>\n\tO an\u00fancio n\u00e3o \u00e9 exibido na p\u00e1gina<br><br>post atual: Prefeitura de Lavras divulga nota de esclarecimento sobre projetos ligados \u00e0 carreira dos servidores municipais, ID: 12023<br><br><span style=\"color: red;\">O post atual n\u00e3o \u00e9 id\u00eantico ao post principal.<\/span><br><br>An\u00fancios: ROXO - TOPO INTERNA - ROTATIVO 2 (197)<br \/>Grupo de an\u00fancios: Princ_Meio01_720x104 (27)<br><br>Condi\u00e7\u00f5es de exibi\u00e7\u00e3o<div style=\"margin-bottom: 20px; white-space: pre-wrap; font-family: monospace; width: 100%; background: #ffe9e9;\"><strong>condi\u00e7\u00f5es gerais<\/strong><table border=\"1\"><thead><tr><th><\/th><th>An\u00fancios<\/th><th>wp_the_query<\/th><\/tr><\/thead><tr><td>is_main_query<\/td><td>1<\/td><td>1<\/td><\/tr><tr><td>is_rest_api<\/td><td>0<\/td><td>1<\/td><\/tr><tr><td>page<\/td><td>0<\/td><td>1<\/td><\/tr><tr><td>numpages<\/td><td>0<\/td><td>1<\/td><\/tr><tr><td>is_archive<\/td><td>1<\/td><td><\/td><\/tr><tr><td>is_search<\/td><td>1<\/td><td><\/td><\/tr><tr><td>is_home<\/td><td>1<\/td><td><\/td><\/tr><tr><td>is_404<\/td><td>1<\/td><td><\/td><\/tr><tr><td>is_attachment<\/td><td>1<\/td><td><\/td><\/tr><tr><td>is_singular<\/td><td>1<\/td><td><\/td><\/tr><tr><td>is_front_page<\/td><td>1<\/td><td><\/td><\/tr><tr><td>is_feed<\/td><td>1<\/td><td><\/td><\/tr><\/table><\/div><br><br><span style=\"color: red;\">Seu site usa HTTPS, mas o c\u00f3digo do an\u00fancio cont\u00e9m HTTP e pode n\u00e3o funcionar.<\/span>\t<br><br>\n\t<a style=\"color: green;\" href=\"https:\/\/wpadvancedads.com\/manual\/ad-debug-mode\/?utm_source=advanced-ads&utm_medium=link&utm_campaign=ad-debug-mode\" target=\"_blank\" rel=\"nofollow\">Encontre solu\u00e7\u00f5es no manual<\/a>\n<\/div>\n<\/li><\/ul><\/div><script>( window.advanced_ads_ready || jQuery( document ).ready ).call( null, function() {var $lavraslider1190160373 = jQuery( \".lavra-slider-1190160373\" );$lavraslider1190160373.on( \"unslider.ready\", function() { jQuery( \"div.custom-slider ul li\" ).css( \"display\", \"block\" ); });$lavraslider1190160373.unslider({ delay:4000, autoplay:true, nav:false, arrows:false, infinite:true });$lavraslider1190160373.on(\"mouseover\", function() {$lavraslider1190160373.unslider(\"stop\");}).on(\"mouseout\", function() {$lavraslider1190160373.unslider(\"start\");});});<\/script><\/div><p><strong>Nota de Esclarecimento<\/strong><!--more--><\/p>\n<p><img fetchpriority=\"high\" decoding=\"async\" class=\"alignnone size-full wp-image-5691 aligncenter\" src=\"http:\/\/lavras.tv\/site\/wp-content\/uploads\/2017\/01\/prefeituralavras.jpg\" alt=\"prefeituralavras\" width=\"620\" height=\"465\" srcset=\"https:\/\/lavras.tv\/site\/wp-content\/uploads\/2017\/01\/prefeituralavras.jpg 620w, https:\/\/lavras.tv\/site\/wp-content\/uploads\/2017\/01\/prefeituralavras-150x113.jpg 150w, https:\/\/lavras.tv\/site\/wp-content\/uploads\/2017\/01\/prefeituralavras-300x225.jpg 300w\" sizes=\"(max-width: 620px) 100vw, 620px\" \/><\/p>\n<p>Em rela\u00e7\u00e3o aos projetos de leis que se encontram em tramita\u00e7\u00e3o na C\u00e2mara Municipal de Lavras, e que se referem a altera\u00e7\u00f5es no Estatuto do Servidor e no Plano de Cargos e Sal\u00e1rios a Administra\u00e7\u00e3o Municipal esclarece o seguinte:<\/p>\n<p>Atualmente, por for\u00e7a do Decreto Municipal n\u00ba 12.788\/2015, encontram-se congelados alguns benef\u00edcios previstos nas Leis Complementares de n\u00bas 327 e 328 de 2014.<\/p>\n<p>Considerando a d\u00edvida relativa a pagamento de servidores, contribui\u00e7\u00f5es previdenci\u00e1rias e fornecedores herdadas da administra\u00e7\u00e3o passada, que ultrapassam a cifra de R$ 34.000.000,00, sem que se tenha o correspondente valor em caixa para quita\u00e7\u00e3o, e a an\u00e1lise do comportamento da evolu\u00e7\u00e3o da folha de pagamento dos servidores efetivos a partir do per\u00edodo de 2010 at\u00e9 o momento.<\/p>\n<p>As altera\u00e7\u00f5es propostas nos projetos de leis enviados \u00e0 C\u00e2mara, se aprovados, permitir\u00e3o a libera\u00e7\u00e3o dos benef\u00edcios relativos aos quinqu\u00eanios, e promo\u00e7\u00f5es por capacita\u00e7\u00e3o de toda a classe, e promove o escalonamento da progress\u00e3o vertical para 2019. Ap\u00f3s 2019 a progress\u00e3o volta a ocorrer a cada dois anos e a promo\u00e7\u00e3o a cada 12 anos.<\/p>\n<p><strong><strong>Esse prazo \u00e9 importante, haja vista que em levantamentos preliminares apurou-se que no reenquadramento realizado em 2015, alguns servidores avan\u00e7aram por enquadramento na tabela de carreira de forma equivocada, enquanto outros n\u00e3o avan\u00e7aram NADA, sendo de suma import\u00e2ncia avaliar se o reenquadramento ocorreu de acordo com a Lei.<\/strong><\/strong><\/p>\n<p>Em rela\u00e7\u00e3o aos servidores do Magist\u00e9rio que possuem um Estatuto Pr\u00f3prio, em raz\u00e3o de os mesmos receberem por verba espec\u00edfica, a aprova\u00e7\u00e3o dos referidos projetos de leis permitir\u00e1 a libera\u00e7\u00e3o dos benef\u00edcios da classe, entre eles progress\u00e3o vertical, quinqu\u00eanios e promo\u00e7\u00f5es.<\/p>\n<p>&nbsp;<\/p>\n<p>Fonte: Prefeitura de Lavras<\/p>\n","protected":false},"excerpt":{"rendered":"<p>Nota de Esclarecimento<\/p>\n","protected":false},"author":2,"featured_media":5691,"comment_status":"closed","ping_status":"open","sticky":false,"template":"","format":"standard","meta":{"advgb_blocks_editor_width":"","advgb_blocks_columns_visual_guide":"","_exactmetrics_skip_tracking":false,"_exactmetrics_sitenote_active":false,"_exactmetrics_sitenote_note":"","_exactmetrics_sitenote_category":0,"footnotes":""},"categories":[7,12],"tags":[1974,103,1908,2424],"class_list":["post-12023","post","type-post","status-publish","format-standard","has-post-thumbnail","hentry","category-destaques","category-politica","tag-congelamento","tag-prefeitura-de-lavras","tag-reajuste","tag-servidores-municipais"],"better_featured_image":{"id":5691,"alt_text":"","caption":"","description":"","media_type":"image","media_details":{"width":620,"height":465,"file":"2017\/01\/prefeituralavras.jpg","sizes":{"thumbnail":{"file":"prefeituralavras-150x113.jpg","width":150,"height":113,"mime-type":"image\/jpeg","source_url":"https:\/\/lavras.tv\/site\/wp-content\/uploads\/2017\/01\/prefeituralavras-150x113.jpg"},"medium":{"file":"prefeituralavras-300x225.jpg","width":300,"height":225,"mime-type":"image\/jpeg","source_url":"https:\/\/lavras.tv\/site\/wp-content\/uploads\/2017\/01\/prefeituralavras-300x225.jpg"},"featured-post-img":{"file":"prefeituralavras-480x320.jpg","width":480,"height":320,"mime-type":"image\/jpeg","source_url":"https:\/\/lavras.tv\/site\/wp-content\/uploads\/2017\/01\/prefeituralavras-480x320.jpg"},"sow-carousel-default":{"file":"prefeituralavras-272x182.jpg","width":272,"height":182,"mime-type":"image\/jpeg","source_url":"https:\/\/lavras.tv\/site\/wp-content\/uploads\/2017\/01\/prefeituralavras-272x182.jpg"}},"image_meta":{"aperture":"0","credit":"","camera":"","caption":"","created_timestamp":"0","copyright":"","focal_length":"0","iso":"0","shutter_speed":"0","title":"","orientation":"0","keywords":[]}},"post":5690,"source_url":"https:\/\/lavras.tv\/site\/wp-content\/uploads\/2017\/01\/prefeituralavras.jpg"},"author_meta":{"display_name":"Lavras TV","author_link":"https:\/\/lavras.tv\/site\/author\/lavrastv\/"},"featured_img":"https:\/\/lavras.tv\/site\/wp-content\/uploads\/2017\/01\/prefeituralavras-300x225.jpg","coauthors":[],"tax_additional":{"categories":{"linked":["<a href=\"https:\/\/lavras.tv\/site\/category\/destaques\/\" class=\"advgb-post-tax-term\">Destaques<\/a>","<a href=\"https:\/\/lavras.tv\/site\/category\/politica\/\" class=\"advgb-post-tax-term\">Pol\u00edtica<\/a>"],"unlinked":["<span class=\"advgb-post-tax-term\">Destaques<\/span>","<span class=\"advgb-post-tax-term\">Pol\u00edtica<\/span>"]},"tags":{"linked":["<a href=\"https:\/\/lavras.tv\/site\/category\/politica\/\" class=\"advgb-post-tax-term\">congelamento<\/a>","<a href=\"https:\/\/lavras.tv\/site\/category\/politica\/\" class=\"advgb-post-tax-term\">prefeitura de lavras<\/a>","<a href=\"https:\/\/lavras.tv\/site\/category\/politica\/\" class=\"advgb-post-tax-term\">reajuste<\/a>","<a href=\"https:\/\/lavras.tv\/site\/category\/politica\/\" class=\"advgb-post-tax-term\">servidores municipais<\/a>"],"unlinked":["<span class=\"advgb-post-tax-term\">congelamento<\/span>","<span class=\"advgb-post-tax-term\">prefeitura de lavras<\/span>","<span class=\"advgb-post-tax-term\">reajuste<\/span>","<span class=\"advgb-post-tax-term\">servidores municipais<\/span>"]}},"comment_count":"0","relative_dates":{"created":"Publicado 9 anos atr\u00e1s","modified":"Atualizado 9 anos atr\u00e1s"},"absolute_dates":{"created":"Publicado em 22 de setembro de 2017","modified":"Atualizado em 22 de setembro de 2017"},"absolute_dates_time":{"created":"Publicado em 22 de setembro de 2017 09:22","modified":"Atualizado em 22 de setembro de 2017 09:22"},"featured_img_caption":"","series_order":"","_links":{"self":[{"href":"https:\/\/lavras.tv\/site\/wp-json\/wp\/v2\/posts\/12023","targetHints":{"allow":["GET"]}}],"collection":[{"href":"https:\/\/lavras.tv\/site\/wp-json\/wp\/v2\/posts"}],"about":[{"href":"https:\/\/lavras.tv\/site\/wp-json\/wp\/v2\/types\/post"}],"author":[{"embeddable":true,"href":"https:\/\/lavras.tv\/site\/wp-json\/wp\/v2\/users\/2"}],"replies":[{"embeddable":true,"href":"https:\/\/lavras.tv\/site\/wp-json\/wp\/v2\/comments?post=12023"}],"version-history":[{"count":1,"href":"https:\/\/lavras.tv\/site\/wp-json\/wp\/v2\/posts\/12023\/revisions"}],"predecessor-version":[{"id":12024,"href":"https:\/\/lavras.tv\/site\/wp-json\/wp\/v2\/posts\/12023\/revisions\/12024"}],"wp:featuredmedia":[{"embeddable":true,"href":"https:\/\/lavras.tv\/site\/wp-json\/wp\/v2\/media\/5691"}],"wp:attachment":[{"href":"https:\/\/lavras.tv\/site\/wp-json\/wp\/v2\/media?parent=12023"}],"wp:term":[{"taxonomy":"category","embeddable":true,"href":"https:\/\/lavras.tv\/site\/wp-json\/wp\/v2\/categories?post=12023"},{"taxonomy":"post_tag","embeddable":true,"href":"https:\/\/lavras.tv\/site\/wp-json\/wp\/v2\/tags?post=12023"}],"curies":[{"name":"wp","href":"https:\/\/api.w.org\/{rel}","templated":true}]}}