{"id":12029,"date":"2017-09-22T09:32:59","date_gmt":"2017-09-22T12:32:59","guid":{"rendered":"http:\/\/lavras.tv\/site\/?p=12029"},"modified":"2017-09-25T11:37:13","modified_gmt":"2017-09-25T14:37:13","slug":"informe-parlamentar-deputada-damina-pereira-500-mil-para-o-acesso-do-bairro-fonte-verde","status":"publish","type":"post","link":"https:\/\/lavras.tv\/site\/2017\/09\/22\/informe-parlamentar-deputada-damina-pereira-500-mil-para-o-acesso-do-bairro-fonte-verde\/","title":{"rendered":"[Informe Parlamentar] Deputada D\u00e2mina Pereira: 500 mil para o acesso do bairro Fonte Verde"},"content":{"rendered":"<div class=\"lavra-antes-do-conteudo_2\" id=\"lavra-843795499\"><div id=\"lavra-slider-27\" class=\"custom-slider lavra-slider-1630926567 lavra-slider\"><ul><li><div style=\"margin-left: auto;margin-right: auto;text-align: center;\" id=\"lavra-1501301959\"><a href=\"https:\/\/sistemas.lavras.mg.gov.br\/portalcidadao\/#df1b1a7c7b2a290bcb31e32771e610784662739a88807c0dacac58ede5f391a7530e299dc302d611ee73cb143fc22eaf93592e53e7b5bdb01b00a0b8d28dae460c141dd2ff83412e4dc1c31b16b25f33144a9e5620ea73b13f5bc1c59411d98439ad226e8af03840603796067d87afe130812cf3de24982d0e306f9e61e764e5\" aria-label=\"Lavras-TV&#8211;720x104px (1) (1)\"><img src=\"https:\/\/lavras.tv\/site\/wp-content\/uploads\/2025\/01\/Lavras-TV-720x104px-1-1.png\" alt=\"\"  srcset=\"https:\/\/lavras.tv\/site\/wp-content\/uploads\/2025\/01\/Lavras-TV-720x104px-1-1.png 720w, https:\/\/lavras.tv\/site\/wp-content\/uploads\/2025\/01\/Lavras-TV-720x104px-1-1-470x68.png 470w, https:\/\/lavras.tv\/site\/wp-content\/uploads\/2025\/01\/Lavras-TV-720x104px-1-1-170x25.png 170w, https:\/\/lavras.tv\/site\/wp-content\/uploads\/2025\/01\/Lavras-TV-720x104px-1-1-200x29.png 200w\" sizes=\"(max-width: 720px) 100vw, 720px\" width=\"720\" height=\"104\"  style=\"display: inline-block;\" \/><\/a><\/div><\/li><li><a href=\"https:\/\/sistemas.lavras.mg.gov.br\/portalcidadao\/#df1b1a7c7b2a290bcb31e32771e610784662739a88807c0dacac58ede5f391a7530e299dc302d611ee73cb143fc22eaf93592e53e7b5bdb01b00a0b8d28dae460c141dd2ff83412e4dc1c31b16b25f33144a9e5620ea73b13f5bc1c59411d98439ad226e8af03840603796067d87afe130812cf3de24982d0e306f9e61e764e5\" aria-label=\"Banner_Emprego_PortallavrasTV\"><img src=\"https:\/\/lavras.tv\/site\/wp-content\/uploads\/2025\/03\/Banner_Emprego_PortallavrasTV.png\" alt=\"\"  srcset=\"https:\/\/lavras.tv\/site\/wp-content\/uploads\/2025\/03\/Banner_Emprego_PortallavrasTV.png 720w, https:\/\/lavras.tv\/site\/wp-content\/uploads\/2025\/03\/Banner_Emprego_PortallavrasTV-470x68.png 470w, https:\/\/lavras.tv\/site\/wp-content\/uploads\/2025\/03\/Banner_Emprego_PortallavrasTV-170x25.png 170w, https:\/\/lavras.tv\/site\/wp-content\/uploads\/2025\/03\/Banner_Emprego_PortallavrasTV-200x29.png 200w\" sizes=\"(max-width: 720px) 100vw, 720px\" width=\"720\" height=\"104\"   \/><\/a><\/li><li><a href=\"https:\/\/sistemas.lavras.mg.gov.br\/portalcidadao\/#df1b1a7c7b2a290bcb31e32771e610784662739a88807c0dacac58ede5f391a7530e299dc302d611ee73cb143fc22eaf93592e53e7b5bdb01b00a0b8d28dae460c141dd2ff83412e4dc1c31b16b25f33144a9e5620ea73b13f5bc1c59411d98439ad226e8af03840603796067d87afe130812cf3de24982d0e306f9e61e764e5\" aria-label=\"Banner_Obras_PortallavrasTV\"><img src=\"https:\/\/lavras.tv\/site\/wp-content\/uploads\/2025\/03\/Banner_Obras_PortallavrasTV.png\" alt=\"\"  srcset=\"https:\/\/lavras.tv\/site\/wp-content\/uploads\/2025\/03\/Banner_Obras_PortallavrasTV.png 720w, https:\/\/lavras.tv\/site\/wp-content\/uploads\/2025\/03\/Banner_Obras_PortallavrasTV-470x68.png 470w, https:\/\/lavras.tv\/site\/wp-content\/uploads\/2025\/03\/Banner_Obras_PortallavrasTV-170x25.png 170w, https:\/\/lavras.tv\/site\/wp-content\/uploads\/2025\/03\/Banner_Obras_PortallavrasTV-200x29.png 200w\" sizes=\"(max-width: 720px) 100vw, 720px\" width=\"720\" height=\"104\"   \/><\/a><\/li><li><div style=\"margin-left: auto;margin-right: auto;text-align: center;\" id=\"lavra-2525295471\"><a href=\"https:\/\/sistemas.lavras.mg.gov.br\/portalcidadao\/#df1b1a7c7b2a290bcb31e32771e610784662739a88807c0dacac58ede5f391a7530e299dc302d611ee73cb143fc22eaf93592e53e7b5bdb01b00a0b8d28dae460c141dd2ff83412e4dc1c31b16b25f33144a9e5620ea73b13f5bc1c59411d98439ad226e8af03840603796067d87afe130812cf3de24982d0e306f9e61e764e5\" aria-label=\"Banner_Educa\u00e7\u00e3o_PortallavrasTV\"><img src=\"https:\/\/lavras.tv\/site\/wp-content\/uploads\/2025\/01\/Banner_Educacao_PortallavrasTV.png\" alt=\"\"  srcset=\"https:\/\/lavras.tv\/site\/wp-content\/uploads\/2025\/01\/Banner_Educacao_PortallavrasTV.png 720w, https:\/\/lavras.tv\/site\/wp-content\/uploads\/2025\/01\/Banner_Educacao_PortallavrasTV-470x68.png 470w, https:\/\/lavras.tv\/site\/wp-content\/uploads\/2025\/01\/Banner_Educacao_PortallavrasTV-170x25.png 170w, https:\/\/lavras.tv\/site\/wp-content\/uploads\/2025\/01\/Banner_Educacao_PortallavrasTV-200x29.png 200w\" sizes=\"(max-width: 720px) 100vw, 720px\" width=\"720\" height=\"104\"  style=\"display: inline-block;\" \/><\/a><\/div><\/li><li><a href=\"https:\/\/sistemas.lavras.mg.gov.br\/portalcidadao\/#df1b1a7c7b2a290bcb31e32771e610784662739a88807c0dacac58ede5f391a7530e299dc302d611ee73cb143fc22eaf93592e53e7b5bdb01b00a0b8d28dae460c141dd2ff83412e4dc1c31b16b25f33144a9e5620ea73b13f5bc1c59411d98439ad226e8af03840603796067d87afe130812cf3de24982d0e306f9e61e764e5\" aria-label=\"Banner_Sa\u00fade_PortallavrasTV\"><img src=\"https:\/\/lavras.tv\/site\/wp-content\/uploads\/2025\/03\/Banner_Saude_PortallavrasTV.png\" alt=\"\"  srcset=\"https:\/\/lavras.tv\/site\/wp-content\/uploads\/2025\/03\/Banner_Saude_PortallavrasTV.png 720w, https:\/\/lavras.tv\/site\/wp-content\/uploads\/2025\/03\/Banner_Saude_PortallavrasTV-470x68.png 470w, https:\/\/lavras.tv\/site\/wp-content\/uploads\/2025\/03\/Banner_Saude_PortallavrasTV-170x25.png 170w, https:\/\/lavras.tv\/site\/wp-content\/uploads\/2025\/03\/Banner_Saude_PortallavrasTV-200x29.png 200w\" sizes=\"(max-width: 720px) 100vw, 720px\" width=\"720\" height=\"104\"   \/><\/a><\/li><li><div id=\"lavra-198351288\" style=\"width:720px;height:104px;background-color:#ddd;overflow:scroll;\">\n\t<strong>Sa\u00edda da depura\u00e7\u00e3o de an\u00fancios<\/strong>\n\t<br><br>\n\tO an\u00fancio n\u00e3o \u00e9 exibido na p\u00e1gina<br><br>post atual: [Informe Parlamentar] Deputada D\u00e2mina Pereira: 500 mil para o acesso do bairro Fonte Verde, ID: 12029<br><br><span style=\"color: red;\">O post atual n\u00e3o \u00e9 id\u00eantico ao post principal.<\/span><br><br>An\u00fancios: ROXO - TOPO INTERNA - ROTATIVO 2 (197)<br \/>Grupo de an\u00fancios: Princ_Meio01_720x104 (27)<br><br>Condi\u00e7\u00f5es de exibi\u00e7\u00e3o<div style=\"margin-bottom: 20px; white-space: pre-wrap; font-family: monospace; width: 100%; background: #ffe9e9;\"><strong>condi\u00e7\u00f5es gerais<\/strong><table border=\"1\"><thead><tr><th><\/th><th>An\u00fancios<\/th><th>wp_the_query<\/th><\/tr><\/thead><tr><td>is_main_query<\/td><td>1<\/td><td>1<\/td><\/tr><tr><td>is_rest_api<\/td><td>0<\/td><td>1<\/td><\/tr><tr><td>page<\/td><td>0<\/td><td>1<\/td><\/tr><tr><td>numpages<\/td><td>0<\/td><td>1<\/td><\/tr><tr><td>is_archive<\/td><td>1<\/td><td><\/td><\/tr><tr><td>is_search<\/td><td>1<\/td><td><\/td><\/tr><tr><td>is_home<\/td><td>1<\/td><td><\/td><\/tr><tr><td>is_404<\/td><td>1<\/td><td><\/td><\/tr><tr><td>is_attachment<\/td><td>1<\/td><td><\/td><\/tr><tr><td>is_singular<\/td><td>1<\/td><td><\/td><\/tr><tr><td>is_front_page<\/td><td>1<\/td><td><\/td><\/tr><tr><td>is_feed<\/td><td>1<\/td><td><\/td><\/tr><\/table><\/div><br><br><span style=\"color: red;\">Seu site usa HTTPS, mas o c\u00f3digo do an\u00fancio cont\u00e9m HTTP e pode n\u00e3o funcionar.<\/span>\t<br><br>\n\t<a style=\"color: green;\" href=\"https:\/\/wpadvancedads.com\/manual\/ad-debug-mode\/?utm_source=advanced-ads&utm_medium=link&utm_campaign=ad-debug-mode\" target=\"_blank\" rel=\"nofollow\">Encontre solu\u00e7\u00f5es no manual<\/a>\n<\/div>\n<\/li><\/ul><\/div><script>( window.advanced_ads_ready || jQuery( document ).ready ).call( null, function() {var $lavraslider1630926567 = jQuery( \".lavra-slider-1630926567\" );$lavraslider1630926567.on( \"unslider.ready\", function() { jQuery( \"div.custom-slider ul li\" ).css( \"display\", \"block\" ); });$lavraslider1630926567.unslider({ delay:4000, autoplay:true, nav:false, arrows:false, infinite:true });$lavraslider1630926567.on(\"mouseover\", function() {$lavraslider1630926567.unslider(\"stop\");}).on(\"mouseout\", function() {$lavraslider1630926567.unslider(\"start\");});});<\/script><\/div><p class=\"m_-3922034817616730932gmail-MsoNoSpacing\">O bairro Fonte Verde em Lavras\/MG, fica \u00e0s margens da BR 265.<!--more--> Para quem mora na regi\u00e3o o acesso \u00e9 cheio de obst\u00e1culos, porque \u00e9 necess\u00e1rio que os moradores se desloquem at\u00e9 as proximidades do trevo de Ribeir\u00e3o Vermelho para chegarem ao bairro. Travessia que traz transtorno para os moradores.<\/p>\n<p class=\"m_-3922034817616730932gmail-MsoNoSpacing\"><img fetchpriority=\"high\" decoding=\"async\" class=\"alignnone size-full wp-image-12030\" src=\"http:\/\/lavras.tv\/site\/wp-content\/uploads\/2017\/09\/DSC0032-2.jpg\" alt=\"_DSC0032 (2)\" width=\"3872\" height=\"2592\" srcset=\"https:\/\/lavras.tv\/site\/wp-content\/uploads\/2017\/09\/DSC0032-2.jpg 3872w, https:\/\/lavras.tv\/site\/wp-content\/uploads\/2017\/09\/DSC0032-2-150x100.jpg 150w, https:\/\/lavras.tv\/site\/wp-content\/uploads\/2017\/09\/DSC0032-2-300x201.jpg 300w, https:\/\/lavras.tv\/site\/wp-content\/uploads\/2017\/09\/DSC0032-2-1024x685.jpg 1024w, https:\/\/lavras.tv\/site\/wp-content\/uploads\/2017\/09\/DSC0032-2-480x320.jpg 480w, https:\/\/lavras.tv\/site\/wp-content\/uploads\/2017\/09\/DSC0032-2-272x182.jpg 272w\" sizes=\"(max-width: 3872px) 100vw, 3872px\" \/><\/p>\n<p class=\"m_-3922034817616730932gmail-MsoNoSpacing\">Para melhorar o descolamento da popula\u00e7\u00e3o, a deputada federal D\u00e2mina Pereira (PSL\/MG) destinou o \u00a0valor de R$500.000,00 para a constru\u00e7\u00e3o de uma liga\u00e7\u00e3o dos bairros Fonte Verde ao Agua Limpa.\u00a0 O recurso indicado pela parlamentar \u00e9 uma resposta aos pedidos de quem reside na regi\u00e3o.<\/p>\n<p class=\"m_-3922034817616730932gmail-MsoNoSpacing\">\u201cEu sou lavrense, e como deputada eleita pelo povo, quero continuar trabalhando em prol da minha cidade, dos munic\u00edpios mineiros e de todo o Brasil. Indiquei essa emenda, para atender as necessidades dos moradores do bairro Fonte Verde\u201d, disse D\u00e2mina.<\/p>\n<p class=\"m_-3922034817616730932gmail-MsoNoSpacing\">O dinheiro j\u00e1 est\u00e1 empenhado (separado para pagamento). Essa \u00e9 a segunda vez que a deputada envia recursos para o acesso do Fonte Verde. Na primeira o valor foi perdido porque a prefeitura n\u00e3o executou a obra.<\/p>\n<p class=\"m_-3922034817616730932gmail-MsoNoSpacing\">\u201cNosso papel \u00e9 o de fiscalizar para que as obras aconte\u00e7am e a popula\u00e7\u00e3o tenha acesso aos servi\u00e7os p\u00fablicos de qualidade\u201d, lembrou a parlamentar.<\/p>\n<p class=\"m_-3922034817616730932gmail-MsoNoSpacing\">Fonte: gabinete da deputada D\u00e2mina Pereira<\/p>\n","protected":false},"excerpt":{"rendered":"<p>O bairro Fonte Verde em Lavras\/MG, fica \u00e0s margens da BR 265.<\/p>\n","protected":false},"author":2,"featured_media":12030,"comment_status":"closed","ping_status":"open","sticky":false,"template":"","format":"standard","meta":{"advgb_blocks_editor_width":"","advgb_blocks_columns_visual_guide":"","_exactmetrics_skip_tracking":false,"_exactmetrics_sitenote_active":false,"_exactmetrics_sitenote_note":"","_exactmetrics_sitenote_category":0,"footnotes":""},"categories":[7,12],"tags":[4008,671,2066,34],"class_list":["post-12029","post","type-post","status-publish","format-standard","has-post-thumbnail","hentry","category-destaques","category-politica","tag-bairro-fonte-verde","tag-damina-pereira","tag-deputada-damina","tag-lavras"],"better_featured_image":{"id":12030,"alt_text":"","caption":"","description":"","media_type":"image","media_details":{"width":3872,"height":2592,"file":"2017\/09\/DSC0032-2.jpg","sizes":{"thumbnail":{"file":"DSC0032-2-150x100.jpg","width":150,"height":100,"mime-type":"image\/jpeg","source_url":"https:\/\/lavras.tv\/site\/wp-content\/uploads\/2017\/09\/DSC0032-2-150x100.jpg"},"medium":{"file":"DSC0032-2-300x201.jpg","width":300,"height":201,"mime-type":"image\/jpeg","source_url":"https:\/\/lavras.tv\/site\/wp-content\/uploads\/2017\/09\/DSC0032-2-300x201.jpg"},"large":{"file":"DSC0032-2-1024x685.jpg","width":1024,"height":685,"mime-type":"image\/jpeg","source_url":"https:\/\/lavras.tv\/site\/wp-content\/uploads\/2017\/09\/DSC0032-2-1024x685.jpg"},"featured-slider-img":{"file":"DSC0032-2-640x480.jpg","width":640,"height":480,"mime-type":"image\/jpeg","source_url":"https:\/\/lavras.tv\/site\/wp-content\/uploads\/2017\/09\/DSC0032-2-640x480.jpg"},"featured-post-img":{"file":"DSC0032-2-480x320.jpg","width":480,"height":320,"mime-type":"image\/jpeg","source_url":"https:\/\/lavras.tv\/site\/wp-content\/uploads\/2017\/09\/DSC0032-2-480x320.jpg"},"sow-carousel-default":{"file":"DSC0032-2-272x182.jpg","width":272,"height":182,"mime-type":"image\/jpeg","source_url":"https:\/\/lavras.tv\/site\/wp-content\/uploads\/2017\/09\/DSC0032-2-272x182.jpg"}},"image_meta":{"aperture":"5.6","credit":"","camera":"NIKON D3000","caption":"","created_timestamp":"1505910313","copyright":"","focal_length":"55","iso":"200","shutter_speed":"0.025","title":"","orientation":"1","keywords":[]}},"post":12029,"source_url":"https:\/\/lavras.tv\/site\/wp-content\/uploads\/2017\/09\/DSC0032-2.jpg"},"author_meta":{"display_name":"Lavras TV","author_link":"https:\/\/lavras.tv\/site\/author\/lavrastv\/"},"featured_img":"https:\/\/lavras.tv\/site\/wp-content\/uploads\/2017\/09\/DSC0032-2-300x201.jpg","coauthors":[],"tax_additional":{"categories":{"linked":["<a href=\"https:\/\/lavras.tv\/site\/category\/destaques\/\" class=\"advgb-post-tax-term\">Destaques<\/a>","<a href=\"https:\/\/lavras.tv\/site\/category\/politica\/\" class=\"advgb-post-tax-term\">Pol\u00edtica<\/a>"],"unlinked":["<span class=\"advgb-post-tax-term\">Destaques<\/span>","<span class=\"advgb-post-tax-term\">Pol\u00edtica<\/span>"]},"tags":{"linked":["<a href=\"https:\/\/lavras.tv\/site\/category\/politica\/\" class=\"advgb-post-tax-term\">Bairro Fonte Verde<\/a>","<a href=\"https:\/\/lavras.tv\/site\/category\/politica\/\" class=\"advgb-post-tax-term\">D\u00e2mina Pereira<\/a>","<a href=\"https:\/\/lavras.tv\/site\/category\/politica\/\" class=\"advgb-post-tax-term\">deputada d\u00e2mina<\/a>","<a href=\"https:\/\/lavras.tv\/site\/category\/politica\/\" class=\"advgb-post-tax-term\">lavras<\/a>"],"unlinked":["<span class=\"advgb-post-tax-term\">Bairro Fonte Verde<\/span>","<span class=\"advgb-post-tax-term\">D\u00e2mina Pereira<\/span>","<span class=\"advgb-post-tax-term\">deputada d\u00e2mina<\/span>","<span class=\"advgb-post-tax-term\">lavras<\/span>"]}},"comment_count":"0","relative_dates":{"created":"Publicado 9 anos atr\u00e1s","modified":"Atualizado 9 anos atr\u00e1s"},"absolute_dates":{"created":"Publicado em 22 de setembro de 2017","modified":"Atualizado em 25 de setembro de 2017"},"absolute_dates_time":{"created":"Publicado em 22 de setembro de 2017 09:32","modified":"Atualizado em 25 de setembro de 2017 11:37"},"featured_img_caption":"","series_order":"","_links":{"self":[{"href":"https:\/\/lavras.tv\/site\/wp-json\/wp\/v2\/posts\/12029","targetHints":{"allow":["GET"]}}],"collection":[{"href":"https:\/\/lavras.tv\/site\/wp-json\/wp\/v2\/posts"}],"about":[{"href":"https:\/\/lavras.tv\/site\/wp-json\/wp\/v2\/types\/post"}],"author":[{"embeddable":true,"href":"https:\/\/lavras.tv\/site\/wp-json\/wp\/v2\/users\/2"}],"replies":[{"embeddable":true,"href":"https:\/\/lavras.tv\/site\/wp-json\/wp\/v2\/comments?post=12029"}],"version-history":[{"count":2,"href":"https:\/\/lavras.tv\/site\/wp-json\/wp\/v2\/posts\/12029\/revisions"}],"predecessor-version":[{"id":12070,"href":"https:\/\/lavras.tv\/site\/wp-json\/wp\/v2\/posts\/12029\/revisions\/12070"}],"wp:featuredmedia":[{"embeddable":true,"href":"https:\/\/lavras.tv\/site\/wp-json\/wp\/v2\/media\/12030"}],"wp:attachment":[{"href":"https:\/\/lavras.tv\/site\/wp-json\/wp\/v2\/media?parent=12029"}],"wp:term":[{"taxonomy":"category","embeddable":true,"href":"https:\/\/lavras.tv\/site\/wp-json\/wp\/v2\/categories?post=12029"},{"taxonomy":"post_tag","embeddable":true,"href":"https:\/\/lavras.tv\/site\/wp-json\/wp\/v2\/tags?post=12029"}],"curies":[{"name":"wp","href":"https:\/\/api.w.org\/{rel}","templated":true}]}}