{"id":12166,"date":"2017-09-28T09:28:13","date_gmt":"2017-09-28T12:28:13","guid":{"rendered":"http:\/\/lavras.tv\/site\/?p=12166"},"modified":"2017-09-28T09:28:13","modified_gmt":"2017-09-28T12:28:13","slug":"informe-parlamentar-fabio-cherem-se-reune-com-lideres-do-movimento-somos-todos-vitimas-da-br-265-para-tratar-de-melhorias-para-a-rodovia","status":"publish","type":"post","link":"https:\/\/lavras.tv\/site\/2017\/09\/28\/informe-parlamentar-fabio-cherem-se-reune-com-lideres-do-movimento-somos-todos-vitimas-da-br-265-para-tratar-de-melhorias-para-a-rodovia\/","title":{"rendered":"[Informe Parlamentar] F\u00e1bio Cherem se re\u00fane com l\u00edderes do movimento \u201cSomos Todos V\u00edtimas da BR-265\u201d para tratar de melhorias para a rodovia"},"content":{"rendered":"<div class=\"lavra-antes-do-conteudo_2\" id=\"lavra-2969797883\"><div id=\"lavra-slider-27\" class=\"custom-slider lavra-slider-799239699 lavra-slider\"><ul><li><div style=\"margin-left: auto;margin-right: auto;text-align: center;\" id=\"lavra-1801719225\"><a href=\"https:\/\/sistemas.lavras.mg.gov.br\/portalcidadao\/#df1b1a7c7b2a290bcb31e32771e610784662739a88807c0dacac58ede5f391a7530e299dc302d611ee73cb143fc22eaf93592e53e7b5bdb01b00a0b8d28dae460c141dd2ff83412e4dc1c31b16b25f33144a9e5620ea73b13f5bc1c59411d98439ad226e8af03840603796067d87afe130812cf3de24982d0e306f9e61e764e5\" aria-label=\"Lavras-TV&#8211;720x104px (1) (1)\"><img src=\"https:\/\/lavras.tv\/site\/wp-content\/uploads\/2025\/01\/Lavras-TV-720x104px-1-1.png\" alt=\"\"  srcset=\"https:\/\/lavras.tv\/site\/wp-content\/uploads\/2025\/01\/Lavras-TV-720x104px-1-1.png 720w, https:\/\/lavras.tv\/site\/wp-content\/uploads\/2025\/01\/Lavras-TV-720x104px-1-1-470x68.png 470w, https:\/\/lavras.tv\/site\/wp-content\/uploads\/2025\/01\/Lavras-TV-720x104px-1-1-170x25.png 170w, https:\/\/lavras.tv\/site\/wp-content\/uploads\/2025\/01\/Lavras-TV-720x104px-1-1-200x29.png 200w\" sizes=\"(max-width: 720px) 100vw, 720px\" width=\"720\" height=\"104\"  style=\"display: inline-block;\" \/><\/a><\/div><\/li><li><a href=\"https:\/\/sistemas.lavras.mg.gov.br\/portalcidadao\/#df1b1a7c7b2a290bcb31e32771e610784662739a88807c0dacac58ede5f391a7530e299dc302d611ee73cb143fc22eaf93592e53e7b5bdb01b00a0b8d28dae460c141dd2ff83412e4dc1c31b16b25f33144a9e5620ea73b13f5bc1c59411d98439ad226e8af03840603796067d87afe130812cf3de24982d0e306f9e61e764e5\" aria-label=\"Banner_Emprego_PortallavrasTV\"><img src=\"https:\/\/lavras.tv\/site\/wp-content\/uploads\/2025\/03\/Banner_Emprego_PortallavrasTV.png\" alt=\"\"  srcset=\"https:\/\/lavras.tv\/site\/wp-content\/uploads\/2025\/03\/Banner_Emprego_PortallavrasTV.png 720w, https:\/\/lavras.tv\/site\/wp-content\/uploads\/2025\/03\/Banner_Emprego_PortallavrasTV-470x68.png 470w, https:\/\/lavras.tv\/site\/wp-content\/uploads\/2025\/03\/Banner_Emprego_PortallavrasTV-170x25.png 170w, https:\/\/lavras.tv\/site\/wp-content\/uploads\/2025\/03\/Banner_Emprego_PortallavrasTV-200x29.png 200w\" sizes=\"(max-width: 720px) 100vw, 720px\" width=\"720\" height=\"104\"   \/><\/a><\/li><li><a href=\"https:\/\/sistemas.lavras.mg.gov.br\/portalcidadao\/#df1b1a7c7b2a290bcb31e32771e610784662739a88807c0dacac58ede5f391a7530e299dc302d611ee73cb143fc22eaf93592e53e7b5bdb01b00a0b8d28dae460c141dd2ff83412e4dc1c31b16b25f33144a9e5620ea73b13f5bc1c59411d98439ad226e8af03840603796067d87afe130812cf3de24982d0e306f9e61e764e5\" aria-label=\"Banner_Obras_PortallavrasTV\"><img src=\"https:\/\/lavras.tv\/site\/wp-content\/uploads\/2025\/03\/Banner_Obras_PortallavrasTV.png\" alt=\"\"  srcset=\"https:\/\/lavras.tv\/site\/wp-content\/uploads\/2025\/03\/Banner_Obras_PortallavrasTV.png 720w, https:\/\/lavras.tv\/site\/wp-content\/uploads\/2025\/03\/Banner_Obras_PortallavrasTV-470x68.png 470w, https:\/\/lavras.tv\/site\/wp-content\/uploads\/2025\/03\/Banner_Obras_PortallavrasTV-170x25.png 170w, https:\/\/lavras.tv\/site\/wp-content\/uploads\/2025\/03\/Banner_Obras_PortallavrasTV-200x29.png 200w\" sizes=\"(max-width: 720px) 100vw, 720px\" width=\"720\" height=\"104\"   \/><\/a><\/li><li><div style=\"margin-left: auto;margin-right: auto;text-align: center;\" id=\"lavra-2745769975\"><a href=\"https:\/\/sistemas.lavras.mg.gov.br\/portalcidadao\/#df1b1a7c7b2a290bcb31e32771e610784662739a88807c0dacac58ede5f391a7530e299dc302d611ee73cb143fc22eaf93592e53e7b5bdb01b00a0b8d28dae460c141dd2ff83412e4dc1c31b16b25f33144a9e5620ea73b13f5bc1c59411d98439ad226e8af03840603796067d87afe130812cf3de24982d0e306f9e61e764e5\" aria-label=\"Banner_Educa\u00e7\u00e3o_PortallavrasTV\"><img src=\"https:\/\/lavras.tv\/site\/wp-content\/uploads\/2025\/01\/Banner_Educacao_PortallavrasTV.png\" alt=\"\"  srcset=\"https:\/\/lavras.tv\/site\/wp-content\/uploads\/2025\/01\/Banner_Educacao_PortallavrasTV.png 720w, https:\/\/lavras.tv\/site\/wp-content\/uploads\/2025\/01\/Banner_Educacao_PortallavrasTV-470x68.png 470w, https:\/\/lavras.tv\/site\/wp-content\/uploads\/2025\/01\/Banner_Educacao_PortallavrasTV-170x25.png 170w, https:\/\/lavras.tv\/site\/wp-content\/uploads\/2025\/01\/Banner_Educacao_PortallavrasTV-200x29.png 200w\" sizes=\"(max-width: 720px) 100vw, 720px\" width=\"720\" height=\"104\"  style=\"display: inline-block;\" \/><\/a><\/div><\/li><li><a href=\"https:\/\/sistemas.lavras.mg.gov.br\/portalcidadao\/#df1b1a7c7b2a290bcb31e32771e610784662739a88807c0dacac58ede5f391a7530e299dc302d611ee73cb143fc22eaf93592e53e7b5bdb01b00a0b8d28dae460c141dd2ff83412e4dc1c31b16b25f33144a9e5620ea73b13f5bc1c59411d98439ad226e8af03840603796067d87afe130812cf3de24982d0e306f9e61e764e5\" aria-label=\"Banner_Sa\u00fade_PortallavrasTV\"><img src=\"https:\/\/lavras.tv\/site\/wp-content\/uploads\/2025\/03\/Banner_Saude_PortallavrasTV.png\" alt=\"\"  srcset=\"https:\/\/lavras.tv\/site\/wp-content\/uploads\/2025\/03\/Banner_Saude_PortallavrasTV.png 720w, https:\/\/lavras.tv\/site\/wp-content\/uploads\/2025\/03\/Banner_Saude_PortallavrasTV-470x68.png 470w, https:\/\/lavras.tv\/site\/wp-content\/uploads\/2025\/03\/Banner_Saude_PortallavrasTV-170x25.png 170w, https:\/\/lavras.tv\/site\/wp-content\/uploads\/2025\/03\/Banner_Saude_PortallavrasTV-200x29.png 200w\" sizes=\"(max-width: 720px) 100vw, 720px\" width=\"720\" height=\"104\"   \/><\/a><\/li><li><div id=\"lavra-465784484\" style=\"width:720px;height:104px;background-color:#ddd;overflow:scroll;\">\n\t<strong>Sa\u00edda da depura\u00e7\u00e3o de an\u00fancios<\/strong>\n\t<br><br>\n\tO an\u00fancio n\u00e3o \u00e9 exibido na p\u00e1gina<br><br>post atual: [Informe Parlamentar] F\u00e1bio Cherem se re\u00fane com l\u00edderes do movimento \u201cSomos Todos V\u00edtimas da BR-265\u201d para tratar de melhorias para a rodovia, ID: 12166<br><br><span style=\"color: red;\">O post atual n\u00e3o \u00e9 id\u00eantico ao post principal.<\/span><br><br>An\u00fancios: ROXO - TOPO INTERNA - ROTATIVO 2 (197)<br \/>Grupo de an\u00fancios: Princ_Meio01_720x104 (27)<br><br>Condi\u00e7\u00f5es de exibi\u00e7\u00e3o<div style=\"margin-bottom: 20px; white-space: pre-wrap; font-family: monospace; width: 100%; background: #ffe9e9;\"><strong>condi\u00e7\u00f5es gerais<\/strong><table border=\"1\"><thead><tr><th><\/th><th>An\u00fancios<\/th><th>wp_the_query<\/th><\/tr><\/thead><tr><td>is_main_query<\/td><td>1<\/td><td>1<\/td><\/tr><tr><td>is_rest_api<\/td><td>0<\/td><td>1<\/td><\/tr><tr><td>page<\/td><td>0<\/td><td>1<\/td><\/tr><tr><td>numpages<\/td><td>0<\/td><td>1<\/td><\/tr><tr><td>is_archive<\/td><td>1<\/td><td><\/td><\/tr><tr><td>is_search<\/td><td>1<\/td><td><\/td><\/tr><tr><td>is_home<\/td><td>1<\/td><td><\/td><\/tr><tr><td>is_404<\/td><td>1<\/td><td><\/td><\/tr><tr><td>is_attachment<\/td><td>1<\/td><td><\/td><\/tr><tr><td>is_singular<\/td><td>1<\/td><td><\/td><\/tr><tr><td>is_front_page<\/td><td>1<\/td><td><\/td><\/tr><tr><td>is_feed<\/td><td>1<\/td><td><\/td><\/tr><\/table><\/div><br><br><span style=\"color: red;\">Seu site usa HTTPS, mas o c\u00f3digo do an\u00fancio cont\u00e9m HTTP e pode n\u00e3o funcionar.<\/span>\t<br><br>\n\t<a style=\"color: green;\" href=\"https:\/\/wpadvancedads.com\/manual\/ad-debug-mode\/?utm_source=advanced-ads&utm_medium=link&utm_campaign=ad-debug-mode\" target=\"_blank\" rel=\"nofollow\">Encontre solu\u00e7\u00f5es no manual<\/a>\n<\/div>\n<\/li><\/ul><\/div><script>( window.advanced_ads_ready || jQuery( document ).ready ).call( null, function() {var $lavraslider799239699 = jQuery( \".lavra-slider-799239699\" );$lavraslider799239699.on( \"unslider.ready\", function() { jQuery( \"div.custom-slider ul li\" ).css( \"display\", \"block\" ); });$lavraslider799239699.unslider({ delay:4000, autoplay:true, nav:false, arrows:false, infinite:true });$lavraslider799239699.on(\"mouseover\", function() {$lavraslider799239699.unslider(\"stop\");}).on(\"mouseout\", function() {$lavraslider799239699.unslider(\"start\");});});<\/script><\/div><p>Em reuni\u00e3o realizada na tarde desta ter\u00e7a-feira, 26 de setembro, em Belo Horizonte, o deputado F\u00e1bio Cherem recebeu as demandas do movimento \u201cSomos Todos V\u00edtimas da BR-265\u201d e se comprometeu inicialmente em trabalhar pela implanta\u00e7\u00e3o de um radar de controle de velocidade no km 333 da rodovia, na curva do Rio Capivari, divisa entre os munic\u00edpios de Lavras e Itumirim, que foi um dos pontos levantados durante Audi\u00eancia P\u00fablica realizada em Lavras, no \u00faltimo dia 18.<!--more--><\/p>\n<p>Participaram do encontro na Assembleia Legislativa de Minas Gerais (ALMG) o l\u00edder do movimento, Daniel Gedder, o bombeiro civil \u00cdtalo Carvalho e o vereador lavrense Marcos Possato. Algumas melhorias para a rodovia, como a duplica\u00e7\u00e3o de trechos, a cria\u00e7\u00e3o de novos trevos e a instala\u00e7\u00e3o de radares e passarelas em locais com altos \u00edndices de acidentes e \u00f3bitos foram solicitadas por meio de um of\u00edcio.<\/p>\n<figure id=\"attachment_12167\" aria-describedby=\"caption-attachment-12167\" style=\"width: 5184px\" class=\"wp-caption aligncenter\"><img fetchpriority=\"high\" decoding=\"async\" class=\"size-full wp-image-12167\" src=\"http:\/\/lavras.tv\/site\/wp-content\/uploads\/2017\/09\/Somos-todos-BR-265.jpg\" alt=\"O deputado F\u00e1bio Cherem se reuniu em Belo Horizonte com o vereador Marcos Possato e os representantes do movimento \u201cSomos Todos V\u00edtimas da BR-265\u201d, Daniel Gedder e \u00cdtalo Carvalho\" width=\"5184\" height=\"3456\" srcset=\"https:\/\/lavras.tv\/site\/wp-content\/uploads\/2017\/09\/Somos-todos-BR-265.jpg 5184w, https:\/\/lavras.tv\/site\/wp-content\/uploads\/2017\/09\/Somos-todos-BR-265-150x100.jpg 150w, https:\/\/lavras.tv\/site\/wp-content\/uploads\/2017\/09\/Somos-todos-BR-265-300x200.jpg 300w, https:\/\/lavras.tv\/site\/wp-content\/uploads\/2017\/09\/Somos-todos-BR-265-1024x683.jpg 1024w, https:\/\/lavras.tv\/site\/wp-content\/uploads\/2017\/09\/Somos-todos-BR-265-480x320.jpg 480w, https:\/\/lavras.tv\/site\/wp-content\/uploads\/2017\/09\/Somos-todos-BR-265-272x182.jpg 272w\" sizes=\"(max-width: 5184px) 100vw, 5184px\" \/><figcaption id=\"caption-attachment-12167\" class=\"wp-caption-text\">O deputado F\u00e1bio Cherem se reuniu em Belo Horizonte com o vereador Marcos Possato e os representantes do movimento \u201cSomos Todos V\u00edtimas da BR-265\u201d, Daniel Gedder e \u00cdtalo Carvalho<\/figcaption><\/figure>\n<p>Ap\u00f3s a realiza\u00e7\u00e3o de Audi\u00eancia P\u00fablica em Lavras, foram definidas a\u00e7\u00f5es por parte do Governo do Estado e do pr\u00f3prio deputado para angariar apoio junto ao Governo Federal para \u00e0 realiza\u00e7\u00e3o das obras. Na ocasi\u00e3o, ficou acertada a imediata atua\u00e7\u00e3o conjunta do deputado atrav\u00e9s da Comiss\u00e3o de Transporte, Obras P\u00fablicas e Comunica\u00e7\u00f5es junto ao Minist\u00e9rio das Cidades para implanta\u00e7\u00e3o do referido radar nas curvas do Rio Capivari.<\/p>\n<p>Segundo o F\u00e1bio Cherem, a audi\u00eancia teve resultados muito positivos. \u201cEstamos nos organizando e unindo for\u00e7as para alcan\u00e7ar as melhorias para esta rodovia que passa por Lavras e por tantos outros munic\u00edpios da regi\u00e3o. O trabalho de vereador Marcos Possato tem sido relevante na media\u00e7\u00e3o das necessidades do Movimento Somos Todos V\u00edtimas da BR-265, e com a dedica\u00e7\u00e3o que o Daniel, o \u00cdtalo e os outros membro do grupo t\u00eam manifestado em prol da diminui\u00e7\u00e3o dos acidentes e, sobretudo, dos \u00f3bitos na BR-265, ser\u00e1 mais f\u00e1cil alcan\u00e7armos nossos objetivos\u201d reiterou o parlamentar.<\/p>\n<p>Ap\u00f3s a reuni\u00e3o deste semana em Belo Horizonte, foi solicitada um agendamento com o Ministro dos Transportes, Portos e Avia\u00e7\u00e3o Civil, Maur\u00edcio Quintella, para dar sequ\u00eancia ao trabalho em prol das melhorias necess\u00e1rias \u00e0 BR-265.<\/p>\n<p>Fonte: Assessoria do deputado F\u00e1bio Cherem<\/p>\n","protected":false},"excerpt":{"rendered":"<p>Em reuni\u00e3o realizada na tarde desta ter\u00e7a-feira, 26 de setembro, em Belo Horizonte, o deputado F\u00e1bio Cherem recebeu as demandas do movimento \u201cSomos Todos V\u00edtimas da BR-265\u201d e se comprometeu inicialmente em trabalhar pela implanta\u00e7\u00e3o de um radar de controle de velocidade no km 333 da rodovia, na curva do Rio Capivari, divisa entre os [&hellip;]<\/p>\n","protected":false},"author":2,"featured_media":12167,"comment_status":"closed","ping_status":"open","sticky":false,"template":"","format":"standard","meta":{"advgb_blocks_editor_width":"","advgb_blocks_columns_visual_guide":"","_exactmetrics_skip_tracking":false,"_exactmetrics_sitenote_active":false,"_exactmetrics_sitenote_note":"","_exactmetrics_sitenote_category":0,"footnotes":""},"categories":[7,12],"tags":[672,2780],"class_list":["post-12166","post","type-post","status-publish","format-standard","has-post-thumbnail","hentry","category-destaques","category-politica","tag-fabio-cherem","tag-somos-todos-vitimas-da-br-265"],"better_featured_image":{"id":12167,"alt_text":"","caption":"O deputado F\u00e1bio Cherem se reuniu em Belo Horizonte com o vereador Marcos Possato e os representantes do movimento \u201cSomos Todos V\u00edtimas da BR-265\u201d, Daniel Gedder e \u00cdtalo Carvalho","description":"","media_type":"image","media_details":{"width":5184,"height":3456,"file":"2017\/09\/Somos-todos-BR-265.jpg","sizes":{"thumbnail":{"file":"Somos-todos-BR-265-150x100.jpg","width":150,"height":100,"mime-type":"image\/jpeg","source_url":"https:\/\/lavras.tv\/site\/wp-content\/uploads\/2017\/09\/Somos-todos-BR-265-150x100.jpg"},"medium":{"file":"Somos-todos-BR-265-300x200.jpg","width":300,"height":200,"mime-type":"image\/jpeg","source_url":"https:\/\/lavras.tv\/site\/wp-content\/uploads\/2017\/09\/Somos-todos-BR-265-300x200.jpg"},"large":{"file":"Somos-todos-BR-265-1024x683.jpg","width":1024,"height":683,"mime-type":"image\/jpeg","source_url":"https:\/\/lavras.tv\/site\/wp-content\/uploads\/2017\/09\/Somos-todos-BR-265-1024x683.jpg"},"featured-slider-img":{"file":"Somos-todos-BR-265-640x480.jpg","width":640,"height":480,"mime-type":"image\/jpeg","source_url":"https:\/\/lavras.tv\/site\/wp-content\/uploads\/2017\/09\/Somos-todos-BR-265-640x480.jpg"},"featured-post-img":{"file":"Somos-todos-BR-265-480x320.jpg","width":480,"height":320,"mime-type":"image\/jpeg","source_url":"https:\/\/lavras.tv\/site\/wp-content\/uploads\/2017\/09\/Somos-todos-BR-265-480x320.jpg"},"sow-carousel-default":{"file":"Somos-todos-BR-265-272x182.jpg","width":272,"height":182,"mime-type":"image\/jpeg","source_url":"https:\/\/lavras.tv\/site\/wp-content\/uploads\/2017\/09\/Somos-todos-BR-265-272x182.jpg"}},"image_meta":{"aperture":"3.5","credit":"","camera":"Canon EOS REBEL T5i","caption":"","created_timestamp":"1506358354","copyright":"","focal_length":"21","iso":"1600","shutter_speed":"0.025","title":"","orientation":"1","keywords":[]}},"post":12166,"source_url":"https:\/\/lavras.tv\/site\/wp-content\/uploads\/2017\/09\/Somos-todos-BR-265.jpg"},"author_meta":{"display_name":"Lavras TV","author_link":"https:\/\/lavras.tv\/site\/author\/lavrastv\/"},"featured_img":"https:\/\/lavras.tv\/site\/wp-content\/uploads\/2017\/09\/Somos-todos-BR-265-300x200.jpg","coauthors":[],"tax_additional":{"categories":{"linked":["<a href=\"https:\/\/lavras.tv\/site\/category\/destaques\/\" class=\"advgb-post-tax-term\">Destaques<\/a>","<a href=\"https:\/\/lavras.tv\/site\/category\/politica\/\" class=\"advgb-post-tax-term\">Pol\u00edtica<\/a>"],"unlinked":["<span class=\"advgb-post-tax-term\">Destaques<\/span>","<span class=\"advgb-post-tax-term\">Pol\u00edtica<\/span>"]},"tags":{"linked":["<a href=\"https:\/\/lavras.tv\/site\/category\/politica\/\" class=\"advgb-post-tax-term\">fabio cherem<\/a>","<a href=\"https:\/\/lavras.tv\/site\/category\/politica\/\" class=\"advgb-post-tax-term\">somos todos v\u00edtimas da BR 265<\/a>"],"unlinked":["<span class=\"advgb-post-tax-term\">fabio cherem<\/span>","<span class=\"advgb-post-tax-term\">somos todos v\u00edtimas da BR 265<\/span>"]}},"comment_count":"0","relative_dates":{"created":"Publicado 9 anos atr\u00e1s","modified":"Atualizado 9 anos atr\u00e1s"},"absolute_dates":{"created":"Publicado em 28 de setembro de 2017","modified":"Atualizado em 28 de setembro de 2017"},"absolute_dates_time":{"created":"Publicado em 28 de setembro de 2017 09:28","modified":"Atualizado em 28 de setembro de 2017 09:28"},"featured_img_caption":"O deputado F\u00e1bio Cherem se reuniu em Belo Horizonte com o vereador Marcos Possato e os representantes do movimento \u201cSomos Todos V\u00edtimas da BR-265\u201d, Daniel Gedder e \u00cdtalo Carvalho","series_order":"","_links":{"self":[{"href":"https:\/\/lavras.tv\/site\/wp-json\/wp\/v2\/posts\/12166","targetHints":{"allow":["GET"]}}],"collection":[{"href":"https:\/\/lavras.tv\/site\/wp-json\/wp\/v2\/posts"}],"about":[{"href":"https:\/\/lavras.tv\/site\/wp-json\/wp\/v2\/types\/post"}],"author":[{"embeddable":true,"href":"https:\/\/lavras.tv\/site\/wp-json\/wp\/v2\/users\/2"}],"replies":[{"embeddable":true,"href":"https:\/\/lavras.tv\/site\/wp-json\/wp\/v2\/comments?post=12166"}],"version-history":[{"count":1,"href":"https:\/\/lavras.tv\/site\/wp-json\/wp\/v2\/posts\/12166\/revisions"}],"predecessor-version":[{"id":12168,"href":"https:\/\/lavras.tv\/site\/wp-json\/wp\/v2\/posts\/12166\/revisions\/12168"}],"wp:featuredmedia":[{"embeddable":true,"href":"https:\/\/lavras.tv\/site\/wp-json\/wp\/v2\/media\/12167"}],"wp:attachment":[{"href":"https:\/\/lavras.tv\/site\/wp-json\/wp\/v2\/media?parent=12166"}],"wp:term":[{"taxonomy":"category","embeddable":true,"href":"https:\/\/lavras.tv\/site\/wp-json\/wp\/v2\/categories?post=12166"},{"taxonomy":"post_tag","embeddable":true,"href":"https:\/\/lavras.tv\/site\/wp-json\/wp\/v2\/tags?post=12166"}],"curies":[{"name":"wp","href":"https:\/\/api.w.org\/{rel}","templated":true}]}}