{"id":12187,"date":"2017-09-28T10:35:20","date_gmt":"2017-09-28T13:35:20","guid":{"rendered":"http:\/\/lavras.tv\/site\/?p=12187"},"modified":"2017-09-28T10:35:20","modified_gmt":"2017-09-28T13:35:20","slug":"tae-kwon-do-lavrense-e-destaque-no-campeonato-brasileiro-adulto","status":"publish","type":"post","link":"https:\/\/lavras.tv\/site\/2017\/09\/28\/tae-kwon-do-lavrense-e-destaque-no-campeonato-brasileiro-adulto\/","title":{"rendered":"Tae Kwon-Do lavrense \u00e9 destaque no Campeonato Brasileiro Adulto"},"content":{"rendered":"<div class=\"lavra-antes-do-conteudo_2\" id=\"lavra-3759205801\"><div id=\"lavra-slider-27\" class=\"custom-slider lavra-slider-1724217548 lavra-slider\"><ul><li><div style=\"margin-left: auto;margin-right: auto;text-align: center;\" id=\"lavra-2117886344\"><a href=\"https:\/\/sistemas.lavras.mg.gov.br\/portalcidadao\/#df1b1a7c7b2a290bcb31e32771e610784662739a88807c0dacac58ede5f391a7530e299dc302d611ee73cb143fc22eaf93592e53e7b5bdb01b00a0b8d28dae460c141dd2ff83412e4dc1c31b16b25f33144a9e5620ea73b13f5bc1c59411d98439ad226e8af03840603796067d87afe130812cf3de24982d0e306f9e61e764e5\" aria-label=\"Lavras-TV&#8211;720x104px (1) (1)\"><img src=\"https:\/\/lavras.tv\/site\/wp-content\/uploads\/2025\/01\/Lavras-TV-720x104px-1-1.png\" alt=\"\"  srcset=\"https:\/\/lavras.tv\/site\/wp-content\/uploads\/2025\/01\/Lavras-TV-720x104px-1-1.png 720w, https:\/\/lavras.tv\/site\/wp-content\/uploads\/2025\/01\/Lavras-TV-720x104px-1-1-470x68.png 470w, https:\/\/lavras.tv\/site\/wp-content\/uploads\/2025\/01\/Lavras-TV-720x104px-1-1-170x25.png 170w, https:\/\/lavras.tv\/site\/wp-content\/uploads\/2025\/01\/Lavras-TV-720x104px-1-1-200x29.png 200w\" sizes=\"(max-width: 720px) 100vw, 720px\" width=\"720\" height=\"104\"  style=\"display: inline-block;\" \/><\/a><\/div><\/li><li><a href=\"https:\/\/sistemas.lavras.mg.gov.br\/portalcidadao\/#df1b1a7c7b2a290bcb31e32771e610784662739a88807c0dacac58ede5f391a7530e299dc302d611ee73cb143fc22eaf93592e53e7b5bdb01b00a0b8d28dae460c141dd2ff83412e4dc1c31b16b25f33144a9e5620ea73b13f5bc1c59411d98439ad226e8af03840603796067d87afe130812cf3de24982d0e306f9e61e764e5\" aria-label=\"Banner_Emprego_PortallavrasTV\"><img src=\"https:\/\/lavras.tv\/site\/wp-content\/uploads\/2025\/03\/Banner_Emprego_PortallavrasTV.png\" alt=\"\"  srcset=\"https:\/\/lavras.tv\/site\/wp-content\/uploads\/2025\/03\/Banner_Emprego_PortallavrasTV.png 720w, https:\/\/lavras.tv\/site\/wp-content\/uploads\/2025\/03\/Banner_Emprego_PortallavrasTV-470x68.png 470w, https:\/\/lavras.tv\/site\/wp-content\/uploads\/2025\/03\/Banner_Emprego_PortallavrasTV-170x25.png 170w, https:\/\/lavras.tv\/site\/wp-content\/uploads\/2025\/03\/Banner_Emprego_PortallavrasTV-200x29.png 200w\" sizes=\"(max-width: 720px) 100vw, 720px\" width=\"720\" height=\"104\"   \/><\/a><\/li><li><a href=\"https:\/\/sistemas.lavras.mg.gov.br\/portalcidadao\/#df1b1a7c7b2a290bcb31e32771e610784662739a88807c0dacac58ede5f391a7530e299dc302d611ee73cb143fc22eaf93592e53e7b5bdb01b00a0b8d28dae460c141dd2ff83412e4dc1c31b16b25f33144a9e5620ea73b13f5bc1c59411d98439ad226e8af03840603796067d87afe130812cf3de24982d0e306f9e61e764e5\" aria-label=\"Banner_Obras_PortallavrasTV\"><img src=\"https:\/\/lavras.tv\/site\/wp-content\/uploads\/2025\/03\/Banner_Obras_PortallavrasTV.png\" alt=\"\"  srcset=\"https:\/\/lavras.tv\/site\/wp-content\/uploads\/2025\/03\/Banner_Obras_PortallavrasTV.png 720w, https:\/\/lavras.tv\/site\/wp-content\/uploads\/2025\/03\/Banner_Obras_PortallavrasTV-470x68.png 470w, https:\/\/lavras.tv\/site\/wp-content\/uploads\/2025\/03\/Banner_Obras_PortallavrasTV-170x25.png 170w, https:\/\/lavras.tv\/site\/wp-content\/uploads\/2025\/03\/Banner_Obras_PortallavrasTV-200x29.png 200w\" sizes=\"(max-width: 720px) 100vw, 720px\" width=\"720\" height=\"104\"   \/><\/a><\/li><li><div style=\"margin-left: auto;margin-right: auto;text-align: center;\" id=\"lavra-4278423042\"><a href=\"https:\/\/sistemas.lavras.mg.gov.br\/portalcidadao\/#df1b1a7c7b2a290bcb31e32771e610784662739a88807c0dacac58ede5f391a7530e299dc302d611ee73cb143fc22eaf93592e53e7b5bdb01b00a0b8d28dae460c141dd2ff83412e4dc1c31b16b25f33144a9e5620ea73b13f5bc1c59411d98439ad226e8af03840603796067d87afe130812cf3de24982d0e306f9e61e764e5\" aria-label=\"Banner_Educa\u00e7\u00e3o_PortallavrasTV\"><img src=\"https:\/\/lavras.tv\/site\/wp-content\/uploads\/2025\/01\/Banner_Educacao_PortallavrasTV.png\" alt=\"\"  srcset=\"https:\/\/lavras.tv\/site\/wp-content\/uploads\/2025\/01\/Banner_Educacao_PortallavrasTV.png 720w, https:\/\/lavras.tv\/site\/wp-content\/uploads\/2025\/01\/Banner_Educacao_PortallavrasTV-470x68.png 470w, https:\/\/lavras.tv\/site\/wp-content\/uploads\/2025\/01\/Banner_Educacao_PortallavrasTV-170x25.png 170w, https:\/\/lavras.tv\/site\/wp-content\/uploads\/2025\/01\/Banner_Educacao_PortallavrasTV-200x29.png 200w\" sizes=\"(max-width: 720px) 100vw, 720px\" width=\"720\" height=\"104\"  style=\"display: inline-block;\" \/><\/a><\/div><\/li><li><a href=\"https:\/\/sistemas.lavras.mg.gov.br\/portalcidadao\/#df1b1a7c7b2a290bcb31e32771e610784662739a88807c0dacac58ede5f391a7530e299dc302d611ee73cb143fc22eaf93592e53e7b5bdb01b00a0b8d28dae460c141dd2ff83412e4dc1c31b16b25f33144a9e5620ea73b13f5bc1c59411d98439ad226e8af03840603796067d87afe130812cf3de24982d0e306f9e61e764e5\" aria-label=\"Banner_Sa\u00fade_PortallavrasTV\"><img src=\"https:\/\/lavras.tv\/site\/wp-content\/uploads\/2025\/03\/Banner_Saude_PortallavrasTV.png\" alt=\"\"  srcset=\"https:\/\/lavras.tv\/site\/wp-content\/uploads\/2025\/03\/Banner_Saude_PortallavrasTV.png 720w, https:\/\/lavras.tv\/site\/wp-content\/uploads\/2025\/03\/Banner_Saude_PortallavrasTV-470x68.png 470w, https:\/\/lavras.tv\/site\/wp-content\/uploads\/2025\/03\/Banner_Saude_PortallavrasTV-170x25.png 170w, https:\/\/lavras.tv\/site\/wp-content\/uploads\/2025\/03\/Banner_Saude_PortallavrasTV-200x29.png 200w\" sizes=\"(max-width: 720px) 100vw, 720px\" width=\"720\" height=\"104\"   \/><\/a><\/li><li><div id=\"lavra-2384848543\" style=\"width:720px;height:104px;background-color:#ddd;overflow:scroll;\">\n\t<strong>Sa\u00edda da depura\u00e7\u00e3o de an\u00fancios<\/strong>\n\t<br><br>\n\tO an\u00fancio n\u00e3o \u00e9 exibido na p\u00e1gina<br><br>post atual: Tae Kwon-Do lavrense \u00e9 destaque no Campeonato Brasileiro Adulto, ID: 12187<br><br><span style=\"color: red;\">O post atual n\u00e3o \u00e9 id\u00eantico ao post principal.<\/span><br><br>An\u00fancios: ROXO - TOPO INTERNA - ROTATIVO 2 (197)<br \/>Grupo de an\u00fancios: Princ_Meio01_720x104 (27)<br><br>Condi\u00e7\u00f5es de exibi\u00e7\u00e3o<div style=\"margin-bottom: 20px; white-space: pre-wrap; font-family: monospace; width: 100%; background: #ffe9e9;\"><strong>condi\u00e7\u00f5es gerais<\/strong><table border=\"1\"><thead><tr><th><\/th><th>An\u00fancios<\/th><th>wp_the_query<\/th><\/tr><\/thead><tr><td>is_main_query<\/td><td>1<\/td><td>1<\/td><\/tr><tr><td>is_rest_api<\/td><td>0<\/td><td>1<\/td><\/tr><tr><td>page<\/td><td>0<\/td><td>1<\/td><\/tr><tr><td>numpages<\/td><td>0<\/td><td>1<\/td><\/tr><tr><td>is_archive<\/td><td>1<\/td><td><\/td><\/tr><tr><td>is_search<\/td><td>1<\/td><td><\/td><\/tr><tr><td>is_home<\/td><td>1<\/td><td><\/td><\/tr><tr><td>is_404<\/td><td>1<\/td><td><\/td><\/tr><tr><td>is_attachment<\/td><td>1<\/td><td><\/td><\/tr><tr><td>is_singular<\/td><td>1<\/td><td><\/td><\/tr><tr><td>is_front_page<\/td><td>1<\/td><td><\/td><\/tr><tr><td>is_feed<\/td><td>1<\/td><td><\/td><\/tr><\/table><\/div><br><br><span style=\"color: red;\">Seu site usa HTTPS, mas o c\u00f3digo do an\u00fancio cont\u00e9m HTTP e pode n\u00e3o funcionar.<\/span>\t<br><br>\n\t<a style=\"color: green;\" href=\"https:\/\/wpadvancedads.com\/manual\/ad-debug-mode\/?utm_source=advanced-ads&utm_medium=link&utm_campaign=ad-debug-mode\" target=\"_blank\" rel=\"nofollow\">Encontre solu\u00e7\u00f5es no manual<\/a>\n<\/div>\n<\/li><\/ul><\/div><script>( window.advanced_ads_ready || jQuery( document ).ready ).call( null, function() {var $lavraslider1724217548 = jQuery( \".lavra-slider-1724217548\" );$lavraslider1724217548.on( \"unslider.ready\", function() { jQuery( \"div.custom-slider ul li\" ).css( \"display\", \"block\" ); });$lavraslider1724217548.unslider({ delay:4000, autoplay:true, nav:false, arrows:false, infinite:true });$lavraslider1724217548.on(\"mouseover\", function() {$lavraslider1724217548.unslider(\"stop\");}).on(\"mouseout\", function() {$lavraslider1724217548.unslider(\"start\");});});<\/script><\/div><p>Aconteceu neste fim de semana no CEFAN (Centro de Educa\u00e7\u00e3o F\u00edsica Almirante Adalberto Nunes da Marinha) o Campeonato Brasileiro Adulto, evento este o mais dif\u00edcil e importante do ano, pois \u00e9 refer\u00eancia para o Programa Bolsa Atleta, vale 20 pontos para o Sistema de Ranking Brasileiro e oferece vaga direta ao Campe\u00e3o para o Grand Slam (Seletiva Fechada para a Forma\u00e7\u00e3o da Sele\u00e7\u00e3o Brasileira de 2018).<!--more--><img fetchpriority=\"high\" decoding=\"async\" class=\"alignnone size-full wp-image-12188 aligncenter\" src=\"http:\/\/lavras.tv\/site\/wp-content\/uploads\/2017\/09\/tae-lavras.jpg\" alt=\"tae lavras\" width=\"760\" height=\"490\" srcset=\"https:\/\/lavras.tv\/site\/wp-content\/uploads\/2017\/09\/tae-lavras.jpg 760w, https:\/\/lavras.tv\/site\/wp-content\/uploads\/2017\/09\/tae-lavras-150x97.jpg 150w, https:\/\/lavras.tv\/site\/wp-content\/uploads\/2017\/09\/tae-lavras-300x193.jpg 300w\" sizes=\"(max-width: 760px) 100vw, 760px\" \/><br \/>\nDevido a grande import\u00e2ncia da competi\u00e7\u00e3o, somente um atleta por categoria de cada estado pode participar da competi\u00e7\u00e3o. Infelizmente por quest\u00f5es pol\u00edticas que o Estado de Minas Gerais est\u00e1 passando, participamos da competi\u00e7\u00e3o representando Lavras e o estado de Roraima que nos acolheu.<br \/>\nA atleta Stef\u00e2nia Tavares, se sagrou Campe\u00e3 Brasileira na categoria at\u00e9 49 Kg, mostrando o porqu\u00ea est\u00e1 entre as melhores atletas do pa\u00eds. A atleta vem evoluindo diariamente, apresentando resultados de grande expressividade nas \u00faltimas competi\u00e7\u00f5es como a Copa do Brasil 2016, Campeonato Brasileiro Universit\u00e1rio 2017, fez parte da Sele\u00e7\u00e3o Brasileira Universit\u00e1ria que representou o Brasil no Univers\u00edade na China Taipei no m\u00eas passado e agora Campe\u00e3 Brasileira Adulta.<br \/>\nStef\u00e2nia venceu sua 1\u00aa luta a atleta do Paran\u00e1 por um placar de 12 a 1, a 2\u00aa luta venceu a atleta Dangela Guimar\u00e3es de Goi\u00e1s, uma dos maiores nomes do TKD nacional e intenacional por um placar de 7 a 4. Na final a atleta venceu a titular da Sele\u00e7\u00e3o Brasileira e atleta da equipe do S\u00e3o Caetano, Carolina Bezerra por um placar de 4 a 3.<\/p>\n<p><img decoding=\"async\" class=\"aligncenter\" src=\"http:\/\/asdela.org\/asdela2017\/wp-content\/uploads\/2017\/09\/22014638_1613331565408354_1465417559_n-169x300.jpg\" \/><br \/>\nO atleta David Eduardo Silva, se sagrou Vice Campe\u00e3o Brasileiro na categoria at\u00e9 74 Kg. Com apenas 18 anos, saindo do Juvenil e entrando no Sub 21, o atleta mostrou que tem muita maturidade e potencial, pois em sua primeira participa\u00e7\u00e3o no Adulto, j\u00e1 subiu ao p\u00f3dio.<br \/>\nDavid realizou combates emocionantes, vencendo sua 1\u00aa luta por um placar de 12 a 5 contra o atleta dono da casa do Rio de Janeiro, a 2\u00aa luta venceu por um placar de 20 a 12,contra o atleta do Cear\u00e1, a 3\u00aa luta por um placar de 17 a 6 contra o atleta do Distrito Federal e perdendo a final nos \u00faltimos segundos, por um placar de 16 a 15, contra o atleta de Goi\u00e1s. Na final, David esteve a frente durante toda a luta, mostrando superioridade t\u00e9cnica, mas por um erro t\u00e1tico custou a vit\u00f3ria. Mas mesmo com esse resultado, foi muito elogiado por todos na competi\u00e7\u00e3o.<br \/>\nA equipe agradece a HBENS Construtora e Incorporadora por todo apoio oferecido para estarem participando das competi\u00e7\u00f5es, agradecem ao Prof. Fernando Roberto de Oliveira (Atletismo Cria Lavras \u2013 UFLA) por todo suporte na prepara\u00e7\u00e3o f\u00edsica e a Prefeitura Municipal de Lavras.<\/p>\n<p>Fonte: Asdela<\/p>\n","protected":false},"excerpt":{"rendered":"<p>Aconteceu neste fim de semana no CEFAN (Centro de Educa\u00e7\u00e3o F\u00edsica Almirante Adalberto Nunes da Marinha) o Campeonato Brasileiro Adulto, evento este o mais dif\u00edcil e importante do ano, pois \u00e9 refer\u00eancia para o Programa Bolsa Atleta, vale 20 pontos para o Sistema de Ranking Brasileiro e oferece vaga direta ao Campe\u00e3o para o Grand [&hellip;]<\/p>\n","protected":false},"author":2,"featured_media":12189,"comment_status":"closed","ping_status":"open","sticky":false,"template":"","format":"standard","meta":{"advgb_blocks_editor_width":"","advgb_blocks_columns_visual_guide":"","_exactmetrics_skip_tracking":false,"_exactmetrics_sitenote_active":false,"_exactmetrics_sitenote_note":"","_exactmetrics_sitenote_category":0,"footnotes":""},"categories":[7,3],"tags":[4032,34,4031,4030,4033],"class_list":["post-12187","post","type-post","status-publish","format-standard","has-post-thumbnail","hentry","category-destaques","category-esportes","tag-david-eduardo-silva","tag-lavras","tag-stefania-tavares","tag-taekwon-do","tag-valdeci-zampiere"],"better_featured_image":{"id":12189,"alt_text":"","caption":"","description":"","media_type":"image","media_details":{"width":760,"height":490,"file":"2017\/09\/tae-lavras-1.jpg","sizes":{"thumbnail":{"file":"tae-lavras-1-150x97.jpg","width":150,"height":97,"mime-type":"image\/jpeg","source_url":"https:\/\/lavras.tv\/site\/wp-content\/uploads\/2017\/09\/tae-lavras-1-150x97.jpg"},"medium":{"file":"tae-lavras-1-300x193.jpg","width":300,"height":193,"mime-type":"image\/jpeg","source_url":"https:\/\/lavras.tv\/site\/wp-content\/uploads\/2017\/09\/tae-lavras-1-300x193.jpg"},"featured-slider-img":{"file":"tae-lavras-1-640x480.jpg","width":640,"height":480,"mime-type":"image\/jpeg","source_url":"https:\/\/lavras.tv\/site\/wp-content\/uploads\/2017\/09\/tae-lavras-1-640x480.jpg"},"featured-post-img":{"file":"tae-lavras-1-480x320.jpg","width":480,"height":320,"mime-type":"image\/jpeg","source_url":"https:\/\/lavras.tv\/site\/wp-content\/uploads\/2017\/09\/tae-lavras-1-480x320.jpg"},"sow-carousel-default":{"file":"tae-lavras-1-272x182.jpg","width":272,"height":182,"mime-type":"image\/jpeg","source_url":"https:\/\/lavras.tv\/site\/wp-content\/uploads\/2017\/09\/tae-lavras-1-272x182.jpg"}},"image_meta":{"aperture":"0","credit":"","camera":"","caption":"","created_timestamp":"0","copyright":"","focal_length":"0","iso":"0","shutter_speed":"0","title":"","orientation":"0","keywords":[]}},"post":12187,"source_url":"https:\/\/lavras.tv\/site\/wp-content\/uploads\/2017\/09\/tae-lavras-1.jpg"},"author_meta":{"display_name":"Lavras TV","author_link":"https:\/\/lavras.tv\/site\/author\/lavrastv\/"},"featured_img":"https:\/\/lavras.tv\/site\/wp-content\/uploads\/2017\/09\/tae-lavras-1-300x193.jpg","coauthors":[],"tax_additional":{"categories":{"linked":["<a href=\"https:\/\/lavras.tv\/site\/category\/destaques\/\" class=\"advgb-post-tax-term\">Destaques<\/a>","<a href=\"https:\/\/lavras.tv\/site\/category\/esportes\/\" class=\"advgb-post-tax-term\">Esportes<\/a>"],"unlinked":["<span class=\"advgb-post-tax-term\">Destaques<\/span>","<span class=\"advgb-post-tax-term\">Esportes<\/span>"]},"tags":{"linked":["<a href=\"https:\/\/lavras.tv\/site\/category\/esportes\/\" class=\"advgb-post-tax-term\">David Eduardo Silva<\/a>","<a href=\"https:\/\/lavras.tv\/site\/category\/esportes\/\" class=\"advgb-post-tax-term\">lavras<\/a>","<a href=\"https:\/\/lavras.tv\/site\/category\/esportes\/\" class=\"advgb-post-tax-term\">Stef\u00e2nia Tavares<\/a>","<a href=\"https:\/\/lavras.tv\/site\/category\/esportes\/\" class=\"advgb-post-tax-term\">Taekwon do<\/a>","<a href=\"https:\/\/lavras.tv\/site\/category\/esportes\/\" class=\"advgb-post-tax-term\">Valdeci Zampiere<\/a>"],"unlinked":["<span class=\"advgb-post-tax-term\">David Eduardo Silva<\/span>","<span class=\"advgb-post-tax-term\">lavras<\/span>","<span class=\"advgb-post-tax-term\">Stef\u00e2nia Tavares<\/span>","<span class=\"advgb-post-tax-term\">Taekwon do<\/span>","<span class=\"advgb-post-tax-term\">Valdeci Zampiere<\/span>"]}},"comment_count":"0","relative_dates":{"created":"Publicado 9 anos atr\u00e1s","modified":"Atualizado 9 anos atr\u00e1s"},"absolute_dates":{"created":"Publicado em 28 de setembro de 2017","modified":"Atualizado em 28 de setembro de 2017"},"absolute_dates_time":{"created":"Publicado em 28 de setembro de 2017 10:35","modified":"Atualizado em 28 de setembro de 2017 10:35"},"featured_img_caption":"","series_order":"","_links":{"self":[{"href":"https:\/\/lavras.tv\/site\/wp-json\/wp\/v2\/posts\/12187","targetHints":{"allow":["GET"]}}],"collection":[{"href":"https:\/\/lavras.tv\/site\/wp-json\/wp\/v2\/posts"}],"about":[{"href":"https:\/\/lavras.tv\/site\/wp-json\/wp\/v2\/types\/post"}],"author":[{"embeddable":true,"href":"https:\/\/lavras.tv\/site\/wp-json\/wp\/v2\/users\/2"}],"replies":[{"embeddable":true,"href":"https:\/\/lavras.tv\/site\/wp-json\/wp\/v2\/comments?post=12187"}],"version-history":[{"count":1,"href":"https:\/\/lavras.tv\/site\/wp-json\/wp\/v2\/posts\/12187\/revisions"}],"predecessor-version":[{"id":12190,"href":"https:\/\/lavras.tv\/site\/wp-json\/wp\/v2\/posts\/12187\/revisions\/12190"}],"wp:featuredmedia":[{"embeddable":true,"href":"https:\/\/lavras.tv\/site\/wp-json\/wp\/v2\/media\/12189"}],"wp:attachment":[{"href":"https:\/\/lavras.tv\/site\/wp-json\/wp\/v2\/media?parent=12187"}],"wp:term":[{"taxonomy":"category","embeddable":true,"href":"https:\/\/lavras.tv\/site\/wp-json\/wp\/v2\/categories?post=12187"},{"taxonomy":"post_tag","embeddable":true,"href":"https:\/\/lavras.tv\/site\/wp-json\/wp\/v2\/tags?post=12187"}],"curies":[{"name":"wp","href":"https:\/\/api.w.org\/{rel}","templated":true}]}}